{"id":7941,"date":"2022-08-17T17:00:31","date_gmt":"2022-08-17T17:00:31","guid":{"rendered":"https:\/\/www.africa-press.net\/benin\/politique\/benin-leids-lance-sa-formation-au-metier-de-levenementiel"},"modified":"2022-08-17T17:30:40","modified_gmt":"2022-08-17T17:30:40","slug":"benin-leids-lance-sa-formation-au-metier-de-levenementiel","status":"publish","type":"post","link":"https:\/\/www.africa-press.net\/benin\/toutes-les-actualites\/benin-leids-lance-sa-formation-au-metier-de-levenementiel","title":{"rendered":"B\u00e9nin : l\u2019EIDS lance sa formation au m\u00e9tier de l\u2019\u00e9v\u00e9nementiel"},"content":{"rendered":"<p><span style=\"color: #ff6600\"><strong>Africa-Press &#8211; Benin. <\/strong><\/span>L\u2019Ecole Internationale de D\u00e9tectives et de Strat\u00e9gies (l\u2019EIDS) a lanc\u00e9 pour le compte de la rentr\u00e9e 2022-2023, trois nouvelles fili\u00e8res dont des sp\u00e9cialit\u00e9s d\u2019ordre s\u00e9curitaire et de l\u2019\u00e9v\u00e9nementiel.<\/p>\n<p>A l \u00bbEcole Internationale de D\u00e9tectives et de Strat\u00e9gies \u2013 EIDS, la rentr\u00e9e 2022-2023 d\u00e9marre le vendredi 05 Septembre 2022 avec de nouvelles sp\u00e9cialit\u00e9s dont le M\u00e9tier de l\u2019\u00e9v\u00e9nementiel, la Criminologie et la Lutte contre le terrorisme. Ces trois nouvelles sp\u00e9cialit\u00e9s sont destin\u00e9es aux professionnels de la Police, de la Douane, des Eaux et For\u00eats, de la Justice, des Journalistes, des structures d\u2019enqu\u00eates administratives et judiciaires et tous ceux qui s\u2019int\u00e9ressent aux investigations.<\/p>\n<p>En effet, l\u2019Ecole internationale de d\u00e9tective et de strat\u00e9gie, un \u00e9tablissement de formation professionnelle \u00e9litiste en mati\u00e8re d\u2019investigation , de management , d\u2019analyse politique et de strat\u00e9gie a \u00e9t\u00e9 cr\u00e9\u00e9e en 2013. C\u2019est une structure \u00e0 l\u2019avant-garde des nouvelles exigences qui, au plan acad\u00e9mique, a confi\u00e9 son management \u00e0 un personnel de qualit\u00e9 et de rigueur scientifique.<\/p>\n<p>Elle est agr\u00e9\u00e9e par le gouvernement b\u00e9ninois et assure des formations dans plusieurs sp\u00e9cialit\u00e9s dont la filature, la surveillance et la s\u00e9curit\u00e9, l\u2019investigation civile, \u00e9conomique et p\u00e9nale, l\u2019intelligence \u00e9conomique, la strat\u00e9gique militaire et la strat\u00e9gie d\u2019entreprise. A ces fili\u00e8res s\u2019ajoutent les trois nouvelles sp\u00e9cialit\u00e9s que sont le M\u00e9tier de l\u2019\u00e9v\u00e9nementiel, la Criminologie et la Lutte contre le terrorisme.<\/p>\n<p>Depuis 2013, l\u2019EIDS a l\u2019insigne honneur d\u2019accueillir les \u00e9tudiants d\u2019un peu partout en Afrique notamment de la C\u00f4te d\u2019Ivoire, de la Guin\u00e9e-Conakry et m\u00eame des agents de la Police R\u00e9publicaine. Selon Clovis Adanzounon, fond\u00e9 de l\u2019EIDS, c\u2019est la pand\u00e9mie du coronavirus qui lui a permis d\u2019opter pour des innovations au nombre desquelles une plateforme E-learning.<\/p>\n<p>Les inscriptions pour la rentr\u00e9e 2022-2023 se poursuivent \u00e0 l\u2019Ecole internationale de d\u00e9tective et de strat\u00e9gie au si\u00e8ge de l\u2019institution \u00e0 Cotonou avec des r\u00e9ductions sur toutes les inscriptions faites avant la date du 05 Septembre 2022.<\/p>\n<p><strong>Pour plus d&rsquo;informations et d&rsquo;analyses sur la <a href=\"https:\/\/www.africa-press.net\/benin\">Benin<\/a>, suivez <a href=\"https:\/\/www.africa-press.net\/\">Africa-Press<\/a><\/strong><\/p>\n","protected":false},"excerpt":{"rendered":"<p>Africa-Press &#8211; Benin. L\u2019Ecole Internationale de D\u00e9tectives et de Strat\u00e9gies (l\u2019EIDS) a lanc\u00e9 pour le compte de la rentr\u00e9e 2022-2023, trois nouvelles fili\u00e8res dont des sp\u00e9cialit\u00e9s d\u2019ordre s\u00e9curitaire et de l\u2019\u00e9v\u00e9nementiel. A l \u00bbEcole Internationale de D\u00e9tectives et de Strat\u00e9gies \u2013 EIDS, la rentr\u00e9e 2022-2023 d\u00e9marre le vendredi 05 Septembre 2022 avec de nouvelles sp\u00e9cialit\u00e9s [&hellip;]<\/p>\n","protected":false},"author":82,"featured_media":7940,"comment_status":"open","ping_status":"closed","sticky":false,"template":"","format":"standard","meta":{"footnotes":""},"categories":[21,11,10],"tags":[36,50,45],"class_list":["post-7941","post","type-post","status-publish","format-standard","has-post-thumbnail","hentry","category-communaute","category-homepage-french","category-toutes-les-actualites","tag-africa-press","tag-africa-press-benin","tag-benin"],"yoast_head":"<!-- This site is optimized with the Yoast SEO Premium plugin v26.1 (Yoast SEO v27.0) - https:\/\/yoast.com\/product\/yoast-seo-premium-wordpress\/ -->\n<title>B\u00e9nin : l\u2019EIDS lance sa formation au m\u00e9tier de l\u2019\u00e9v\u00e9nementiel - B\u00e9nin<\/title>\n<meta name=\"description\" content=\"L\u2019Ecole Internationale de D\u00e9tectives et de Strat\u00e9gies (l\u2019EIDS) a lanc\u00e9 pour le compte de la rentr\u00e9e 2022-2023, trois nou ...\" \/>\n<meta name=\"robots\" content=\"index, follow, max-snippet:-1, max-image-preview:large, max-video-preview:-1\" \/>\n<link rel=\"canonical\" href=\"https:\/\/www.africa-press.net\/benin\/toutes-les-actualites\/benin-leids-lance-sa-formation-au-metier-de-levenementiel\" \/>\n<meta property=\"og:locale\" content=\"fr_FR\" \/>\n<meta property=\"og:type\" content=\"article\" \/>\n<meta property=\"og:title\" content=\"B\u00e9nin : l\u2019EIDS lance sa formation au m\u00e9tier de l\u2019\u00e9v\u00e9nementiel\" \/>\n<meta property=\"og:description\" content=\"L\u2019Ecole Internationale de D\u00e9tectives et de Strat\u00e9gies (l\u2019EIDS) a lanc\u00e9 pour le compte de la rentr\u00e9e 2022-2023, trois nou ...\" \/>\n<meta property=\"og:url\" content=\"https:\/\/www.africa-press.net\/benin\/toutes-les-actualites\/benin-leids-lance-sa-formation-au-metier-de-levenementiel\" \/>\n<meta property=\"og:site_name\" content=\"B\u00e9nin\" \/>\n<meta property=\"article:published_time\" content=\"2022-08-17T17:00:31+00:00\" \/>\n<meta property=\"article:modified_time\" content=\"2022-08-17T17:30:40+00:00\" \/>\n<meta property=\"og:image\" content=\"https:\/\/static.africa-press.net\/benin\/sites\/46\/2022\/08\/postQueueImg_9-62fd25a990641.jpg\" \/>\n\t<meta property=\"og:image:width\" content=\"1363\" \/>\n\t<meta property=\"og:image:height\" content=\"927\" \/>\n\t<meta property=\"og:image:type\" content=\"image\/jpeg\" \/>\n<meta name=\"author\" content=\"cfeditorfr\" \/>\n<meta name=\"twitter:card\" content=\"summary_large_image\" \/>\n<meta name=\"twitter:label1\" content=\"\u00c9crit par\" \/>\n\t<meta name=\"twitter:data1\" content=\"cfeditorfr\" \/>\n\t<meta name=\"twitter:label2\" content=\"Dur\u00e9e de lecture estim\u00e9e\" \/>\n\t<meta name=\"twitter:data2\" content=\"2 minutes\" \/>\n<script type=\"application\/ld+json\" class=\"yoast-schema-graph\">{\"@context\":\"https:\/\/schema.org\",\"@graph\":[{\"@type\":\"Article\",\"@id\":\"https:\/\/www.africa-press.net\/benin\/toutes-les-actualites\/benin-leids-lance-sa-formation-au-metier-de-levenementiel#article\",\"isPartOf\":{\"@id\":\"https:\/\/www.africa-press.net\/benin\/toutes-les-actualites\/benin-leids-lance-sa-formation-au-metier-de-levenementiel\"},\"author\":{\"name\":\"cfeditorfr\",\"@id\":\"https:\/\/www.africa-press.net\/benin\/#\/schema\/person\/2b1cf3cd81a31e3cd26889ca66d677f1\"},\"headline\":\"B\u00e9nin : l\u2019EIDS lance sa formation au m\u00e9tier de l\u2019\u00e9v\u00e9nementiel\",\"datePublished\":\"2022-08-17T17:00:31+00:00\",\"dateModified\":\"2022-08-17T17:30:40+00:00\",\"mainEntityOfPage\":{\"@id\":\"https:\/\/www.africa-press.net\/benin\/toutes-les-actualites\/benin-leids-lance-sa-formation-au-metier-de-levenementiel\"},\"wordCount\":402,\"commentCount\":0,\"image\":{\"@id\":\"https:\/\/www.africa-press.net\/benin\/toutes-les-actualites\/benin-leids-lance-sa-formation-au-metier-de-levenementiel#primaryimage\"},\"thumbnailUrl\":\"https:\/\/static.africa-press.net\/benin\/sites\/46\/2022\/08\/postQueueImg_9-62fd25a990641.jpg\",\"keywords\":[\"Africa Press\",\"Africa Press-Benin\",\"B\u00e9nin\"],\"articleSection\":[\"Communaut\u00e9\",\"homepage-french\",\"Toutes les actualit\u00e9s\"],\"inLanguage\":\"fr-FR\",\"potentialAction\":[{\"@type\":\"CommentAction\",\"name\":\"Comment\",\"target\":[\"https:\/\/www.africa-press.net\/benin\/toutes-les-actualites\/benin-leids-lance-sa-formation-au-metier-de-levenementiel#respond\"]}]},{\"@type\":\"WebPage\",\"@id\":\"https:\/\/www.africa-press.net\/benin\/toutes-les-actualites\/benin-leids-lance-sa-formation-au-metier-de-levenementiel\",\"url\":\"https:\/\/www.africa-press.net\/benin\/toutes-les-actualites\/benin-leids-lance-sa-formation-au-metier-de-levenementiel\",\"name\":\"B\u00e9nin : l\u2019EIDS lance sa formation au m\u00e9tier de l\u2019\u00e9v\u00e9nementiel - B\u00e9nin\",\"isPartOf\":{\"@id\":\"https:\/\/www.africa-press.net\/benin\/#website\"},\"primaryImageOfPage\":{\"@id\":\"https:\/\/www.africa-press.net\/benin\/toutes-les-actualites\/benin-leids-lance-sa-formation-au-metier-de-levenementiel#primaryimage\"},\"image\":{\"@id\":\"https:\/\/www.africa-press.net\/benin\/toutes-les-actualites\/benin-leids-lance-sa-formation-au-metier-de-levenementiel#primaryimage\"},\"thumbnailUrl\":\"https:\/\/static.africa-press.net\/benin\/sites\/46\/2022\/08\/postQueueImg_9-62fd25a990641.jpg\",\"datePublished\":\"2022-08-17T17:00:31+00:00\",\"dateModified\":\"2022-08-17T17:30:40+00:00\",\"author\":{\"@id\":\"https:\/\/www.africa-press.net\/benin\/#\/schema\/person\/2b1cf3cd81a31e3cd26889ca66d677f1\"},\"description\":\"L\u2019Ecole Internationale de D\u00e9tectives et de Strat\u00e9gies (l\u2019EIDS) a lanc\u00e9 pour le compte de la rentr\u00e9e 2022-2023, trois nou ...\",\"breadcrumb\":{\"@id\":\"https:\/\/www.africa-press.net\/benin\/toutes-les-actualites\/benin-leids-lance-sa-formation-au-metier-de-levenementiel#breadcrumb\"},\"inLanguage\":\"fr-FR\",\"potentialAction\":[{\"@type\":\"ReadAction\",\"target\":[\"https:\/\/www.africa-press.net\/benin\/toutes-les-actualites\/benin-leids-lance-sa-formation-au-metier-de-levenementiel\"]}]},{\"@type\":\"ImageObject\",\"inLanguage\":\"fr-FR\",\"@id\":\"https:\/\/www.africa-press.net\/benin\/toutes-les-actualites\/benin-leids-lance-sa-formation-au-metier-de-levenementiel#primaryimage\",\"url\":\"https:\/\/static.africa-press.net\/benin\/sites\/46\/2022\/08\/postQueueImg_9-62fd25a990641.jpg\",\"contentUrl\":\"https:\/\/static.africa-press.net\/benin\/sites\/46\/2022\/08\/postQueueImg_9-62fd25a990641.jpg\",\"width\":1363,\"height\":927,\"caption\":\"B\u00e9nin : l\u2019EIDS lance sa formation au m\u00e9tier de l\u2019\u00e9v\u00e9nementiel\"},{\"@type\":\"BreadcrumbList\",\"@id\":\"https:\/\/www.africa-press.net\/benin\/toutes-les-actualites\/benin-leids-lance-sa-formation-au-metier-de-levenementiel#breadcrumb\",\"itemListElement\":[{\"@type\":\"ListItem\",\"position\":1,\"name\":\"Accueil\",\"item\":\"https:\/\/www.africa-press.net\/benin\/\"},{\"@type\":\"ListItem\",\"position\":2,\"name\":\"B\u00e9nin : l\u2019EIDS lance sa formation au m\u00e9tier de l\u2019\u00e9v\u00e9nementiel\"}]},{\"@type\":\"WebSite\",\"@id\":\"https:\/\/www.africa-press.net\/benin\/#website\",\"url\":\"https:\/\/www.africa-press.net\/benin\/\",\"name\":\"B\u00e9nin\",\"description\":\"Just another Africa News Agency Sites site\",\"potentialAction\":[{\"@type\":\"SearchAction\",\"target\":{\"@type\":\"EntryPoint\",\"urlTemplate\":\"https:\/\/www.africa-press.net\/benin\/?s={search_term_string}\"},\"query-input\":{\"@type\":\"PropertyValueSpecification\",\"valueRequired\":true,\"valueName\":\"search_term_string\"}}],\"inLanguage\":\"fr-FR\"},{\"@type\":\"Person\",\"@id\":\"https:\/\/www.africa-press.net\/benin\/#\/schema\/person\/2b1cf3cd81a31e3cd26889ca66d677f1\",\"name\":\"cfeditorfr\"}]}<\/script>\n<!-- \/ Yoast SEO Premium plugin. -->","yoast_head_json":{"title":"B\u00e9nin : l\u2019EIDS lance sa formation au m\u00e9tier de l\u2019\u00e9v\u00e9nementiel - B\u00e9nin","description":"L\u2019Ecole Internationale de D\u00e9tectives et de Strat\u00e9gies (l\u2019EIDS) a lanc\u00e9 pour le compte de la rentr\u00e9e 2022-2023, trois nou ...","robots":{"index":"index","follow":"follow","max-snippet":"max-snippet:-1","max-image-preview":"max-image-preview:large","max-video-preview":"max-video-preview:-1"},"canonical":"https:\/\/www.africa-press.net\/benin\/toutes-les-actualites\/benin-leids-lance-sa-formation-au-metier-de-levenementiel","og_locale":"fr_FR","og_type":"article","og_title":"B\u00e9nin : l\u2019EIDS lance sa formation au m\u00e9tier de l\u2019\u00e9v\u00e9nementiel","og_description":"L\u2019Ecole Internationale de D\u00e9tectives et de Strat\u00e9gies (l\u2019EIDS) a lanc\u00e9 pour le compte de la rentr\u00e9e 2022-2023, trois nou ...","og_url":"https:\/\/www.africa-press.net\/benin\/toutes-les-actualites\/benin-leids-lance-sa-formation-au-metier-de-levenementiel","og_site_name":"B\u00e9nin","article_published_time":"2022-08-17T17:00:31+00:00","article_modified_time":"2022-08-17T17:30:40+00:00","og_image":[{"width":1363,"height":927,"url":"https:\/\/static.africa-press.net\/benin\/sites\/46\/2022\/08\/postQueueImg_9-62fd25a990641.jpg","type":"image\/jpeg"}],"author":"cfeditorfr","twitter_card":"summary_large_image","twitter_misc":{"\u00c9crit par":"cfeditorfr","Dur\u00e9e de lecture estim\u00e9e":"2 minutes"},"schema":{"@context":"https:\/\/schema.org","@graph":[{"@type":"Article","@id":"https:\/\/www.africa-press.net\/benin\/toutes-les-actualites\/benin-leids-lance-sa-formation-au-metier-de-levenementiel#article","isPartOf":{"@id":"https:\/\/www.africa-press.net\/benin\/toutes-les-actualites\/benin-leids-lance-sa-formation-au-metier-de-levenementiel"},"author":{"name":"cfeditorfr","@id":"https:\/\/www.africa-press.net\/benin\/#\/schema\/person\/2b1cf3cd81a31e3cd26889ca66d677f1"},"headline":"B\u00e9nin : l\u2019EIDS lance sa formation au m\u00e9tier de l\u2019\u00e9v\u00e9nementiel","datePublished":"2022-08-17T17:00:31+00:00","dateModified":"2022-08-17T17:30:40+00:00","mainEntityOfPage":{"@id":"https:\/\/www.africa-press.net\/benin\/toutes-les-actualites\/benin-leids-lance-sa-formation-au-metier-de-levenementiel"},"wordCount":402,"commentCount":0,"image":{"@id":"https:\/\/www.africa-press.net\/benin\/toutes-les-actualites\/benin-leids-lance-sa-formation-au-metier-de-levenementiel#primaryimage"},"thumbnailUrl":"https:\/\/static.africa-press.net\/benin\/sites\/46\/2022\/08\/postQueueImg_9-62fd25a990641.jpg","keywords":["Africa Press","Africa Press-Benin","B\u00e9nin"],"articleSection":["Communaut\u00e9","homepage-french","Toutes les actualit\u00e9s"],"inLanguage":"fr-FR","potentialAction":[{"@type":"CommentAction","name":"Comment","target":["https:\/\/www.africa-press.net\/benin\/toutes-les-actualites\/benin-leids-lance-sa-formation-au-metier-de-levenementiel#respond"]}]},{"@type":"WebPage","@id":"https:\/\/www.africa-press.net\/benin\/toutes-les-actualites\/benin-leids-lance-sa-formation-au-metier-de-levenementiel","url":"https:\/\/www.africa-press.net\/benin\/toutes-les-actualites\/benin-leids-lance-sa-formation-au-metier-de-levenementiel","name":"B\u00e9nin : l\u2019EIDS lance sa formation au m\u00e9tier de l\u2019\u00e9v\u00e9nementiel - B\u00e9nin","isPartOf":{"@id":"https:\/\/www.africa-press.net\/benin\/#website"},"primaryImageOfPage":{"@id":"https:\/\/www.africa-press.net\/benin\/toutes-les-actualites\/benin-leids-lance-sa-formation-au-metier-de-levenementiel#primaryimage"},"image":{"@id":"https:\/\/www.africa-press.net\/benin\/toutes-les-actualites\/benin-leids-lance-sa-formation-au-metier-de-levenementiel#primaryimage"},"thumbnailUrl":"https:\/\/static.africa-press.net\/benin\/sites\/46\/2022\/08\/postQueueImg_9-62fd25a990641.jpg","datePublished":"2022-08-17T17:00:31+00:00","dateModified":"2022-08-17T17:30:40+00:00","author":{"@id":"https:\/\/www.africa-press.net\/benin\/#\/schema\/person\/2b1cf3cd81a31e3cd26889ca66d677f1"},"description":"L\u2019Ecole Internationale de D\u00e9tectives et de Strat\u00e9gies (l\u2019EIDS) a lanc\u00e9 pour le compte de la rentr\u00e9e 2022-2023, trois nou ...","breadcrumb":{"@id":"https:\/\/www.africa-press.net\/benin\/toutes-les-actualites\/benin-leids-lance-sa-formation-au-metier-de-levenementiel#breadcrumb"},"inLanguage":"fr-FR","potentialAction":[{"@type":"ReadAction","target":["https:\/\/www.africa-press.net\/benin\/toutes-les-actualites\/benin-leids-lance-sa-formation-au-metier-de-levenementiel"]}]},{"@type":"ImageObject","inLanguage":"fr-FR","@id":"https:\/\/www.africa-press.net\/benin\/toutes-les-actualites\/benin-leids-lance-sa-formation-au-metier-de-levenementiel#primaryimage","url":"https:\/\/static.africa-press.net\/benin\/sites\/46\/2022\/08\/postQueueImg_9-62fd25a990641.jpg","contentUrl":"https:\/\/static.africa-press.net\/benin\/sites\/46\/2022\/08\/postQueueImg_9-62fd25a990641.jpg","width":1363,"height":927,"caption":"B\u00e9nin : l\u2019EIDS lance sa formation au m\u00e9tier de l\u2019\u00e9v\u00e9nementiel"},{"@type":"BreadcrumbList","@id":"https:\/\/www.africa-press.net\/benin\/toutes-les-actualites\/benin-leids-lance-sa-formation-au-metier-de-levenementiel#breadcrumb","itemListElement":[{"@type":"ListItem","position":1,"name":"Accueil","item":"https:\/\/www.africa-press.net\/benin\/"},{"@type":"ListItem","position":2,"name":"B\u00e9nin : l\u2019EIDS lance sa formation au m\u00e9tier de l\u2019\u00e9v\u00e9nementiel"}]},{"@type":"WebSite","@id":"https:\/\/www.africa-press.net\/benin\/#website","url":"https:\/\/www.africa-press.net\/benin\/","name":"B\u00e9nin","description":"Just another Africa News Agency Sites site","potentialAction":[{"@type":"SearchAction","target":{"@type":"EntryPoint","urlTemplate":"https:\/\/www.africa-press.net\/benin\/?s={search_term_string}"},"query-input":{"@type":"PropertyValueSpecification","valueRequired":true,"valueName":"search_term_string"}}],"inLanguage":"fr-FR"},{"@type":"Person","@id":"https:\/\/www.africa-press.net\/benin\/#\/schema\/person\/2b1cf3cd81a31e3cd26889ca66d677f1","name":"cfeditorfr"}]}},"_links":{"self":[{"href":"https:\/\/www.africa-press.net\/benin\/wp-json\/wp\/v2\/posts\/7941","targetHints":{"allow":["GET"]}}],"collection":[{"href":"https:\/\/www.africa-press.net\/benin\/wp-json\/wp\/v2\/posts"}],"about":[{"href":"https:\/\/www.africa-press.net\/benin\/wp-json\/wp\/v2\/types\/post"}],"author":[{"embeddable":true,"href":"https:\/\/www.africa-press.net\/benin\/wp-json\/wp\/v2\/users\/82"}],"replies":[{"embeddable":true,"href":"https:\/\/www.africa-press.net\/benin\/wp-json\/wp\/v2\/comments?post=7941"}],"version-history":[{"count":0,"href":"https:\/\/www.africa-press.net\/benin\/wp-json\/wp\/v2\/posts\/7941\/revisions"}],"wp:featuredmedia":[{"embeddable":true,"href":"https:\/\/www.africa-press.net\/benin\/wp-json\/wp\/v2\/media\/7940"}],"wp:attachment":[{"href":"https:\/\/www.africa-press.net\/benin\/wp-json\/wp\/v2\/media?parent=7941"}],"wp:term":[{"taxonomy":"category","embeddable":true,"href":"https:\/\/www.africa-press.net\/benin\/wp-json\/wp\/v2\/categories?post=7941"},{"taxonomy":"post_tag","embeddable":true,"href":"https:\/\/www.africa-press.net\/benin\/wp-json\/wp\/v2\/tags?post=7941"}],"curies":[{"name":"wp","href":"https:\/\/api.w.org\/{rel}","templated":true}]}}