{"id":7944,"date":"2022-08-17T17:00:40","date_gmt":"2022-08-17T17:00:40","guid":{"rendered":"https:\/\/www.africa-press.net\/benin\/politique\/on-ne-laisse-pas-ses-partisans-en-prison-pour-defiler-avec-leurs-bourreaux-omar-arouna-a-boni-yayi"},"modified":"2022-08-17T17:31:09","modified_gmt":"2022-08-17T17:31:09","slug":"on-ne-laisse-pas-ses-partisans-en-prison-pour-defiler-avec-leurs-bourreaux-omar-arouna-a-boni-yayi","status":"publish","type":"post","link":"https:\/\/www.africa-press.net\/benin\/politique\/on-ne-laisse-pas-ses-partisans-en-prison-pour-defiler-avec-leurs-bourreaux-omar-arouna-a-boni-yayi","title":{"rendered":"\u00ab\u00a0On ne laisse pas ses partisans en prison pour d\u00e9filer avec leurs bourreaux\u00a0\u00bb, Omar Arouna \u00e0 Boni Yayi"},"content":{"rendered":"<p><span style=\"color: #ff6600\"><strong>Africa-Press &#8211; Benin. <\/strong><\/span>La pr\u00e9sence de l\u2019ancien pr\u00e9sident Yayi Boni aux manifestations officielles du 1er Ao\u00fbt aupr\u00e8s du pr\u00e9sident Patrice Talon ne plait pas \u00e0 tout le monde. Contrairement \u00e0 certains qui y trouvent une d\u00e9marche de paix, l\u2019ambassadeur Omar Arouna semble faire toute une autre lecture de la posture du pr\u00e9sident d\u2019honneur des d\u00e9mocrates.<\/p>\n<p>Dans une tribune intitul\u00e9e \u00ab politique \u00e0 part et l\u2019humanisme \u00bb publi\u00e9e ce mardi 16 Ao\u00fbt, l\u2019ancien ambassadeur Omar Arouna affirme qu\u2019on ne laisse pas ses partisans en prison et en exil pour d\u00e9filer avec leurs bourreaux pour quelque raison que ce soit.<\/p>\n<p>Dans ladite tribune, l\u2019ancien ambassadeur appr\u00e9ciant les derni\u00e8res actualit\u00e9s estime que tout porte \u00e0 croire que depuis 2016, les b\u00e9ninois ont perdu le sens de la solidarit\u00e9, de l\u2019humanisme et de la d\u00e9cence dans l\u2019exercice de la gestion du pays.<\/p>\n<p>\u00ab Ce n\u2019est pas un d\u00e9bat, c\u2019est la r\u00e9alit\u00e9, ladite opposition de notre pays, du moins celle qui est sur le terrain et qui se pr\u00e9pare aux \u00e9lections l\u00e9gislatives, est sur le point de passer en perte et profit les morts, les exil\u00e9s, les prisonniers et le d\u00e9mant\u00e8lement du tissu social de notre pays \u00e0 l\u2019autel d\u2019int\u00e9r\u00eats \u00e9go\u00efstes et inavou\u00e9s\u00ab , a d\u00e9plor\u00e9 Omar Arouna.<\/p>\n<p>Le diplomate se dit d\u2019autant plus constern\u00e9 par latitude de cette opposition qui se pr\u00e9pare aux l\u00e9gislatives, parce que \u00ab Cela ne peut \u00eatre ni\u00e9, les lois, institutions et conditions qui sont la source de l\u2019exclusion et de la r\u00e9pression n\u2019ont pas chang\u00e9 \u00bb.<\/p>\n<p>A croire le diplomate, personne n\u2019est contre la paix et l\u2019accalmie politique dans le pays. \u00ab Mais il n\u2019y a pas de raccourci vers la paix. Pour le moins, la paix doit prendre en compte tout le monde sans exception et la paix doit prendre en compte tous les maux qui ont \u00e9t\u00e9 \u00e0 l\u2019origine des troubles et de la destruction de notre \u00e9difice d\u00e9mocratique. \u00bb, pr\u00e9cise-t-il.<\/p>\n<p>Quand on est responsable et leader au service de l\u2019int\u00e9r\u00eat g\u00e9n\u00e9ral, poursuit l\u2019ex ambassadeur dans sa tribune, il y a des compromis dans lesquels on ne se laisse pas emporter et nos \u00ab leaders \u00bb de l\u2019opposition doivent s\u2019en rendre compte. Nelson Mandela reste un mod\u00e8le \u00e0 cet \u00e9gard.<\/p>\n<p>On ne laisse pas ces partisans en prison pour se parader et d\u00e9filer en public avec leur pers\u00e9cuteur\u2026<\/p>\n<p>Le rapprochement entre Boni Yayi et son successeur \u00e0 travers l\u2019audience \u00e0 la pr\u00e9sidence de la R\u00e9publique et ensuite \u00e0 l\u2019esplanade des amazones lors des manifestations officielles de la f\u00eate nationale sont les griefs que porte l\u2019ambassadeur Omar Arouna contre l\u2019ancien chef d\u2019Etat.<\/p>\n<p>\u00ab On ne laisse pas ces partisans en prison (et encore moins la candidate porte flambeau de son parti en prison), on ne laisse pas ces partisans en exil et on ne laisse pas l\u2019\u00e2me de ces militants morts en errance, pour se parader et d\u00e9filer en public avec leur pers\u00e9cuteur, leur ge\u00f4lier et leur bourreau pour quelque raison et int\u00e9r\u00eat que ce soit. M\u00eame au nom de la paix\u00ab , s\u2019insurge Omar Arouna.<\/p>\n<p>Se r\u00e9f\u00e9rant \u00e0 l\u2019ancien pr\u00e9sident de l\u2019Afrique du Sud, Omar Arouna affirme que pendant des d\u00e9cennies, Nelson Mandela a n\u00e9goci\u00e9 en secret avec Frederick de Clerk et n\u2019a jamais \u00e9t\u00e9 vu en public avec lui jusqu\u2019\u00e0 ce que tous les points d\u2019achoppement soient \u00e9limin\u00e9s et que des accords soient conclus pour la lib\u00e9ration des prisonniers de l\u2019ANC et que des r\u00e9parations soient faites. \u00ab C\u2019est la posture d\u2019un leader qui a \u00e0 c\u0153ur, l\u2019int\u00e9r\u00eat g\u00e9n\u00e9ral\u00ab , a indiqu\u00e9 l\u2019ambassadeur pour marquer sa d\u00e9sapprobation \u00e0 l\u2019attitude de l\u2019ancien chef d\u2019Etat.<\/p>\n<p>L\u2019ancien ambassadeur a \u00e9galement \u00e9voqu\u00e9 la loyaut\u00e9 dont a b\u00e9n\u00e9fici\u00e9 l\u2019ancien pr\u00e9sident Boni Yayi lorsqu\u2019il s\u2019est fait assi\u00e9ger \u00e0 domicile par le pouvoir en place. \u00ab C\u2019est cette loyaut\u00e9 et cette solidarit\u00e9 in\u00e9branlable dont il a lui-m\u00eame b\u00e9n\u00e9fici\u00e9 en cette p\u00e9riode critique que ceux qui aujourd\u2019hui s\u2019insurgent contre sa posture exigent de lui \u00e0 l\u2019\u00e9gard de tous les prisonniers politiques, y compris Aivo et Madougou, Metongnon, les morts et consorts \u00bb, peut-on lire dans ladite tribune.<\/p>\n<p>Un Clin d\u2019\u0153il \u00e0 Bertin Koovi \u2026<\/p>\n<p>Toujours en exigeant la loyaut\u00e9 et la solidarit\u00e9 \u00e0 l\u2019endroit de tous les b\u00e9ninois actuellement en difficult\u00e9 sous le r\u00e9gime de la rupture, l\u2019ambassadeur Omar Arouna \u00e9voque le cas du promoteur de l\u2019\u00e9conomie fondamentale, aujourd\u2019hui influenceur des r\u00e9seaux sociaux, Bertin Koovi pour ne pas le nommer comme l\u2019une des personnes qui ont b\u00e9n\u00e9fici\u00e9 de cette solidarit\u00e9.<\/p>\n<p>\u00ab Pour ceux qui ont la critique facile comme Bertin Koovi, il est important de se rappeler que n\u2019e\u00fbt \u00e9t\u00e9 cette solidarit\u00e9 et cette loyaut\u00e9 agissante, il serait toujours dans sa cellule en Guin\u00e9e \u00c9quatoriale\u00ab , a indiqu\u00e9 Omar Arouna.<\/p>\n<p>Pour lui, il ne s\u2019agira pas de simplement sortir son \u00e9pingle du jeu. \u00ab Personne ne sera laiss\u00e9 pour compte. Nous rentrons tous chez nous, ou personne ne rentre chez lui\u00ab , s\u2019insurge le diplomate faisant probablement allusion au fils a\u00een\u00e9 de l\u2019ancien chef d\u2019Etat Nic\u00e9phore Dieudonn\u00e9 Soglo, ancien maire de Cotonou actuellement en exil en France.<\/p>\n<p>\u00ab Que l\u2019injustice, l\u2019arbitraire, la faim, la ruse et rage s\u2019arr\u00eatent. Voil\u00e0, entre autres, ce que demandent les B\u00e9ninois \u00bb, conclut Omar Arouna dans sa tribune.<\/p>\n<p><strong>Pour plus d&rsquo;informations et d&rsquo;analyses sur la <a href=\"https:\/\/www.africa-press.net\/benin\">Benin<\/a>, suivez <a href=\"https:\/\/www.africa-press.net\/\">Africa-Press<\/a><\/strong><\/p>\n","protected":false},"excerpt":{"rendered":"<p>Africa-Press &#8211; Benin. La pr\u00e9sence de l\u2019ancien pr\u00e9sident Yayi Boni aux manifestations officielles du 1er Ao\u00fbt aupr\u00e8s du pr\u00e9sident Patrice Talon ne plait pas \u00e0 tout le monde. Contrairement \u00e0 certains qui y trouvent une d\u00e9marche de paix, l\u2019ambassadeur Omar Arouna semble faire toute une autre lecture de la posture du pr\u00e9sident d\u2019honneur des d\u00e9mocrates. [&hellip;]<\/p>\n","protected":false},"author":82,"featured_media":7943,"comment_status":"open","ping_status":"closed","sticky":false,"template":"","format":"standard","meta":{"footnotes":""},"categories":[11,2,10],"tags":[36,50,45],"class_list":["post-7944","post","type-post","status-publish","format-standard","has-post-thumbnail","hentry","category-homepage-french","category-politique","category-toutes-les-actualites","tag-africa-press","tag-africa-press-benin","tag-benin"],"yoast_head":"<!-- This site is optimized with the Yoast SEO Premium plugin v26.1 (Yoast SEO v27.0) - https:\/\/yoast.com\/product\/yoast-seo-premium-wordpress\/ -->\n<title>\u00ab\u00a0On ne laisse pas ses partisans en prison pour d\u00e9filer avec leurs bourreaux\u00a0\u00bb, Omar Arouna \u00e0 Boni Yayi - B\u00e9nin<\/title>\n<meta name=\"description\" content=\"La pr\u00e9sence de l\u2019ancien pr\u00e9sident Yayi Boni aux manifestations officielles du 1er Ao\u00fbt aupr\u00e8s du pr\u00e9sident Patrice Talon ...\" \/>\n<meta name=\"robots\" content=\"index, follow, max-snippet:-1, max-image-preview:large, max-video-preview:-1\" \/>\n<link rel=\"canonical\" href=\"https:\/\/www.africa-press.net\/benin\/politique\/on-ne-laisse-pas-ses-partisans-en-prison-pour-defiler-avec-leurs-bourreaux-omar-arouna-a-boni-yayi\" \/>\n<meta property=\"og:locale\" content=\"fr_FR\" \/>\n<meta property=\"og:type\" content=\"article\" \/>\n<meta property=\"og:title\" content=\"\u00ab\u00a0On ne laisse pas ses partisans en prison pour d\u00e9filer avec leurs bourreaux\u00a0\u00bb, Omar Arouna \u00e0 Boni Yayi\" \/>\n<meta property=\"og:description\" content=\"La pr\u00e9sence de l\u2019ancien pr\u00e9sident Yayi Boni aux manifestations officielles du 1er Ao\u00fbt aupr\u00e8s du pr\u00e9sident Patrice Talon ...\" \/>\n<meta property=\"og:url\" content=\"https:\/\/www.africa-press.net\/benin\/politique\/on-ne-laisse-pas-ses-partisans-en-prison-pour-defiler-avec-leurs-bourreaux-omar-arouna-a-boni-yayi\" \/>\n<meta property=\"og:site_name\" content=\"B\u00e9nin\" \/>\n<meta property=\"article:published_time\" content=\"2022-08-17T17:00:40+00:00\" \/>\n<meta property=\"article:modified_time\" content=\"2022-08-17T17:31:09+00:00\" \/>\n<meta property=\"og:image\" content=\"https:\/\/static.africa-press.net\/benin\/sites\/46\/2022\/08\/postQueueImg_10-62fd25c5bb178.jpg\" \/>\n\t<meta property=\"og:image:width\" content=\"1200\" \/>\n\t<meta property=\"og:image:height\" content=\"675\" \/>\n\t<meta property=\"og:image:type\" content=\"image\/jpeg\" \/>\n<meta name=\"author\" content=\"cfeditorfr\" \/>\n<meta name=\"twitter:card\" content=\"summary_large_image\" \/>\n<meta name=\"twitter:label1\" content=\"\u00c9crit par\" \/>\n\t<meta name=\"twitter:data1\" content=\"cfeditorfr\" \/>\n\t<meta name=\"twitter:label2\" content=\"Dur\u00e9e de lecture estim\u00e9e\" \/>\n\t<meta name=\"twitter:data2\" content=\"5 minutes\" \/>\n<script type=\"application\/ld+json\" class=\"yoast-schema-graph\">{\"@context\":\"https:\/\/schema.org\",\"@graph\":[{\"@type\":\"Article\",\"@id\":\"https:\/\/www.africa-press.net\/benin\/politique\/on-ne-laisse-pas-ses-partisans-en-prison-pour-defiler-avec-leurs-bourreaux-omar-arouna-a-boni-yayi#article\",\"isPartOf\":{\"@id\":\"https:\/\/www.africa-press.net\/benin\/politique\/on-ne-laisse-pas-ses-partisans-en-prison-pour-defiler-avec-leurs-bourreaux-omar-arouna-a-boni-yayi\"},\"author\":{\"name\":\"cfeditorfr\",\"@id\":\"https:\/\/www.africa-press.net\/benin\/#\/schema\/person\/2b1cf3cd81a31e3cd26889ca66d677f1\"},\"headline\":\"\u00ab\u00a0On ne laisse pas ses partisans en prison pour d\u00e9filer avec leurs bourreaux\u00a0\u00bb, Omar Arouna \u00e0 Boni Yayi\",\"datePublished\":\"2022-08-17T17:00:40+00:00\",\"dateModified\":\"2022-08-17T17:31:09+00:00\",\"mainEntityOfPage\":{\"@id\":\"https:\/\/www.africa-press.net\/benin\/politique\/on-ne-laisse-pas-ses-partisans-en-prison-pour-defiler-avec-leurs-bourreaux-omar-arouna-a-boni-yayi\"},\"wordCount\":986,\"commentCount\":0,\"image\":{\"@id\":\"https:\/\/www.africa-press.net\/benin\/politique\/on-ne-laisse-pas-ses-partisans-en-prison-pour-defiler-avec-leurs-bourreaux-omar-arouna-a-boni-yayi#primaryimage\"},\"thumbnailUrl\":\"https:\/\/static.africa-press.net\/benin\/sites\/46\/2022\/08\/postQueueImg_10-62fd25c5bb178.jpg\",\"keywords\":[\"Africa Press\",\"Africa Press-Benin\",\"B\u00e9nin\"],\"articleSection\":[\"homepage-french\",\"Politique\",\"Toutes les actualit\u00e9s\"],\"inLanguage\":\"fr-FR\",\"potentialAction\":[{\"@type\":\"CommentAction\",\"name\":\"Comment\",\"target\":[\"https:\/\/www.africa-press.net\/benin\/politique\/on-ne-laisse-pas-ses-partisans-en-prison-pour-defiler-avec-leurs-bourreaux-omar-arouna-a-boni-yayi#respond\"]}]},{\"@type\":\"WebPage\",\"@id\":\"https:\/\/www.africa-press.net\/benin\/politique\/on-ne-laisse-pas-ses-partisans-en-prison-pour-defiler-avec-leurs-bourreaux-omar-arouna-a-boni-yayi\",\"url\":\"https:\/\/www.africa-press.net\/benin\/politique\/on-ne-laisse-pas-ses-partisans-en-prison-pour-defiler-avec-leurs-bourreaux-omar-arouna-a-boni-yayi\",\"name\":\"\u00ab\u00a0On ne laisse pas ses partisans en prison pour d\u00e9filer avec leurs bourreaux\u00a0\u00bb, Omar Arouna \u00e0 Boni Yayi - B\u00e9nin\",\"isPartOf\":{\"@id\":\"https:\/\/www.africa-press.net\/benin\/#website\"},\"primaryImageOfPage\":{\"@id\":\"https:\/\/www.africa-press.net\/benin\/politique\/on-ne-laisse-pas-ses-partisans-en-prison-pour-defiler-avec-leurs-bourreaux-omar-arouna-a-boni-yayi#primaryimage\"},\"image\":{\"@id\":\"https:\/\/www.africa-press.net\/benin\/politique\/on-ne-laisse-pas-ses-partisans-en-prison-pour-defiler-avec-leurs-bourreaux-omar-arouna-a-boni-yayi#primaryimage\"},\"thumbnailUrl\":\"https:\/\/static.africa-press.net\/benin\/sites\/46\/2022\/08\/postQueueImg_10-62fd25c5bb178.jpg\",\"datePublished\":\"2022-08-17T17:00:40+00:00\",\"dateModified\":\"2022-08-17T17:31:09+00:00\",\"author\":{\"@id\":\"https:\/\/www.africa-press.net\/benin\/#\/schema\/person\/2b1cf3cd81a31e3cd26889ca66d677f1\"},\"description\":\"La pr\u00e9sence de l\u2019ancien pr\u00e9sident Yayi Boni aux manifestations officielles du 1er Ao\u00fbt aupr\u00e8s du pr\u00e9sident Patrice Talon ...\",\"breadcrumb\":{\"@id\":\"https:\/\/www.africa-press.net\/benin\/politique\/on-ne-laisse-pas-ses-partisans-en-prison-pour-defiler-avec-leurs-bourreaux-omar-arouna-a-boni-yayi#breadcrumb\"},\"inLanguage\":\"fr-FR\",\"potentialAction\":[{\"@type\":\"ReadAction\",\"target\":[\"https:\/\/www.africa-press.net\/benin\/politique\/on-ne-laisse-pas-ses-partisans-en-prison-pour-defiler-avec-leurs-bourreaux-omar-arouna-a-boni-yayi\"]}]},{\"@type\":\"ImageObject\",\"inLanguage\":\"fr-FR\",\"@id\":\"https:\/\/www.africa-press.net\/benin\/politique\/on-ne-laisse-pas-ses-partisans-en-prison-pour-defiler-avec-leurs-bourreaux-omar-arouna-a-boni-yayi#primaryimage\",\"url\":\"https:\/\/static.africa-press.net\/benin\/sites\/46\/2022\/08\/postQueueImg_10-62fd25c5bb178.jpg\",\"contentUrl\":\"https:\/\/static.africa-press.net\/benin\/sites\/46\/2022\/08\/postQueueImg_10-62fd25c5bb178.jpg\",\"width\":1200,\"height\":675,\"caption\":\"\u00ab\u00a0On ne laisse pas ses partisans en prison pour d\u00e9filer avec leurs bourreaux\u00a0\u00bb, Omar Arouna \u00e0 Boni Yayi\"},{\"@type\":\"BreadcrumbList\",\"@id\":\"https:\/\/www.africa-press.net\/benin\/politique\/on-ne-laisse-pas-ses-partisans-en-prison-pour-defiler-avec-leurs-bourreaux-omar-arouna-a-boni-yayi#breadcrumb\",\"itemListElement\":[{\"@type\":\"ListItem\",\"position\":1,\"name\":\"Accueil\",\"item\":\"https:\/\/www.africa-press.net\/benin\/\"},{\"@type\":\"ListItem\",\"position\":2,\"name\":\"\u00ab\u00a0On ne laisse pas ses partisans en prison pour d\u00e9filer avec leurs bourreaux\u00a0\u00bb, Omar Arouna \u00e0 Boni Yayi\"}]},{\"@type\":\"WebSite\",\"@id\":\"https:\/\/www.africa-press.net\/benin\/#website\",\"url\":\"https:\/\/www.africa-press.net\/benin\/\",\"name\":\"B\u00e9nin\",\"description\":\"Just another Africa News Agency Sites site\",\"potentialAction\":[{\"@type\":\"SearchAction\",\"target\":{\"@type\":\"EntryPoint\",\"urlTemplate\":\"https:\/\/www.africa-press.net\/benin\/?s={search_term_string}\"},\"query-input\":{\"@type\":\"PropertyValueSpecification\",\"valueRequired\":true,\"valueName\":\"search_term_string\"}}],\"inLanguage\":\"fr-FR\"},{\"@type\":\"Person\",\"@id\":\"https:\/\/www.africa-press.net\/benin\/#\/schema\/person\/2b1cf3cd81a31e3cd26889ca66d677f1\",\"name\":\"cfeditorfr\"}]}<\/script>\n<!-- \/ Yoast SEO Premium plugin. -->","yoast_head_json":{"title":"\u00ab\u00a0On ne laisse pas ses partisans en prison pour d\u00e9filer avec leurs bourreaux\u00a0\u00bb, Omar Arouna \u00e0 Boni Yayi - B\u00e9nin","description":"La pr\u00e9sence de l\u2019ancien pr\u00e9sident Yayi Boni aux manifestations officielles du 1er Ao\u00fbt aupr\u00e8s du pr\u00e9sident Patrice Talon ...","robots":{"index":"index","follow":"follow","max-snippet":"max-snippet:-1","max-image-preview":"max-image-preview:large","max-video-preview":"max-video-preview:-1"},"canonical":"https:\/\/www.africa-press.net\/benin\/politique\/on-ne-laisse-pas-ses-partisans-en-prison-pour-defiler-avec-leurs-bourreaux-omar-arouna-a-boni-yayi","og_locale":"fr_FR","og_type":"article","og_title":"\u00ab\u00a0On ne laisse pas ses partisans en prison pour d\u00e9filer avec leurs bourreaux\u00a0\u00bb, Omar Arouna \u00e0 Boni Yayi","og_description":"La pr\u00e9sence de l\u2019ancien pr\u00e9sident Yayi Boni aux manifestations officielles du 1er Ao\u00fbt aupr\u00e8s du pr\u00e9sident Patrice Talon ...","og_url":"https:\/\/www.africa-press.net\/benin\/politique\/on-ne-laisse-pas-ses-partisans-en-prison-pour-defiler-avec-leurs-bourreaux-omar-arouna-a-boni-yayi","og_site_name":"B\u00e9nin","article_published_time":"2022-08-17T17:00:40+00:00","article_modified_time":"2022-08-17T17:31:09+00:00","og_image":[{"width":1200,"height":675,"url":"https:\/\/static.africa-press.net\/benin\/sites\/46\/2022\/08\/postQueueImg_10-62fd25c5bb178.jpg","type":"image\/jpeg"}],"author":"cfeditorfr","twitter_card":"summary_large_image","twitter_misc":{"\u00c9crit par":"cfeditorfr","Dur\u00e9e de lecture estim\u00e9e":"5 minutes"},"schema":{"@context":"https:\/\/schema.org","@graph":[{"@type":"Article","@id":"https:\/\/www.africa-press.net\/benin\/politique\/on-ne-laisse-pas-ses-partisans-en-prison-pour-defiler-avec-leurs-bourreaux-omar-arouna-a-boni-yayi#article","isPartOf":{"@id":"https:\/\/www.africa-press.net\/benin\/politique\/on-ne-laisse-pas-ses-partisans-en-prison-pour-defiler-avec-leurs-bourreaux-omar-arouna-a-boni-yayi"},"author":{"name":"cfeditorfr","@id":"https:\/\/www.africa-press.net\/benin\/#\/schema\/person\/2b1cf3cd81a31e3cd26889ca66d677f1"},"headline":"\u00ab\u00a0On ne laisse pas ses partisans en prison pour d\u00e9filer avec leurs bourreaux\u00a0\u00bb, Omar Arouna \u00e0 Boni Yayi","datePublished":"2022-08-17T17:00:40+00:00","dateModified":"2022-08-17T17:31:09+00:00","mainEntityOfPage":{"@id":"https:\/\/www.africa-press.net\/benin\/politique\/on-ne-laisse-pas-ses-partisans-en-prison-pour-defiler-avec-leurs-bourreaux-omar-arouna-a-boni-yayi"},"wordCount":986,"commentCount":0,"image":{"@id":"https:\/\/www.africa-press.net\/benin\/politique\/on-ne-laisse-pas-ses-partisans-en-prison-pour-defiler-avec-leurs-bourreaux-omar-arouna-a-boni-yayi#primaryimage"},"thumbnailUrl":"https:\/\/static.africa-press.net\/benin\/sites\/46\/2022\/08\/postQueueImg_10-62fd25c5bb178.jpg","keywords":["Africa Press","Africa Press-Benin","B\u00e9nin"],"articleSection":["homepage-french","Politique","Toutes les actualit\u00e9s"],"inLanguage":"fr-FR","potentialAction":[{"@type":"CommentAction","name":"Comment","target":["https:\/\/www.africa-press.net\/benin\/politique\/on-ne-laisse-pas-ses-partisans-en-prison-pour-defiler-avec-leurs-bourreaux-omar-arouna-a-boni-yayi#respond"]}]},{"@type":"WebPage","@id":"https:\/\/www.africa-press.net\/benin\/politique\/on-ne-laisse-pas-ses-partisans-en-prison-pour-defiler-avec-leurs-bourreaux-omar-arouna-a-boni-yayi","url":"https:\/\/www.africa-press.net\/benin\/politique\/on-ne-laisse-pas-ses-partisans-en-prison-pour-defiler-avec-leurs-bourreaux-omar-arouna-a-boni-yayi","name":"\u00ab\u00a0On ne laisse pas ses partisans en prison pour d\u00e9filer avec leurs bourreaux\u00a0\u00bb, Omar Arouna \u00e0 Boni Yayi - B\u00e9nin","isPartOf":{"@id":"https:\/\/www.africa-press.net\/benin\/#website"},"primaryImageOfPage":{"@id":"https:\/\/www.africa-press.net\/benin\/politique\/on-ne-laisse-pas-ses-partisans-en-prison-pour-defiler-avec-leurs-bourreaux-omar-arouna-a-boni-yayi#primaryimage"},"image":{"@id":"https:\/\/www.africa-press.net\/benin\/politique\/on-ne-laisse-pas-ses-partisans-en-prison-pour-defiler-avec-leurs-bourreaux-omar-arouna-a-boni-yayi#primaryimage"},"thumbnailUrl":"https:\/\/static.africa-press.net\/benin\/sites\/46\/2022\/08\/postQueueImg_10-62fd25c5bb178.jpg","datePublished":"2022-08-17T17:00:40+00:00","dateModified":"2022-08-17T17:31:09+00:00","author":{"@id":"https:\/\/www.africa-press.net\/benin\/#\/schema\/person\/2b1cf3cd81a31e3cd26889ca66d677f1"},"description":"La pr\u00e9sence de l\u2019ancien pr\u00e9sident Yayi Boni aux manifestations officielles du 1er Ao\u00fbt aupr\u00e8s du pr\u00e9sident Patrice Talon ...","breadcrumb":{"@id":"https:\/\/www.africa-press.net\/benin\/politique\/on-ne-laisse-pas-ses-partisans-en-prison-pour-defiler-avec-leurs-bourreaux-omar-arouna-a-boni-yayi#breadcrumb"},"inLanguage":"fr-FR","potentialAction":[{"@type":"ReadAction","target":["https:\/\/www.africa-press.net\/benin\/politique\/on-ne-laisse-pas-ses-partisans-en-prison-pour-defiler-avec-leurs-bourreaux-omar-arouna-a-boni-yayi"]}]},{"@type":"ImageObject","inLanguage":"fr-FR","@id":"https:\/\/www.africa-press.net\/benin\/politique\/on-ne-laisse-pas-ses-partisans-en-prison-pour-defiler-avec-leurs-bourreaux-omar-arouna-a-boni-yayi#primaryimage","url":"https:\/\/static.africa-press.net\/benin\/sites\/46\/2022\/08\/postQueueImg_10-62fd25c5bb178.jpg","contentUrl":"https:\/\/static.africa-press.net\/benin\/sites\/46\/2022\/08\/postQueueImg_10-62fd25c5bb178.jpg","width":1200,"height":675,"caption":"\u00ab\u00a0On ne laisse pas ses partisans en prison pour d\u00e9filer avec leurs bourreaux\u00a0\u00bb, Omar Arouna \u00e0 Boni Yayi"},{"@type":"BreadcrumbList","@id":"https:\/\/www.africa-press.net\/benin\/politique\/on-ne-laisse-pas-ses-partisans-en-prison-pour-defiler-avec-leurs-bourreaux-omar-arouna-a-boni-yayi#breadcrumb","itemListElement":[{"@type":"ListItem","position":1,"name":"Accueil","item":"https:\/\/www.africa-press.net\/benin\/"},{"@type":"ListItem","position":2,"name":"\u00ab\u00a0On ne laisse pas ses partisans en prison pour d\u00e9filer avec leurs bourreaux\u00a0\u00bb, Omar Arouna \u00e0 Boni Yayi"}]},{"@type":"WebSite","@id":"https:\/\/www.africa-press.net\/benin\/#website","url":"https:\/\/www.africa-press.net\/benin\/","name":"B\u00e9nin","description":"Just another Africa News Agency Sites site","potentialAction":[{"@type":"SearchAction","target":{"@type":"EntryPoint","urlTemplate":"https:\/\/www.africa-press.net\/benin\/?s={search_term_string}"},"query-input":{"@type":"PropertyValueSpecification","valueRequired":true,"valueName":"search_term_string"}}],"inLanguage":"fr-FR"},{"@type":"Person","@id":"https:\/\/www.africa-press.net\/benin\/#\/schema\/person\/2b1cf3cd81a31e3cd26889ca66d677f1","name":"cfeditorfr"}]}},"_links":{"self":[{"href":"https:\/\/www.africa-press.net\/benin\/wp-json\/wp\/v2\/posts\/7944","targetHints":{"allow":["GET"]}}],"collection":[{"href":"https:\/\/www.africa-press.net\/benin\/wp-json\/wp\/v2\/posts"}],"about":[{"href":"https:\/\/www.africa-press.net\/benin\/wp-json\/wp\/v2\/types\/post"}],"author":[{"embeddable":true,"href":"https:\/\/www.africa-press.net\/benin\/wp-json\/wp\/v2\/users\/82"}],"replies":[{"embeddable":true,"href":"https:\/\/www.africa-press.net\/benin\/wp-json\/wp\/v2\/comments?post=7944"}],"version-history":[{"count":0,"href":"https:\/\/www.africa-press.net\/benin\/wp-json\/wp\/v2\/posts\/7944\/revisions"}],"wp:featuredmedia":[{"embeddable":true,"href":"https:\/\/www.africa-press.net\/benin\/wp-json\/wp\/v2\/media\/7943"}],"wp:attachment":[{"href":"https:\/\/www.africa-press.net\/benin\/wp-json\/wp\/v2\/media?parent=7944"}],"wp:term":[{"taxonomy":"category","embeddable":true,"href":"https:\/\/www.africa-press.net\/benin\/wp-json\/wp\/v2\/categories?post=7944"},{"taxonomy":"post_tag","embeddable":true,"href":"https:\/\/www.africa-press.net\/benin\/wp-json\/wp\/v2\/tags?post=7944"}],"curies":[{"name":"wp","href":"https:\/\/api.w.org\/{rel}","templated":true}]}}