{"id":7950,"date":"2022-08-17T17:01:00","date_gmt":"2022-08-17T17:01:00","guid":{"rendered":"https:\/\/www.africa-press.net\/benin\/politique\/benin-liberation-conditionnelle-pour-godline-agbidinoukoun-apres-38-mois-de-prison"},"modified":"2022-08-17T17:32:10","modified_gmt":"2022-08-17T17:32:10","slug":"benin-liberation-conditionnelle-pour-godline-agbidinoukoun-apres-38-mois-de-prison","status":"publish","type":"post","link":"https:\/\/www.africa-press.net\/benin\/politique\/benin-liberation-conditionnelle-pour-godline-agbidinoukoun-apres-38-mois-de-prison","title":{"rendered":"B\u00e9nin: lib\u00e9ration conditionnelle pour Godline Agbidinoukoun, apr\u00e8s 38 mois de prison"},"content":{"rendered":"<p><span style=\"color: #ff6600\"><strong>Africa-Press &#8211; Benin. <\/strong><\/span>Condamn\u00e9e \u00e0 05 ans de prison ferme pour exercice ill\u00e9gal d\u2019activit\u00e9 de collecte d\u2019\u00e9pargne, l\u2019ancienne pr\u00e9sidente de la F\u00e9d\u00e9ration Nationale des Etudiants du B\u00e9nin (FNEB) a b\u00e9n\u00e9fici\u00e9 d\u2019une lib\u00e9ration conditionnelle au titre du deuxi\u00e8me trimestre de l\u2019ann\u00e9e 2022.<\/p>\n<p>Premi\u00e8re femme pr\u00e9sidente de la F\u00e9d\u00e9ration Nationale des Etudiants du B\u00e9nin (FNEB), Godline Agbidinoukoun avait suscit\u00e9 des espoirs au lendemain de son \u00e9lection. Mais elle n\u2019aura pas eu assez de temps pour montrer de quoi elle \u00e9tait capable. Une rocambolesque affaire dont les contours ne sont pas encore vraiment \u00e9lucid\u00e9s l\u2019a tr\u00e8s t\u00f4t arrach\u00e9e de la compagnie de ses camarades de lutte. Ainsi, elle fut arr\u00eat\u00e9e le 29 mai 2019 et jet\u00e9e en prison. Pour ce que l\u2019on sait pour le moment, elle serait impliqu\u00e9e dans une affaire d\u2019escroquerie.<\/p>\n<p>Dans un message adress\u00e9 aux \u00e9tudiants depuis sa cellule \u00e0 la prison civile d\u2019Akpro-Miss\u00e9r\u00e9t\u00e9, en janvier 2020, Godline Agbidinoukoun a dit avoir le c\u0153ur en paix sur kes faits qui lui sont reproch\u00e9s : \u00ab coupable ou non, je ne sais pas, la seule chose que je sais, c\u2019est que la perfection n\u2019est pas de ce monde et que j\u2019ai le c\u0153ur en paix, convaincue de ce qu\u2019a dit SENEQUE : seul l\u2019arbre qui a subi les assauts du vent est vraiment vigoureux, car c\u2019est dans cette lutte que ses racines, mises \u00e0 l\u2019\u00e9preuve, se fortifient \u00bb.<\/p>\n<p>\u00ab Vous vous attendez s\u00fbrement \u00e0 ce que je fasse la lumi\u00e8re sur cette affaire, mais je suis d\u00e9sol\u00e9e, je ne la ferai pas, par peur de cr\u00e9er de nouvelles pol\u00e9miques sur les raisons de mon incarc\u00e9ration, ce que je puisse vous dire est que t\u00f4t ou tard, vous saurez ce qui s\u2019est r\u00e9ellement pass\u00e9 \u00bb, avait-elle \u00e9crit<\/p>\n<p><strong>Pour plus d&rsquo;informations et d&rsquo;analyses sur la <a href=\"https:\/\/www.africa-press.net\/benin\">Benin<\/a>, suivez <a href=\"https:\/\/www.africa-press.net\/\">Africa-Press<\/a><\/strong><\/p>\n","protected":false},"excerpt":{"rendered":"<p>Africa-Press &#8211; Benin. Condamn\u00e9e \u00e0 05 ans de prison ferme pour exercice ill\u00e9gal d\u2019activit\u00e9 de collecte d\u2019\u00e9pargne, l\u2019ancienne pr\u00e9sidente de la F\u00e9d\u00e9ration Nationale des Etudiants du B\u00e9nin (FNEB) a b\u00e9n\u00e9fici\u00e9 d\u2019une lib\u00e9ration conditionnelle au titre du deuxi\u00e8me trimestre de l\u2019ann\u00e9e 2022. Premi\u00e8re femme pr\u00e9sidente de la F\u00e9d\u00e9ration Nationale des Etudiants du B\u00e9nin (FNEB), Godline Agbidinoukoun [&hellip;]<\/p>\n","protected":false},"author":82,"featured_media":7949,"comment_status":"open","ping_status":"closed","sticky":false,"template":"","format":"standard","meta":{"footnotes":""},"categories":[11,2,10],"tags":[36,50,45],"class_list":["post-7950","post","type-post","status-publish","format-standard","has-post-thumbnail","hentry","category-homepage-french","category-politique","category-toutes-les-actualites","tag-africa-press","tag-africa-press-benin","tag-benin"],"yoast_head":"<!-- This site is optimized with the Yoast SEO Premium plugin v26.1 (Yoast SEO v27.0) - https:\/\/yoast.com\/product\/yoast-seo-premium-wordpress\/ -->\n<title>B\u00e9nin: lib\u00e9ration conditionnelle pour Godline Agbidinoukoun, apr\u00e8s 38 mois de prison - B\u00e9nin<\/title>\n<meta name=\"description\" content=\"Condamn\u00e9e \u00e0 05 ans de prison ferme pour exercice ill\u00e9gal d\u2019activit\u00e9 de collecte d\u2019\u00e9pargne, l\u2019ancienne pr\u00e9sidente de la F ...\" \/>\n<meta name=\"robots\" content=\"index, follow, max-snippet:-1, max-image-preview:large, max-video-preview:-1\" \/>\n<link rel=\"canonical\" href=\"https:\/\/www.africa-press.net\/benin\/politique\/benin-liberation-conditionnelle-pour-godline-agbidinoukoun-apres-38-mois-de-prison\" \/>\n<meta property=\"og:locale\" content=\"fr_FR\" \/>\n<meta property=\"og:type\" content=\"article\" \/>\n<meta property=\"og:title\" content=\"B\u00e9nin: lib\u00e9ration conditionnelle pour Godline Agbidinoukoun, apr\u00e8s 38 mois de prison\" \/>\n<meta property=\"og:description\" content=\"Condamn\u00e9e \u00e0 05 ans de prison ferme pour exercice ill\u00e9gal d\u2019activit\u00e9 de collecte d\u2019\u00e9pargne, l\u2019ancienne pr\u00e9sidente de la F ...\" \/>\n<meta property=\"og:url\" content=\"https:\/\/www.africa-press.net\/benin\/politique\/benin-liberation-conditionnelle-pour-godline-agbidinoukoun-apres-38-mois-de-prison\" \/>\n<meta property=\"og:site_name\" content=\"B\u00e9nin\" \/>\n<meta property=\"article:published_time\" content=\"2022-08-17T17:01:00+00:00\" \/>\n<meta property=\"article:modified_time\" content=\"2022-08-17T17:32:10+00:00\" \/>\n<meta property=\"og:image\" content=\"https:\/\/static.africa-press.net\/benin\/sites\/46\/2022\/08\/postQueueImg_12-62fd25fed0380.jpg\" \/>\n\t<meta property=\"og:image:width\" content=\"1200\" \/>\n\t<meta property=\"og:image:height\" content=\"684\" \/>\n\t<meta property=\"og:image:type\" content=\"image\/jpeg\" \/>\n<meta name=\"author\" content=\"cfeditorfr\" \/>\n<meta name=\"twitter:card\" content=\"summary_large_image\" \/>\n<meta name=\"twitter:label1\" content=\"\u00c9crit par\" \/>\n\t<meta name=\"twitter:data1\" content=\"cfeditorfr\" \/>\n\t<meta name=\"twitter:label2\" content=\"Dur\u00e9e de lecture estim\u00e9e\" \/>\n\t<meta name=\"twitter:data2\" content=\"2 minutes\" \/>\n<script type=\"application\/ld+json\" class=\"yoast-schema-graph\">{\"@context\":\"https:\/\/schema.org\",\"@graph\":[{\"@type\":\"Article\",\"@id\":\"https:\/\/www.africa-press.net\/benin\/politique\/benin-liberation-conditionnelle-pour-godline-agbidinoukoun-apres-38-mois-de-prison#article\",\"isPartOf\":{\"@id\":\"https:\/\/www.africa-press.net\/benin\/politique\/benin-liberation-conditionnelle-pour-godline-agbidinoukoun-apres-38-mois-de-prison\"},\"author\":{\"name\":\"cfeditorfr\",\"@id\":\"https:\/\/www.africa-press.net\/benin\/#\/schema\/person\/2b1cf3cd81a31e3cd26889ca66d677f1\"},\"headline\":\"B\u00e9nin: lib\u00e9ration conditionnelle pour Godline Agbidinoukoun, apr\u00e8s 38 mois de prison\",\"datePublished\":\"2022-08-17T17:01:00+00:00\",\"dateModified\":\"2022-08-17T17:32:10+00:00\",\"mainEntityOfPage\":{\"@id\":\"https:\/\/www.africa-press.net\/benin\/politique\/benin-liberation-conditionnelle-pour-godline-agbidinoukoun-apres-38-mois-de-prison\"},\"wordCount\":351,\"commentCount\":0,\"image\":{\"@id\":\"https:\/\/www.africa-press.net\/benin\/politique\/benin-liberation-conditionnelle-pour-godline-agbidinoukoun-apres-38-mois-de-prison#primaryimage\"},\"thumbnailUrl\":\"https:\/\/static.africa-press.net\/benin\/sites\/46\/2022\/08\/postQueueImg_12-62fd25fed0380.jpg\",\"keywords\":[\"Africa Press\",\"Africa Press-Benin\",\"B\u00e9nin\"],\"articleSection\":[\"homepage-french\",\"Politique\",\"Toutes les actualit\u00e9s\"],\"inLanguage\":\"fr-FR\",\"potentialAction\":[{\"@type\":\"CommentAction\",\"name\":\"Comment\",\"target\":[\"https:\/\/www.africa-press.net\/benin\/politique\/benin-liberation-conditionnelle-pour-godline-agbidinoukoun-apres-38-mois-de-prison#respond\"]}]},{\"@type\":\"WebPage\",\"@id\":\"https:\/\/www.africa-press.net\/benin\/politique\/benin-liberation-conditionnelle-pour-godline-agbidinoukoun-apres-38-mois-de-prison\",\"url\":\"https:\/\/www.africa-press.net\/benin\/politique\/benin-liberation-conditionnelle-pour-godline-agbidinoukoun-apres-38-mois-de-prison\",\"name\":\"B\u00e9nin: lib\u00e9ration conditionnelle pour Godline Agbidinoukoun, apr\u00e8s 38 mois de prison - B\u00e9nin\",\"isPartOf\":{\"@id\":\"https:\/\/www.africa-press.net\/benin\/#website\"},\"primaryImageOfPage\":{\"@id\":\"https:\/\/www.africa-press.net\/benin\/politique\/benin-liberation-conditionnelle-pour-godline-agbidinoukoun-apres-38-mois-de-prison#primaryimage\"},\"image\":{\"@id\":\"https:\/\/www.africa-press.net\/benin\/politique\/benin-liberation-conditionnelle-pour-godline-agbidinoukoun-apres-38-mois-de-prison#primaryimage\"},\"thumbnailUrl\":\"https:\/\/static.africa-press.net\/benin\/sites\/46\/2022\/08\/postQueueImg_12-62fd25fed0380.jpg\",\"datePublished\":\"2022-08-17T17:01:00+00:00\",\"dateModified\":\"2022-08-17T17:32:10+00:00\",\"author\":{\"@id\":\"https:\/\/www.africa-press.net\/benin\/#\/schema\/person\/2b1cf3cd81a31e3cd26889ca66d677f1\"},\"description\":\"Condamn\u00e9e \u00e0 05 ans de prison ferme pour exercice ill\u00e9gal d\u2019activit\u00e9 de collecte d\u2019\u00e9pargne, l\u2019ancienne pr\u00e9sidente de la F ...\",\"breadcrumb\":{\"@id\":\"https:\/\/www.africa-press.net\/benin\/politique\/benin-liberation-conditionnelle-pour-godline-agbidinoukoun-apres-38-mois-de-prison#breadcrumb\"},\"inLanguage\":\"fr-FR\",\"potentialAction\":[{\"@type\":\"ReadAction\",\"target\":[\"https:\/\/www.africa-press.net\/benin\/politique\/benin-liberation-conditionnelle-pour-godline-agbidinoukoun-apres-38-mois-de-prison\"]}]},{\"@type\":\"ImageObject\",\"inLanguage\":\"fr-FR\",\"@id\":\"https:\/\/www.africa-press.net\/benin\/politique\/benin-liberation-conditionnelle-pour-godline-agbidinoukoun-apres-38-mois-de-prison#primaryimage\",\"url\":\"https:\/\/static.africa-press.net\/benin\/sites\/46\/2022\/08\/postQueueImg_12-62fd25fed0380.jpg\",\"contentUrl\":\"https:\/\/static.africa-press.net\/benin\/sites\/46\/2022\/08\/postQueueImg_12-62fd25fed0380.jpg\",\"width\":1200,\"height\":684,\"caption\":\"B\u00e9nin: lib\u00e9ration conditionnelle pour Godline Agbidinoukoun, apr\u00e8s 38 mois de prison\"},{\"@type\":\"BreadcrumbList\",\"@id\":\"https:\/\/www.africa-press.net\/benin\/politique\/benin-liberation-conditionnelle-pour-godline-agbidinoukoun-apres-38-mois-de-prison#breadcrumb\",\"itemListElement\":[{\"@type\":\"ListItem\",\"position\":1,\"name\":\"Accueil\",\"item\":\"https:\/\/www.africa-press.net\/benin\/\"},{\"@type\":\"ListItem\",\"position\":2,\"name\":\"B\u00e9nin: lib\u00e9ration conditionnelle pour Godline Agbidinoukoun, apr\u00e8s 38 mois de prison\"}]},{\"@type\":\"WebSite\",\"@id\":\"https:\/\/www.africa-press.net\/benin\/#website\",\"url\":\"https:\/\/www.africa-press.net\/benin\/\",\"name\":\"B\u00e9nin\",\"description\":\"Just another Africa News Agency Sites site\",\"potentialAction\":[{\"@type\":\"SearchAction\",\"target\":{\"@type\":\"EntryPoint\",\"urlTemplate\":\"https:\/\/www.africa-press.net\/benin\/?s={search_term_string}\"},\"query-input\":{\"@type\":\"PropertyValueSpecification\",\"valueRequired\":true,\"valueName\":\"search_term_string\"}}],\"inLanguage\":\"fr-FR\"},{\"@type\":\"Person\",\"@id\":\"https:\/\/www.africa-press.net\/benin\/#\/schema\/person\/2b1cf3cd81a31e3cd26889ca66d677f1\",\"name\":\"cfeditorfr\"}]}<\/script>\n<!-- \/ Yoast SEO Premium plugin. -->","yoast_head_json":{"title":"B\u00e9nin: lib\u00e9ration conditionnelle pour Godline Agbidinoukoun, apr\u00e8s 38 mois de prison - B\u00e9nin","description":"Condamn\u00e9e \u00e0 05 ans de prison ferme pour exercice ill\u00e9gal d\u2019activit\u00e9 de collecte d\u2019\u00e9pargne, l\u2019ancienne pr\u00e9sidente de la F ...","robots":{"index":"index","follow":"follow","max-snippet":"max-snippet:-1","max-image-preview":"max-image-preview:large","max-video-preview":"max-video-preview:-1"},"canonical":"https:\/\/www.africa-press.net\/benin\/politique\/benin-liberation-conditionnelle-pour-godline-agbidinoukoun-apres-38-mois-de-prison","og_locale":"fr_FR","og_type":"article","og_title":"B\u00e9nin: lib\u00e9ration conditionnelle pour Godline Agbidinoukoun, apr\u00e8s 38 mois de prison","og_description":"Condamn\u00e9e \u00e0 05 ans de prison ferme pour exercice ill\u00e9gal d\u2019activit\u00e9 de collecte d\u2019\u00e9pargne, l\u2019ancienne pr\u00e9sidente de la F ...","og_url":"https:\/\/www.africa-press.net\/benin\/politique\/benin-liberation-conditionnelle-pour-godline-agbidinoukoun-apres-38-mois-de-prison","og_site_name":"B\u00e9nin","article_published_time":"2022-08-17T17:01:00+00:00","article_modified_time":"2022-08-17T17:32:10+00:00","og_image":[{"width":1200,"height":684,"url":"https:\/\/static.africa-press.net\/benin\/sites\/46\/2022\/08\/postQueueImg_12-62fd25fed0380.jpg","type":"image\/jpeg"}],"author":"cfeditorfr","twitter_card":"summary_large_image","twitter_misc":{"\u00c9crit par":"cfeditorfr","Dur\u00e9e de lecture estim\u00e9e":"2 minutes"},"schema":{"@context":"https:\/\/schema.org","@graph":[{"@type":"Article","@id":"https:\/\/www.africa-press.net\/benin\/politique\/benin-liberation-conditionnelle-pour-godline-agbidinoukoun-apres-38-mois-de-prison#article","isPartOf":{"@id":"https:\/\/www.africa-press.net\/benin\/politique\/benin-liberation-conditionnelle-pour-godline-agbidinoukoun-apres-38-mois-de-prison"},"author":{"name":"cfeditorfr","@id":"https:\/\/www.africa-press.net\/benin\/#\/schema\/person\/2b1cf3cd81a31e3cd26889ca66d677f1"},"headline":"B\u00e9nin: lib\u00e9ration conditionnelle pour Godline Agbidinoukoun, apr\u00e8s 38 mois de prison","datePublished":"2022-08-17T17:01:00+00:00","dateModified":"2022-08-17T17:32:10+00:00","mainEntityOfPage":{"@id":"https:\/\/www.africa-press.net\/benin\/politique\/benin-liberation-conditionnelle-pour-godline-agbidinoukoun-apres-38-mois-de-prison"},"wordCount":351,"commentCount":0,"image":{"@id":"https:\/\/www.africa-press.net\/benin\/politique\/benin-liberation-conditionnelle-pour-godline-agbidinoukoun-apres-38-mois-de-prison#primaryimage"},"thumbnailUrl":"https:\/\/static.africa-press.net\/benin\/sites\/46\/2022\/08\/postQueueImg_12-62fd25fed0380.jpg","keywords":["Africa Press","Africa Press-Benin","B\u00e9nin"],"articleSection":["homepage-french","Politique","Toutes les actualit\u00e9s"],"inLanguage":"fr-FR","potentialAction":[{"@type":"CommentAction","name":"Comment","target":["https:\/\/www.africa-press.net\/benin\/politique\/benin-liberation-conditionnelle-pour-godline-agbidinoukoun-apres-38-mois-de-prison#respond"]}]},{"@type":"WebPage","@id":"https:\/\/www.africa-press.net\/benin\/politique\/benin-liberation-conditionnelle-pour-godline-agbidinoukoun-apres-38-mois-de-prison","url":"https:\/\/www.africa-press.net\/benin\/politique\/benin-liberation-conditionnelle-pour-godline-agbidinoukoun-apres-38-mois-de-prison","name":"B\u00e9nin: lib\u00e9ration conditionnelle pour Godline Agbidinoukoun, apr\u00e8s 38 mois de prison - B\u00e9nin","isPartOf":{"@id":"https:\/\/www.africa-press.net\/benin\/#website"},"primaryImageOfPage":{"@id":"https:\/\/www.africa-press.net\/benin\/politique\/benin-liberation-conditionnelle-pour-godline-agbidinoukoun-apres-38-mois-de-prison#primaryimage"},"image":{"@id":"https:\/\/www.africa-press.net\/benin\/politique\/benin-liberation-conditionnelle-pour-godline-agbidinoukoun-apres-38-mois-de-prison#primaryimage"},"thumbnailUrl":"https:\/\/static.africa-press.net\/benin\/sites\/46\/2022\/08\/postQueueImg_12-62fd25fed0380.jpg","datePublished":"2022-08-17T17:01:00+00:00","dateModified":"2022-08-17T17:32:10+00:00","author":{"@id":"https:\/\/www.africa-press.net\/benin\/#\/schema\/person\/2b1cf3cd81a31e3cd26889ca66d677f1"},"description":"Condamn\u00e9e \u00e0 05 ans de prison ferme pour exercice ill\u00e9gal d\u2019activit\u00e9 de collecte d\u2019\u00e9pargne, l\u2019ancienne pr\u00e9sidente de la F ...","breadcrumb":{"@id":"https:\/\/www.africa-press.net\/benin\/politique\/benin-liberation-conditionnelle-pour-godline-agbidinoukoun-apres-38-mois-de-prison#breadcrumb"},"inLanguage":"fr-FR","potentialAction":[{"@type":"ReadAction","target":["https:\/\/www.africa-press.net\/benin\/politique\/benin-liberation-conditionnelle-pour-godline-agbidinoukoun-apres-38-mois-de-prison"]}]},{"@type":"ImageObject","inLanguage":"fr-FR","@id":"https:\/\/www.africa-press.net\/benin\/politique\/benin-liberation-conditionnelle-pour-godline-agbidinoukoun-apres-38-mois-de-prison#primaryimage","url":"https:\/\/static.africa-press.net\/benin\/sites\/46\/2022\/08\/postQueueImg_12-62fd25fed0380.jpg","contentUrl":"https:\/\/static.africa-press.net\/benin\/sites\/46\/2022\/08\/postQueueImg_12-62fd25fed0380.jpg","width":1200,"height":684,"caption":"B\u00e9nin: lib\u00e9ration conditionnelle pour Godline Agbidinoukoun, apr\u00e8s 38 mois de prison"},{"@type":"BreadcrumbList","@id":"https:\/\/www.africa-press.net\/benin\/politique\/benin-liberation-conditionnelle-pour-godline-agbidinoukoun-apres-38-mois-de-prison#breadcrumb","itemListElement":[{"@type":"ListItem","position":1,"name":"Accueil","item":"https:\/\/www.africa-press.net\/benin\/"},{"@type":"ListItem","position":2,"name":"B\u00e9nin: lib\u00e9ration conditionnelle pour Godline Agbidinoukoun, apr\u00e8s 38 mois de prison"}]},{"@type":"WebSite","@id":"https:\/\/www.africa-press.net\/benin\/#website","url":"https:\/\/www.africa-press.net\/benin\/","name":"B\u00e9nin","description":"Just another Africa News Agency Sites site","potentialAction":[{"@type":"SearchAction","target":{"@type":"EntryPoint","urlTemplate":"https:\/\/www.africa-press.net\/benin\/?s={search_term_string}"},"query-input":{"@type":"PropertyValueSpecification","valueRequired":true,"valueName":"search_term_string"}}],"inLanguage":"fr-FR"},{"@type":"Person","@id":"https:\/\/www.africa-press.net\/benin\/#\/schema\/person\/2b1cf3cd81a31e3cd26889ca66d677f1","name":"cfeditorfr"}]}},"_links":{"self":[{"href":"https:\/\/www.africa-press.net\/benin\/wp-json\/wp\/v2\/posts\/7950","targetHints":{"allow":["GET"]}}],"collection":[{"href":"https:\/\/www.africa-press.net\/benin\/wp-json\/wp\/v2\/posts"}],"about":[{"href":"https:\/\/www.africa-press.net\/benin\/wp-json\/wp\/v2\/types\/post"}],"author":[{"embeddable":true,"href":"https:\/\/www.africa-press.net\/benin\/wp-json\/wp\/v2\/users\/82"}],"replies":[{"embeddable":true,"href":"https:\/\/www.africa-press.net\/benin\/wp-json\/wp\/v2\/comments?post=7950"}],"version-history":[{"count":0,"href":"https:\/\/www.africa-press.net\/benin\/wp-json\/wp\/v2\/posts\/7950\/revisions"}],"wp:featuredmedia":[{"embeddable":true,"href":"https:\/\/www.africa-press.net\/benin\/wp-json\/wp\/v2\/media\/7949"}],"wp:attachment":[{"href":"https:\/\/www.africa-press.net\/benin\/wp-json\/wp\/v2\/media?parent=7950"}],"wp:term":[{"taxonomy":"category","embeddable":true,"href":"https:\/\/www.africa-press.net\/benin\/wp-json\/wp\/v2\/categories?post=7950"},{"taxonomy":"post_tag","embeddable":true,"href":"https:\/\/www.africa-press.net\/benin\/wp-json\/wp\/v2\/tags?post=7950"}],"curies":[{"name":"wp","href":"https:\/\/api.w.org\/{rel}","templated":true}]}}