{"id":7956,"date":"2022-08-17T17:01:23","date_gmt":"2022-08-17T17:01:23","guid":{"rendered":"https:\/\/www.africa-press.net\/benin\/politique\/benin-un-an-apres-son-depart-du-br-jean-michel-abimbola-veut-enfin-se-caser"},"modified":"2022-08-17T17:33:17","modified_gmt":"2022-08-17T17:33:17","slug":"benin-un-an-apres-son-depart-du-br-jean-michel-abimbola-veut-enfin-se-caser","status":"publish","type":"post","link":"https:\/\/www.africa-press.net\/benin\/politique\/benin-un-an-apres-son-depart-du-br-jean-michel-abimbola-veut-enfin-se-caser","title":{"rendered":"B\u00e9nin: un an apr\u00e8s son d\u00e9part du BR, Jean Michel Abimbola veut enfin se caser"},"content":{"rendered":"<p><span style=\"color: #ff6600\"><strong>Africa-Press &#8211; Benin. <\/strong><\/span>Un an apr\u00e8s sa d\u00e9mission du Bloc R\u00e9publicaine (BR), le ministre Jean Michel Abimbola annonce son retour sur la sc\u00e8ne politique. A quelques semaines des \u00e9lections l\u00e9gislatives du 08 janvier 2023, il veut profiter des tractations politiques en cours pour se repositionner.<\/p>\n<p>Absent de la sc\u00e8ne et plong\u00e9 dans un mutisme politique depuis plus d\u2019un, Jean Michel Abimbola a r\u00e9activ\u00e9 son activisme politique. Dans un message adress\u00e9 \u00e0 ses sympathisants ce mercredi 17 ao\u00fbt 2022, l\u2019ancien membre fondateur du BR annonce une d\u00e9claration officielle pour clarifier sa position.<\/p>\n<p>La nouvelle destination du ministre de la culture n\u2019est pas encore connue. Mais il a tenu \u00e0 pr\u00e9ciser qu\u2019il continuera \u00e0 soutenir les actions du pr\u00e9sident Patrice Talon. On peut donc dire qu\u2019il est fort probable que Jean Michel Abimbola d\u00e9pose ses valises dans l\u2019un des partis de la mouvance pr\u00e9sidentielle.<\/p>\n<p>Pour rappel, la d\u00e9mission du BR de Jean Michel Abimbola est intervenue quelques jours apr\u00e8s sa brouille avec les instances du parti, suite \u00e0 la perte du fauteuil de Maire d\u2019Adja-Ouar\u00e8 par Karamath Fagbohoun. Le ministre avait \u00e9t\u00e9 accus\u00e9 d\u2019\u00eatre l\u2019instigateur de la r\u00e9bellion de certains \u00e9lus BR qui ont fait \u00e9chouer la fille de l\u2019homme d\u2019affaire S\u00e9fou Fagbohoun.<\/p>\n<p>Jean-Michel Abimbola ou la ran\u00e7on pour garder S\u00e9fou Fagbohoun ?<\/p>\n<p>C\u2019est un secret de polichinelle que la proc\u00e9dure qui a conduit \u00e0 l\u2019adh\u00e9sion du richissime homme d\u2019affaires et pr\u00e9sident du MADEP, S\u00e9fou Fagbohoun, s\u2019est montr\u00e9e longue et incertaine. Il a fallu l\u2019implication personnelle de sa fille, Karamatou, et une visite rendue au chef de l\u2019Etat, Patrice Talon, qui a jou\u00e9 \u00e0 la m\u00e9diation, pour que l\u2019homme fort d\u2019Adja-Ou\u00e8r\u00e8 baisse enfin la garde, c\u00e8de \u00e0 la pression pour faire son int\u00e9gration dans le parti pr\u00e9sid\u00e9 par le ministre Abdoulaye Bio Tchan\u00e9.<\/p>\n<p>L\u2019adh\u00e9sion de S\u00e9fou Fagbohoun \u00e9tait donc per\u00e7ue comme une d\u00e9livrance, car l\u2019homme d\u2019Adja-Ou\u00e8r\u00e8 \u00e9tait dans le m\u00eame temps courtis\u00e9 par l\u2019UP et s\u2019est montr\u00e9 \u00e0 une certaine \u00e9poque proche de l\u2019opposition.<\/p>\n<p>La reconnaissance de l\u2019adh\u00e9sion au BR du richissime homme d\u2019affaires fut la promotion de sa fille, qui a commenc\u00e9 depuis un moment \u00e0 faire ses armes en politique. Au lendemain des \u00e9lections communales et municipales, elle fut hiss\u00e9e \u00e0 la fonction de maire de la Commune d\u2019Adja-Ou\u00e8r\u00e8, rest\u00e9e jusque-l\u00e0 comme une chasse gard\u00e9e de son g\u00e9niteur.<\/p>\n<p>Une ascension qui ne durera que le temps d\u2019un feu de paille. A la faveur d\u2019une reprise des \u00e9lections recommand\u00e9e par la cour supr\u00eame, Karamatou Fagbohoun a \u00e9t\u00e9 \u00e9ject\u00e9e de sa fonction de maire.<\/p>\n<p>Le gage accord\u00e9 \u00e0 S\u00e9fou Fagbohoun pour susciter son adh\u00e9sion au Bloc R\u00e9publicain fut bris\u00e9. Il fallait donc un acte fort pour exprimer au patriarche, le regret du parti. Quelqu\u2019un devait donc en payer le prix. Le sort est tomb\u00e9 sur le ministre de la Culture, Jean Michel Abimbola.<\/p>\n<p>Le timing de la sanction et sa m\u00e9diatisation<\/p>\n<p>Dans leurs explications, les responsables du Bloc R\u00e9publicain ont estim\u00e9 que les investigations ont conduit \u00e0 la conclusion que l\u2019\u00e9chec du BR \u00e0 Adja-Ou\u00e8r\u00e8 est li\u00e9 \u00e0 une indiscipline de groupe encourag\u00e9e par Jean Michel Abimbola. Le fait que c\u2019est seulement six mois apr\u00e8s les \u00e9lections communales et municipales que la d\u00e9cision de sanction est tomb\u00e9e et \u00e0 quelques mois de la pr\u00e9sidentielle, n\u2019est pas anodin.<\/p>\n<p>La popularit\u00e9 de S\u00e9fou Fagbohou \u00e0 Adja-Ou\u00e8r\u00e8 et dans l\u2019ensemble du d\u00e9partement du Plateau est bien connue. Perdre ce pion \u00e0 quelques jours d\u2019une \u00e9lection pr\u00e9sidentielle, serait une lourde perte pour le Bloc R\u00e9publicain.<\/p>\n<p>Il fallait donc tout faire pour maintenir cette grosse prise. Et c\u2019est tout le sens que rev\u00eat la d\u00e9cision prise par le parti. C\u2019est pour cela que Jean-Michel Abimbola doit accepter \u00eatre l\u2019agneau sacrificiel pour calmer la d\u00e9ception de Fagbohoun face \u00e0 l\u2019humiliation inflig\u00e9e \u00e0 sa fille.<\/p>\n<p>Pourquoi l\u2019option d\u2019exposer en public ce qui pourrait \u00eatre r\u00e9gl\u00e9 au sein de la famille politique? De ce qui est avanc\u00e9 \u00e7a et l\u00e0, on d\u00e9duit que c\u2019est dans l\u2019intention de calmer la famille Fagbohoun visiblement touch\u00e9e par la destitution de la maire Karamatou qu\u2019une telle option a \u00e9t\u00e9 prise.<\/p>\n<p><strong>Pour plus d&rsquo;informations et d&rsquo;analyses sur la <a href=\"https:\/\/www.africa-press.net\/benin\">Benin<\/a>, suivez <a href=\"https:\/\/www.africa-press.net\/\">Africa-Press<\/a><\/strong><\/p>\n","protected":false},"excerpt":{"rendered":"<p>Africa-Press &#8211; Benin. Un an apr\u00e8s sa d\u00e9mission du Bloc R\u00e9publicaine (BR), le ministre Jean Michel Abimbola annonce son retour sur la sc\u00e8ne politique. A quelques semaines des \u00e9lections l\u00e9gislatives du 08 janvier 2023, il veut profiter des tractations politiques en cours pour se repositionner. Absent de la sc\u00e8ne et plong\u00e9 dans un mutisme politique [&hellip;]<\/p>\n","protected":false},"author":82,"featured_media":7955,"comment_status":"open","ping_status":"closed","sticky":false,"template":"","format":"standard","meta":{"footnotes":""},"categories":[11,2,20,10],"tags":[36,50,45],"class_list":["post-7956","post","type-post","status-publish","format-standard","has-post-thumbnail","hentry","category-homepage-french","category-politique","category-top-nouvelles","category-toutes-les-actualites","tag-africa-press","tag-africa-press-benin","tag-benin"],"yoast_head":"<!-- This site is optimized with the Yoast SEO Premium plugin v26.1 (Yoast SEO v27.0) - https:\/\/yoast.com\/product\/yoast-seo-premium-wordpress\/ -->\n<title>B\u00e9nin: un an apr\u00e8s son d\u00e9part du BR, Jean Michel Abimbola veut enfin se caser - B\u00e9nin<\/title>\n<meta name=\"description\" content=\"Un an apr\u00e8s sa d\u00e9mission du Bloc R\u00e9publicaine (BR), le ministre Jean Michel Abimbola annonce son retour sur la sc\u00e8ne pol ...\" \/>\n<meta name=\"robots\" content=\"index, follow, max-snippet:-1, max-image-preview:large, max-video-preview:-1\" \/>\n<link rel=\"canonical\" href=\"https:\/\/www.africa-press.net\/benin\/politique\/benin-un-an-apres-son-depart-du-br-jean-michel-abimbola-veut-enfin-se-caser\" \/>\n<meta property=\"og:locale\" content=\"fr_FR\" \/>\n<meta property=\"og:type\" content=\"article\" \/>\n<meta property=\"og:title\" content=\"B\u00e9nin: un an apr\u00e8s son d\u00e9part du BR, Jean Michel Abimbola veut enfin se caser\" \/>\n<meta property=\"og:description\" content=\"Un an apr\u00e8s sa d\u00e9mission du Bloc R\u00e9publicaine (BR), le ministre Jean Michel Abimbola annonce son retour sur la sc\u00e8ne pol ...\" \/>\n<meta property=\"og:url\" content=\"https:\/\/www.africa-press.net\/benin\/politique\/benin-un-an-apres-son-depart-du-br-jean-michel-abimbola-veut-enfin-se-caser\" \/>\n<meta property=\"og:site_name\" content=\"B\u00e9nin\" \/>\n<meta property=\"article:published_time\" content=\"2022-08-17T17:01:23+00:00\" \/>\n<meta property=\"article:modified_time\" content=\"2022-08-17T17:33:17+00:00\" \/>\n<meta property=\"og:image\" content=\"https:\/\/static.africa-press.net\/benin\/sites\/46\/2022\/08\/postQueueImg_14-62fd264262091.jpg\" \/>\n\t<meta property=\"og:image:width\" content=\"1200\" \/>\n\t<meta property=\"og:image:height\" content=\"675\" \/>\n\t<meta property=\"og:image:type\" content=\"image\/jpeg\" \/>\n<meta name=\"author\" content=\"cfeditorfr\" \/>\n<meta name=\"twitter:card\" content=\"summary_large_image\" \/>\n<meta name=\"twitter:label1\" content=\"\u00c9crit par\" \/>\n\t<meta name=\"twitter:data1\" content=\"cfeditorfr\" \/>\n\t<meta name=\"twitter:label2\" content=\"Dur\u00e9e de lecture estim\u00e9e\" \/>\n\t<meta name=\"twitter:data2\" content=\"4 minutes\" \/>\n<script type=\"application\/ld+json\" class=\"yoast-schema-graph\">{\"@context\":\"https:\/\/schema.org\",\"@graph\":[{\"@type\":\"Article\",\"@id\":\"https:\/\/www.africa-press.net\/benin\/politique\/benin-un-an-apres-son-depart-du-br-jean-michel-abimbola-veut-enfin-se-caser#article\",\"isPartOf\":{\"@id\":\"https:\/\/www.africa-press.net\/benin\/politique\/benin-un-an-apres-son-depart-du-br-jean-michel-abimbola-veut-enfin-se-caser\"},\"author\":{\"name\":\"cfeditorfr\",\"@id\":\"https:\/\/www.africa-press.net\/benin\/#\/schema\/person\/2b1cf3cd81a31e3cd26889ca66d677f1\"},\"headline\":\"B\u00e9nin: un an apr\u00e8s son d\u00e9part du BR, Jean Michel Abimbola veut enfin se caser\",\"datePublished\":\"2022-08-17T17:01:23+00:00\",\"dateModified\":\"2022-08-17T17:33:17+00:00\",\"mainEntityOfPage\":{\"@id\":\"https:\/\/www.africa-press.net\/benin\/politique\/benin-un-an-apres-son-depart-du-br-jean-michel-abimbola-veut-enfin-se-caser\"},\"wordCount\":784,\"commentCount\":0,\"image\":{\"@id\":\"https:\/\/www.africa-press.net\/benin\/politique\/benin-un-an-apres-son-depart-du-br-jean-michel-abimbola-veut-enfin-se-caser#primaryimage\"},\"thumbnailUrl\":\"https:\/\/static.africa-press.net\/benin\/sites\/46\/2022\/08\/postQueueImg_14-62fd264262091.jpg\",\"keywords\":[\"Africa Press\",\"Africa Press-Benin\",\"B\u00e9nin\"],\"articleSection\":[\"homepage-french\",\"Politique\",\"Top Nouvelles\",\"Toutes les actualit\u00e9s\"],\"inLanguage\":\"fr-FR\",\"potentialAction\":[{\"@type\":\"CommentAction\",\"name\":\"Comment\",\"target\":[\"https:\/\/www.africa-press.net\/benin\/politique\/benin-un-an-apres-son-depart-du-br-jean-michel-abimbola-veut-enfin-se-caser#respond\"]}]},{\"@type\":\"WebPage\",\"@id\":\"https:\/\/www.africa-press.net\/benin\/politique\/benin-un-an-apres-son-depart-du-br-jean-michel-abimbola-veut-enfin-se-caser\",\"url\":\"https:\/\/www.africa-press.net\/benin\/politique\/benin-un-an-apres-son-depart-du-br-jean-michel-abimbola-veut-enfin-se-caser\",\"name\":\"B\u00e9nin: un an apr\u00e8s son d\u00e9part du BR, Jean Michel Abimbola veut enfin se caser - B\u00e9nin\",\"isPartOf\":{\"@id\":\"https:\/\/www.africa-press.net\/benin\/#website\"},\"primaryImageOfPage\":{\"@id\":\"https:\/\/www.africa-press.net\/benin\/politique\/benin-un-an-apres-son-depart-du-br-jean-michel-abimbola-veut-enfin-se-caser#primaryimage\"},\"image\":{\"@id\":\"https:\/\/www.africa-press.net\/benin\/politique\/benin-un-an-apres-son-depart-du-br-jean-michel-abimbola-veut-enfin-se-caser#primaryimage\"},\"thumbnailUrl\":\"https:\/\/static.africa-press.net\/benin\/sites\/46\/2022\/08\/postQueueImg_14-62fd264262091.jpg\",\"datePublished\":\"2022-08-17T17:01:23+00:00\",\"dateModified\":\"2022-08-17T17:33:17+00:00\",\"author\":{\"@id\":\"https:\/\/www.africa-press.net\/benin\/#\/schema\/person\/2b1cf3cd81a31e3cd26889ca66d677f1\"},\"description\":\"Un an apr\u00e8s sa d\u00e9mission du Bloc R\u00e9publicaine (BR), le ministre Jean Michel Abimbola annonce son retour sur la sc\u00e8ne pol ...\",\"breadcrumb\":{\"@id\":\"https:\/\/www.africa-press.net\/benin\/politique\/benin-un-an-apres-son-depart-du-br-jean-michel-abimbola-veut-enfin-se-caser#breadcrumb\"},\"inLanguage\":\"fr-FR\",\"potentialAction\":[{\"@type\":\"ReadAction\",\"target\":[\"https:\/\/www.africa-press.net\/benin\/politique\/benin-un-an-apres-son-depart-du-br-jean-michel-abimbola-veut-enfin-se-caser\"]}]},{\"@type\":\"ImageObject\",\"inLanguage\":\"fr-FR\",\"@id\":\"https:\/\/www.africa-press.net\/benin\/politique\/benin-un-an-apres-son-depart-du-br-jean-michel-abimbola-veut-enfin-se-caser#primaryimage\",\"url\":\"https:\/\/static.africa-press.net\/benin\/sites\/46\/2022\/08\/postQueueImg_14-62fd264262091.jpg\",\"contentUrl\":\"https:\/\/static.africa-press.net\/benin\/sites\/46\/2022\/08\/postQueueImg_14-62fd264262091.jpg\",\"width\":1200,\"height\":675,\"caption\":\"B\u00e9nin: un an apr\u00e8s son d\u00e9part du BR, Jean Michel Abimbola veut enfin se caser\"},{\"@type\":\"BreadcrumbList\",\"@id\":\"https:\/\/www.africa-press.net\/benin\/politique\/benin-un-an-apres-son-depart-du-br-jean-michel-abimbola-veut-enfin-se-caser#breadcrumb\",\"itemListElement\":[{\"@type\":\"ListItem\",\"position\":1,\"name\":\"Accueil\",\"item\":\"https:\/\/www.africa-press.net\/benin\/\"},{\"@type\":\"ListItem\",\"position\":2,\"name\":\"B\u00e9nin: un an apr\u00e8s son d\u00e9part du BR, Jean Michel Abimbola veut enfin se caser\"}]},{\"@type\":\"WebSite\",\"@id\":\"https:\/\/www.africa-press.net\/benin\/#website\",\"url\":\"https:\/\/www.africa-press.net\/benin\/\",\"name\":\"B\u00e9nin\",\"description\":\"Just another Africa News Agency Sites site\",\"potentialAction\":[{\"@type\":\"SearchAction\",\"target\":{\"@type\":\"EntryPoint\",\"urlTemplate\":\"https:\/\/www.africa-press.net\/benin\/?s={search_term_string}\"},\"query-input\":{\"@type\":\"PropertyValueSpecification\",\"valueRequired\":true,\"valueName\":\"search_term_string\"}}],\"inLanguage\":\"fr-FR\"},{\"@type\":\"Person\",\"@id\":\"https:\/\/www.africa-press.net\/benin\/#\/schema\/person\/2b1cf3cd81a31e3cd26889ca66d677f1\",\"name\":\"cfeditorfr\"}]}<\/script>\n<!-- \/ Yoast SEO Premium plugin. -->","yoast_head_json":{"title":"B\u00e9nin: un an apr\u00e8s son d\u00e9part du BR, Jean Michel Abimbola veut enfin se caser - B\u00e9nin","description":"Un an apr\u00e8s sa d\u00e9mission du Bloc R\u00e9publicaine (BR), le ministre Jean Michel Abimbola annonce son retour sur la sc\u00e8ne pol ...","robots":{"index":"index","follow":"follow","max-snippet":"max-snippet:-1","max-image-preview":"max-image-preview:large","max-video-preview":"max-video-preview:-1"},"canonical":"https:\/\/www.africa-press.net\/benin\/politique\/benin-un-an-apres-son-depart-du-br-jean-michel-abimbola-veut-enfin-se-caser","og_locale":"fr_FR","og_type":"article","og_title":"B\u00e9nin: un an apr\u00e8s son d\u00e9part du BR, Jean Michel Abimbola veut enfin se caser","og_description":"Un an apr\u00e8s sa d\u00e9mission du Bloc R\u00e9publicaine (BR), le ministre Jean Michel Abimbola annonce son retour sur la sc\u00e8ne pol ...","og_url":"https:\/\/www.africa-press.net\/benin\/politique\/benin-un-an-apres-son-depart-du-br-jean-michel-abimbola-veut-enfin-se-caser","og_site_name":"B\u00e9nin","article_published_time":"2022-08-17T17:01:23+00:00","article_modified_time":"2022-08-17T17:33:17+00:00","og_image":[{"width":1200,"height":675,"url":"https:\/\/static.africa-press.net\/benin\/sites\/46\/2022\/08\/postQueueImg_14-62fd264262091.jpg","type":"image\/jpeg"}],"author":"cfeditorfr","twitter_card":"summary_large_image","twitter_misc":{"\u00c9crit par":"cfeditorfr","Dur\u00e9e de lecture estim\u00e9e":"4 minutes"},"schema":{"@context":"https:\/\/schema.org","@graph":[{"@type":"Article","@id":"https:\/\/www.africa-press.net\/benin\/politique\/benin-un-an-apres-son-depart-du-br-jean-michel-abimbola-veut-enfin-se-caser#article","isPartOf":{"@id":"https:\/\/www.africa-press.net\/benin\/politique\/benin-un-an-apres-son-depart-du-br-jean-michel-abimbola-veut-enfin-se-caser"},"author":{"name":"cfeditorfr","@id":"https:\/\/www.africa-press.net\/benin\/#\/schema\/person\/2b1cf3cd81a31e3cd26889ca66d677f1"},"headline":"B\u00e9nin: un an apr\u00e8s son d\u00e9part du BR, Jean Michel Abimbola veut enfin se caser","datePublished":"2022-08-17T17:01:23+00:00","dateModified":"2022-08-17T17:33:17+00:00","mainEntityOfPage":{"@id":"https:\/\/www.africa-press.net\/benin\/politique\/benin-un-an-apres-son-depart-du-br-jean-michel-abimbola-veut-enfin-se-caser"},"wordCount":784,"commentCount":0,"image":{"@id":"https:\/\/www.africa-press.net\/benin\/politique\/benin-un-an-apres-son-depart-du-br-jean-michel-abimbola-veut-enfin-se-caser#primaryimage"},"thumbnailUrl":"https:\/\/static.africa-press.net\/benin\/sites\/46\/2022\/08\/postQueueImg_14-62fd264262091.jpg","keywords":["Africa Press","Africa Press-Benin","B\u00e9nin"],"articleSection":["homepage-french","Politique","Top Nouvelles","Toutes les actualit\u00e9s"],"inLanguage":"fr-FR","potentialAction":[{"@type":"CommentAction","name":"Comment","target":["https:\/\/www.africa-press.net\/benin\/politique\/benin-un-an-apres-son-depart-du-br-jean-michel-abimbola-veut-enfin-se-caser#respond"]}]},{"@type":"WebPage","@id":"https:\/\/www.africa-press.net\/benin\/politique\/benin-un-an-apres-son-depart-du-br-jean-michel-abimbola-veut-enfin-se-caser","url":"https:\/\/www.africa-press.net\/benin\/politique\/benin-un-an-apres-son-depart-du-br-jean-michel-abimbola-veut-enfin-se-caser","name":"B\u00e9nin: un an apr\u00e8s son d\u00e9part du BR, Jean Michel Abimbola veut enfin se caser - B\u00e9nin","isPartOf":{"@id":"https:\/\/www.africa-press.net\/benin\/#website"},"primaryImageOfPage":{"@id":"https:\/\/www.africa-press.net\/benin\/politique\/benin-un-an-apres-son-depart-du-br-jean-michel-abimbola-veut-enfin-se-caser#primaryimage"},"image":{"@id":"https:\/\/www.africa-press.net\/benin\/politique\/benin-un-an-apres-son-depart-du-br-jean-michel-abimbola-veut-enfin-se-caser#primaryimage"},"thumbnailUrl":"https:\/\/static.africa-press.net\/benin\/sites\/46\/2022\/08\/postQueueImg_14-62fd264262091.jpg","datePublished":"2022-08-17T17:01:23+00:00","dateModified":"2022-08-17T17:33:17+00:00","author":{"@id":"https:\/\/www.africa-press.net\/benin\/#\/schema\/person\/2b1cf3cd81a31e3cd26889ca66d677f1"},"description":"Un an apr\u00e8s sa d\u00e9mission du Bloc R\u00e9publicaine (BR), le ministre Jean Michel Abimbola annonce son retour sur la sc\u00e8ne pol ...","breadcrumb":{"@id":"https:\/\/www.africa-press.net\/benin\/politique\/benin-un-an-apres-son-depart-du-br-jean-michel-abimbola-veut-enfin-se-caser#breadcrumb"},"inLanguage":"fr-FR","potentialAction":[{"@type":"ReadAction","target":["https:\/\/www.africa-press.net\/benin\/politique\/benin-un-an-apres-son-depart-du-br-jean-michel-abimbola-veut-enfin-se-caser"]}]},{"@type":"ImageObject","inLanguage":"fr-FR","@id":"https:\/\/www.africa-press.net\/benin\/politique\/benin-un-an-apres-son-depart-du-br-jean-michel-abimbola-veut-enfin-se-caser#primaryimage","url":"https:\/\/static.africa-press.net\/benin\/sites\/46\/2022\/08\/postQueueImg_14-62fd264262091.jpg","contentUrl":"https:\/\/static.africa-press.net\/benin\/sites\/46\/2022\/08\/postQueueImg_14-62fd264262091.jpg","width":1200,"height":675,"caption":"B\u00e9nin: un an apr\u00e8s son d\u00e9part du BR, Jean Michel Abimbola veut enfin se caser"},{"@type":"BreadcrumbList","@id":"https:\/\/www.africa-press.net\/benin\/politique\/benin-un-an-apres-son-depart-du-br-jean-michel-abimbola-veut-enfin-se-caser#breadcrumb","itemListElement":[{"@type":"ListItem","position":1,"name":"Accueil","item":"https:\/\/www.africa-press.net\/benin\/"},{"@type":"ListItem","position":2,"name":"B\u00e9nin: un an apr\u00e8s son d\u00e9part du BR, Jean Michel Abimbola veut enfin se caser"}]},{"@type":"WebSite","@id":"https:\/\/www.africa-press.net\/benin\/#website","url":"https:\/\/www.africa-press.net\/benin\/","name":"B\u00e9nin","description":"Just another Africa News Agency Sites site","potentialAction":[{"@type":"SearchAction","target":{"@type":"EntryPoint","urlTemplate":"https:\/\/www.africa-press.net\/benin\/?s={search_term_string}"},"query-input":{"@type":"PropertyValueSpecification","valueRequired":true,"valueName":"search_term_string"}}],"inLanguage":"fr-FR"},{"@type":"Person","@id":"https:\/\/www.africa-press.net\/benin\/#\/schema\/person\/2b1cf3cd81a31e3cd26889ca66d677f1","name":"cfeditorfr"}]}},"_links":{"self":[{"href":"https:\/\/www.africa-press.net\/benin\/wp-json\/wp\/v2\/posts\/7956","targetHints":{"allow":["GET"]}}],"collection":[{"href":"https:\/\/www.africa-press.net\/benin\/wp-json\/wp\/v2\/posts"}],"about":[{"href":"https:\/\/www.africa-press.net\/benin\/wp-json\/wp\/v2\/types\/post"}],"author":[{"embeddable":true,"href":"https:\/\/www.africa-press.net\/benin\/wp-json\/wp\/v2\/users\/82"}],"replies":[{"embeddable":true,"href":"https:\/\/www.africa-press.net\/benin\/wp-json\/wp\/v2\/comments?post=7956"}],"version-history":[{"count":0,"href":"https:\/\/www.africa-press.net\/benin\/wp-json\/wp\/v2\/posts\/7956\/revisions"}],"wp:featuredmedia":[{"embeddable":true,"href":"https:\/\/www.africa-press.net\/benin\/wp-json\/wp\/v2\/media\/7955"}],"wp:attachment":[{"href":"https:\/\/www.africa-press.net\/benin\/wp-json\/wp\/v2\/media?parent=7956"}],"wp:term":[{"taxonomy":"category","embeddable":true,"href":"https:\/\/www.africa-press.net\/benin\/wp-json\/wp\/v2\/categories?post=7956"},{"taxonomy":"post_tag","embeddable":true,"href":"https:\/\/www.africa-press.net\/benin\/wp-json\/wp\/v2\/tags?post=7956"}],"curies":[{"name":"wp","href":"https:\/\/api.w.org\/{rel}","templated":true}]}}