{"id":7962,"date":"2022-08-17T17:01:42","date_gmt":"2022-08-17T17:01:42","guid":{"rendered":"https:\/\/www.africa-press.net\/benin\/politique\/benin-gouvernance-de-patrice-talon-kemi-seba-prend-le-contre-pied-de-limam-dicko"},"modified":"2022-08-17T17:34:25","modified_gmt":"2022-08-17T17:34:25","slug":"benin-gouvernance-de-patrice-talon-kemi-seba-prend-le-contre-pied-de-limam-dicko","status":"publish","type":"post","link":"https:\/\/www.africa-press.net\/benin\/politique\/benin-gouvernance-de-patrice-talon-kemi-seba-prend-le-contre-pied-de-limam-dicko","title":{"rendered":"B\u00e9nin \u2013 Gouvernance de Patrice Talon: Kemi Seba prend le contre-pied de l\u2019imam Dicko"},"content":{"rendered":"<p><span style=\"color: #ff6600\"><strong>Africa-Press &#8211; Benin. <\/strong><\/span>De passage \u00e0 Bohicon, pour l\u2019investiture du pr\u00e9sident de l\u2019Union islamique du B\u00e9nin (Uib), l\u2019imam malien Mahmoud Dicko a fait l\u2019\u00e9loge du pr\u00e9sident Patrice Talon, qui, disait-il, est \u00e0 l\u2019\u00e9coute des B\u00e9ninois. Cette d\u00e9claration de l\u2019imam Dicko a mis en col\u00e8re le pr\u00e9sident de l\u2019ONG Urgences Panafricanistes, Kemi Seba.<\/p>\n<p>\u00ab Le pr\u00e9sident b\u00e9ninois est quelqu\u2019un qui \u00e9coute beaucoup, qui parle peu, mais qui agit \u00bb, a d\u00e9clar\u00e9 Mahmoud Dicko, pour qui, Patrice Talon est le prototype d\u2019homme d\u2019Etat dont a besoin l\u2019Afrique pour une meilleure gouvernance \u00e0 la t\u00eate des pays.<\/p>\n<p>Mais pour l\u2019activiste franco-b\u00e9ninois Kemi Seba, l\u2019imam Dicko s\u2019est tout simplement tromp\u00e9 sur ce qu\u2019il en est r\u00e9ellement au B\u00e9nin. \u00ab J\u2019ai une pens\u00e9e pour l\u2019imam Dicko. Je suis tr\u00e8s d\u00e9\u00e7u \u00bb, a d\u00e9clar\u00e9 Kemi Seba, relevant que quand \u00ab on parle de la FrancAfrique, il est polymorphe \u00bb.<\/p>\n<p>\u00ab Imam Dicko qui est l\u2019un des plus grands opposants du r\u00e9gime malien, a lou\u00e9 il y a pas longtemps, le pr\u00e9sident B\u00e9ninois Patrice Talon, en disant qu\u2019il \u00e9coutait le peuple. Laissez moi mourir de rire quand on sait que les prisonniers politiques au B\u00e9nin, \u00e0 pas quelques-uns qui ont \u00e9t\u00e9 lib\u00e9r\u00e9s, ceux qui posent de probl\u00e8me \u00e0 Talon, sont incarc\u00e9r\u00e9s et il ne compte pas les faire sortir \u00bb, a martel\u00e9 Kemi Seba. \u00ab On est pas en d\u00e9mocratie, mais en taloncratie \u00bb.<\/p>\n<p>Le pr\u00e9sident de l\u2019ONG Urgences Panafricanistes affirme par ailleurs, que l\u2019Imam Dicko a un soutien de la Francafrique et des ennemis du Mali, pour faire tomber le r\u00e9gime du pr\u00e9sident Assimi Goita.<\/p>\n<p>Ce n\u2019est pas la premi\u00e8re fois que l\u2019activiste s\u2019en prend au gouvernement du \u00ab Nouveau D\u00e9part \u00bb. S\u2019il loue les m\u00e9rites de Talon au plan infrastructurel, il critique autant qu\u2019il le peut, sa gouvernance du point de vue d\u00e9mocratique.<\/p>\n<p><strong>Pour plus d&rsquo;informations et d&rsquo;analyses sur la <a href=\"https:\/\/www.africa-press.net\/benin\">Benin<\/a>, suivez <a href=\"https:\/\/www.africa-press.net\/\">Africa-Press<\/a><\/strong><\/p>\n","protected":false},"excerpt":{"rendered":"<p>Africa-Press &#8211; Benin. De passage \u00e0 Bohicon, pour l\u2019investiture du pr\u00e9sident de l\u2019Union islamique du B\u00e9nin (Uib), l\u2019imam malien Mahmoud Dicko a fait l\u2019\u00e9loge du pr\u00e9sident Patrice Talon, qui, disait-il, est \u00e0 l\u2019\u00e9coute des B\u00e9ninois. Cette d\u00e9claration de l\u2019imam Dicko a mis en col\u00e8re le pr\u00e9sident de l\u2019ONG Urgences Panafricanistes, Kemi Seba. \u00ab Le pr\u00e9sident [&hellip;]<\/p>\n","protected":false},"author":82,"featured_media":7961,"comment_status":"open","ping_status":"closed","sticky":false,"template":"","format":"standard","meta":{"footnotes":""},"categories":[11,2,10],"tags":[36,50,45],"class_list":["post-7962","post","type-post","status-publish","format-standard","has-post-thumbnail","hentry","category-homepage-french","category-politique","category-toutes-les-actualites","tag-africa-press","tag-africa-press-benin","tag-benin"],"yoast_head":"<!-- This site is optimized with the Yoast SEO Premium plugin v26.1 (Yoast SEO v27.0) - https:\/\/yoast.com\/product\/yoast-seo-premium-wordpress\/ -->\n<title>B\u00e9nin \u2013 Gouvernance de Patrice Talon: Kemi Seba prend le contre-pied de l\u2019imam Dicko - B\u00e9nin<\/title>\n<meta name=\"description\" content=\"De passage \u00e0 Bohicon, pour l\u2019investiture du pr\u00e9sident de l\u2019Union islamique du B\u00e9nin (Uib), l\u2019imam malien Mahmoud Dicko a ...\" \/>\n<meta name=\"robots\" content=\"index, follow, max-snippet:-1, max-image-preview:large, max-video-preview:-1\" \/>\n<link rel=\"canonical\" href=\"https:\/\/www.africa-press.net\/benin\/politique\/benin-gouvernance-de-patrice-talon-kemi-seba-prend-le-contre-pied-de-limam-dicko\" \/>\n<meta property=\"og:locale\" content=\"fr_FR\" \/>\n<meta property=\"og:type\" content=\"article\" \/>\n<meta property=\"og:title\" content=\"B\u00e9nin \u2013 Gouvernance de Patrice Talon: Kemi Seba prend le contre-pied de l\u2019imam Dicko\" \/>\n<meta property=\"og:description\" content=\"De passage \u00e0 Bohicon, pour l\u2019investiture du pr\u00e9sident de l\u2019Union islamique du B\u00e9nin (Uib), l\u2019imam malien Mahmoud Dicko a ...\" \/>\n<meta property=\"og:url\" content=\"https:\/\/www.africa-press.net\/benin\/politique\/benin-gouvernance-de-patrice-talon-kemi-seba-prend-le-contre-pied-de-limam-dicko\" \/>\n<meta property=\"og:site_name\" content=\"B\u00e9nin\" \/>\n<meta property=\"article:published_time\" content=\"2022-08-17T17:01:42+00:00\" \/>\n<meta property=\"article:modified_time\" content=\"2022-08-17T17:34:25+00:00\" \/>\n<meta property=\"og:image\" content=\"https:\/\/static.africa-press.net\/benin\/sites\/46\/2022\/08\/postQueueImg_16-62fd268aa912c.jpg\" \/>\n\t<meta property=\"og:image:width\" content=\"1500\" \/>\n\t<meta property=\"og:image:height\" content=\"800\" \/>\n\t<meta property=\"og:image:type\" content=\"image\/jpeg\" \/>\n<meta name=\"author\" content=\"cfeditorfr\" \/>\n<meta name=\"twitter:card\" content=\"summary_large_image\" \/>\n<meta name=\"twitter:label1\" content=\"\u00c9crit par\" \/>\n\t<meta name=\"twitter:data1\" content=\"cfeditorfr\" \/>\n\t<meta name=\"twitter:label2\" content=\"Dur\u00e9e de lecture estim\u00e9e\" \/>\n\t<meta name=\"twitter:data2\" content=\"2 minutes\" \/>\n<script type=\"application\/ld+json\" class=\"yoast-schema-graph\">{\"@context\":\"https:\/\/schema.org\",\"@graph\":[{\"@type\":\"Article\",\"@id\":\"https:\/\/www.africa-press.net\/benin\/politique\/benin-gouvernance-de-patrice-talon-kemi-seba-prend-le-contre-pied-de-limam-dicko#article\",\"isPartOf\":{\"@id\":\"https:\/\/www.africa-press.net\/benin\/politique\/benin-gouvernance-de-patrice-talon-kemi-seba-prend-le-contre-pied-de-limam-dicko\"},\"author\":{\"name\":\"cfeditorfr\",\"@id\":\"https:\/\/www.africa-press.net\/benin\/#\/schema\/person\/2b1cf3cd81a31e3cd26889ca66d677f1\"},\"headline\":\"B\u00e9nin \u2013 Gouvernance de Patrice Talon: Kemi Seba prend le contre-pied de l\u2019imam Dicko\",\"datePublished\":\"2022-08-17T17:01:42+00:00\",\"dateModified\":\"2022-08-17T17:34:25+00:00\",\"mainEntityOfPage\":{\"@id\":\"https:\/\/www.africa-press.net\/benin\/politique\/benin-gouvernance-de-patrice-talon-kemi-seba-prend-le-contre-pied-de-limam-dicko\"},\"wordCount\":369,\"commentCount\":0,\"image\":{\"@id\":\"https:\/\/www.africa-press.net\/benin\/politique\/benin-gouvernance-de-patrice-talon-kemi-seba-prend-le-contre-pied-de-limam-dicko#primaryimage\"},\"thumbnailUrl\":\"https:\/\/static.africa-press.net\/benin\/sites\/46\/2022\/08\/postQueueImg_16-62fd268aa912c.jpg\",\"keywords\":[\"Africa Press\",\"Africa Press-Benin\",\"B\u00e9nin\"],\"articleSection\":[\"homepage-french\",\"Politique\",\"Toutes les actualit\u00e9s\"],\"inLanguage\":\"fr-FR\",\"potentialAction\":[{\"@type\":\"CommentAction\",\"name\":\"Comment\",\"target\":[\"https:\/\/www.africa-press.net\/benin\/politique\/benin-gouvernance-de-patrice-talon-kemi-seba-prend-le-contre-pied-de-limam-dicko#respond\"]}]},{\"@type\":\"WebPage\",\"@id\":\"https:\/\/www.africa-press.net\/benin\/politique\/benin-gouvernance-de-patrice-talon-kemi-seba-prend-le-contre-pied-de-limam-dicko\",\"url\":\"https:\/\/www.africa-press.net\/benin\/politique\/benin-gouvernance-de-patrice-talon-kemi-seba-prend-le-contre-pied-de-limam-dicko\",\"name\":\"B\u00e9nin \u2013 Gouvernance de Patrice Talon: Kemi Seba prend le contre-pied de l\u2019imam Dicko - B\u00e9nin\",\"isPartOf\":{\"@id\":\"https:\/\/www.africa-press.net\/benin\/#website\"},\"primaryImageOfPage\":{\"@id\":\"https:\/\/www.africa-press.net\/benin\/politique\/benin-gouvernance-de-patrice-talon-kemi-seba-prend-le-contre-pied-de-limam-dicko#primaryimage\"},\"image\":{\"@id\":\"https:\/\/www.africa-press.net\/benin\/politique\/benin-gouvernance-de-patrice-talon-kemi-seba-prend-le-contre-pied-de-limam-dicko#primaryimage\"},\"thumbnailUrl\":\"https:\/\/static.africa-press.net\/benin\/sites\/46\/2022\/08\/postQueueImg_16-62fd268aa912c.jpg\",\"datePublished\":\"2022-08-17T17:01:42+00:00\",\"dateModified\":\"2022-08-17T17:34:25+00:00\",\"author\":{\"@id\":\"https:\/\/www.africa-press.net\/benin\/#\/schema\/person\/2b1cf3cd81a31e3cd26889ca66d677f1\"},\"description\":\"De passage \u00e0 Bohicon, pour l\u2019investiture du pr\u00e9sident de l\u2019Union islamique du B\u00e9nin (Uib), l\u2019imam malien Mahmoud Dicko a ...\",\"breadcrumb\":{\"@id\":\"https:\/\/www.africa-press.net\/benin\/politique\/benin-gouvernance-de-patrice-talon-kemi-seba-prend-le-contre-pied-de-limam-dicko#breadcrumb\"},\"inLanguage\":\"fr-FR\",\"potentialAction\":[{\"@type\":\"ReadAction\",\"target\":[\"https:\/\/www.africa-press.net\/benin\/politique\/benin-gouvernance-de-patrice-talon-kemi-seba-prend-le-contre-pied-de-limam-dicko\"]}]},{\"@type\":\"ImageObject\",\"inLanguage\":\"fr-FR\",\"@id\":\"https:\/\/www.africa-press.net\/benin\/politique\/benin-gouvernance-de-patrice-talon-kemi-seba-prend-le-contre-pied-de-limam-dicko#primaryimage\",\"url\":\"https:\/\/static.africa-press.net\/benin\/sites\/46\/2022\/08\/postQueueImg_16-62fd268aa912c.jpg\",\"contentUrl\":\"https:\/\/static.africa-press.net\/benin\/sites\/46\/2022\/08\/postQueueImg_16-62fd268aa912c.jpg\",\"width\":1500,\"height\":800,\"caption\":\"B\u00e9nin \u2013 Gouvernance de Patrice Talon: Kemi Seba prend le contre-pied de l\u2019imam Dicko\"},{\"@type\":\"BreadcrumbList\",\"@id\":\"https:\/\/www.africa-press.net\/benin\/politique\/benin-gouvernance-de-patrice-talon-kemi-seba-prend-le-contre-pied-de-limam-dicko#breadcrumb\",\"itemListElement\":[{\"@type\":\"ListItem\",\"position\":1,\"name\":\"Accueil\",\"item\":\"https:\/\/www.africa-press.net\/benin\/\"},{\"@type\":\"ListItem\",\"position\":2,\"name\":\"B\u00e9nin \u2013 Gouvernance de Patrice Talon: Kemi Seba prend le contre-pied de l\u2019imam Dicko\"}]},{\"@type\":\"WebSite\",\"@id\":\"https:\/\/www.africa-press.net\/benin\/#website\",\"url\":\"https:\/\/www.africa-press.net\/benin\/\",\"name\":\"B\u00e9nin\",\"description\":\"Just another Africa News Agency Sites site\",\"potentialAction\":[{\"@type\":\"SearchAction\",\"target\":{\"@type\":\"EntryPoint\",\"urlTemplate\":\"https:\/\/www.africa-press.net\/benin\/?s={search_term_string}\"},\"query-input\":{\"@type\":\"PropertyValueSpecification\",\"valueRequired\":true,\"valueName\":\"search_term_string\"}}],\"inLanguage\":\"fr-FR\"},{\"@type\":\"Person\",\"@id\":\"https:\/\/www.africa-press.net\/benin\/#\/schema\/person\/2b1cf3cd81a31e3cd26889ca66d677f1\",\"name\":\"cfeditorfr\"}]}<\/script>\n<!-- \/ Yoast SEO Premium plugin. -->","yoast_head_json":{"title":"B\u00e9nin \u2013 Gouvernance de Patrice Talon: Kemi Seba prend le contre-pied de l\u2019imam Dicko - B\u00e9nin","description":"De passage \u00e0 Bohicon, pour l\u2019investiture du pr\u00e9sident de l\u2019Union islamique du B\u00e9nin (Uib), l\u2019imam malien Mahmoud Dicko a ...","robots":{"index":"index","follow":"follow","max-snippet":"max-snippet:-1","max-image-preview":"max-image-preview:large","max-video-preview":"max-video-preview:-1"},"canonical":"https:\/\/www.africa-press.net\/benin\/politique\/benin-gouvernance-de-patrice-talon-kemi-seba-prend-le-contre-pied-de-limam-dicko","og_locale":"fr_FR","og_type":"article","og_title":"B\u00e9nin \u2013 Gouvernance de Patrice Talon: Kemi Seba prend le contre-pied de l\u2019imam Dicko","og_description":"De passage \u00e0 Bohicon, pour l\u2019investiture du pr\u00e9sident de l\u2019Union islamique du B\u00e9nin (Uib), l\u2019imam malien Mahmoud Dicko a ...","og_url":"https:\/\/www.africa-press.net\/benin\/politique\/benin-gouvernance-de-patrice-talon-kemi-seba-prend-le-contre-pied-de-limam-dicko","og_site_name":"B\u00e9nin","article_published_time":"2022-08-17T17:01:42+00:00","article_modified_time":"2022-08-17T17:34:25+00:00","og_image":[{"width":1500,"height":800,"url":"https:\/\/static.africa-press.net\/benin\/sites\/46\/2022\/08\/postQueueImg_16-62fd268aa912c.jpg","type":"image\/jpeg"}],"author":"cfeditorfr","twitter_card":"summary_large_image","twitter_misc":{"\u00c9crit par":"cfeditorfr","Dur\u00e9e de lecture estim\u00e9e":"2 minutes"},"schema":{"@context":"https:\/\/schema.org","@graph":[{"@type":"Article","@id":"https:\/\/www.africa-press.net\/benin\/politique\/benin-gouvernance-de-patrice-talon-kemi-seba-prend-le-contre-pied-de-limam-dicko#article","isPartOf":{"@id":"https:\/\/www.africa-press.net\/benin\/politique\/benin-gouvernance-de-patrice-talon-kemi-seba-prend-le-contre-pied-de-limam-dicko"},"author":{"name":"cfeditorfr","@id":"https:\/\/www.africa-press.net\/benin\/#\/schema\/person\/2b1cf3cd81a31e3cd26889ca66d677f1"},"headline":"B\u00e9nin \u2013 Gouvernance de Patrice Talon: Kemi Seba prend le contre-pied de l\u2019imam Dicko","datePublished":"2022-08-17T17:01:42+00:00","dateModified":"2022-08-17T17:34:25+00:00","mainEntityOfPage":{"@id":"https:\/\/www.africa-press.net\/benin\/politique\/benin-gouvernance-de-patrice-talon-kemi-seba-prend-le-contre-pied-de-limam-dicko"},"wordCount":369,"commentCount":0,"image":{"@id":"https:\/\/www.africa-press.net\/benin\/politique\/benin-gouvernance-de-patrice-talon-kemi-seba-prend-le-contre-pied-de-limam-dicko#primaryimage"},"thumbnailUrl":"https:\/\/static.africa-press.net\/benin\/sites\/46\/2022\/08\/postQueueImg_16-62fd268aa912c.jpg","keywords":["Africa Press","Africa Press-Benin","B\u00e9nin"],"articleSection":["homepage-french","Politique","Toutes les actualit\u00e9s"],"inLanguage":"fr-FR","potentialAction":[{"@type":"CommentAction","name":"Comment","target":["https:\/\/www.africa-press.net\/benin\/politique\/benin-gouvernance-de-patrice-talon-kemi-seba-prend-le-contre-pied-de-limam-dicko#respond"]}]},{"@type":"WebPage","@id":"https:\/\/www.africa-press.net\/benin\/politique\/benin-gouvernance-de-patrice-talon-kemi-seba-prend-le-contre-pied-de-limam-dicko","url":"https:\/\/www.africa-press.net\/benin\/politique\/benin-gouvernance-de-patrice-talon-kemi-seba-prend-le-contre-pied-de-limam-dicko","name":"B\u00e9nin \u2013 Gouvernance de Patrice Talon: Kemi Seba prend le contre-pied de l\u2019imam Dicko - B\u00e9nin","isPartOf":{"@id":"https:\/\/www.africa-press.net\/benin\/#website"},"primaryImageOfPage":{"@id":"https:\/\/www.africa-press.net\/benin\/politique\/benin-gouvernance-de-patrice-talon-kemi-seba-prend-le-contre-pied-de-limam-dicko#primaryimage"},"image":{"@id":"https:\/\/www.africa-press.net\/benin\/politique\/benin-gouvernance-de-patrice-talon-kemi-seba-prend-le-contre-pied-de-limam-dicko#primaryimage"},"thumbnailUrl":"https:\/\/static.africa-press.net\/benin\/sites\/46\/2022\/08\/postQueueImg_16-62fd268aa912c.jpg","datePublished":"2022-08-17T17:01:42+00:00","dateModified":"2022-08-17T17:34:25+00:00","author":{"@id":"https:\/\/www.africa-press.net\/benin\/#\/schema\/person\/2b1cf3cd81a31e3cd26889ca66d677f1"},"description":"De passage \u00e0 Bohicon, pour l\u2019investiture du pr\u00e9sident de l\u2019Union islamique du B\u00e9nin (Uib), l\u2019imam malien Mahmoud Dicko a ...","breadcrumb":{"@id":"https:\/\/www.africa-press.net\/benin\/politique\/benin-gouvernance-de-patrice-talon-kemi-seba-prend-le-contre-pied-de-limam-dicko#breadcrumb"},"inLanguage":"fr-FR","potentialAction":[{"@type":"ReadAction","target":["https:\/\/www.africa-press.net\/benin\/politique\/benin-gouvernance-de-patrice-talon-kemi-seba-prend-le-contre-pied-de-limam-dicko"]}]},{"@type":"ImageObject","inLanguage":"fr-FR","@id":"https:\/\/www.africa-press.net\/benin\/politique\/benin-gouvernance-de-patrice-talon-kemi-seba-prend-le-contre-pied-de-limam-dicko#primaryimage","url":"https:\/\/static.africa-press.net\/benin\/sites\/46\/2022\/08\/postQueueImg_16-62fd268aa912c.jpg","contentUrl":"https:\/\/static.africa-press.net\/benin\/sites\/46\/2022\/08\/postQueueImg_16-62fd268aa912c.jpg","width":1500,"height":800,"caption":"B\u00e9nin \u2013 Gouvernance de Patrice Talon: Kemi Seba prend le contre-pied de l\u2019imam Dicko"},{"@type":"BreadcrumbList","@id":"https:\/\/www.africa-press.net\/benin\/politique\/benin-gouvernance-de-patrice-talon-kemi-seba-prend-le-contre-pied-de-limam-dicko#breadcrumb","itemListElement":[{"@type":"ListItem","position":1,"name":"Accueil","item":"https:\/\/www.africa-press.net\/benin\/"},{"@type":"ListItem","position":2,"name":"B\u00e9nin \u2013 Gouvernance de Patrice Talon: Kemi Seba prend le contre-pied de l\u2019imam Dicko"}]},{"@type":"WebSite","@id":"https:\/\/www.africa-press.net\/benin\/#website","url":"https:\/\/www.africa-press.net\/benin\/","name":"B\u00e9nin","description":"Just another Africa News Agency Sites site","potentialAction":[{"@type":"SearchAction","target":{"@type":"EntryPoint","urlTemplate":"https:\/\/www.africa-press.net\/benin\/?s={search_term_string}"},"query-input":{"@type":"PropertyValueSpecification","valueRequired":true,"valueName":"search_term_string"}}],"inLanguage":"fr-FR"},{"@type":"Person","@id":"https:\/\/www.africa-press.net\/benin\/#\/schema\/person\/2b1cf3cd81a31e3cd26889ca66d677f1","name":"cfeditorfr"}]}},"_links":{"self":[{"href":"https:\/\/www.africa-press.net\/benin\/wp-json\/wp\/v2\/posts\/7962","targetHints":{"allow":["GET"]}}],"collection":[{"href":"https:\/\/www.africa-press.net\/benin\/wp-json\/wp\/v2\/posts"}],"about":[{"href":"https:\/\/www.africa-press.net\/benin\/wp-json\/wp\/v2\/types\/post"}],"author":[{"embeddable":true,"href":"https:\/\/www.africa-press.net\/benin\/wp-json\/wp\/v2\/users\/82"}],"replies":[{"embeddable":true,"href":"https:\/\/www.africa-press.net\/benin\/wp-json\/wp\/v2\/comments?post=7962"}],"version-history":[{"count":0,"href":"https:\/\/www.africa-press.net\/benin\/wp-json\/wp\/v2\/posts\/7962\/revisions"}],"wp:featuredmedia":[{"embeddable":true,"href":"https:\/\/www.africa-press.net\/benin\/wp-json\/wp\/v2\/media\/7961"}],"wp:attachment":[{"href":"https:\/\/www.africa-press.net\/benin\/wp-json\/wp\/v2\/media?parent=7962"}],"wp:term":[{"taxonomy":"category","embeddable":true,"href":"https:\/\/www.africa-press.net\/benin\/wp-json\/wp\/v2\/categories?post=7962"},{"taxonomy":"post_tag","embeddable":true,"href":"https:\/\/www.africa-press.net\/benin\/wp-json\/wp\/v2\/tags?post=7962"}],"curies":[{"name":"wp","href":"https:\/\/api.w.org\/{rel}","templated":true}]}}