{"id":7992,"date":"2022-08-18T15:54:09","date_gmt":"2022-08-18T15:54:09","guid":{"rendered":"https:\/\/www.africa-press.net\/benin\/politique\/benin-karamatou-fagbohoun-revele-les-raisons-de-sa-demission-du-br"},"modified":"2022-08-18T16:27:03","modified_gmt":"2022-08-18T16:27:03","slug":"benin-karamatou-fagbohoun-revele-les-raisons-de-sa-demission-du-br","status":"publish","type":"post","link":"https:\/\/www.africa-press.net\/benin\/politique\/benin-karamatou-fagbohoun-revele-les-raisons-de-sa-demission-du-br","title":{"rendered":"B\u00e9nin: Karamatou Fagbohoun r\u00e9v\u00e8le les raisons de sa d\u00e9mission du BR"},"content":{"rendered":"<p><span style=\"color: #ff6600\"><strong>Africa-Press &#8211; Benin. <\/strong><\/span>Karamatou Fagbohoun a fortement motiv\u00e9 sa d\u00e9mission du Bloc R\u00e9publicain (BR). Dans sa lettre de d\u00e9mission adress\u00e9e au Secr\u00e9taire g\u00e9n\u00e9ral national Abdoulaye Bio Tchan\u00e9, l\u2019ex Maire d\u2019Adja-Ou\u00e8r\u00e8 a donn\u00e9 les rasions de sa s\u00e9paration avec le parti.<\/p>\n<p>Psychologiquement d\u00e9stabilis\u00e9e par une succession d\u2019\u00e9v\u00e9nements politiques toxiques, Karamatou Fagbohoun a pr\u00e9f\u00e9r\u00e9 s\u2019\u00e9loigner du BR pour reprendre en main son destin politique. <b>\u00ab Je ressens une sorte d\u2019immobilisme politique aggrav\u00e9 par des incertitudes pr\u00e9judiciables \u00e0 ma sant\u00e9, tant du point de vue physiologique que politique \u00bb<\/b>, a-t-elle signifi\u00e9.<\/p>\n<p>Elle voit son ardeur s\u2019\u00e9mousser de jour en jour et craint pour son lendemain politique. <b>\u00ab Mon degr\u00e9 de motivation \u00e0 participer \u00e0 l\u2019\u00e9criture de l\u2019histoire de ce parti au moment du d\u00e9clenchement du processus de cr\u00e9ation du BR n\u2019est plus le m\u00eame depuis quelques mois \u00bb<\/b>, a-t-elle \u00e9crit.<\/p>\n<p>Besoin urgent d\u2019une r\u00e9orientation<\/p>\n<p>Karamatou Fagbohoun dit avoir pris la d\u00e9cision de quitter le BR pour r\u00e9orienter son engagement politique. A l\u2019en croire, c\u2019est une d\u00e9cision qui s\u2019est impos\u00e9e \u00e0 elle, afin qu\u2019elle puisse r\u00e9inventer son \u00eatre politique.<\/p>\n<p>D\u00e9sormais ex-membre du BR, elle reste n\u00e9anmoins reconnaissante. <b>\u00ab Je ne saurai jamais suffisamment vous remercier pour tout ce que vous avez pu faire pour moi, lors des diff\u00e9rentes \u00e9preuves politiques qui m\u2019ont assaillie. Je vous r\u00e9it\u00e8re ma profonde gratitude \u00bb<\/b>, a-t-elle lanc\u00e9 \u00e0 l\u2019endroit du Bureau politique du Bloc R\u00e9publicain.<\/p>\n<p><strong>Pour plus d&rsquo;informations et d&rsquo;analyses sur la <a href=\"https:\/\/www.africa-press.net\/benin\">Benin<\/a>, suivez <a href=\"https:\/\/www.africa-press.net\/\">Africa-Press<\/a><\/strong><\/p>\n","protected":false},"excerpt":{"rendered":"<p>Africa-Press &#8211; Benin. Karamatou Fagbohoun a fortement motiv\u00e9 sa d\u00e9mission du Bloc R\u00e9publicain (BR). Dans sa lettre de d\u00e9mission adress\u00e9e au Secr\u00e9taire g\u00e9n\u00e9ral national Abdoulaye Bio Tchan\u00e9, l\u2019ex Maire d\u2019Adja-Ou\u00e8r\u00e8 a donn\u00e9 les rasions de sa s\u00e9paration avec le parti. Psychologiquement d\u00e9stabilis\u00e9e par une succession d\u2019\u00e9v\u00e9nements politiques toxiques, Karamatou Fagbohoun a pr\u00e9f\u00e9r\u00e9 s\u2019\u00e9loigner du BR [&hellip;]<\/p>\n","protected":false},"author":82,"featured_media":7991,"comment_status":"open","ping_status":"closed","sticky":false,"template":"","format":"standard","meta":{"footnotes":""},"categories":[11,2,10],"tags":[36,50,45],"class_list":["post-7992","post","type-post","status-publish","format-standard","has-post-thumbnail","hentry","category-homepage-french","category-politique","category-toutes-les-actualites","tag-africa-press","tag-africa-press-benin","tag-benin"],"yoast_head":"<!-- This site is optimized with the Yoast SEO Premium plugin v26.1 (Yoast SEO v27.0) - https:\/\/yoast.com\/product\/yoast-seo-premium-wordpress\/ -->\n<title>B\u00e9nin: Karamatou Fagbohoun r\u00e9v\u00e8le les raisons de sa d\u00e9mission du BR - B\u00e9nin<\/title>\n<meta name=\"description\" content=\"Karamatou Fagbohoun a fortement motiv\u00e9 sa d\u00e9mission du Bloc R\u00e9publicain (BR). Dans sa lettre de d\u00e9mission adress\u00e9e au Se ...\" \/>\n<meta name=\"robots\" content=\"index, follow, max-snippet:-1, max-image-preview:large, max-video-preview:-1\" \/>\n<link rel=\"canonical\" href=\"https:\/\/www.africa-press.net\/benin\/politique\/benin-karamatou-fagbohoun-revele-les-raisons-de-sa-demission-du-br\" \/>\n<meta property=\"og:locale\" content=\"fr_FR\" \/>\n<meta property=\"og:type\" content=\"article\" \/>\n<meta property=\"og:title\" content=\"B\u00e9nin: Karamatou Fagbohoun r\u00e9v\u00e8le les raisons de sa d\u00e9mission du BR\" \/>\n<meta property=\"og:description\" content=\"Karamatou Fagbohoun a fortement motiv\u00e9 sa d\u00e9mission du Bloc R\u00e9publicain (BR). Dans sa lettre de d\u00e9mission adress\u00e9e au Se ...\" \/>\n<meta property=\"og:url\" content=\"https:\/\/www.africa-press.net\/benin\/politique\/benin-karamatou-fagbohoun-revele-les-raisons-de-sa-demission-du-br\" \/>\n<meta property=\"og:site_name\" content=\"B\u00e9nin\" \/>\n<meta property=\"article:published_time\" content=\"2022-08-18T15:54:09+00:00\" \/>\n<meta property=\"article:modified_time\" content=\"2022-08-18T16:27:03+00:00\" \/>\n<meta property=\"og:image\" content=\"https:\/\/static.africa-press.net\/benin\/sites\/46\/2022\/08\/postQueueImg_21-62fe6840baac1.jpg\" \/>\n\t<meta property=\"og:image:width\" content=\"1200\" \/>\n\t<meta property=\"og:image:height\" content=\"684\" \/>\n\t<meta property=\"og:image:type\" content=\"image\/jpeg\" \/>\n<meta name=\"author\" content=\"cfeditorfr\" \/>\n<meta name=\"twitter:card\" content=\"summary_large_image\" \/>\n<meta name=\"twitter:label1\" content=\"\u00c9crit par\" \/>\n\t<meta name=\"twitter:data1\" content=\"cfeditorfr\" \/>\n\t<meta name=\"twitter:label2\" content=\"Dur\u00e9e de lecture estim\u00e9e\" \/>\n\t<meta name=\"twitter:data2\" content=\"2 minutes\" \/>\n<script type=\"application\/ld+json\" class=\"yoast-schema-graph\">{\"@context\":\"https:\/\/schema.org\",\"@graph\":[{\"@type\":\"Article\",\"@id\":\"https:\/\/www.africa-press.net\/benin\/politique\/benin-karamatou-fagbohoun-revele-les-raisons-de-sa-demission-du-br#article\",\"isPartOf\":{\"@id\":\"https:\/\/www.africa-press.net\/benin\/politique\/benin-karamatou-fagbohoun-revele-les-raisons-de-sa-demission-du-br\"},\"author\":{\"name\":\"cfeditorfr\",\"@id\":\"https:\/\/www.africa-press.net\/benin\/#\/schema\/person\/2b1cf3cd81a31e3cd26889ca66d677f1\"},\"headline\":\"B\u00e9nin: Karamatou Fagbohoun r\u00e9v\u00e8le les raisons de sa d\u00e9mission du BR\",\"datePublished\":\"2022-08-18T15:54:09+00:00\",\"dateModified\":\"2022-08-18T16:27:03+00:00\",\"mainEntityOfPage\":{\"@id\":\"https:\/\/www.africa-press.net\/benin\/politique\/benin-karamatou-fagbohoun-revele-les-raisons-de-sa-demission-du-br\"},\"wordCount\":288,\"commentCount\":0,\"image\":{\"@id\":\"https:\/\/www.africa-press.net\/benin\/politique\/benin-karamatou-fagbohoun-revele-les-raisons-de-sa-demission-du-br#primaryimage\"},\"thumbnailUrl\":\"https:\/\/static.africa-press.net\/benin\/sites\/46\/2022\/08\/postQueueImg_21-62fe6840baac1.jpg\",\"keywords\":[\"Africa Press\",\"Africa Press-Benin\",\"B\u00e9nin\"],\"articleSection\":[\"homepage-french\",\"Politique\",\"Toutes les actualit\u00e9s\"],\"inLanguage\":\"fr-FR\",\"potentialAction\":[{\"@type\":\"CommentAction\",\"name\":\"Comment\",\"target\":[\"https:\/\/www.africa-press.net\/benin\/politique\/benin-karamatou-fagbohoun-revele-les-raisons-de-sa-demission-du-br#respond\"]}]},{\"@type\":\"WebPage\",\"@id\":\"https:\/\/www.africa-press.net\/benin\/politique\/benin-karamatou-fagbohoun-revele-les-raisons-de-sa-demission-du-br\",\"url\":\"https:\/\/www.africa-press.net\/benin\/politique\/benin-karamatou-fagbohoun-revele-les-raisons-de-sa-demission-du-br\",\"name\":\"B\u00e9nin: Karamatou Fagbohoun r\u00e9v\u00e8le les raisons de sa d\u00e9mission du BR - B\u00e9nin\",\"isPartOf\":{\"@id\":\"https:\/\/www.africa-press.net\/benin\/#website\"},\"primaryImageOfPage\":{\"@id\":\"https:\/\/www.africa-press.net\/benin\/politique\/benin-karamatou-fagbohoun-revele-les-raisons-de-sa-demission-du-br#primaryimage\"},\"image\":{\"@id\":\"https:\/\/www.africa-press.net\/benin\/politique\/benin-karamatou-fagbohoun-revele-les-raisons-de-sa-demission-du-br#primaryimage\"},\"thumbnailUrl\":\"https:\/\/static.africa-press.net\/benin\/sites\/46\/2022\/08\/postQueueImg_21-62fe6840baac1.jpg\",\"datePublished\":\"2022-08-18T15:54:09+00:00\",\"dateModified\":\"2022-08-18T16:27:03+00:00\",\"author\":{\"@id\":\"https:\/\/www.africa-press.net\/benin\/#\/schema\/person\/2b1cf3cd81a31e3cd26889ca66d677f1\"},\"description\":\"Karamatou Fagbohoun a fortement motiv\u00e9 sa d\u00e9mission du Bloc R\u00e9publicain (BR). Dans sa lettre de d\u00e9mission adress\u00e9e au Se ...\",\"breadcrumb\":{\"@id\":\"https:\/\/www.africa-press.net\/benin\/politique\/benin-karamatou-fagbohoun-revele-les-raisons-de-sa-demission-du-br#breadcrumb\"},\"inLanguage\":\"fr-FR\",\"potentialAction\":[{\"@type\":\"ReadAction\",\"target\":[\"https:\/\/www.africa-press.net\/benin\/politique\/benin-karamatou-fagbohoun-revele-les-raisons-de-sa-demission-du-br\"]}]},{\"@type\":\"ImageObject\",\"inLanguage\":\"fr-FR\",\"@id\":\"https:\/\/www.africa-press.net\/benin\/politique\/benin-karamatou-fagbohoun-revele-les-raisons-de-sa-demission-du-br#primaryimage\",\"url\":\"https:\/\/static.africa-press.net\/benin\/sites\/46\/2022\/08\/postQueueImg_21-62fe6840baac1.jpg\",\"contentUrl\":\"https:\/\/static.africa-press.net\/benin\/sites\/46\/2022\/08\/postQueueImg_21-62fe6840baac1.jpg\",\"width\":1200,\"height\":684,\"caption\":\"B\u00e9nin: Karamatou Fagbohoun r\u00e9v\u00e8le les raisons de sa d\u00e9mission du BR\"},{\"@type\":\"BreadcrumbList\",\"@id\":\"https:\/\/www.africa-press.net\/benin\/politique\/benin-karamatou-fagbohoun-revele-les-raisons-de-sa-demission-du-br#breadcrumb\",\"itemListElement\":[{\"@type\":\"ListItem\",\"position\":1,\"name\":\"Accueil\",\"item\":\"https:\/\/www.africa-press.net\/benin\/\"},{\"@type\":\"ListItem\",\"position\":2,\"name\":\"B\u00e9nin: Karamatou Fagbohoun r\u00e9v\u00e8le les raisons de sa d\u00e9mission du BR\"}]},{\"@type\":\"WebSite\",\"@id\":\"https:\/\/www.africa-press.net\/benin\/#website\",\"url\":\"https:\/\/www.africa-press.net\/benin\/\",\"name\":\"B\u00e9nin\",\"description\":\"Just another Africa News Agency Sites site\",\"potentialAction\":[{\"@type\":\"SearchAction\",\"target\":{\"@type\":\"EntryPoint\",\"urlTemplate\":\"https:\/\/www.africa-press.net\/benin\/?s={search_term_string}\"},\"query-input\":{\"@type\":\"PropertyValueSpecification\",\"valueRequired\":true,\"valueName\":\"search_term_string\"}}],\"inLanguage\":\"fr-FR\"},{\"@type\":\"Person\",\"@id\":\"https:\/\/www.africa-press.net\/benin\/#\/schema\/person\/2b1cf3cd81a31e3cd26889ca66d677f1\",\"name\":\"cfeditorfr\"}]}<\/script>\n<!-- \/ Yoast SEO Premium plugin. -->","yoast_head_json":{"title":"B\u00e9nin: Karamatou Fagbohoun r\u00e9v\u00e8le les raisons de sa d\u00e9mission du BR - B\u00e9nin","description":"Karamatou Fagbohoun a fortement motiv\u00e9 sa d\u00e9mission du Bloc R\u00e9publicain (BR). Dans sa lettre de d\u00e9mission adress\u00e9e au Se ...","robots":{"index":"index","follow":"follow","max-snippet":"max-snippet:-1","max-image-preview":"max-image-preview:large","max-video-preview":"max-video-preview:-1"},"canonical":"https:\/\/www.africa-press.net\/benin\/politique\/benin-karamatou-fagbohoun-revele-les-raisons-de-sa-demission-du-br","og_locale":"fr_FR","og_type":"article","og_title":"B\u00e9nin: Karamatou Fagbohoun r\u00e9v\u00e8le les raisons de sa d\u00e9mission du BR","og_description":"Karamatou Fagbohoun a fortement motiv\u00e9 sa d\u00e9mission du Bloc R\u00e9publicain (BR). Dans sa lettre de d\u00e9mission adress\u00e9e au Se ...","og_url":"https:\/\/www.africa-press.net\/benin\/politique\/benin-karamatou-fagbohoun-revele-les-raisons-de-sa-demission-du-br","og_site_name":"B\u00e9nin","article_published_time":"2022-08-18T15:54:09+00:00","article_modified_time":"2022-08-18T16:27:03+00:00","og_image":[{"width":1200,"height":684,"url":"https:\/\/static.africa-press.net\/benin\/sites\/46\/2022\/08\/postQueueImg_21-62fe6840baac1.jpg","type":"image\/jpeg"}],"author":"cfeditorfr","twitter_card":"summary_large_image","twitter_misc":{"\u00c9crit par":"cfeditorfr","Dur\u00e9e de lecture estim\u00e9e":"2 minutes"},"schema":{"@context":"https:\/\/schema.org","@graph":[{"@type":"Article","@id":"https:\/\/www.africa-press.net\/benin\/politique\/benin-karamatou-fagbohoun-revele-les-raisons-de-sa-demission-du-br#article","isPartOf":{"@id":"https:\/\/www.africa-press.net\/benin\/politique\/benin-karamatou-fagbohoun-revele-les-raisons-de-sa-demission-du-br"},"author":{"name":"cfeditorfr","@id":"https:\/\/www.africa-press.net\/benin\/#\/schema\/person\/2b1cf3cd81a31e3cd26889ca66d677f1"},"headline":"B\u00e9nin: Karamatou Fagbohoun r\u00e9v\u00e8le les raisons de sa d\u00e9mission du BR","datePublished":"2022-08-18T15:54:09+00:00","dateModified":"2022-08-18T16:27:03+00:00","mainEntityOfPage":{"@id":"https:\/\/www.africa-press.net\/benin\/politique\/benin-karamatou-fagbohoun-revele-les-raisons-de-sa-demission-du-br"},"wordCount":288,"commentCount":0,"image":{"@id":"https:\/\/www.africa-press.net\/benin\/politique\/benin-karamatou-fagbohoun-revele-les-raisons-de-sa-demission-du-br#primaryimage"},"thumbnailUrl":"https:\/\/static.africa-press.net\/benin\/sites\/46\/2022\/08\/postQueueImg_21-62fe6840baac1.jpg","keywords":["Africa Press","Africa Press-Benin","B\u00e9nin"],"articleSection":["homepage-french","Politique","Toutes les actualit\u00e9s"],"inLanguage":"fr-FR","potentialAction":[{"@type":"CommentAction","name":"Comment","target":["https:\/\/www.africa-press.net\/benin\/politique\/benin-karamatou-fagbohoun-revele-les-raisons-de-sa-demission-du-br#respond"]}]},{"@type":"WebPage","@id":"https:\/\/www.africa-press.net\/benin\/politique\/benin-karamatou-fagbohoun-revele-les-raisons-de-sa-demission-du-br","url":"https:\/\/www.africa-press.net\/benin\/politique\/benin-karamatou-fagbohoun-revele-les-raisons-de-sa-demission-du-br","name":"B\u00e9nin: Karamatou Fagbohoun r\u00e9v\u00e8le les raisons de sa d\u00e9mission du BR - B\u00e9nin","isPartOf":{"@id":"https:\/\/www.africa-press.net\/benin\/#website"},"primaryImageOfPage":{"@id":"https:\/\/www.africa-press.net\/benin\/politique\/benin-karamatou-fagbohoun-revele-les-raisons-de-sa-demission-du-br#primaryimage"},"image":{"@id":"https:\/\/www.africa-press.net\/benin\/politique\/benin-karamatou-fagbohoun-revele-les-raisons-de-sa-demission-du-br#primaryimage"},"thumbnailUrl":"https:\/\/static.africa-press.net\/benin\/sites\/46\/2022\/08\/postQueueImg_21-62fe6840baac1.jpg","datePublished":"2022-08-18T15:54:09+00:00","dateModified":"2022-08-18T16:27:03+00:00","author":{"@id":"https:\/\/www.africa-press.net\/benin\/#\/schema\/person\/2b1cf3cd81a31e3cd26889ca66d677f1"},"description":"Karamatou Fagbohoun a fortement motiv\u00e9 sa d\u00e9mission du Bloc R\u00e9publicain (BR). Dans sa lettre de d\u00e9mission adress\u00e9e au Se ...","breadcrumb":{"@id":"https:\/\/www.africa-press.net\/benin\/politique\/benin-karamatou-fagbohoun-revele-les-raisons-de-sa-demission-du-br#breadcrumb"},"inLanguage":"fr-FR","potentialAction":[{"@type":"ReadAction","target":["https:\/\/www.africa-press.net\/benin\/politique\/benin-karamatou-fagbohoun-revele-les-raisons-de-sa-demission-du-br"]}]},{"@type":"ImageObject","inLanguage":"fr-FR","@id":"https:\/\/www.africa-press.net\/benin\/politique\/benin-karamatou-fagbohoun-revele-les-raisons-de-sa-demission-du-br#primaryimage","url":"https:\/\/static.africa-press.net\/benin\/sites\/46\/2022\/08\/postQueueImg_21-62fe6840baac1.jpg","contentUrl":"https:\/\/static.africa-press.net\/benin\/sites\/46\/2022\/08\/postQueueImg_21-62fe6840baac1.jpg","width":1200,"height":684,"caption":"B\u00e9nin: Karamatou Fagbohoun r\u00e9v\u00e8le les raisons de sa d\u00e9mission du BR"},{"@type":"BreadcrumbList","@id":"https:\/\/www.africa-press.net\/benin\/politique\/benin-karamatou-fagbohoun-revele-les-raisons-de-sa-demission-du-br#breadcrumb","itemListElement":[{"@type":"ListItem","position":1,"name":"Accueil","item":"https:\/\/www.africa-press.net\/benin\/"},{"@type":"ListItem","position":2,"name":"B\u00e9nin: Karamatou Fagbohoun r\u00e9v\u00e8le les raisons de sa d\u00e9mission du BR"}]},{"@type":"WebSite","@id":"https:\/\/www.africa-press.net\/benin\/#website","url":"https:\/\/www.africa-press.net\/benin\/","name":"B\u00e9nin","description":"Just another Africa News Agency Sites site","potentialAction":[{"@type":"SearchAction","target":{"@type":"EntryPoint","urlTemplate":"https:\/\/www.africa-press.net\/benin\/?s={search_term_string}"},"query-input":{"@type":"PropertyValueSpecification","valueRequired":true,"valueName":"search_term_string"}}],"inLanguage":"fr-FR"},{"@type":"Person","@id":"https:\/\/www.africa-press.net\/benin\/#\/schema\/person\/2b1cf3cd81a31e3cd26889ca66d677f1","name":"cfeditorfr"}]}},"_links":{"self":[{"href":"https:\/\/www.africa-press.net\/benin\/wp-json\/wp\/v2\/posts\/7992","targetHints":{"allow":["GET"]}}],"collection":[{"href":"https:\/\/www.africa-press.net\/benin\/wp-json\/wp\/v2\/posts"}],"about":[{"href":"https:\/\/www.africa-press.net\/benin\/wp-json\/wp\/v2\/types\/post"}],"author":[{"embeddable":true,"href":"https:\/\/www.africa-press.net\/benin\/wp-json\/wp\/v2\/users\/82"}],"replies":[{"embeddable":true,"href":"https:\/\/www.africa-press.net\/benin\/wp-json\/wp\/v2\/comments?post=7992"}],"version-history":[{"count":0,"href":"https:\/\/www.africa-press.net\/benin\/wp-json\/wp\/v2\/posts\/7992\/revisions"}],"wp:featuredmedia":[{"embeddable":true,"href":"https:\/\/www.africa-press.net\/benin\/wp-json\/wp\/v2\/media\/7991"}],"wp:attachment":[{"href":"https:\/\/www.africa-press.net\/benin\/wp-json\/wp\/v2\/media?parent=7992"}],"wp:term":[{"taxonomy":"category","embeddable":true,"href":"https:\/\/www.africa-press.net\/benin\/wp-json\/wp\/v2\/categories?post=7992"},{"taxonomy":"post_tag","embeddable":true,"href":"https:\/\/www.africa-press.net\/benin\/wp-json\/wp\/v2\/tags?post=7992"}],"curies":[{"name":"wp","href":"https:\/\/api.w.org\/{rel}","templated":true}]}}