{"id":7998,"date":"2022-08-18T15:54:37","date_gmt":"2022-08-18T15:54:37","guid":{"rendered":"https:\/\/www.africa-press.net\/benin\/politique\/benin-karamatou-fagbohoun-rejoint-le-prd-apres-sa-demission-du-br"},"modified":"2022-08-18T16:28:04","modified_gmt":"2022-08-18T16:28:04","slug":"benin-karamatou-fagbohoun-rejoint-le-prd-apres-sa-demission-du-br","status":"publish","type":"post","link":"https:\/\/www.africa-press.net\/benin\/politique\/benin-karamatou-fagbohoun-rejoint-le-prd-apres-sa-demission-du-br","title":{"rendered":"B\u00e9nin: Karamatou Fagbohoun rejoint le PRD apr\u00e8s sa d\u00e9mission du BR"},"content":{"rendered":"<p><span style=\"color: #ff6600\"><strong>Africa-Press &#8211; Benin. <\/strong><\/span>Apr\u00e8s sa d\u00e9mission du Bloc r\u00e9publicain, Kramatou Fagbphoun a automatiquement rejoint le Parti du Renouveau D\u00e9mocratique (PRD). Elle a remis sa lettre d\u2019adh\u00e9sion \u00e0 Adrien Houngb\u00e9dji \u00e0 l\u2019occasion d\u2019une rencontre tenue ce jeudi 18 ao\u00fbt 2022.<\/p>\n<p>Quelques apr\u00e8s son d\u00e9part du BR, Karamatou Fagbohoun a pris les couleurs du parti arc-en-ciel.<b> \u00ab Je me suis r\u00e9solue \u00e0 r\u00e9inventer mon \u00eatre politique. Adh\u00e9rer au PRD a \u00e9t\u00e9 toujours une option pour y parvenir \u00bb<\/b>, a-t-elle \u00e9crit dans sa lettre d\u2019adh\u00e9sion.<\/p>\n<p>L\u2019ex-membre fondateur du Bloc R\u00e9publicain dit avoir \u00e9t\u00e9 renforc\u00e9e dans sa d\u00e9cision par les d\u00e9marches effectu\u00e9es par Adrien Houngb\u00e9dji dans le cadre du projet de fusion entre le PRD et l\u2019Union Progressiste (UP). Elle est convaincue que le PRD lui offrira les conditions ad\u00e9quates pour un nouvel envol sur la sc\u00e8ne politique.<\/p>\n<p><strong>Pour plus d&rsquo;informations et d&rsquo;analyses sur la <a href=\"https:\/\/www.africa-press.net\/benin\">Benin<\/a>, suivez <a href=\"https:\/\/www.africa-press.net\/\">Africa-Press<\/a><\/strong><\/p>\n","protected":false},"excerpt":{"rendered":"<p>Africa-Press &#8211; Benin. Apr\u00e8s sa d\u00e9mission du Bloc r\u00e9publicain, Kramatou Fagbphoun a automatiquement rejoint le Parti du Renouveau D\u00e9mocratique (PRD). Elle a remis sa lettre d\u2019adh\u00e9sion \u00e0 Adrien Houngb\u00e9dji \u00e0 l\u2019occasion d\u2019une rencontre tenue ce jeudi 18 ao\u00fbt 2022. Quelques apr\u00e8s son d\u00e9part du BR, Karamatou Fagbohoun a pris les couleurs du parti arc-en-ciel. \u00ab [&hellip;]<\/p>\n","protected":false},"author":82,"featured_media":7997,"comment_status":"open","ping_status":"closed","sticky":false,"template":"","format":"standard","meta":{"footnotes":""},"categories":[11,2,10],"tags":[36,50,45],"class_list":["post-7998","post","type-post","status-publish","format-standard","has-post-thumbnail","hentry","category-homepage-french","category-politique","category-toutes-les-actualites","tag-africa-press","tag-africa-press-benin","tag-benin"],"yoast_head":"<!-- This site is optimized with the Yoast SEO Premium plugin v26.1 (Yoast SEO v27.0) - https:\/\/yoast.com\/product\/yoast-seo-premium-wordpress\/ -->\n<title>B\u00e9nin: Karamatou Fagbohoun rejoint le PRD apr\u00e8s sa d\u00e9mission du BR - B\u00e9nin<\/title>\n<meta name=\"description\" content=\"Apr\u00e8s sa d\u00e9mission du Bloc r\u00e9publicain, Kramatou Fagbphoun a automatiquement rejoint le Parti du Renouveau D\u00e9mocratique ...\" \/>\n<meta name=\"robots\" content=\"index, follow, max-snippet:-1, max-image-preview:large, max-video-preview:-1\" \/>\n<link rel=\"canonical\" href=\"https:\/\/www.africa-press.net\/benin\/politique\/benin-karamatou-fagbohoun-rejoint-le-prd-apres-sa-demission-du-br\" \/>\n<meta property=\"og:locale\" content=\"fr_FR\" \/>\n<meta property=\"og:type\" content=\"article\" \/>\n<meta property=\"og:title\" content=\"B\u00e9nin: Karamatou Fagbohoun rejoint le PRD apr\u00e8s sa d\u00e9mission du BR\" \/>\n<meta property=\"og:description\" content=\"Apr\u00e8s sa d\u00e9mission du Bloc r\u00e9publicain, Kramatou Fagbphoun a automatiquement rejoint le Parti du Renouveau D\u00e9mocratique ...\" \/>\n<meta property=\"og:url\" content=\"https:\/\/www.africa-press.net\/benin\/politique\/benin-karamatou-fagbohoun-rejoint-le-prd-apres-sa-demission-du-br\" \/>\n<meta property=\"og:site_name\" content=\"B\u00e9nin\" \/>\n<meta property=\"article:published_time\" content=\"2022-08-18T15:54:37+00:00\" \/>\n<meta property=\"article:modified_time\" content=\"2022-08-18T16:28:04+00:00\" \/>\n<meta property=\"og:image\" content=\"https:\/\/static.africa-press.net\/benin\/sites\/46\/2022\/08\/postQueueImg_23-62fe687de3e6f.jpg\" \/>\n\t<meta property=\"og:image:width\" content=\"1200\" \/>\n\t<meta property=\"og:image:height\" content=\"684\" \/>\n\t<meta property=\"og:image:type\" content=\"image\/jpeg\" \/>\n<meta name=\"author\" content=\"cfeditorfr\" \/>\n<meta name=\"twitter:card\" content=\"summary_large_image\" \/>\n<meta name=\"twitter:label1\" content=\"\u00c9crit par\" \/>\n\t<meta name=\"twitter:data1\" content=\"cfeditorfr\" \/>\n\t<meta name=\"twitter:label2\" content=\"Dur\u00e9e de lecture estim\u00e9e\" \/>\n\t<meta name=\"twitter:data2\" content=\"1 minute\" \/>\n<script type=\"application\/ld+json\" class=\"yoast-schema-graph\">{\"@context\":\"https:\/\/schema.org\",\"@graph\":[{\"@type\":\"Article\",\"@id\":\"https:\/\/www.africa-press.net\/benin\/politique\/benin-karamatou-fagbohoun-rejoint-le-prd-apres-sa-demission-du-br#article\",\"isPartOf\":{\"@id\":\"https:\/\/www.africa-press.net\/benin\/politique\/benin-karamatou-fagbohoun-rejoint-le-prd-apres-sa-demission-du-br\"},\"author\":{\"name\":\"cfeditorfr\",\"@id\":\"https:\/\/www.africa-press.net\/benin\/#\/schema\/person\/2b1cf3cd81a31e3cd26889ca66d677f1\"},\"headline\":\"B\u00e9nin: Karamatou Fagbohoun rejoint le PRD apr\u00e8s sa d\u00e9mission du BR\",\"datePublished\":\"2022-08-18T15:54:37+00:00\",\"dateModified\":\"2022-08-18T16:28:04+00:00\",\"mainEntityOfPage\":{\"@id\":\"https:\/\/www.africa-press.net\/benin\/politique\/benin-karamatou-fagbohoun-rejoint-le-prd-apres-sa-demission-du-br\"},\"wordCount\":180,\"commentCount\":0,\"image\":{\"@id\":\"https:\/\/www.africa-press.net\/benin\/politique\/benin-karamatou-fagbohoun-rejoint-le-prd-apres-sa-demission-du-br#primaryimage\"},\"thumbnailUrl\":\"https:\/\/static.africa-press.net\/benin\/sites\/46\/2022\/08\/postQueueImg_23-62fe687de3e6f.jpg\",\"keywords\":[\"Africa Press\",\"Africa Press-Benin\",\"B\u00e9nin\"],\"articleSection\":[\"homepage-french\",\"Politique\",\"Toutes les actualit\u00e9s\"],\"inLanguage\":\"fr-FR\",\"potentialAction\":[{\"@type\":\"CommentAction\",\"name\":\"Comment\",\"target\":[\"https:\/\/www.africa-press.net\/benin\/politique\/benin-karamatou-fagbohoun-rejoint-le-prd-apres-sa-demission-du-br#respond\"]}]},{\"@type\":\"WebPage\",\"@id\":\"https:\/\/www.africa-press.net\/benin\/politique\/benin-karamatou-fagbohoun-rejoint-le-prd-apres-sa-demission-du-br\",\"url\":\"https:\/\/www.africa-press.net\/benin\/politique\/benin-karamatou-fagbohoun-rejoint-le-prd-apres-sa-demission-du-br\",\"name\":\"B\u00e9nin: Karamatou Fagbohoun rejoint le PRD apr\u00e8s sa d\u00e9mission du BR - B\u00e9nin\",\"isPartOf\":{\"@id\":\"https:\/\/www.africa-press.net\/benin\/#website\"},\"primaryImageOfPage\":{\"@id\":\"https:\/\/www.africa-press.net\/benin\/politique\/benin-karamatou-fagbohoun-rejoint-le-prd-apres-sa-demission-du-br#primaryimage\"},\"image\":{\"@id\":\"https:\/\/www.africa-press.net\/benin\/politique\/benin-karamatou-fagbohoun-rejoint-le-prd-apres-sa-demission-du-br#primaryimage\"},\"thumbnailUrl\":\"https:\/\/static.africa-press.net\/benin\/sites\/46\/2022\/08\/postQueueImg_23-62fe687de3e6f.jpg\",\"datePublished\":\"2022-08-18T15:54:37+00:00\",\"dateModified\":\"2022-08-18T16:28:04+00:00\",\"author\":{\"@id\":\"https:\/\/www.africa-press.net\/benin\/#\/schema\/person\/2b1cf3cd81a31e3cd26889ca66d677f1\"},\"description\":\"Apr\u00e8s sa d\u00e9mission du Bloc r\u00e9publicain, Kramatou Fagbphoun a automatiquement rejoint le Parti du Renouveau D\u00e9mocratique ...\",\"breadcrumb\":{\"@id\":\"https:\/\/www.africa-press.net\/benin\/politique\/benin-karamatou-fagbohoun-rejoint-le-prd-apres-sa-demission-du-br#breadcrumb\"},\"inLanguage\":\"fr-FR\",\"potentialAction\":[{\"@type\":\"ReadAction\",\"target\":[\"https:\/\/www.africa-press.net\/benin\/politique\/benin-karamatou-fagbohoun-rejoint-le-prd-apres-sa-demission-du-br\"]}]},{\"@type\":\"ImageObject\",\"inLanguage\":\"fr-FR\",\"@id\":\"https:\/\/www.africa-press.net\/benin\/politique\/benin-karamatou-fagbohoun-rejoint-le-prd-apres-sa-demission-du-br#primaryimage\",\"url\":\"https:\/\/static.africa-press.net\/benin\/sites\/46\/2022\/08\/postQueueImg_23-62fe687de3e6f.jpg\",\"contentUrl\":\"https:\/\/static.africa-press.net\/benin\/sites\/46\/2022\/08\/postQueueImg_23-62fe687de3e6f.jpg\",\"width\":1200,\"height\":684,\"caption\":\"B\u00e9nin: Karamatou Fagbohoun rejoint le PRD apr\u00e8s sa d\u00e9mission du BR\"},{\"@type\":\"BreadcrumbList\",\"@id\":\"https:\/\/www.africa-press.net\/benin\/politique\/benin-karamatou-fagbohoun-rejoint-le-prd-apres-sa-demission-du-br#breadcrumb\",\"itemListElement\":[{\"@type\":\"ListItem\",\"position\":1,\"name\":\"Accueil\",\"item\":\"https:\/\/www.africa-press.net\/benin\/\"},{\"@type\":\"ListItem\",\"position\":2,\"name\":\"B\u00e9nin: Karamatou Fagbohoun rejoint le PRD apr\u00e8s sa d\u00e9mission du BR\"}]},{\"@type\":\"WebSite\",\"@id\":\"https:\/\/www.africa-press.net\/benin\/#website\",\"url\":\"https:\/\/www.africa-press.net\/benin\/\",\"name\":\"B\u00e9nin\",\"description\":\"Just another Africa News Agency Sites site\",\"potentialAction\":[{\"@type\":\"SearchAction\",\"target\":{\"@type\":\"EntryPoint\",\"urlTemplate\":\"https:\/\/www.africa-press.net\/benin\/?s={search_term_string}\"},\"query-input\":{\"@type\":\"PropertyValueSpecification\",\"valueRequired\":true,\"valueName\":\"search_term_string\"}}],\"inLanguage\":\"fr-FR\"},{\"@type\":\"Person\",\"@id\":\"https:\/\/www.africa-press.net\/benin\/#\/schema\/person\/2b1cf3cd81a31e3cd26889ca66d677f1\",\"name\":\"cfeditorfr\"}]}<\/script>\n<!-- \/ Yoast SEO Premium plugin. -->","yoast_head_json":{"title":"B\u00e9nin: Karamatou Fagbohoun rejoint le PRD apr\u00e8s sa d\u00e9mission du BR - B\u00e9nin","description":"Apr\u00e8s sa d\u00e9mission du Bloc r\u00e9publicain, Kramatou Fagbphoun a automatiquement rejoint le Parti du Renouveau D\u00e9mocratique ...","robots":{"index":"index","follow":"follow","max-snippet":"max-snippet:-1","max-image-preview":"max-image-preview:large","max-video-preview":"max-video-preview:-1"},"canonical":"https:\/\/www.africa-press.net\/benin\/politique\/benin-karamatou-fagbohoun-rejoint-le-prd-apres-sa-demission-du-br","og_locale":"fr_FR","og_type":"article","og_title":"B\u00e9nin: Karamatou Fagbohoun rejoint le PRD apr\u00e8s sa d\u00e9mission du BR","og_description":"Apr\u00e8s sa d\u00e9mission du Bloc r\u00e9publicain, Kramatou Fagbphoun a automatiquement rejoint le Parti du Renouveau D\u00e9mocratique ...","og_url":"https:\/\/www.africa-press.net\/benin\/politique\/benin-karamatou-fagbohoun-rejoint-le-prd-apres-sa-demission-du-br","og_site_name":"B\u00e9nin","article_published_time":"2022-08-18T15:54:37+00:00","article_modified_time":"2022-08-18T16:28:04+00:00","og_image":[{"width":1200,"height":684,"url":"https:\/\/static.africa-press.net\/benin\/sites\/46\/2022\/08\/postQueueImg_23-62fe687de3e6f.jpg","type":"image\/jpeg"}],"author":"cfeditorfr","twitter_card":"summary_large_image","twitter_misc":{"\u00c9crit par":"cfeditorfr","Dur\u00e9e de lecture estim\u00e9e":"1 minute"},"schema":{"@context":"https:\/\/schema.org","@graph":[{"@type":"Article","@id":"https:\/\/www.africa-press.net\/benin\/politique\/benin-karamatou-fagbohoun-rejoint-le-prd-apres-sa-demission-du-br#article","isPartOf":{"@id":"https:\/\/www.africa-press.net\/benin\/politique\/benin-karamatou-fagbohoun-rejoint-le-prd-apres-sa-demission-du-br"},"author":{"name":"cfeditorfr","@id":"https:\/\/www.africa-press.net\/benin\/#\/schema\/person\/2b1cf3cd81a31e3cd26889ca66d677f1"},"headline":"B\u00e9nin: Karamatou Fagbohoun rejoint le PRD apr\u00e8s sa d\u00e9mission du BR","datePublished":"2022-08-18T15:54:37+00:00","dateModified":"2022-08-18T16:28:04+00:00","mainEntityOfPage":{"@id":"https:\/\/www.africa-press.net\/benin\/politique\/benin-karamatou-fagbohoun-rejoint-le-prd-apres-sa-demission-du-br"},"wordCount":180,"commentCount":0,"image":{"@id":"https:\/\/www.africa-press.net\/benin\/politique\/benin-karamatou-fagbohoun-rejoint-le-prd-apres-sa-demission-du-br#primaryimage"},"thumbnailUrl":"https:\/\/static.africa-press.net\/benin\/sites\/46\/2022\/08\/postQueueImg_23-62fe687de3e6f.jpg","keywords":["Africa Press","Africa Press-Benin","B\u00e9nin"],"articleSection":["homepage-french","Politique","Toutes les actualit\u00e9s"],"inLanguage":"fr-FR","potentialAction":[{"@type":"CommentAction","name":"Comment","target":["https:\/\/www.africa-press.net\/benin\/politique\/benin-karamatou-fagbohoun-rejoint-le-prd-apres-sa-demission-du-br#respond"]}]},{"@type":"WebPage","@id":"https:\/\/www.africa-press.net\/benin\/politique\/benin-karamatou-fagbohoun-rejoint-le-prd-apres-sa-demission-du-br","url":"https:\/\/www.africa-press.net\/benin\/politique\/benin-karamatou-fagbohoun-rejoint-le-prd-apres-sa-demission-du-br","name":"B\u00e9nin: Karamatou Fagbohoun rejoint le PRD apr\u00e8s sa d\u00e9mission du BR - B\u00e9nin","isPartOf":{"@id":"https:\/\/www.africa-press.net\/benin\/#website"},"primaryImageOfPage":{"@id":"https:\/\/www.africa-press.net\/benin\/politique\/benin-karamatou-fagbohoun-rejoint-le-prd-apres-sa-demission-du-br#primaryimage"},"image":{"@id":"https:\/\/www.africa-press.net\/benin\/politique\/benin-karamatou-fagbohoun-rejoint-le-prd-apres-sa-demission-du-br#primaryimage"},"thumbnailUrl":"https:\/\/static.africa-press.net\/benin\/sites\/46\/2022\/08\/postQueueImg_23-62fe687de3e6f.jpg","datePublished":"2022-08-18T15:54:37+00:00","dateModified":"2022-08-18T16:28:04+00:00","author":{"@id":"https:\/\/www.africa-press.net\/benin\/#\/schema\/person\/2b1cf3cd81a31e3cd26889ca66d677f1"},"description":"Apr\u00e8s sa d\u00e9mission du Bloc r\u00e9publicain, Kramatou Fagbphoun a automatiquement rejoint le Parti du Renouveau D\u00e9mocratique ...","breadcrumb":{"@id":"https:\/\/www.africa-press.net\/benin\/politique\/benin-karamatou-fagbohoun-rejoint-le-prd-apres-sa-demission-du-br#breadcrumb"},"inLanguage":"fr-FR","potentialAction":[{"@type":"ReadAction","target":["https:\/\/www.africa-press.net\/benin\/politique\/benin-karamatou-fagbohoun-rejoint-le-prd-apres-sa-demission-du-br"]}]},{"@type":"ImageObject","inLanguage":"fr-FR","@id":"https:\/\/www.africa-press.net\/benin\/politique\/benin-karamatou-fagbohoun-rejoint-le-prd-apres-sa-demission-du-br#primaryimage","url":"https:\/\/static.africa-press.net\/benin\/sites\/46\/2022\/08\/postQueueImg_23-62fe687de3e6f.jpg","contentUrl":"https:\/\/static.africa-press.net\/benin\/sites\/46\/2022\/08\/postQueueImg_23-62fe687de3e6f.jpg","width":1200,"height":684,"caption":"B\u00e9nin: Karamatou Fagbohoun rejoint le PRD apr\u00e8s sa d\u00e9mission du BR"},{"@type":"BreadcrumbList","@id":"https:\/\/www.africa-press.net\/benin\/politique\/benin-karamatou-fagbohoun-rejoint-le-prd-apres-sa-demission-du-br#breadcrumb","itemListElement":[{"@type":"ListItem","position":1,"name":"Accueil","item":"https:\/\/www.africa-press.net\/benin\/"},{"@type":"ListItem","position":2,"name":"B\u00e9nin: Karamatou Fagbohoun rejoint le PRD apr\u00e8s sa d\u00e9mission du BR"}]},{"@type":"WebSite","@id":"https:\/\/www.africa-press.net\/benin\/#website","url":"https:\/\/www.africa-press.net\/benin\/","name":"B\u00e9nin","description":"Just another Africa News Agency Sites site","potentialAction":[{"@type":"SearchAction","target":{"@type":"EntryPoint","urlTemplate":"https:\/\/www.africa-press.net\/benin\/?s={search_term_string}"},"query-input":{"@type":"PropertyValueSpecification","valueRequired":true,"valueName":"search_term_string"}}],"inLanguage":"fr-FR"},{"@type":"Person","@id":"https:\/\/www.africa-press.net\/benin\/#\/schema\/person\/2b1cf3cd81a31e3cd26889ca66d677f1","name":"cfeditorfr"}]}},"_links":{"self":[{"href":"https:\/\/www.africa-press.net\/benin\/wp-json\/wp\/v2\/posts\/7998","targetHints":{"allow":["GET"]}}],"collection":[{"href":"https:\/\/www.africa-press.net\/benin\/wp-json\/wp\/v2\/posts"}],"about":[{"href":"https:\/\/www.africa-press.net\/benin\/wp-json\/wp\/v2\/types\/post"}],"author":[{"embeddable":true,"href":"https:\/\/www.africa-press.net\/benin\/wp-json\/wp\/v2\/users\/82"}],"replies":[{"embeddable":true,"href":"https:\/\/www.africa-press.net\/benin\/wp-json\/wp\/v2\/comments?post=7998"}],"version-history":[{"count":0,"href":"https:\/\/www.africa-press.net\/benin\/wp-json\/wp\/v2\/posts\/7998\/revisions"}],"wp:featuredmedia":[{"embeddable":true,"href":"https:\/\/www.africa-press.net\/benin\/wp-json\/wp\/v2\/media\/7997"}],"wp:attachment":[{"href":"https:\/\/www.africa-press.net\/benin\/wp-json\/wp\/v2\/media?parent=7998"}],"wp:term":[{"taxonomy":"category","embeddable":true,"href":"https:\/\/www.africa-press.net\/benin\/wp-json\/wp\/v2\/categories?post=7998"},{"taxonomy":"post_tag","embeddable":true,"href":"https:\/\/www.africa-press.net\/benin\/wp-json\/wp\/v2\/tags?post=7998"}],"curies":[{"name":"wp","href":"https:\/\/api.w.org\/{rel}","templated":true}]}}