{"id":8028,"date":"2022-08-19T18:49:43","date_gmt":"2022-08-19T18:49:43","guid":{"rendered":"https:\/\/www.africa-press.net\/benin\/politique\/benin-le-prd-en-congres-national-ce-vendredi"},"modified":"2022-08-19T19:20:45","modified_gmt":"2022-08-19T19:20:45","slug":"benin-le-prd-en-congres-national-ce-vendredi","status":"publish","type":"post","link":"https:\/\/www.africa-press.net\/benin\/politique\/benin-le-prd-en-congres-national-ce-vendredi","title":{"rendered":"B\u00e9nin: le PRD en congr\u00e8s national ce vendredi"},"content":{"rendered":"<p><span style=\"color: #ff6600\"><strong>Africa-Press &#8211; Benin. <\/strong><\/span>Le parti du renouveau d\u00e9mocratique de Me Adrien Houngb\u00e9dji est en congr\u00e8s ce vendredi 19 Ao\u00fbt 2022 au si\u00e8ge du parti \u00e0 Porto Novo.<\/p>\n<p>Responsables et militants du parti du renouveau d\u00e9mocratique de Me Adrien Houngb\u00e9dji se r\u00e9unissent ce vendredi 19 Ao\u00fbt 2022 \u00e0 Porto Novo au si\u00e8ge du parti pour leur congr\u00e8s.<\/p>\n<p>Le congr\u00e8s de ce vendredi 19 Ao\u00fbt n\u2019a rien \u00e0 voir avec les autres congr\u00e8s tenus par ce parti politique qui a capitalis\u00e9 d\u00e9j\u00e0 30 ans d\u2019existence. En effet, le congr\u00e8s de ce jour permettra aux responsables et aux militant d\u2019ent\u00e9riner le projet de mis ensemble qu\u2019ils ont entam\u00e9 il y a quelques jours avec les membres du parti union progressiste.<\/p>\n<p>Ainsi, le congr\u00e8s du parti du renouveau d\u00e9mocratique de ce vendredi donnera naissance \u00e0 un nouveau parti politique qui sortira des cendres du parti du renouveau d\u00e9mocratique et du parti union progressiste.<\/p>\n<p>Le congr\u00e8s constitutif du nouveau parti politique en gestation aura lieu le dimanche 21 Ao\u00fbt 2022 au stade Charles De Gaule de Porto Novo. La d\u00e9nomination annonc\u00e9e pour le nouveau parti est l\u2019union progressiste pour le renouveau d\u00e9mocratique (UPRD).<\/p>\n<p>C\u2019est sous la banni\u00e8re de ce nouveau parti politique que l\u2019ex parti du renouveau d\u00e9mocratique et l\u2019ex parti union progressiste affronteront les prochaines \u00e9lections l\u00e9gislatives avec la libert\u00e9 donn\u00e9e \u00e0 chacun de ces anciens partis politiques de travailler \u00e0 conqu\u00e9rir les \u00e9lecteurs dans ses fiefs respectifs.<\/p>\n<p><strong>Pour plus d&rsquo;informations et d&rsquo;analyses sur la <a href=\"https:\/\/www.africa-press.net\/benin\">Benin<\/a>, suivez <a href=\"https:\/\/www.africa-press.net\/\">Africa-Press<\/a><\/strong><\/p>\n","protected":false},"excerpt":{"rendered":"<p>Africa-Press &#8211; Benin. Le parti du renouveau d\u00e9mocratique de Me Adrien Houngb\u00e9dji est en congr\u00e8s ce vendredi 19 Ao\u00fbt 2022 au si\u00e8ge du parti \u00e0 Porto Novo. Responsables et militants du parti du renouveau d\u00e9mocratique de Me Adrien Houngb\u00e9dji se r\u00e9unissent ce vendredi 19 Ao\u00fbt 2022 \u00e0 Porto Novo au si\u00e8ge du parti pour leur [&hellip;]<\/p>\n","protected":false},"author":82,"featured_media":8027,"comment_status":"open","ping_status":"closed","sticky":false,"template":"","format":"standard","meta":{"footnotes":""},"categories":[11,2,10],"tags":[36,50,45],"class_list":["post-8028","post","type-post","status-publish","format-standard","has-post-thumbnail","hentry","category-homepage-french","category-politique","category-toutes-les-actualites","tag-africa-press","tag-africa-press-benin","tag-benin"],"yoast_head":"<!-- This site is optimized with the Yoast SEO Premium plugin v26.1 (Yoast SEO v27.0) - https:\/\/yoast.com\/product\/yoast-seo-premium-wordpress\/ -->\n<title>B\u00e9nin: le PRD en congr\u00e8s national ce vendredi - B\u00e9nin<\/title>\n<meta name=\"description\" content=\"Le parti du renouveau d\u00e9mocratique de Me Adrien Houngb\u00e9dji est en congr\u00e8s ce vendredi 19 Ao\u00fbt 2022 au si\u00e8ge du parti \u00e0 P ...\" \/>\n<meta name=\"robots\" content=\"index, follow, max-snippet:-1, max-image-preview:large, max-video-preview:-1\" \/>\n<link rel=\"canonical\" href=\"https:\/\/www.africa-press.net\/benin\/politique\/benin-le-prd-en-congres-national-ce-vendredi\" \/>\n<meta property=\"og:locale\" content=\"fr_FR\" \/>\n<meta property=\"og:type\" content=\"article\" \/>\n<meta property=\"og:title\" content=\"B\u00e9nin: le PRD en congr\u00e8s national ce vendredi\" \/>\n<meta property=\"og:description\" content=\"Le parti du renouveau d\u00e9mocratique de Me Adrien Houngb\u00e9dji est en congr\u00e8s ce vendredi 19 Ao\u00fbt 2022 au si\u00e8ge du parti \u00e0 P ...\" \/>\n<meta property=\"og:url\" content=\"https:\/\/www.africa-press.net\/benin\/politique\/benin-le-prd-en-congres-national-ce-vendredi\" \/>\n<meta property=\"og:site_name\" content=\"B\u00e9nin\" \/>\n<meta property=\"article:published_time\" content=\"2022-08-19T18:49:43+00:00\" \/>\n<meta property=\"article:modified_time\" content=\"2022-08-19T19:20:45+00:00\" \/>\n<meta property=\"og:image\" content=\"https:\/\/static.africa-press.net\/benin\/sites\/46\/2022\/08\/postQueueImg_18-62ffe26c1dc31.jpg\" \/>\n\t<meta property=\"og:image:width\" content=\"1200\" \/>\n\t<meta property=\"og:image:height\" content=\"675\" \/>\n\t<meta property=\"og:image:type\" content=\"image\/jpeg\" \/>\n<meta name=\"author\" content=\"cfeditorfr\" \/>\n<meta name=\"twitter:card\" content=\"summary_large_image\" \/>\n<meta name=\"twitter:label1\" content=\"\u00c9crit par\" \/>\n\t<meta name=\"twitter:data1\" content=\"cfeditorfr\" \/>\n\t<meta name=\"twitter:label2\" content=\"Dur\u00e9e de lecture estim\u00e9e\" \/>\n\t<meta name=\"twitter:data2\" content=\"2 minutes\" \/>\n<script type=\"application\/ld+json\" class=\"yoast-schema-graph\">{\"@context\":\"https:\/\/schema.org\",\"@graph\":[{\"@type\":\"Article\",\"@id\":\"https:\/\/www.africa-press.net\/benin\/politique\/benin-le-prd-en-congres-national-ce-vendredi#article\",\"isPartOf\":{\"@id\":\"https:\/\/www.africa-press.net\/benin\/politique\/benin-le-prd-en-congres-national-ce-vendredi\"},\"author\":{\"name\":\"cfeditorfr\",\"@id\":\"https:\/\/www.africa-press.net\/benin\/#\/schema\/person\/2b1cf3cd81a31e3cd26889ca66d677f1\"},\"headline\":\"B\u00e9nin: le PRD en congr\u00e8s national ce vendredi\",\"datePublished\":\"2022-08-19T18:49:43+00:00\",\"dateModified\":\"2022-08-19T19:20:45+00:00\",\"mainEntityOfPage\":{\"@id\":\"https:\/\/www.africa-press.net\/benin\/politique\/benin-le-prd-en-congres-national-ce-vendredi\"},\"wordCount\":280,\"commentCount\":0,\"image\":{\"@id\":\"https:\/\/www.africa-press.net\/benin\/politique\/benin-le-prd-en-congres-national-ce-vendredi#primaryimage\"},\"thumbnailUrl\":\"https:\/\/static.africa-press.net\/benin\/sites\/46\/2022\/08\/postQueueImg_18-62ffe26c1dc31.jpg\",\"keywords\":[\"Africa Press\",\"Africa Press-Benin\",\"B\u00e9nin\"],\"articleSection\":[\"homepage-french\",\"Politique\",\"Toutes les actualit\u00e9s\"],\"inLanguage\":\"fr-FR\",\"potentialAction\":[{\"@type\":\"CommentAction\",\"name\":\"Comment\",\"target\":[\"https:\/\/www.africa-press.net\/benin\/politique\/benin-le-prd-en-congres-national-ce-vendredi#respond\"]}]},{\"@type\":\"WebPage\",\"@id\":\"https:\/\/www.africa-press.net\/benin\/politique\/benin-le-prd-en-congres-national-ce-vendredi\",\"url\":\"https:\/\/www.africa-press.net\/benin\/politique\/benin-le-prd-en-congres-national-ce-vendredi\",\"name\":\"B\u00e9nin: le PRD en congr\u00e8s national ce vendredi - B\u00e9nin\",\"isPartOf\":{\"@id\":\"https:\/\/www.africa-press.net\/benin\/#website\"},\"primaryImageOfPage\":{\"@id\":\"https:\/\/www.africa-press.net\/benin\/politique\/benin-le-prd-en-congres-national-ce-vendredi#primaryimage\"},\"image\":{\"@id\":\"https:\/\/www.africa-press.net\/benin\/politique\/benin-le-prd-en-congres-national-ce-vendredi#primaryimage\"},\"thumbnailUrl\":\"https:\/\/static.africa-press.net\/benin\/sites\/46\/2022\/08\/postQueueImg_18-62ffe26c1dc31.jpg\",\"datePublished\":\"2022-08-19T18:49:43+00:00\",\"dateModified\":\"2022-08-19T19:20:45+00:00\",\"author\":{\"@id\":\"https:\/\/www.africa-press.net\/benin\/#\/schema\/person\/2b1cf3cd81a31e3cd26889ca66d677f1\"},\"description\":\"Le parti du renouveau d\u00e9mocratique de Me Adrien Houngb\u00e9dji est en congr\u00e8s ce vendredi 19 Ao\u00fbt 2022 au si\u00e8ge du parti \u00e0 P ...\",\"breadcrumb\":{\"@id\":\"https:\/\/www.africa-press.net\/benin\/politique\/benin-le-prd-en-congres-national-ce-vendredi#breadcrumb\"},\"inLanguage\":\"fr-FR\",\"potentialAction\":[{\"@type\":\"ReadAction\",\"target\":[\"https:\/\/www.africa-press.net\/benin\/politique\/benin-le-prd-en-congres-national-ce-vendredi\"]}]},{\"@type\":\"ImageObject\",\"inLanguage\":\"fr-FR\",\"@id\":\"https:\/\/www.africa-press.net\/benin\/politique\/benin-le-prd-en-congres-national-ce-vendredi#primaryimage\",\"url\":\"https:\/\/static.africa-press.net\/benin\/sites\/46\/2022\/08\/postQueueImg_18-62ffe26c1dc31.jpg\",\"contentUrl\":\"https:\/\/static.africa-press.net\/benin\/sites\/46\/2022\/08\/postQueueImg_18-62ffe26c1dc31.jpg\",\"width\":1200,\"height\":675,\"caption\":\"B\u00e9nin: le PRD en congr\u00e8s national ce vendredi\"},{\"@type\":\"BreadcrumbList\",\"@id\":\"https:\/\/www.africa-press.net\/benin\/politique\/benin-le-prd-en-congres-national-ce-vendredi#breadcrumb\",\"itemListElement\":[{\"@type\":\"ListItem\",\"position\":1,\"name\":\"Accueil\",\"item\":\"https:\/\/www.africa-press.net\/benin\/\"},{\"@type\":\"ListItem\",\"position\":2,\"name\":\"B\u00e9nin: le PRD en congr\u00e8s national ce vendredi\"}]},{\"@type\":\"WebSite\",\"@id\":\"https:\/\/www.africa-press.net\/benin\/#website\",\"url\":\"https:\/\/www.africa-press.net\/benin\/\",\"name\":\"B\u00e9nin\",\"description\":\"Just another Africa News Agency Sites site\",\"potentialAction\":[{\"@type\":\"SearchAction\",\"target\":{\"@type\":\"EntryPoint\",\"urlTemplate\":\"https:\/\/www.africa-press.net\/benin\/?s={search_term_string}\"},\"query-input\":{\"@type\":\"PropertyValueSpecification\",\"valueRequired\":true,\"valueName\":\"search_term_string\"}}],\"inLanguage\":\"fr-FR\"},{\"@type\":\"Person\",\"@id\":\"https:\/\/www.africa-press.net\/benin\/#\/schema\/person\/2b1cf3cd81a31e3cd26889ca66d677f1\",\"name\":\"cfeditorfr\"}]}<\/script>\n<!-- \/ Yoast SEO Premium plugin. -->","yoast_head_json":{"title":"B\u00e9nin: le PRD en congr\u00e8s national ce vendredi - B\u00e9nin","description":"Le parti du renouveau d\u00e9mocratique de Me Adrien Houngb\u00e9dji est en congr\u00e8s ce vendredi 19 Ao\u00fbt 2022 au si\u00e8ge du parti \u00e0 P ...","robots":{"index":"index","follow":"follow","max-snippet":"max-snippet:-1","max-image-preview":"max-image-preview:large","max-video-preview":"max-video-preview:-1"},"canonical":"https:\/\/www.africa-press.net\/benin\/politique\/benin-le-prd-en-congres-national-ce-vendredi","og_locale":"fr_FR","og_type":"article","og_title":"B\u00e9nin: le PRD en congr\u00e8s national ce vendredi","og_description":"Le parti du renouveau d\u00e9mocratique de Me Adrien Houngb\u00e9dji est en congr\u00e8s ce vendredi 19 Ao\u00fbt 2022 au si\u00e8ge du parti \u00e0 P ...","og_url":"https:\/\/www.africa-press.net\/benin\/politique\/benin-le-prd-en-congres-national-ce-vendredi","og_site_name":"B\u00e9nin","article_published_time":"2022-08-19T18:49:43+00:00","article_modified_time":"2022-08-19T19:20:45+00:00","og_image":[{"width":1200,"height":675,"url":"https:\/\/static.africa-press.net\/benin\/sites\/46\/2022\/08\/postQueueImg_18-62ffe26c1dc31.jpg","type":"image\/jpeg"}],"author":"cfeditorfr","twitter_card":"summary_large_image","twitter_misc":{"\u00c9crit par":"cfeditorfr","Dur\u00e9e de lecture estim\u00e9e":"2 minutes"},"schema":{"@context":"https:\/\/schema.org","@graph":[{"@type":"Article","@id":"https:\/\/www.africa-press.net\/benin\/politique\/benin-le-prd-en-congres-national-ce-vendredi#article","isPartOf":{"@id":"https:\/\/www.africa-press.net\/benin\/politique\/benin-le-prd-en-congres-national-ce-vendredi"},"author":{"name":"cfeditorfr","@id":"https:\/\/www.africa-press.net\/benin\/#\/schema\/person\/2b1cf3cd81a31e3cd26889ca66d677f1"},"headline":"B\u00e9nin: le PRD en congr\u00e8s national ce vendredi","datePublished":"2022-08-19T18:49:43+00:00","dateModified":"2022-08-19T19:20:45+00:00","mainEntityOfPage":{"@id":"https:\/\/www.africa-press.net\/benin\/politique\/benin-le-prd-en-congres-national-ce-vendredi"},"wordCount":280,"commentCount":0,"image":{"@id":"https:\/\/www.africa-press.net\/benin\/politique\/benin-le-prd-en-congres-national-ce-vendredi#primaryimage"},"thumbnailUrl":"https:\/\/static.africa-press.net\/benin\/sites\/46\/2022\/08\/postQueueImg_18-62ffe26c1dc31.jpg","keywords":["Africa Press","Africa Press-Benin","B\u00e9nin"],"articleSection":["homepage-french","Politique","Toutes les actualit\u00e9s"],"inLanguage":"fr-FR","potentialAction":[{"@type":"CommentAction","name":"Comment","target":["https:\/\/www.africa-press.net\/benin\/politique\/benin-le-prd-en-congres-national-ce-vendredi#respond"]}]},{"@type":"WebPage","@id":"https:\/\/www.africa-press.net\/benin\/politique\/benin-le-prd-en-congres-national-ce-vendredi","url":"https:\/\/www.africa-press.net\/benin\/politique\/benin-le-prd-en-congres-national-ce-vendredi","name":"B\u00e9nin: le PRD en congr\u00e8s national ce vendredi - B\u00e9nin","isPartOf":{"@id":"https:\/\/www.africa-press.net\/benin\/#website"},"primaryImageOfPage":{"@id":"https:\/\/www.africa-press.net\/benin\/politique\/benin-le-prd-en-congres-national-ce-vendredi#primaryimage"},"image":{"@id":"https:\/\/www.africa-press.net\/benin\/politique\/benin-le-prd-en-congres-national-ce-vendredi#primaryimage"},"thumbnailUrl":"https:\/\/static.africa-press.net\/benin\/sites\/46\/2022\/08\/postQueueImg_18-62ffe26c1dc31.jpg","datePublished":"2022-08-19T18:49:43+00:00","dateModified":"2022-08-19T19:20:45+00:00","author":{"@id":"https:\/\/www.africa-press.net\/benin\/#\/schema\/person\/2b1cf3cd81a31e3cd26889ca66d677f1"},"description":"Le parti du renouveau d\u00e9mocratique de Me Adrien Houngb\u00e9dji est en congr\u00e8s ce vendredi 19 Ao\u00fbt 2022 au si\u00e8ge du parti \u00e0 P ...","breadcrumb":{"@id":"https:\/\/www.africa-press.net\/benin\/politique\/benin-le-prd-en-congres-national-ce-vendredi#breadcrumb"},"inLanguage":"fr-FR","potentialAction":[{"@type":"ReadAction","target":["https:\/\/www.africa-press.net\/benin\/politique\/benin-le-prd-en-congres-national-ce-vendredi"]}]},{"@type":"ImageObject","inLanguage":"fr-FR","@id":"https:\/\/www.africa-press.net\/benin\/politique\/benin-le-prd-en-congres-national-ce-vendredi#primaryimage","url":"https:\/\/static.africa-press.net\/benin\/sites\/46\/2022\/08\/postQueueImg_18-62ffe26c1dc31.jpg","contentUrl":"https:\/\/static.africa-press.net\/benin\/sites\/46\/2022\/08\/postQueueImg_18-62ffe26c1dc31.jpg","width":1200,"height":675,"caption":"B\u00e9nin: le PRD en congr\u00e8s national ce vendredi"},{"@type":"BreadcrumbList","@id":"https:\/\/www.africa-press.net\/benin\/politique\/benin-le-prd-en-congres-national-ce-vendredi#breadcrumb","itemListElement":[{"@type":"ListItem","position":1,"name":"Accueil","item":"https:\/\/www.africa-press.net\/benin\/"},{"@type":"ListItem","position":2,"name":"B\u00e9nin: le PRD en congr\u00e8s national ce vendredi"}]},{"@type":"WebSite","@id":"https:\/\/www.africa-press.net\/benin\/#website","url":"https:\/\/www.africa-press.net\/benin\/","name":"B\u00e9nin","description":"Just another Africa News Agency Sites site","potentialAction":[{"@type":"SearchAction","target":{"@type":"EntryPoint","urlTemplate":"https:\/\/www.africa-press.net\/benin\/?s={search_term_string}"},"query-input":{"@type":"PropertyValueSpecification","valueRequired":true,"valueName":"search_term_string"}}],"inLanguage":"fr-FR"},{"@type":"Person","@id":"https:\/\/www.africa-press.net\/benin\/#\/schema\/person\/2b1cf3cd81a31e3cd26889ca66d677f1","name":"cfeditorfr"}]}},"_links":{"self":[{"href":"https:\/\/www.africa-press.net\/benin\/wp-json\/wp\/v2\/posts\/8028","targetHints":{"allow":["GET"]}}],"collection":[{"href":"https:\/\/www.africa-press.net\/benin\/wp-json\/wp\/v2\/posts"}],"about":[{"href":"https:\/\/www.africa-press.net\/benin\/wp-json\/wp\/v2\/types\/post"}],"author":[{"embeddable":true,"href":"https:\/\/www.africa-press.net\/benin\/wp-json\/wp\/v2\/users\/82"}],"replies":[{"embeddable":true,"href":"https:\/\/www.africa-press.net\/benin\/wp-json\/wp\/v2\/comments?post=8028"}],"version-history":[{"count":0,"href":"https:\/\/www.africa-press.net\/benin\/wp-json\/wp\/v2\/posts\/8028\/revisions"}],"wp:featuredmedia":[{"embeddable":true,"href":"https:\/\/www.africa-press.net\/benin\/wp-json\/wp\/v2\/media\/8027"}],"wp:attachment":[{"href":"https:\/\/www.africa-press.net\/benin\/wp-json\/wp\/v2\/media?parent=8028"}],"wp:term":[{"taxonomy":"category","embeddable":true,"href":"https:\/\/www.africa-press.net\/benin\/wp-json\/wp\/v2\/categories?post=8028"},{"taxonomy":"post_tag","embeddable":true,"href":"https:\/\/www.africa-press.net\/benin\/wp-json\/wp\/v2\/tags?post=8028"}],"curies":[{"name":"wp","href":"https:\/\/api.w.org\/{rel}","templated":true}]}}