{"id":8031,"date":"2022-08-19T18:49:54","date_gmt":"2022-08-19T18:49:54","guid":{"rendered":"https:\/\/www.africa-press.net\/benin\/politique\/benin-le-prd-et-lup-creent-un-nouveau-parti-politique-dimanche-prochain"},"modified":"2022-08-19T19:21:24","modified_gmt":"2022-08-19T19:21:24","slug":"benin-le-prd-et-lup-creent-un-nouveau-parti-politique-dimanche-prochain","status":"publish","type":"post","link":"https:\/\/www.africa-press.net\/benin\/politique\/benin-le-prd-et-lup-creent-un-nouveau-parti-politique-dimanche-prochain","title":{"rendered":"B\u00e9nin: le PRD et l\u2019UP cr\u00e9ent un nouveau parti politique dimanche prochain"},"content":{"rendered":"<p><span style=\"color: #ff6600\"><strong>Africa-Press &#8211; Benin. <\/strong><\/span>Le Parti du Renouveau D\u00e9mocratique (PRD) et l\u2019Union Progressiste (UP) vont sceller leur union le dimanche 21 ao\u00fbt 2022 au stade Charles de Gaulle de Porto-Novo. De cette union sera n\u00e9 un nouveau parti politique dont les attributs seront issus de ceux des deux formations politiques fusionn\u00e9es.<\/p>\n<p>Annonc\u00e9e depuis quelques jours, la fusion entre le PRD et l\u2019UP sera effective dimanche prochain. Dans un communiqu\u00e9 datant du 18 ao\u00fbt, l\u2019UP a assur\u00e9 de l\u2019avancement des travaux dans le sens de la concr\u00e9tisation de ce projet qui r\u00e9pond \u00e0 l\u2019esprit du syst\u00e8me partisan.<\/p>\n<p>Selon des sources proches des deux partis, le nouveau parti en gestation portera dans sa d\u00e9nomination et son logo, des traces de l\u2019UP et du PRD. \u00ab Certainement, il y aura un nouveau nom qui sera le produit d\u2019une r\u00e9flexion profonde des deux partis \u00bb, a confi\u00e9 le parlementaire Gildas Agonkan.<\/p>\n<p>Le souhait des responsables du PRD et de l\u2019UP, c\u2019est d\u2019avoir \u00e0 l\u2019arriv\u00e9e un nouveau parti grand et fort au diapason des d\u00e9fis politiques de l\u2019heure. \u00ab C\u2019est un processus qui va conduire in\u00e9luctablement au renouveau du PRD et de l\u2019UP. C\u2019est une fusion que nous souhaitons durable, pour l\u2019\u00e9ternit\u00e9 \u00bb, a indiqu\u00e9 le d\u00e9put\u00e9 progressiste.<\/p>\n<p>Le PRD en congr\u00e8s extraordinaire ce jour<\/p>\n<p>En pr\u00e9lude \u00e0 la signature de l\u2019accord de fusion dimanche prochain, le Parti du Renouveau D\u00e9mocratique (PRD) tient, conform\u00e9ment \u00e0 ses textes, un congr\u00e8s extraordinaire ce vendredi 19 ao\u00fbt. Ce conclave sera consacr\u00e9 \u00e0 l\u2019examen des propositions de la Direction ex\u00e9cutive nationale (Den) qui avait discut\u00e9 avec les responsables de l\u2019UP.<\/p>\n<p>A l\u2019issue du congr\u00e8s extraordinaire, les instances du PRD recevront le feu vert d\u2019aller signer ou non l\u2019accord de fusion avec l\u2019UP.<\/p>\n<p><strong>Pour plus d&rsquo;informations et d&rsquo;analyses sur la <a href=\"https:\/\/www.africa-press.net\/benin\">Benin<\/a>, suivez <a href=\"https:\/\/www.africa-press.net\/\">Africa-Press<\/a><\/strong><\/p>\n","protected":false},"excerpt":{"rendered":"<p>Africa-Press &#8211; Benin. Le Parti du Renouveau D\u00e9mocratique (PRD) et l\u2019Union Progressiste (UP) vont sceller leur union le dimanche 21 ao\u00fbt 2022 au stade Charles de Gaulle de Porto-Novo. De cette union sera n\u00e9 un nouveau parti politique dont les attributs seront issus de ceux des deux formations politiques fusionn\u00e9es. Annonc\u00e9e depuis quelques jours, la [&hellip;]<\/p>\n","protected":false},"author":82,"featured_media":8030,"comment_status":"open","ping_status":"closed","sticky":false,"template":"","format":"standard","meta":{"footnotes":""},"categories":[11,4,2,10],"tags":[36,50,45],"class_list":["post-8031","post","type-post","status-publish","format-standard","has-post-thumbnail","hentry","category-homepage-french","category-parties","category-politique","category-toutes-les-actualites","tag-africa-press","tag-africa-press-benin","tag-benin"],"yoast_head":"<!-- This site is optimized with the Yoast SEO Premium plugin v26.1 (Yoast SEO v27.0) - https:\/\/yoast.com\/product\/yoast-seo-premium-wordpress\/ -->\n<title>B\u00e9nin: le PRD et l\u2019UP cr\u00e9ent un nouveau parti politique dimanche prochain - B\u00e9nin<\/title>\n<meta name=\"description\" content=\"Le Parti du Renouveau D\u00e9mocratique (PRD) et l\u2019Union Progressiste (UP) vont sceller leur union le dimanche 21 ao\u00fbt 2022 a ...\" \/>\n<meta name=\"robots\" content=\"index, follow, max-snippet:-1, max-image-preview:large, max-video-preview:-1\" \/>\n<link rel=\"canonical\" href=\"https:\/\/www.africa-press.net\/benin\/politique\/benin-le-prd-et-lup-creent-un-nouveau-parti-politique-dimanche-prochain\" \/>\n<meta property=\"og:locale\" content=\"fr_FR\" \/>\n<meta property=\"og:type\" content=\"article\" \/>\n<meta property=\"og:title\" content=\"B\u00e9nin: le PRD et l\u2019UP cr\u00e9ent un nouveau parti politique dimanche prochain\" \/>\n<meta property=\"og:description\" content=\"Le Parti du Renouveau D\u00e9mocratique (PRD) et l\u2019Union Progressiste (UP) vont sceller leur union le dimanche 21 ao\u00fbt 2022 a ...\" \/>\n<meta property=\"og:url\" content=\"https:\/\/www.africa-press.net\/benin\/politique\/benin-le-prd-et-lup-creent-un-nouveau-parti-politique-dimanche-prochain\" \/>\n<meta property=\"og:site_name\" content=\"B\u00e9nin\" \/>\n<meta property=\"article:published_time\" content=\"2022-08-19T18:49:54+00:00\" \/>\n<meta property=\"article:modified_time\" content=\"2022-08-19T19:21:24+00:00\" \/>\n<meta property=\"og:image\" content=\"https:\/\/static.africa-press.net\/benin\/sites\/46\/2022\/08\/postQueueImg_19-62ffe292aa899.jpg\" \/>\n\t<meta property=\"og:image:width\" content=\"1200\" \/>\n\t<meta property=\"og:image:height\" content=\"779\" \/>\n\t<meta property=\"og:image:type\" content=\"image\/jpeg\" \/>\n<meta name=\"author\" content=\"cfeditorfr\" \/>\n<meta name=\"twitter:card\" content=\"summary_large_image\" \/>\n<meta name=\"twitter:label1\" content=\"\u00c9crit par\" \/>\n\t<meta name=\"twitter:data1\" content=\"cfeditorfr\" \/>\n\t<meta name=\"twitter:label2\" content=\"Dur\u00e9e de lecture estim\u00e9e\" \/>\n\t<meta name=\"twitter:data2\" content=\"2 minutes\" \/>\n<script type=\"application\/ld+json\" class=\"yoast-schema-graph\">{\"@context\":\"https:\/\/schema.org\",\"@graph\":[{\"@type\":\"Article\",\"@id\":\"https:\/\/www.africa-press.net\/benin\/politique\/benin-le-prd-et-lup-creent-un-nouveau-parti-politique-dimanche-prochain#article\",\"isPartOf\":{\"@id\":\"https:\/\/www.africa-press.net\/benin\/politique\/benin-le-prd-et-lup-creent-un-nouveau-parti-politique-dimanche-prochain\"},\"author\":{\"name\":\"cfeditorfr\",\"@id\":\"https:\/\/www.africa-press.net\/benin\/#\/schema\/person\/2b1cf3cd81a31e3cd26889ca66d677f1\"},\"headline\":\"B\u00e9nin: le PRD et l\u2019UP cr\u00e9ent un nouveau parti politique dimanche prochain\",\"datePublished\":\"2022-08-19T18:49:54+00:00\",\"dateModified\":\"2022-08-19T19:21:24+00:00\",\"mainEntityOfPage\":{\"@id\":\"https:\/\/www.africa-press.net\/benin\/politique\/benin-le-prd-et-lup-creent-un-nouveau-parti-politique-dimanche-prochain\"},\"wordCount\":341,\"commentCount\":0,\"image\":{\"@id\":\"https:\/\/www.africa-press.net\/benin\/politique\/benin-le-prd-et-lup-creent-un-nouveau-parti-politique-dimanche-prochain#primaryimage\"},\"thumbnailUrl\":\"https:\/\/static.africa-press.net\/benin\/sites\/46\/2022\/08\/postQueueImg_19-62ffe292aa899.jpg\",\"keywords\":[\"Africa Press\",\"Africa Press-Benin\",\"B\u00e9nin\"],\"articleSection\":[\"homepage-french\",\"Parties\",\"Politique\",\"Toutes les actualit\u00e9s\"],\"inLanguage\":\"fr-FR\",\"potentialAction\":[{\"@type\":\"CommentAction\",\"name\":\"Comment\",\"target\":[\"https:\/\/www.africa-press.net\/benin\/politique\/benin-le-prd-et-lup-creent-un-nouveau-parti-politique-dimanche-prochain#respond\"]}]},{\"@type\":\"WebPage\",\"@id\":\"https:\/\/www.africa-press.net\/benin\/politique\/benin-le-prd-et-lup-creent-un-nouveau-parti-politique-dimanche-prochain\",\"url\":\"https:\/\/www.africa-press.net\/benin\/politique\/benin-le-prd-et-lup-creent-un-nouveau-parti-politique-dimanche-prochain\",\"name\":\"B\u00e9nin: le PRD et l\u2019UP cr\u00e9ent un nouveau parti politique dimanche prochain - B\u00e9nin\",\"isPartOf\":{\"@id\":\"https:\/\/www.africa-press.net\/benin\/#website\"},\"primaryImageOfPage\":{\"@id\":\"https:\/\/www.africa-press.net\/benin\/politique\/benin-le-prd-et-lup-creent-un-nouveau-parti-politique-dimanche-prochain#primaryimage\"},\"image\":{\"@id\":\"https:\/\/www.africa-press.net\/benin\/politique\/benin-le-prd-et-lup-creent-un-nouveau-parti-politique-dimanche-prochain#primaryimage\"},\"thumbnailUrl\":\"https:\/\/static.africa-press.net\/benin\/sites\/46\/2022\/08\/postQueueImg_19-62ffe292aa899.jpg\",\"datePublished\":\"2022-08-19T18:49:54+00:00\",\"dateModified\":\"2022-08-19T19:21:24+00:00\",\"author\":{\"@id\":\"https:\/\/www.africa-press.net\/benin\/#\/schema\/person\/2b1cf3cd81a31e3cd26889ca66d677f1\"},\"description\":\"Le Parti du Renouveau D\u00e9mocratique (PRD) et l\u2019Union Progressiste (UP) vont sceller leur union le dimanche 21 ao\u00fbt 2022 a ...\",\"breadcrumb\":{\"@id\":\"https:\/\/www.africa-press.net\/benin\/politique\/benin-le-prd-et-lup-creent-un-nouveau-parti-politique-dimanche-prochain#breadcrumb\"},\"inLanguage\":\"fr-FR\",\"potentialAction\":[{\"@type\":\"ReadAction\",\"target\":[\"https:\/\/www.africa-press.net\/benin\/politique\/benin-le-prd-et-lup-creent-un-nouveau-parti-politique-dimanche-prochain\"]}]},{\"@type\":\"ImageObject\",\"inLanguage\":\"fr-FR\",\"@id\":\"https:\/\/www.africa-press.net\/benin\/politique\/benin-le-prd-et-lup-creent-un-nouveau-parti-politique-dimanche-prochain#primaryimage\",\"url\":\"https:\/\/static.africa-press.net\/benin\/sites\/46\/2022\/08\/postQueueImg_19-62ffe292aa899.jpg\",\"contentUrl\":\"https:\/\/static.africa-press.net\/benin\/sites\/46\/2022\/08\/postQueueImg_19-62ffe292aa899.jpg\",\"width\":1200,\"height\":779,\"caption\":\"B\u00e9nin: le PRD et l\u2019UP cr\u00e9ent un nouveau parti politique dimanche prochain\"},{\"@type\":\"BreadcrumbList\",\"@id\":\"https:\/\/www.africa-press.net\/benin\/politique\/benin-le-prd-et-lup-creent-un-nouveau-parti-politique-dimanche-prochain#breadcrumb\",\"itemListElement\":[{\"@type\":\"ListItem\",\"position\":1,\"name\":\"Accueil\",\"item\":\"https:\/\/www.africa-press.net\/benin\/\"},{\"@type\":\"ListItem\",\"position\":2,\"name\":\"B\u00e9nin: le PRD et l\u2019UP cr\u00e9ent un nouveau parti politique dimanche prochain\"}]},{\"@type\":\"WebSite\",\"@id\":\"https:\/\/www.africa-press.net\/benin\/#website\",\"url\":\"https:\/\/www.africa-press.net\/benin\/\",\"name\":\"B\u00e9nin\",\"description\":\"Just another Africa News Agency Sites site\",\"potentialAction\":[{\"@type\":\"SearchAction\",\"target\":{\"@type\":\"EntryPoint\",\"urlTemplate\":\"https:\/\/www.africa-press.net\/benin\/?s={search_term_string}\"},\"query-input\":{\"@type\":\"PropertyValueSpecification\",\"valueRequired\":true,\"valueName\":\"search_term_string\"}}],\"inLanguage\":\"fr-FR\"},{\"@type\":\"Person\",\"@id\":\"https:\/\/www.africa-press.net\/benin\/#\/schema\/person\/2b1cf3cd81a31e3cd26889ca66d677f1\",\"name\":\"cfeditorfr\"}]}<\/script>\n<!-- \/ Yoast SEO Premium plugin. -->","yoast_head_json":{"title":"B\u00e9nin: le PRD et l\u2019UP cr\u00e9ent un nouveau parti politique dimanche prochain - B\u00e9nin","description":"Le Parti du Renouveau D\u00e9mocratique (PRD) et l\u2019Union Progressiste (UP) vont sceller leur union le dimanche 21 ao\u00fbt 2022 a ...","robots":{"index":"index","follow":"follow","max-snippet":"max-snippet:-1","max-image-preview":"max-image-preview:large","max-video-preview":"max-video-preview:-1"},"canonical":"https:\/\/www.africa-press.net\/benin\/politique\/benin-le-prd-et-lup-creent-un-nouveau-parti-politique-dimanche-prochain","og_locale":"fr_FR","og_type":"article","og_title":"B\u00e9nin: le PRD et l\u2019UP cr\u00e9ent un nouveau parti politique dimanche prochain","og_description":"Le Parti du Renouveau D\u00e9mocratique (PRD) et l\u2019Union Progressiste (UP) vont sceller leur union le dimanche 21 ao\u00fbt 2022 a ...","og_url":"https:\/\/www.africa-press.net\/benin\/politique\/benin-le-prd-et-lup-creent-un-nouveau-parti-politique-dimanche-prochain","og_site_name":"B\u00e9nin","article_published_time":"2022-08-19T18:49:54+00:00","article_modified_time":"2022-08-19T19:21:24+00:00","og_image":[{"width":1200,"height":779,"url":"https:\/\/static.africa-press.net\/benin\/sites\/46\/2022\/08\/postQueueImg_19-62ffe292aa899.jpg","type":"image\/jpeg"}],"author":"cfeditorfr","twitter_card":"summary_large_image","twitter_misc":{"\u00c9crit par":"cfeditorfr","Dur\u00e9e de lecture estim\u00e9e":"2 minutes"},"schema":{"@context":"https:\/\/schema.org","@graph":[{"@type":"Article","@id":"https:\/\/www.africa-press.net\/benin\/politique\/benin-le-prd-et-lup-creent-un-nouveau-parti-politique-dimanche-prochain#article","isPartOf":{"@id":"https:\/\/www.africa-press.net\/benin\/politique\/benin-le-prd-et-lup-creent-un-nouveau-parti-politique-dimanche-prochain"},"author":{"name":"cfeditorfr","@id":"https:\/\/www.africa-press.net\/benin\/#\/schema\/person\/2b1cf3cd81a31e3cd26889ca66d677f1"},"headline":"B\u00e9nin: le PRD et l\u2019UP cr\u00e9ent un nouveau parti politique dimanche prochain","datePublished":"2022-08-19T18:49:54+00:00","dateModified":"2022-08-19T19:21:24+00:00","mainEntityOfPage":{"@id":"https:\/\/www.africa-press.net\/benin\/politique\/benin-le-prd-et-lup-creent-un-nouveau-parti-politique-dimanche-prochain"},"wordCount":341,"commentCount":0,"image":{"@id":"https:\/\/www.africa-press.net\/benin\/politique\/benin-le-prd-et-lup-creent-un-nouveau-parti-politique-dimanche-prochain#primaryimage"},"thumbnailUrl":"https:\/\/static.africa-press.net\/benin\/sites\/46\/2022\/08\/postQueueImg_19-62ffe292aa899.jpg","keywords":["Africa Press","Africa Press-Benin","B\u00e9nin"],"articleSection":["homepage-french","Parties","Politique","Toutes les actualit\u00e9s"],"inLanguage":"fr-FR","potentialAction":[{"@type":"CommentAction","name":"Comment","target":["https:\/\/www.africa-press.net\/benin\/politique\/benin-le-prd-et-lup-creent-un-nouveau-parti-politique-dimanche-prochain#respond"]}]},{"@type":"WebPage","@id":"https:\/\/www.africa-press.net\/benin\/politique\/benin-le-prd-et-lup-creent-un-nouveau-parti-politique-dimanche-prochain","url":"https:\/\/www.africa-press.net\/benin\/politique\/benin-le-prd-et-lup-creent-un-nouveau-parti-politique-dimanche-prochain","name":"B\u00e9nin: le PRD et l\u2019UP cr\u00e9ent un nouveau parti politique dimanche prochain - B\u00e9nin","isPartOf":{"@id":"https:\/\/www.africa-press.net\/benin\/#website"},"primaryImageOfPage":{"@id":"https:\/\/www.africa-press.net\/benin\/politique\/benin-le-prd-et-lup-creent-un-nouveau-parti-politique-dimanche-prochain#primaryimage"},"image":{"@id":"https:\/\/www.africa-press.net\/benin\/politique\/benin-le-prd-et-lup-creent-un-nouveau-parti-politique-dimanche-prochain#primaryimage"},"thumbnailUrl":"https:\/\/static.africa-press.net\/benin\/sites\/46\/2022\/08\/postQueueImg_19-62ffe292aa899.jpg","datePublished":"2022-08-19T18:49:54+00:00","dateModified":"2022-08-19T19:21:24+00:00","author":{"@id":"https:\/\/www.africa-press.net\/benin\/#\/schema\/person\/2b1cf3cd81a31e3cd26889ca66d677f1"},"description":"Le Parti du Renouveau D\u00e9mocratique (PRD) et l\u2019Union Progressiste (UP) vont sceller leur union le dimanche 21 ao\u00fbt 2022 a ...","breadcrumb":{"@id":"https:\/\/www.africa-press.net\/benin\/politique\/benin-le-prd-et-lup-creent-un-nouveau-parti-politique-dimanche-prochain#breadcrumb"},"inLanguage":"fr-FR","potentialAction":[{"@type":"ReadAction","target":["https:\/\/www.africa-press.net\/benin\/politique\/benin-le-prd-et-lup-creent-un-nouveau-parti-politique-dimanche-prochain"]}]},{"@type":"ImageObject","inLanguage":"fr-FR","@id":"https:\/\/www.africa-press.net\/benin\/politique\/benin-le-prd-et-lup-creent-un-nouveau-parti-politique-dimanche-prochain#primaryimage","url":"https:\/\/static.africa-press.net\/benin\/sites\/46\/2022\/08\/postQueueImg_19-62ffe292aa899.jpg","contentUrl":"https:\/\/static.africa-press.net\/benin\/sites\/46\/2022\/08\/postQueueImg_19-62ffe292aa899.jpg","width":1200,"height":779,"caption":"B\u00e9nin: le PRD et l\u2019UP cr\u00e9ent un nouveau parti politique dimanche prochain"},{"@type":"BreadcrumbList","@id":"https:\/\/www.africa-press.net\/benin\/politique\/benin-le-prd-et-lup-creent-un-nouveau-parti-politique-dimanche-prochain#breadcrumb","itemListElement":[{"@type":"ListItem","position":1,"name":"Accueil","item":"https:\/\/www.africa-press.net\/benin\/"},{"@type":"ListItem","position":2,"name":"B\u00e9nin: le PRD et l\u2019UP cr\u00e9ent un nouveau parti politique dimanche prochain"}]},{"@type":"WebSite","@id":"https:\/\/www.africa-press.net\/benin\/#website","url":"https:\/\/www.africa-press.net\/benin\/","name":"B\u00e9nin","description":"Just another Africa News Agency Sites site","potentialAction":[{"@type":"SearchAction","target":{"@type":"EntryPoint","urlTemplate":"https:\/\/www.africa-press.net\/benin\/?s={search_term_string}"},"query-input":{"@type":"PropertyValueSpecification","valueRequired":true,"valueName":"search_term_string"}}],"inLanguage":"fr-FR"},{"@type":"Person","@id":"https:\/\/www.africa-press.net\/benin\/#\/schema\/person\/2b1cf3cd81a31e3cd26889ca66d677f1","name":"cfeditorfr"}]}},"_links":{"self":[{"href":"https:\/\/www.africa-press.net\/benin\/wp-json\/wp\/v2\/posts\/8031","targetHints":{"allow":["GET"]}}],"collection":[{"href":"https:\/\/www.africa-press.net\/benin\/wp-json\/wp\/v2\/posts"}],"about":[{"href":"https:\/\/www.africa-press.net\/benin\/wp-json\/wp\/v2\/types\/post"}],"author":[{"embeddable":true,"href":"https:\/\/www.africa-press.net\/benin\/wp-json\/wp\/v2\/users\/82"}],"replies":[{"embeddable":true,"href":"https:\/\/www.africa-press.net\/benin\/wp-json\/wp\/v2\/comments?post=8031"}],"version-history":[{"count":0,"href":"https:\/\/www.africa-press.net\/benin\/wp-json\/wp\/v2\/posts\/8031\/revisions"}],"wp:featuredmedia":[{"embeddable":true,"href":"https:\/\/www.africa-press.net\/benin\/wp-json\/wp\/v2\/media\/8030"}],"wp:attachment":[{"href":"https:\/\/www.africa-press.net\/benin\/wp-json\/wp\/v2\/media?parent=8031"}],"wp:term":[{"taxonomy":"category","embeddable":true,"href":"https:\/\/www.africa-press.net\/benin\/wp-json\/wp\/v2\/categories?post=8031"},{"taxonomy":"post_tag","embeddable":true,"href":"https:\/\/www.africa-press.net\/benin\/wp-json\/wp\/v2\/tags?post=8031"}],"curies":[{"name":"wp","href":"https:\/\/api.w.org\/{rel}","templated":true}]}}