{"id":8034,"date":"2022-08-19T18:50:06","date_gmt":"2022-08-19T18:50:06","guid":{"rendered":"https:\/\/www.africa-press.net\/benin\/politique\/benin-ludbn-nexiste-plus-le-br-remet-les-pendules-a-lheure"},"modified":"2022-08-19T19:22:05","modified_gmt":"2022-08-19T19:22:05","slug":"benin-ludbn-nexiste-plus-le-br-remet-les-pendules-a-lheure","status":"publish","type":"post","link":"https:\/\/www.africa-press.net\/benin\/politique\/benin-ludbn-nexiste-plus-le-br-remet-les-pendules-a-lheure","title":{"rendered":"B\u00e9nin: \u00ab\u00a0l\u2019UDBN n\u2019existe plus\u00a0\u00bb, le BR remet les pendules \u00e0 l\u2019heure"},"content":{"rendered":"<p><span style=\"color: #ff6600\"><strong>Africa-Press &#8211; Benin. <\/strong><\/span>Le Bloc R\u00e9publicain (BR) a enfin r\u00e9agi \u00e0 l\u2019annonce de la suspension de l\u2019accord de fusion entre l\u2019Union pour le d\u00e9veloppement d\u2019un B\u00e9nin nouveau (UDBN) et lui. Dans un communiqu\u00e9 en date du vendredi 19 ao\u00fbt 2022, le BR a pr\u00e9cis\u00e9 qu\u2019il avait d\u00e9j\u00e0 absorb\u00e9 le parti de Claudine Prudencio et parle d\u00e9sormais de \u00ab l\u2019ex-UDBN \u00bb.<\/p>\n<p>Le Bloc R\u00e9publicain s\u2019\u00e9tonne de la d\u00e9cision de l\u2019ex-UDBN de suspendre l\u2019accord de fusion sign\u00e9 en octobre dernier. \u00ab Le BR pr\u00e9cise \u00e0 travers le pr\u00e9sent communiqu\u00e9 que l\u2019accord de mise ensemble du Bloc R\u00e9publicain (BR) et de l\u2019Union D\u00e9mocratique pour un B\u00e9nin Nouveau (UDBN) consacre l\u2019absorption de l\u2019UDBN par le BR \u00e0 tous les niveaux d\u00e9centralis\u00e9s du BR \u00bb, lit-on dans le communiqu\u00e9 du parti dirig\u00e9 par Abdoulaye Bio Tchan\u00e9.<\/p>\n<p>Le processus de mise en \u0153uvre de l\u2019accord a conduit \u00e0 la prise en compte des militants r\u00e9guli\u00e8rement d\u00e9sign\u00e9s par les responsables de l\u2019ex-UDBN aussi bien dans les cellules (par cooptation), dans les sous sections, dans les comit\u00e9s de supervision communale et dans le Bureau politique du BR.<\/p>\n<p>Selon les explications du \u00ab cheval cabr\u00e9 \u00bb, l\u2019accomplissement des diff\u00e9rents processus de l\u2019accord de fusion, \u00ab l\u2019absorption de l\u2019ex UDBN est d\u00e8s lors<\/p>\n<p>effective \u00bb. En d\u2019autres termes, l\u2019UDBN n\u2019existe plus et ne saurait donc se soustrait de cet accord de fusion sign\u00e9.<\/p>\n<p>Cette clarification rejoint celle de l\u2019ancien d\u00e9put\u00e9 Guy Mitokp\u00e8 qui avait signifi\u00e9 que \u00ab l\u2019UDBN n\u2019existe plus et ne saurait avoir des responsables, se r\u00e9clamant comme tels au sein d\u2019un Parti qui les a d\u00e9j\u00e0 aval\u00e9 et dig\u00e9r\u00e9 \u00bb.<\/p>\n<p>Le BR compatit et encourage les militants et responsables de l\u2019ex-UDBN<\/p>\n<p>Le Bloc R\u00e9publicain ne reste pas insensible aux \u00e9ventuelles difficult\u00e9s des militants et responsables de l\u2019ex-UDBN \u00e0 s\u2019adapter \u00e0 une nouvelle donne politique. \u00ab Nous comprenons que la perte de certains privil\u00e8ges des anciens responsables de l\u2019ex-UDBN \u00e0 la suite de leur fusion dans un grand parti comme le BR pourrait susciter en eux des comportements antagonistes au nouvel esprit militant institu\u00e9 par la r\u00e9forme du syst\u00e8me partisan \u00bb, a signifi\u00e9 le parti.<\/p>\n<p>Face \u00e0 cette situation, les responsables du BR estiment que la solution n\u2019est pas dans le divorce. \u00ab Au lieu de croire qu\u2019il est possible de d\u00e9faire cette absorption de l\u2019ex-UDBN par le BR, nous les encourageons plut\u00f4t \u00e0<\/p>\n<p>pers\u00e9v\u00e9rer dans le processus d\u2019adaptation \u00e0 la rigueur de la gouvernance politique que nous impose la r\u00e9forme du syst\u00e8me partisan pour de plus belles victoires politiques communes \u00bb, ont-ils indiqu\u00e9 dans leur communiqu\u00e9.<\/p>\n<p>Ramener les responsables de l\u2019ex-UDBN \u00e0 la raison<\/p>\n<p>Le BR ne compte pas laisser la situation ainsi. Il assure de sa disponibilit\u00e9 \u00e0 travailler avec son alli\u00e9 pour ramener l\u2019ordre. \u00ab Nous rassurons par ailleurs de notre disponibilit\u00e9 \u00e0 travailler afin que les initiateurs du courrier \u00ab suspension de l\u2019accord \u00bb puissent \u00eatre mieux inspir\u00e9s dans leur marche vers une meilleure int\u00e9gration au BR \u00bb.<\/p>\n<p><strong>Pour plus d&rsquo;informations et d&rsquo;analyses sur la <a href=\"https:\/\/www.africa-press.net\/benin\">Benin<\/a>, suivez <a href=\"https:\/\/www.africa-press.net\/\">Africa-Press<\/a><\/strong><\/p>\n","protected":false},"excerpt":{"rendered":"<p>Africa-Press &#8211; Benin. Le Bloc R\u00e9publicain (BR) a enfin r\u00e9agi \u00e0 l\u2019annonce de la suspension de l\u2019accord de fusion entre l\u2019Union pour le d\u00e9veloppement d\u2019un B\u00e9nin nouveau (UDBN) et lui. Dans un communiqu\u00e9 en date du vendredi 19 ao\u00fbt 2022, le BR a pr\u00e9cis\u00e9 qu\u2019il avait d\u00e9j\u00e0 absorb\u00e9 le parti de Claudine Prudencio et parle [&hellip;]<\/p>\n","protected":false},"author":82,"featured_media":8033,"comment_status":"open","ping_status":"closed","sticky":false,"template":"","format":"standard","meta":{"footnotes":""},"categories":[11,2,10],"tags":[36,50,45],"class_list":["post-8034","post","type-post","status-publish","format-standard","has-post-thumbnail","hentry","category-homepage-french","category-politique","category-toutes-les-actualites","tag-africa-press","tag-africa-press-benin","tag-benin"],"yoast_head":"<!-- This site is optimized with the Yoast SEO Premium plugin v26.1 (Yoast SEO v27.0) - https:\/\/yoast.com\/product\/yoast-seo-premium-wordpress\/ -->\n<title>B\u00e9nin: \u00ab\u00a0l\u2019UDBN n\u2019existe plus\u00a0\u00bb, le BR remet les pendules \u00e0 l\u2019heure - B\u00e9nin<\/title>\n<meta name=\"description\" content=\"Le Bloc R\u00e9publicain (BR) a enfin r\u00e9agi \u00e0 l\u2019annonce de la suspension de l\u2019accord de fusion entre l\u2019Union pour le d\u00e9velopp ...\" \/>\n<meta name=\"robots\" content=\"index, follow, max-snippet:-1, max-image-preview:large, max-video-preview:-1\" \/>\n<link rel=\"canonical\" href=\"https:\/\/www.africa-press.net\/benin\/politique\/benin-ludbn-nexiste-plus-le-br-remet-les-pendules-a-lheure\" \/>\n<meta property=\"og:locale\" content=\"fr_FR\" \/>\n<meta property=\"og:type\" content=\"article\" \/>\n<meta property=\"og:title\" content=\"B\u00e9nin: \u00ab\u00a0l\u2019UDBN n\u2019existe plus\u00a0\u00bb, le BR remet les pendules \u00e0 l\u2019heure\" \/>\n<meta property=\"og:description\" content=\"Le Bloc R\u00e9publicain (BR) a enfin r\u00e9agi \u00e0 l\u2019annonce de la suspension de l\u2019accord de fusion entre l\u2019Union pour le d\u00e9velopp ...\" \/>\n<meta property=\"og:url\" content=\"https:\/\/www.africa-press.net\/benin\/politique\/benin-ludbn-nexiste-plus-le-br-remet-les-pendules-a-lheure\" \/>\n<meta property=\"og:site_name\" content=\"B\u00e9nin\" \/>\n<meta property=\"article:published_time\" content=\"2022-08-19T18:50:06+00:00\" \/>\n<meta property=\"article:modified_time\" content=\"2022-08-19T19:22:05+00:00\" \/>\n<meta property=\"og:image\" content=\"https:\/\/static.africa-press.net\/benin\/sites\/46\/2022\/08\/postQueueImg_20-62ffe2b9c095d.jpg\" \/>\n\t<meta property=\"og:image:width\" content=\"1200\" \/>\n\t<meta property=\"og:image:height\" content=\"675\" \/>\n\t<meta property=\"og:image:type\" content=\"image\/jpeg\" \/>\n<meta name=\"author\" content=\"cfeditorfr\" \/>\n<meta name=\"twitter:card\" content=\"summary_large_image\" \/>\n<meta name=\"twitter:label1\" content=\"\u00c9crit par\" \/>\n\t<meta name=\"twitter:data1\" content=\"cfeditorfr\" \/>\n\t<meta name=\"twitter:label2\" content=\"Dur\u00e9e de lecture estim\u00e9e\" \/>\n\t<meta name=\"twitter:data2\" content=\"3 minutes\" \/>\n<script type=\"application\/ld+json\" class=\"yoast-schema-graph\">{\"@context\":\"https:\/\/schema.org\",\"@graph\":[{\"@type\":\"Article\",\"@id\":\"https:\/\/www.africa-press.net\/benin\/politique\/benin-ludbn-nexiste-plus-le-br-remet-les-pendules-a-lheure#article\",\"isPartOf\":{\"@id\":\"https:\/\/www.africa-press.net\/benin\/politique\/benin-ludbn-nexiste-plus-le-br-remet-les-pendules-a-lheure\"},\"author\":{\"name\":\"cfeditorfr\",\"@id\":\"https:\/\/www.africa-press.net\/benin\/#\/schema\/person\/2b1cf3cd81a31e3cd26889ca66d677f1\"},\"headline\":\"B\u00e9nin: \u00ab\u00a0l\u2019UDBN n\u2019existe plus\u00a0\u00bb, le BR remet les pendules \u00e0 l\u2019heure\",\"datePublished\":\"2022-08-19T18:50:06+00:00\",\"dateModified\":\"2022-08-19T19:22:05+00:00\",\"mainEntityOfPage\":{\"@id\":\"https:\/\/www.africa-press.net\/benin\/politique\/benin-ludbn-nexiste-plus-le-br-remet-les-pendules-a-lheure\"},\"wordCount\":554,\"commentCount\":0,\"image\":{\"@id\":\"https:\/\/www.africa-press.net\/benin\/politique\/benin-ludbn-nexiste-plus-le-br-remet-les-pendules-a-lheure#primaryimage\"},\"thumbnailUrl\":\"https:\/\/static.africa-press.net\/benin\/sites\/46\/2022\/08\/postQueueImg_20-62ffe2b9c095d.jpg\",\"keywords\":[\"Africa Press\",\"Africa Press-Benin\",\"B\u00e9nin\"],\"articleSection\":[\"homepage-french\",\"Politique\",\"Toutes les actualit\u00e9s\"],\"inLanguage\":\"fr-FR\",\"potentialAction\":[{\"@type\":\"CommentAction\",\"name\":\"Comment\",\"target\":[\"https:\/\/www.africa-press.net\/benin\/politique\/benin-ludbn-nexiste-plus-le-br-remet-les-pendules-a-lheure#respond\"]}]},{\"@type\":\"WebPage\",\"@id\":\"https:\/\/www.africa-press.net\/benin\/politique\/benin-ludbn-nexiste-plus-le-br-remet-les-pendules-a-lheure\",\"url\":\"https:\/\/www.africa-press.net\/benin\/politique\/benin-ludbn-nexiste-plus-le-br-remet-les-pendules-a-lheure\",\"name\":\"B\u00e9nin: \u00ab\u00a0l\u2019UDBN n\u2019existe plus\u00a0\u00bb, le BR remet les pendules \u00e0 l\u2019heure - B\u00e9nin\",\"isPartOf\":{\"@id\":\"https:\/\/www.africa-press.net\/benin\/#website\"},\"primaryImageOfPage\":{\"@id\":\"https:\/\/www.africa-press.net\/benin\/politique\/benin-ludbn-nexiste-plus-le-br-remet-les-pendules-a-lheure#primaryimage\"},\"image\":{\"@id\":\"https:\/\/www.africa-press.net\/benin\/politique\/benin-ludbn-nexiste-plus-le-br-remet-les-pendules-a-lheure#primaryimage\"},\"thumbnailUrl\":\"https:\/\/static.africa-press.net\/benin\/sites\/46\/2022\/08\/postQueueImg_20-62ffe2b9c095d.jpg\",\"datePublished\":\"2022-08-19T18:50:06+00:00\",\"dateModified\":\"2022-08-19T19:22:05+00:00\",\"author\":{\"@id\":\"https:\/\/www.africa-press.net\/benin\/#\/schema\/person\/2b1cf3cd81a31e3cd26889ca66d677f1\"},\"description\":\"Le Bloc R\u00e9publicain (BR) a enfin r\u00e9agi \u00e0 l\u2019annonce de la suspension de l\u2019accord de fusion entre l\u2019Union pour le d\u00e9velopp ...\",\"breadcrumb\":{\"@id\":\"https:\/\/www.africa-press.net\/benin\/politique\/benin-ludbn-nexiste-plus-le-br-remet-les-pendules-a-lheure#breadcrumb\"},\"inLanguage\":\"fr-FR\",\"potentialAction\":[{\"@type\":\"ReadAction\",\"target\":[\"https:\/\/www.africa-press.net\/benin\/politique\/benin-ludbn-nexiste-plus-le-br-remet-les-pendules-a-lheure\"]}]},{\"@type\":\"ImageObject\",\"inLanguage\":\"fr-FR\",\"@id\":\"https:\/\/www.africa-press.net\/benin\/politique\/benin-ludbn-nexiste-plus-le-br-remet-les-pendules-a-lheure#primaryimage\",\"url\":\"https:\/\/static.africa-press.net\/benin\/sites\/46\/2022\/08\/postQueueImg_20-62ffe2b9c095d.jpg\",\"contentUrl\":\"https:\/\/static.africa-press.net\/benin\/sites\/46\/2022\/08\/postQueueImg_20-62ffe2b9c095d.jpg\",\"width\":1200,\"height\":675,\"caption\":\"B\u00e9nin: \u00ab\u00a0l\u2019UDBN n\u2019existe plus\u00a0\u00bb, le BR remet les pendules \u00e0 l\u2019heure\"},{\"@type\":\"BreadcrumbList\",\"@id\":\"https:\/\/www.africa-press.net\/benin\/politique\/benin-ludbn-nexiste-plus-le-br-remet-les-pendules-a-lheure#breadcrumb\",\"itemListElement\":[{\"@type\":\"ListItem\",\"position\":1,\"name\":\"Accueil\",\"item\":\"https:\/\/www.africa-press.net\/benin\/\"},{\"@type\":\"ListItem\",\"position\":2,\"name\":\"B\u00e9nin: \u00ab\u00a0l\u2019UDBN n\u2019existe plus\u00a0\u00bb, le BR remet les pendules \u00e0 l\u2019heure\"}]},{\"@type\":\"WebSite\",\"@id\":\"https:\/\/www.africa-press.net\/benin\/#website\",\"url\":\"https:\/\/www.africa-press.net\/benin\/\",\"name\":\"B\u00e9nin\",\"description\":\"Just another Africa News Agency Sites site\",\"potentialAction\":[{\"@type\":\"SearchAction\",\"target\":{\"@type\":\"EntryPoint\",\"urlTemplate\":\"https:\/\/www.africa-press.net\/benin\/?s={search_term_string}\"},\"query-input\":{\"@type\":\"PropertyValueSpecification\",\"valueRequired\":true,\"valueName\":\"search_term_string\"}}],\"inLanguage\":\"fr-FR\"},{\"@type\":\"Person\",\"@id\":\"https:\/\/www.africa-press.net\/benin\/#\/schema\/person\/2b1cf3cd81a31e3cd26889ca66d677f1\",\"name\":\"cfeditorfr\"}]}<\/script>\n<!-- \/ Yoast SEO Premium plugin. -->","yoast_head_json":{"title":"B\u00e9nin: \u00ab\u00a0l\u2019UDBN n\u2019existe plus\u00a0\u00bb, le BR remet les pendules \u00e0 l\u2019heure - B\u00e9nin","description":"Le Bloc R\u00e9publicain (BR) a enfin r\u00e9agi \u00e0 l\u2019annonce de la suspension de l\u2019accord de fusion entre l\u2019Union pour le d\u00e9velopp ...","robots":{"index":"index","follow":"follow","max-snippet":"max-snippet:-1","max-image-preview":"max-image-preview:large","max-video-preview":"max-video-preview:-1"},"canonical":"https:\/\/www.africa-press.net\/benin\/politique\/benin-ludbn-nexiste-plus-le-br-remet-les-pendules-a-lheure","og_locale":"fr_FR","og_type":"article","og_title":"B\u00e9nin: \u00ab\u00a0l\u2019UDBN n\u2019existe plus\u00a0\u00bb, le BR remet les pendules \u00e0 l\u2019heure","og_description":"Le Bloc R\u00e9publicain (BR) a enfin r\u00e9agi \u00e0 l\u2019annonce de la suspension de l\u2019accord de fusion entre l\u2019Union pour le d\u00e9velopp ...","og_url":"https:\/\/www.africa-press.net\/benin\/politique\/benin-ludbn-nexiste-plus-le-br-remet-les-pendules-a-lheure","og_site_name":"B\u00e9nin","article_published_time":"2022-08-19T18:50:06+00:00","article_modified_time":"2022-08-19T19:22:05+00:00","og_image":[{"width":1200,"height":675,"url":"https:\/\/static.africa-press.net\/benin\/sites\/46\/2022\/08\/postQueueImg_20-62ffe2b9c095d.jpg","type":"image\/jpeg"}],"author":"cfeditorfr","twitter_card":"summary_large_image","twitter_misc":{"\u00c9crit par":"cfeditorfr","Dur\u00e9e de lecture estim\u00e9e":"3 minutes"},"schema":{"@context":"https:\/\/schema.org","@graph":[{"@type":"Article","@id":"https:\/\/www.africa-press.net\/benin\/politique\/benin-ludbn-nexiste-plus-le-br-remet-les-pendules-a-lheure#article","isPartOf":{"@id":"https:\/\/www.africa-press.net\/benin\/politique\/benin-ludbn-nexiste-plus-le-br-remet-les-pendules-a-lheure"},"author":{"name":"cfeditorfr","@id":"https:\/\/www.africa-press.net\/benin\/#\/schema\/person\/2b1cf3cd81a31e3cd26889ca66d677f1"},"headline":"B\u00e9nin: \u00ab\u00a0l\u2019UDBN n\u2019existe plus\u00a0\u00bb, le BR remet les pendules \u00e0 l\u2019heure","datePublished":"2022-08-19T18:50:06+00:00","dateModified":"2022-08-19T19:22:05+00:00","mainEntityOfPage":{"@id":"https:\/\/www.africa-press.net\/benin\/politique\/benin-ludbn-nexiste-plus-le-br-remet-les-pendules-a-lheure"},"wordCount":554,"commentCount":0,"image":{"@id":"https:\/\/www.africa-press.net\/benin\/politique\/benin-ludbn-nexiste-plus-le-br-remet-les-pendules-a-lheure#primaryimage"},"thumbnailUrl":"https:\/\/static.africa-press.net\/benin\/sites\/46\/2022\/08\/postQueueImg_20-62ffe2b9c095d.jpg","keywords":["Africa Press","Africa Press-Benin","B\u00e9nin"],"articleSection":["homepage-french","Politique","Toutes les actualit\u00e9s"],"inLanguage":"fr-FR","potentialAction":[{"@type":"CommentAction","name":"Comment","target":["https:\/\/www.africa-press.net\/benin\/politique\/benin-ludbn-nexiste-plus-le-br-remet-les-pendules-a-lheure#respond"]}]},{"@type":"WebPage","@id":"https:\/\/www.africa-press.net\/benin\/politique\/benin-ludbn-nexiste-plus-le-br-remet-les-pendules-a-lheure","url":"https:\/\/www.africa-press.net\/benin\/politique\/benin-ludbn-nexiste-plus-le-br-remet-les-pendules-a-lheure","name":"B\u00e9nin: \u00ab\u00a0l\u2019UDBN n\u2019existe plus\u00a0\u00bb, le BR remet les pendules \u00e0 l\u2019heure - B\u00e9nin","isPartOf":{"@id":"https:\/\/www.africa-press.net\/benin\/#website"},"primaryImageOfPage":{"@id":"https:\/\/www.africa-press.net\/benin\/politique\/benin-ludbn-nexiste-plus-le-br-remet-les-pendules-a-lheure#primaryimage"},"image":{"@id":"https:\/\/www.africa-press.net\/benin\/politique\/benin-ludbn-nexiste-plus-le-br-remet-les-pendules-a-lheure#primaryimage"},"thumbnailUrl":"https:\/\/static.africa-press.net\/benin\/sites\/46\/2022\/08\/postQueueImg_20-62ffe2b9c095d.jpg","datePublished":"2022-08-19T18:50:06+00:00","dateModified":"2022-08-19T19:22:05+00:00","author":{"@id":"https:\/\/www.africa-press.net\/benin\/#\/schema\/person\/2b1cf3cd81a31e3cd26889ca66d677f1"},"description":"Le Bloc R\u00e9publicain (BR) a enfin r\u00e9agi \u00e0 l\u2019annonce de la suspension de l\u2019accord de fusion entre l\u2019Union pour le d\u00e9velopp ...","breadcrumb":{"@id":"https:\/\/www.africa-press.net\/benin\/politique\/benin-ludbn-nexiste-plus-le-br-remet-les-pendules-a-lheure#breadcrumb"},"inLanguage":"fr-FR","potentialAction":[{"@type":"ReadAction","target":["https:\/\/www.africa-press.net\/benin\/politique\/benin-ludbn-nexiste-plus-le-br-remet-les-pendules-a-lheure"]}]},{"@type":"ImageObject","inLanguage":"fr-FR","@id":"https:\/\/www.africa-press.net\/benin\/politique\/benin-ludbn-nexiste-plus-le-br-remet-les-pendules-a-lheure#primaryimage","url":"https:\/\/static.africa-press.net\/benin\/sites\/46\/2022\/08\/postQueueImg_20-62ffe2b9c095d.jpg","contentUrl":"https:\/\/static.africa-press.net\/benin\/sites\/46\/2022\/08\/postQueueImg_20-62ffe2b9c095d.jpg","width":1200,"height":675,"caption":"B\u00e9nin: \u00ab\u00a0l\u2019UDBN n\u2019existe plus\u00a0\u00bb, le BR remet les pendules \u00e0 l\u2019heure"},{"@type":"BreadcrumbList","@id":"https:\/\/www.africa-press.net\/benin\/politique\/benin-ludbn-nexiste-plus-le-br-remet-les-pendules-a-lheure#breadcrumb","itemListElement":[{"@type":"ListItem","position":1,"name":"Accueil","item":"https:\/\/www.africa-press.net\/benin\/"},{"@type":"ListItem","position":2,"name":"B\u00e9nin: \u00ab\u00a0l\u2019UDBN n\u2019existe plus\u00a0\u00bb, le BR remet les pendules \u00e0 l\u2019heure"}]},{"@type":"WebSite","@id":"https:\/\/www.africa-press.net\/benin\/#website","url":"https:\/\/www.africa-press.net\/benin\/","name":"B\u00e9nin","description":"Just another Africa News Agency Sites site","potentialAction":[{"@type":"SearchAction","target":{"@type":"EntryPoint","urlTemplate":"https:\/\/www.africa-press.net\/benin\/?s={search_term_string}"},"query-input":{"@type":"PropertyValueSpecification","valueRequired":true,"valueName":"search_term_string"}}],"inLanguage":"fr-FR"},{"@type":"Person","@id":"https:\/\/www.africa-press.net\/benin\/#\/schema\/person\/2b1cf3cd81a31e3cd26889ca66d677f1","name":"cfeditorfr"}]}},"_links":{"self":[{"href":"https:\/\/www.africa-press.net\/benin\/wp-json\/wp\/v2\/posts\/8034","targetHints":{"allow":["GET"]}}],"collection":[{"href":"https:\/\/www.africa-press.net\/benin\/wp-json\/wp\/v2\/posts"}],"about":[{"href":"https:\/\/www.africa-press.net\/benin\/wp-json\/wp\/v2\/types\/post"}],"author":[{"embeddable":true,"href":"https:\/\/www.africa-press.net\/benin\/wp-json\/wp\/v2\/users\/82"}],"replies":[{"embeddable":true,"href":"https:\/\/www.africa-press.net\/benin\/wp-json\/wp\/v2\/comments?post=8034"}],"version-history":[{"count":0,"href":"https:\/\/www.africa-press.net\/benin\/wp-json\/wp\/v2\/posts\/8034\/revisions"}],"wp:featuredmedia":[{"embeddable":true,"href":"https:\/\/www.africa-press.net\/benin\/wp-json\/wp\/v2\/media\/8033"}],"wp:attachment":[{"href":"https:\/\/www.africa-press.net\/benin\/wp-json\/wp\/v2\/media?parent=8034"}],"wp:term":[{"taxonomy":"category","embeddable":true,"href":"https:\/\/www.africa-press.net\/benin\/wp-json\/wp\/v2\/categories?post=8034"},{"taxonomy":"post_tag","embeddable":true,"href":"https:\/\/www.africa-press.net\/benin\/wp-json\/wp\/v2\/tags?post=8034"}],"curies":[{"name":"wp","href":"https:\/\/api.w.org\/{rel}","templated":true}]}}