{"id":8040,"date":"2022-08-19T18:50:23","date_gmt":"2022-08-19T18:50:23","guid":{"rendered":"https:\/\/www.africa-press.net\/benin\/politique\/legislatives-2023-au-benin-fortement-courtise-valentin-houde-annonce-dans-la-mouvance"},"modified":"2022-08-19T19:22:52","modified_gmt":"2022-08-19T19:22:52","slug":"legislatives-2023-au-benin-fortement-courtise-valentin-houde-annonce-dans-la-mouvance","status":"publish","type":"post","link":"https:\/\/www.africa-press.net\/benin\/politique\/legislatives-2023-au-benin-fortement-courtise-valentin-houde-annonce-dans-la-mouvance","title":{"rendered":"L\u00e9gislatives 2023 au B\u00e9nin: fortement courtis\u00e9, Valentin Houd\u00e9 annonc\u00e9 dans la mouvance"},"content":{"rendered":"<p><span style=\"color: #ff6600\"><strong>Africa-Press &#8211; Benin. <\/strong><\/span>Annonc\u00e9e comme l\u2019une des formations politiques menac\u00e9es de disparition au au terme de l\u2019article 27 de la loi n\u00b02018-23 du 17 septembre 2018 portant charte des partis politiques en R\u00e9publique du B\u00e9nin, la DUD de Valentin Houd\u00e9 est annonc\u00e9e dans la mouvance dans le cadre des \u00e9lections l\u00e9gislatives prochaines.<\/p>\n<p>A quelques mois des prochaines \u00e9lections l\u00e9gislatives, il est not\u00e9 des regains d\u2019activit\u00e9s au sein des formations politiques et de repositionnement d\u2019acteurs politiques. En dehors de l\u2019actualit\u00e9 sur l\u2019UDBN, il se susurre actuellement que la DUD de l\u2019ancien questeur de l\u2019assembl\u00e9e nationale, Valentin Houd\u00e9 se pr\u00e9pare \u00e0 rejoindre la mouvance au pouvoir.<\/p>\n<p>Selon des sources rapport\u00e9es par \u00ab Les 4 V\u00e9rit\u00e9s \u00bb, le parti Dynamique unitaire pour la d\u00e9mocratie et le d\u00e9veloppement (<b>DUD<\/b>) de Valentin Houd\u00e9 est actuellement fortement courtis\u00e9. N\u2019eusse \u00e9t\u00e9 son h\u00e9sitation, l\u2019homme de Z\u00e8 aurait fait depuis un moment, sa d\u00e9claration d\u2019adh\u00e9sion \u00e0 la mouvance mais ce n\u2019est plus pour longtemps selon les indiscr\u00e9tions. C\u2019est le parti Union Progressiste en refondation avec le PRD qui va accueillir le parti de l\u2019ancien questeur de l\u2019assembl\u00e9e nationale qui s\u2019est toujours fait \u00e9lire dans son fief \u00e9lectoral.<\/p>\n<p>Le parti de Valentin Houd\u00e9 avait rat\u00e9 les rendez-vous des \u00e9lections l\u00e9gislatives de 2019 et les \u00e9lections communales et municipales de 2020 et figure donc sur la liste des partis politiques menac\u00e9s de disparition. Si les indiscr\u00e9tions arrivaient \u00e0 se confirmer, la DUD pr\u00e9servera ainsi ce qui lui reste comme actif mais en \u00e9change de sa libert\u00e9 d\u2019action.<\/p>\n<p>Le parti Dynamique unitaire pour la d\u00e9mocratie et le d\u00e9veloppement (<b>DUD<\/b>) est une formation politique bien assise dans l\u2019arrondissement de Z\u00e8 et qui dispose d\u2019un bon ancrage dans toute la sixi\u00e8me circonscription \u00e9lectorale.<\/p>\n<p><strong>Pour plus d&rsquo;informations et d&rsquo;analyses sur la <a href=\"https:\/\/www.africa-press.net\/benin\">Benin<\/a>, suivez <a href=\"https:\/\/www.africa-press.net\/\">Africa-Press<\/a><\/strong><\/p>\n","protected":false},"excerpt":{"rendered":"<p>Africa-Press &#8211; Benin. Annonc\u00e9e comme l\u2019une des formations politiques menac\u00e9es de disparition au au terme de l\u2019article 27 de la loi n\u00b02018-23 du 17 septembre 2018 portant charte des partis politiques en R\u00e9publique du B\u00e9nin, la DUD de Valentin Houd\u00e9 est annonc\u00e9e dans la mouvance dans le cadre des \u00e9lections l\u00e9gislatives prochaines. A quelques mois [&hellip;]<\/p>\n","protected":false},"author":82,"featured_media":8038,"comment_status":"open","ping_status":"closed","sticky":false,"template":"","format":"standard","meta":{"footnotes":""},"categories":[11,2,10],"tags":[36,50,45],"class_list":["post-8040","post","type-post","status-publish","format-standard","has-post-thumbnail","hentry","category-homepage-french","category-politique","category-toutes-les-actualites","tag-africa-press","tag-africa-press-benin","tag-benin"],"yoast_head":"<!-- This site is optimized with the Yoast SEO Premium plugin v26.1 (Yoast SEO v27.0) - https:\/\/yoast.com\/product\/yoast-seo-premium-wordpress\/ -->\n<title>L\u00e9gislatives 2023 au B\u00e9nin: fortement courtis\u00e9, Valentin Houd\u00e9 annonc\u00e9 dans la mouvance - B\u00e9nin<\/title>\n<meta name=\"description\" content=\"Annonc\u00e9e comme l\u2019une des formations politiques menac\u00e9es de disparition au au terme de l\u2019article 27 de la loi n\u00b02018-23 d ...\" \/>\n<meta name=\"robots\" content=\"index, follow, max-snippet:-1, max-image-preview:large, max-video-preview:-1\" \/>\n<link rel=\"canonical\" href=\"https:\/\/www.africa-press.net\/benin\/politique\/legislatives-2023-au-benin-fortement-courtise-valentin-houde-annonce-dans-la-mouvance\" \/>\n<meta property=\"og:locale\" content=\"fr_FR\" \/>\n<meta property=\"og:type\" content=\"article\" \/>\n<meta property=\"og:title\" content=\"L\u00e9gislatives 2023 au B\u00e9nin: fortement courtis\u00e9, Valentin Houd\u00e9 annonc\u00e9 dans la mouvance\" \/>\n<meta property=\"og:description\" content=\"Annonc\u00e9e comme l\u2019une des formations politiques menac\u00e9es de disparition au au terme de l\u2019article 27 de la loi n\u00b02018-23 d ...\" \/>\n<meta property=\"og:url\" content=\"https:\/\/www.africa-press.net\/benin\/politique\/legislatives-2023-au-benin-fortement-courtise-valentin-houde-annonce-dans-la-mouvance\" \/>\n<meta property=\"og:site_name\" content=\"B\u00e9nin\" \/>\n<meta property=\"article:published_time\" content=\"2022-08-19T18:50:23+00:00\" \/>\n<meta property=\"article:modified_time\" content=\"2022-08-19T19:22:52+00:00\" \/>\n<meta property=\"og:image\" content=\"https:\/\/static.africa-press.net\/benin\/sites\/46\/2022\/08\/postQueueImg_21-62ffe2e184800.jpg\" \/>\n\t<meta property=\"og:image:width\" content=\"1200\" \/>\n\t<meta property=\"og:image:height\" content=\"675\" \/>\n\t<meta property=\"og:image:type\" content=\"image\/jpeg\" \/>\n<meta name=\"author\" content=\"cfeditorfr\" \/>\n<meta name=\"twitter:card\" content=\"summary_large_image\" \/>\n<meta name=\"twitter:label1\" content=\"\u00c9crit par\" \/>\n\t<meta name=\"twitter:data1\" content=\"cfeditorfr\" \/>\n\t<meta name=\"twitter:label2\" content=\"Dur\u00e9e de lecture estim\u00e9e\" \/>\n\t<meta name=\"twitter:data2\" content=\"2 minutes\" \/>\n<script type=\"application\/ld+json\" class=\"yoast-schema-graph\">{\"@context\":\"https:\/\/schema.org\",\"@graph\":[{\"@type\":\"Article\",\"@id\":\"https:\/\/www.africa-press.net\/benin\/politique\/legislatives-2023-au-benin-fortement-courtise-valentin-houde-annonce-dans-la-mouvance#article\",\"isPartOf\":{\"@id\":\"https:\/\/www.africa-press.net\/benin\/politique\/legislatives-2023-au-benin-fortement-courtise-valentin-houde-annonce-dans-la-mouvance\"},\"author\":{\"name\":\"cfeditorfr\",\"@id\":\"https:\/\/www.africa-press.net\/benin\/#\/schema\/person\/2b1cf3cd81a31e3cd26889ca66d677f1\"},\"headline\":\"L\u00e9gislatives 2023 au B\u00e9nin: fortement courtis\u00e9, Valentin Houd\u00e9 annonc\u00e9 dans la mouvance\",\"datePublished\":\"2022-08-19T18:50:23+00:00\",\"dateModified\":\"2022-08-19T19:22:52+00:00\",\"mainEntityOfPage\":{\"@id\":\"https:\/\/www.africa-press.net\/benin\/politique\/legislatives-2023-au-benin-fortement-courtise-valentin-houde-annonce-dans-la-mouvance\"},\"wordCount\":341,\"commentCount\":0,\"image\":{\"@id\":\"https:\/\/www.africa-press.net\/benin\/politique\/legislatives-2023-au-benin-fortement-courtise-valentin-houde-annonce-dans-la-mouvance#primaryimage\"},\"thumbnailUrl\":\"https:\/\/static.africa-press.net\/benin\/sites\/46\/2022\/08\/postQueueImg_21-62ffe2e184800.jpg\",\"keywords\":[\"Africa Press\",\"Africa Press-Benin\",\"B\u00e9nin\"],\"articleSection\":[\"homepage-french\",\"Politique\",\"Toutes les actualit\u00e9s\"],\"inLanguage\":\"fr-FR\",\"potentialAction\":[{\"@type\":\"CommentAction\",\"name\":\"Comment\",\"target\":[\"https:\/\/www.africa-press.net\/benin\/politique\/legislatives-2023-au-benin-fortement-courtise-valentin-houde-annonce-dans-la-mouvance#respond\"]}]},{\"@type\":\"WebPage\",\"@id\":\"https:\/\/www.africa-press.net\/benin\/politique\/legislatives-2023-au-benin-fortement-courtise-valentin-houde-annonce-dans-la-mouvance\",\"url\":\"https:\/\/www.africa-press.net\/benin\/politique\/legislatives-2023-au-benin-fortement-courtise-valentin-houde-annonce-dans-la-mouvance\",\"name\":\"L\u00e9gislatives 2023 au B\u00e9nin: fortement courtis\u00e9, Valentin Houd\u00e9 annonc\u00e9 dans la mouvance - B\u00e9nin\",\"isPartOf\":{\"@id\":\"https:\/\/www.africa-press.net\/benin\/#website\"},\"primaryImageOfPage\":{\"@id\":\"https:\/\/www.africa-press.net\/benin\/politique\/legislatives-2023-au-benin-fortement-courtise-valentin-houde-annonce-dans-la-mouvance#primaryimage\"},\"image\":{\"@id\":\"https:\/\/www.africa-press.net\/benin\/politique\/legislatives-2023-au-benin-fortement-courtise-valentin-houde-annonce-dans-la-mouvance#primaryimage\"},\"thumbnailUrl\":\"https:\/\/static.africa-press.net\/benin\/sites\/46\/2022\/08\/postQueueImg_21-62ffe2e184800.jpg\",\"datePublished\":\"2022-08-19T18:50:23+00:00\",\"dateModified\":\"2022-08-19T19:22:52+00:00\",\"author\":{\"@id\":\"https:\/\/www.africa-press.net\/benin\/#\/schema\/person\/2b1cf3cd81a31e3cd26889ca66d677f1\"},\"description\":\"Annonc\u00e9e comme l\u2019une des formations politiques menac\u00e9es de disparition au au terme de l\u2019article 27 de la loi n\u00b02018-23 d ...\",\"breadcrumb\":{\"@id\":\"https:\/\/www.africa-press.net\/benin\/politique\/legislatives-2023-au-benin-fortement-courtise-valentin-houde-annonce-dans-la-mouvance#breadcrumb\"},\"inLanguage\":\"fr-FR\",\"potentialAction\":[{\"@type\":\"ReadAction\",\"target\":[\"https:\/\/www.africa-press.net\/benin\/politique\/legislatives-2023-au-benin-fortement-courtise-valentin-houde-annonce-dans-la-mouvance\"]}]},{\"@type\":\"ImageObject\",\"inLanguage\":\"fr-FR\",\"@id\":\"https:\/\/www.africa-press.net\/benin\/politique\/legislatives-2023-au-benin-fortement-courtise-valentin-houde-annonce-dans-la-mouvance#primaryimage\",\"url\":\"https:\/\/static.africa-press.net\/benin\/sites\/46\/2022\/08\/postQueueImg_21-62ffe2e184800.jpg\",\"contentUrl\":\"https:\/\/static.africa-press.net\/benin\/sites\/46\/2022\/08\/postQueueImg_21-62ffe2e184800.jpg\",\"width\":1200,\"height\":675,\"caption\":\"L\u00e9gislatives 2023 au B\u00e9nin: fortement courtis\u00e9, Valentin Houd\u00e9 annonc\u00e9 dans la mouvance\"},{\"@type\":\"BreadcrumbList\",\"@id\":\"https:\/\/www.africa-press.net\/benin\/politique\/legislatives-2023-au-benin-fortement-courtise-valentin-houde-annonce-dans-la-mouvance#breadcrumb\",\"itemListElement\":[{\"@type\":\"ListItem\",\"position\":1,\"name\":\"Accueil\",\"item\":\"https:\/\/www.africa-press.net\/benin\/\"},{\"@type\":\"ListItem\",\"position\":2,\"name\":\"L\u00e9gislatives 2023 au B\u00e9nin: fortement courtis\u00e9, Valentin Houd\u00e9 annonc\u00e9 dans la mouvance\"}]},{\"@type\":\"WebSite\",\"@id\":\"https:\/\/www.africa-press.net\/benin\/#website\",\"url\":\"https:\/\/www.africa-press.net\/benin\/\",\"name\":\"B\u00e9nin\",\"description\":\"Just another Africa News Agency Sites site\",\"potentialAction\":[{\"@type\":\"SearchAction\",\"target\":{\"@type\":\"EntryPoint\",\"urlTemplate\":\"https:\/\/www.africa-press.net\/benin\/?s={search_term_string}\"},\"query-input\":{\"@type\":\"PropertyValueSpecification\",\"valueRequired\":true,\"valueName\":\"search_term_string\"}}],\"inLanguage\":\"fr-FR\"},{\"@type\":\"Person\",\"@id\":\"https:\/\/www.africa-press.net\/benin\/#\/schema\/person\/2b1cf3cd81a31e3cd26889ca66d677f1\",\"name\":\"cfeditorfr\"}]}<\/script>\n<!-- \/ Yoast SEO Premium plugin. -->","yoast_head_json":{"title":"L\u00e9gislatives 2023 au B\u00e9nin: fortement courtis\u00e9, Valentin Houd\u00e9 annonc\u00e9 dans la mouvance - B\u00e9nin","description":"Annonc\u00e9e comme l\u2019une des formations politiques menac\u00e9es de disparition au au terme de l\u2019article 27 de la loi n\u00b02018-23 d ...","robots":{"index":"index","follow":"follow","max-snippet":"max-snippet:-1","max-image-preview":"max-image-preview:large","max-video-preview":"max-video-preview:-1"},"canonical":"https:\/\/www.africa-press.net\/benin\/politique\/legislatives-2023-au-benin-fortement-courtise-valentin-houde-annonce-dans-la-mouvance","og_locale":"fr_FR","og_type":"article","og_title":"L\u00e9gislatives 2023 au B\u00e9nin: fortement courtis\u00e9, Valentin Houd\u00e9 annonc\u00e9 dans la mouvance","og_description":"Annonc\u00e9e comme l\u2019une des formations politiques menac\u00e9es de disparition au au terme de l\u2019article 27 de la loi n\u00b02018-23 d ...","og_url":"https:\/\/www.africa-press.net\/benin\/politique\/legislatives-2023-au-benin-fortement-courtise-valentin-houde-annonce-dans-la-mouvance","og_site_name":"B\u00e9nin","article_published_time":"2022-08-19T18:50:23+00:00","article_modified_time":"2022-08-19T19:22:52+00:00","og_image":[{"width":1200,"height":675,"url":"https:\/\/static.africa-press.net\/benin\/sites\/46\/2022\/08\/postQueueImg_21-62ffe2e184800.jpg","type":"image\/jpeg"}],"author":"cfeditorfr","twitter_card":"summary_large_image","twitter_misc":{"\u00c9crit par":"cfeditorfr","Dur\u00e9e de lecture estim\u00e9e":"2 minutes"},"schema":{"@context":"https:\/\/schema.org","@graph":[{"@type":"Article","@id":"https:\/\/www.africa-press.net\/benin\/politique\/legislatives-2023-au-benin-fortement-courtise-valentin-houde-annonce-dans-la-mouvance#article","isPartOf":{"@id":"https:\/\/www.africa-press.net\/benin\/politique\/legislatives-2023-au-benin-fortement-courtise-valentin-houde-annonce-dans-la-mouvance"},"author":{"name":"cfeditorfr","@id":"https:\/\/www.africa-press.net\/benin\/#\/schema\/person\/2b1cf3cd81a31e3cd26889ca66d677f1"},"headline":"L\u00e9gislatives 2023 au B\u00e9nin: fortement courtis\u00e9, Valentin Houd\u00e9 annonc\u00e9 dans la mouvance","datePublished":"2022-08-19T18:50:23+00:00","dateModified":"2022-08-19T19:22:52+00:00","mainEntityOfPage":{"@id":"https:\/\/www.africa-press.net\/benin\/politique\/legislatives-2023-au-benin-fortement-courtise-valentin-houde-annonce-dans-la-mouvance"},"wordCount":341,"commentCount":0,"image":{"@id":"https:\/\/www.africa-press.net\/benin\/politique\/legislatives-2023-au-benin-fortement-courtise-valentin-houde-annonce-dans-la-mouvance#primaryimage"},"thumbnailUrl":"https:\/\/static.africa-press.net\/benin\/sites\/46\/2022\/08\/postQueueImg_21-62ffe2e184800.jpg","keywords":["Africa Press","Africa Press-Benin","B\u00e9nin"],"articleSection":["homepage-french","Politique","Toutes les actualit\u00e9s"],"inLanguage":"fr-FR","potentialAction":[{"@type":"CommentAction","name":"Comment","target":["https:\/\/www.africa-press.net\/benin\/politique\/legislatives-2023-au-benin-fortement-courtise-valentin-houde-annonce-dans-la-mouvance#respond"]}]},{"@type":"WebPage","@id":"https:\/\/www.africa-press.net\/benin\/politique\/legislatives-2023-au-benin-fortement-courtise-valentin-houde-annonce-dans-la-mouvance","url":"https:\/\/www.africa-press.net\/benin\/politique\/legislatives-2023-au-benin-fortement-courtise-valentin-houde-annonce-dans-la-mouvance","name":"L\u00e9gislatives 2023 au B\u00e9nin: fortement courtis\u00e9, Valentin Houd\u00e9 annonc\u00e9 dans la mouvance - B\u00e9nin","isPartOf":{"@id":"https:\/\/www.africa-press.net\/benin\/#website"},"primaryImageOfPage":{"@id":"https:\/\/www.africa-press.net\/benin\/politique\/legislatives-2023-au-benin-fortement-courtise-valentin-houde-annonce-dans-la-mouvance#primaryimage"},"image":{"@id":"https:\/\/www.africa-press.net\/benin\/politique\/legislatives-2023-au-benin-fortement-courtise-valentin-houde-annonce-dans-la-mouvance#primaryimage"},"thumbnailUrl":"https:\/\/static.africa-press.net\/benin\/sites\/46\/2022\/08\/postQueueImg_21-62ffe2e184800.jpg","datePublished":"2022-08-19T18:50:23+00:00","dateModified":"2022-08-19T19:22:52+00:00","author":{"@id":"https:\/\/www.africa-press.net\/benin\/#\/schema\/person\/2b1cf3cd81a31e3cd26889ca66d677f1"},"description":"Annonc\u00e9e comme l\u2019une des formations politiques menac\u00e9es de disparition au au terme de l\u2019article 27 de la loi n\u00b02018-23 d ...","breadcrumb":{"@id":"https:\/\/www.africa-press.net\/benin\/politique\/legislatives-2023-au-benin-fortement-courtise-valentin-houde-annonce-dans-la-mouvance#breadcrumb"},"inLanguage":"fr-FR","potentialAction":[{"@type":"ReadAction","target":["https:\/\/www.africa-press.net\/benin\/politique\/legislatives-2023-au-benin-fortement-courtise-valentin-houde-annonce-dans-la-mouvance"]}]},{"@type":"ImageObject","inLanguage":"fr-FR","@id":"https:\/\/www.africa-press.net\/benin\/politique\/legislatives-2023-au-benin-fortement-courtise-valentin-houde-annonce-dans-la-mouvance#primaryimage","url":"https:\/\/static.africa-press.net\/benin\/sites\/46\/2022\/08\/postQueueImg_21-62ffe2e184800.jpg","contentUrl":"https:\/\/static.africa-press.net\/benin\/sites\/46\/2022\/08\/postQueueImg_21-62ffe2e184800.jpg","width":1200,"height":675,"caption":"L\u00e9gislatives 2023 au B\u00e9nin: fortement courtis\u00e9, Valentin Houd\u00e9 annonc\u00e9 dans la mouvance"},{"@type":"BreadcrumbList","@id":"https:\/\/www.africa-press.net\/benin\/politique\/legislatives-2023-au-benin-fortement-courtise-valentin-houde-annonce-dans-la-mouvance#breadcrumb","itemListElement":[{"@type":"ListItem","position":1,"name":"Accueil","item":"https:\/\/www.africa-press.net\/benin\/"},{"@type":"ListItem","position":2,"name":"L\u00e9gislatives 2023 au B\u00e9nin: fortement courtis\u00e9, Valentin Houd\u00e9 annonc\u00e9 dans la mouvance"}]},{"@type":"WebSite","@id":"https:\/\/www.africa-press.net\/benin\/#website","url":"https:\/\/www.africa-press.net\/benin\/","name":"B\u00e9nin","description":"Just another Africa News Agency Sites site","potentialAction":[{"@type":"SearchAction","target":{"@type":"EntryPoint","urlTemplate":"https:\/\/www.africa-press.net\/benin\/?s={search_term_string}"},"query-input":{"@type":"PropertyValueSpecification","valueRequired":true,"valueName":"search_term_string"}}],"inLanguage":"fr-FR"},{"@type":"Person","@id":"https:\/\/www.africa-press.net\/benin\/#\/schema\/person\/2b1cf3cd81a31e3cd26889ca66d677f1","name":"cfeditorfr"}]}},"_links":{"self":[{"href":"https:\/\/www.africa-press.net\/benin\/wp-json\/wp\/v2\/posts\/8040","targetHints":{"allow":["GET"]}}],"collection":[{"href":"https:\/\/www.africa-press.net\/benin\/wp-json\/wp\/v2\/posts"}],"about":[{"href":"https:\/\/www.africa-press.net\/benin\/wp-json\/wp\/v2\/types\/post"}],"author":[{"embeddable":true,"href":"https:\/\/www.africa-press.net\/benin\/wp-json\/wp\/v2\/users\/82"}],"replies":[{"embeddable":true,"href":"https:\/\/www.africa-press.net\/benin\/wp-json\/wp\/v2\/comments?post=8040"}],"version-history":[{"count":0,"href":"https:\/\/www.africa-press.net\/benin\/wp-json\/wp\/v2\/posts\/8040\/revisions"}],"wp:featuredmedia":[{"embeddable":true,"href":"https:\/\/www.africa-press.net\/benin\/wp-json\/wp\/v2\/media\/8038"}],"wp:attachment":[{"href":"https:\/\/www.africa-press.net\/benin\/wp-json\/wp\/v2\/media?parent=8040"}],"wp:term":[{"taxonomy":"category","embeddable":true,"href":"https:\/\/www.africa-press.net\/benin\/wp-json\/wp\/v2\/categories?post=8040"},{"taxonomy":"post_tag","embeddable":true,"href":"https:\/\/www.africa-press.net\/benin\/wp-json\/wp\/v2\/tags?post=8040"}],"curies":[{"name":"wp","href":"https:\/\/api.w.org\/{rel}","templated":true}]}}