{"id":8049,"date":"2022-08-19T18:50:50","date_gmt":"2022-08-19T18:50:50","guid":{"rendered":"https:\/\/www.africa-press.net\/benin\/politique\/benin-patrice-talon-annonce-en-france-pour-une-visite-de-travail"},"modified":"2022-08-19T19:25:28","modified_gmt":"2022-08-19T19:25:28","slug":"benin-patrice-talon-annonce-en-france-pour-une-visite-de-travail","status":"publish","type":"post","link":"https:\/\/www.africa-press.net\/benin\/politique\/benin-patrice-talon-annonce-en-france-pour-une-visite-de-travail","title":{"rendered":"B\u00e9nin: Patrice Talon annonc\u00e9 en France pour une visite de travail"},"content":{"rendered":"<p><span style=\"color: #ff6600\"><strong>Africa-Press &#8211; Benin. <\/strong><\/span>Le pr\u00e9sident Patrice Talon est annonc\u00e9 en France pour une visite de travail les 29 et 30 ao\u00fbt 2022.<\/p>\n<p>Actuellement en cong\u00e9s, le pr\u00e9sident b\u00e9ninois va reprendre la gestion des affaires publiques par une visite de travail en France. Selon le magazine Jeune Afrique, Patrice Talon est attendu \u00e0 l\u2019Organisation des Nations unies pour l\u2019\u00e9ducation, la science et la culture (l\u2019Unesco), \u00e0 la t\u00eate d\u2019une d\u00e9l\u00e9gation compos\u00e9e de plusieurs personnalit\u00e9s dont le ministre des affaire \u00e9trang\u00e8res, Aur\u00e9lien Agb\u00e9nonci.<\/p>\n<p>Patrice Talon va discuter avec Audrey Azoulay, la directrice g\u00e9n\u00e9rale de l\u2019Unesco. Il sera \u00e9galement re\u00e7u par Chrysoula Zacharopoulou, secr\u00e9taire d\u2019\u00c9tat charg\u00e9e de la Francophonie et des partenariats internationaux aupr\u00e8s de la ministre des Affaires \u00e9trang\u00e8res de France.<\/p>\n<p>Ce d\u00e9placement du pr\u00e9sident Patrice Talon est annonc\u00e9 quelques semaines apr\u00e8s la visite d\u2019Emmanuel Macron au B\u00e9nin. Cette visite a \u00e9t\u00e9 l\u2019occasion pour le B\u00e9nin et la France de sign\u00e9s trois accords sur la s\u00e9curit\u00e9, l\u2019\u00e9ducation et la culture.<\/p>\n<p><strong>Pour plus d&rsquo;informations et d&rsquo;analyses sur la <a href=\"https:\/\/www.africa-press.net\/benin\">Benin<\/a>, suivez <a href=\"https:\/\/www.africa-press.net\/\">Africa-Press<\/a><\/strong><\/p>\n","protected":false},"excerpt":{"rendered":"<p>Africa-Press &#8211; Benin. Le pr\u00e9sident Patrice Talon est annonc\u00e9 en France pour une visite de travail les 29 et 30 ao\u00fbt 2022. Actuellement en cong\u00e9s, le pr\u00e9sident b\u00e9ninois va reprendre la gestion des affaires publiques par une visite de travail en France. Selon le magazine Jeune Afrique, Patrice Talon est attendu \u00e0 l\u2019Organisation des Nations [&hellip;]<\/p>\n","protected":false},"author":82,"featured_media":8048,"comment_status":"open","ping_status":"closed","sticky":false,"template":"","format":"standard","meta":{"footnotes":""},"categories":[11,2,10],"tags":[36,50,45],"class_list":["post-8049","post","type-post","status-publish","format-standard","has-post-thumbnail","hentry","category-homepage-french","category-politique","category-toutes-les-actualites","tag-africa-press","tag-africa-press-benin","tag-benin"],"yoast_head":"<!-- This site is optimized with the Yoast SEO Premium plugin v26.1 (Yoast SEO v27.0) - https:\/\/yoast.com\/product\/yoast-seo-premium-wordpress\/ -->\n<title>B\u00e9nin: Patrice Talon annonc\u00e9 en France pour une visite de travail - B\u00e9nin<\/title>\n<meta name=\"description\" content=\"Le pr\u00e9sident Patrice Talon est annonc\u00e9 en France pour une visite de travail les 29 et 30 ao\u00fbt 2022. Actuellement en con ...\" \/>\n<meta name=\"robots\" content=\"index, follow, max-snippet:-1, max-image-preview:large, max-video-preview:-1\" \/>\n<link rel=\"canonical\" href=\"https:\/\/www.africa-press.net\/benin\/politique\/benin-patrice-talon-annonce-en-france-pour-une-visite-de-travail\" \/>\n<meta property=\"og:locale\" content=\"fr_FR\" \/>\n<meta property=\"og:type\" content=\"article\" \/>\n<meta property=\"og:title\" content=\"B\u00e9nin: Patrice Talon annonc\u00e9 en France pour une visite de travail\" \/>\n<meta property=\"og:description\" content=\"Le pr\u00e9sident Patrice Talon est annonc\u00e9 en France pour une visite de travail les 29 et 30 ao\u00fbt 2022. Actuellement en con ...\" \/>\n<meta property=\"og:url\" content=\"https:\/\/www.africa-press.net\/benin\/politique\/benin-patrice-talon-annonce-en-france-pour-une-visite-de-travail\" \/>\n<meta property=\"og:site_name\" content=\"B\u00e9nin\" \/>\n<meta property=\"article:published_time\" content=\"2022-08-19T18:50:50+00:00\" \/>\n<meta property=\"article:modified_time\" content=\"2022-08-19T19:25:28+00:00\" \/>\n<meta property=\"og:image\" content=\"https:\/\/static.africa-press.net\/benin\/sites\/46\/2022\/08\/postQueueImg_24-62ffe3712a0de.jpg\" \/>\n\t<meta property=\"og:image:width\" content=\"1200\" \/>\n\t<meta property=\"og:image:height\" content=\"800\" \/>\n\t<meta property=\"og:image:type\" content=\"image\/jpeg\" \/>\n<meta name=\"author\" content=\"cfeditorfr\" \/>\n<meta name=\"twitter:card\" content=\"summary_large_image\" \/>\n<meta name=\"twitter:label1\" content=\"\u00c9crit par\" \/>\n\t<meta name=\"twitter:data1\" content=\"cfeditorfr\" \/>\n\t<meta name=\"twitter:label2\" content=\"Dur\u00e9e de lecture estim\u00e9e\" \/>\n\t<meta name=\"twitter:data2\" content=\"1 minute\" \/>\n<script type=\"application\/ld+json\" class=\"yoast-schema-graph\">{\"@context\":\"https:\/\/schema.org\",\"@graph\":[{\"@type\":\"Article\",\"@id\":\"https:\/\/www.africa-press.net\/benin\/politique\/benin-patrice-talon-annonce-en-france-pour-une-visite-de-travail#article\",\"isPartOf\":{\"@id\":\"https:\/\/www.africa-press.net\/benin\/politique\/benin-patrice-talon-annonce-en-france-pour-une-visite-de-travail\"},\"author\":{\"name\":\"cfeditorfr\",\"@id\":\"https:\/\/www.africa-press.net\/benin\/#\/schema\/person\/2b1cf3cd81a31e3cd26889ca66d677f1\"},\"headline\":\"B\u00e9nin: Patrice Talon annonc\u00e9 en France pour une visite de travail\",\"datePublished\":\"2022-08-19T18:50:50+00:00\",\"dateModified\":\"2022-08-19T19:25:28+00:00\",\"mainEntityOfPage\":{\"@id\":\"https:\/\/www.africa-press.net\/benin\/politique\/benin-patrice-talon-annonce-en-france-pour-une-visite-de-travail\"},\"wordCount\":213,\"commentCount\":0,\"image\":{\"@id\":\"https:\/\/www.africa-press.net\/benin\/politique\/benin-patrice-talon-annonce-en-france-pour-une-visite-de-travail#primaryimage\"},\"thumbnailUrl\":\"https:\/\/static.africa-press.net\/benin\/sites\/46\/2022\/08\/postQueueImg_24-62ffe3712a0de.jpg\",\"keywords\":[\"Africa Press\",\"Africa Press-Benin\",\"B\u00e9nin\"],\"articleSection\":[\"homepage-french\",\"Politique\",\"Toutes les actualit\u00e9s\"],\"inLanguage\":\"fr-FR\",\"potentialAction\":[{\"@type\":\"CommentAction\",\"name\":\"Comment\",\"target\":[\"https:\/\/www.africa-press.net\/benin\/politique\/benin-patrice-talon-annonce-en-france-pour-une-visite-de-travail#respond\"]}]},{\"@type\":\"WebPage\",\"@id\":\"https:\/\/www.africa-press.net\/benin\/politique\/benin-patrice-talon-annonce-en-france-pour-une-visite-de-travail\",\"url\":\"https:\/\/www.africa-press.net\/benin\/politique\/benin-patrice-talon-annonce-en-france-pour-une-visite-de-travail\",\"name\":\"B\u00e9nin: Patrice Talon annonc\u00e9 en France pour une visite de travail - B\u00e9nin\",\"isPartOf\":{\"@id\":\"https:\/\/www.africa-press.net\/benin\/#website\"},\"primaryImageOfPage\":{\"@id\":\"https:\/\/www.africa-press.net\/benin\/politique\/benin-patrice-talon-annonce-en-france-pour-une-visite-de-travail#primaryimage\"},\"image\":{\"@id\":\"https:\/\/www.africa-press.net\/benin\/politique\/benin-patrice-talon-annonce-en-france-pour-une-visite-de-travail#primaryimage\"},\"thumbnailUrl\":\"https:\/\/static.africa-press.net\/benin\/sites\/46\/2022\/08\/postQueueImg_24-62ffe3712a0de.jpg\",\"datePublished\":\"2022-08-19T18:50:50+00:00\",\"dateModified\":\"2022-08-19T19:25:28+00:00\",\"author\":{\"@id\":\"https:\/\/www.africa-press.net\/benin\/#\/schema\/person\/2b1cf3cd81a31e3cd26889ca66d677f1\"},\"description\":\"Le pr\u00e9sident Patrice Talon est annonc\u00e9 en France pour une visite de travail les 29 et 30 ao\u00fbt 2022. Actuellement en con ...\",\"breadcrumb\":{\"@id\":\"https:\/\/www.africa-press.net\/benin\/politique\/benin-patrice-talon-annonce-en-france-pour-une-visite-de-travail#breadcrumb\"},\"inLanguage\":\"fr-FR\",\"potentialAction\":[{\"@type\":\"ReadAction\",\"target\":[\"https:\/\/www.africa-press.net\/benin\/politique\/benin-patrice-talon-annonce-en-france-pour-une-visite-de-travail\"]}]},{\"@type\":\"ImageObject\",\"inLanguage\":\"fr-FR\",\"@id\":\"https:\/\/www.africa-press.net\/benin\/politique\/benin-patrice-talon-annonce-en-france-pour-une-visite-de-travail#primaryimage\",\"url\":\"https:\/\/static.africa-press.net\/benin\/sites\/46\/2022\/08\/postQueueImg_24-62ffe3712a0de.jpg\",\"contentUrl\":\"https:\/\/static.africa-press.net\/benin\/sites\/46\/2022\/08\/postQueueImg_24-62ffe3712a0de.jpg\",\"width\":1200,\"height\":800,\"caption\":\"B\u00e9nin: Patrice Talon annonc\u00e9 en France pour une visite de travail\"},{\"@type\":\"BreadcrumbList\",\"@id\":\"https:\/\/www.africa-press.net\/benin\/politique\/benin-patrice-talon-annonce-en-france-pour-une-visite-de-travail#breadcrumb\",\"itemListElement\":[{\"@type\":\"ListItem\",\"position\":1,\"name\":\"Accueil\",\"item\":\"https:\/\/www.africa-press.net\/benin\/\"},{\"@type\":\"ListItem\",\"position\":2,\"name\":\"B\u00e9nin: Patrice Talon annonc\u00e9 en France pour une visite de travail\"}]},{\"@type\":\"WebSite\",\"@id\":\"https:\/\/www.africa-press.net\/benin\/#website\",\"url\":\"https:\/\/www.africa-press.net\/benin\/\",\"name\":\"B\u00e9nin\",\"description\":\"Just another Africa News Agency Sites site\",\"potentialAction\":[{\"@type\":\"SearchAction\",\"target\":{\"@type\":\"EntryPoint\",\"urlTemplate\":\"https:\/\/www.africa-press.net\/benin\/?s={search_term_string}\"},\"query-input\":{\"@type\":\"PropertyValueSpecification\",\"valueRequired\":true,\"valueName\":\"search_term_string\"}}],\"inLanguage\":\"fr-FR\"},{\"@type\":\"Person\",\"@id\":\"https:\/\/www.africa-press.net\/benin\/#\/schema\/person\/2b1cf3cd81a31e3cd26889ca66d677f1\",\"name\":\"cfeditorfr\"}]}<\/script>\n<!-- \/ Yoast SEO Premium plugin. -->","yoast_head_json":{"title":"B\u00e9nin: Patrice Talon annonc\u00e9 en France pour une visite de travail - B\u00e9nin","description":"Le pr\u00e9sident Patrice Talon est annonc\u00e9 en France pour une visite de travail les 29 et 30 ao\u00fbt 2022. Actuellement en con ...","robots":{"index":"index","follow":"follow","max-snippet":"max-snippet:-1","max-image-preview":"max-image-preview:large","max-video-preview":"max-video-preview:-1"},"canonical":"https:\/\/www.africa-press.net\/benin\/politique\/benin-patrice-talon-annonce-en-france-pour-une-visite-de-travail","og_locale":"fr_FR","og_type":"article","og_title":"B\u00e9nin: Patrice Talon annonc\u00e9 en France pour une visite de travail","og_description":"Le pr\u00e9sident Patrice Talon est annonc\u00e9 en France pour une visite de travail les 29 et 30 ao\u00fbt 2022. Actuellement en con ...","og_url":"https:\/\/www.africa-press.net\/benin\/politique\/benin-patrice-talon-annonce-en-france-pour-une-visite-de-travail","og_site_name":"B\u00e9nin","article_published_time":"2022-08-19T18:50:50+00:00","article_modified_time":"2022-08-19T19:25:28+00:00","og_image":[{"width":1200,"height":800,"url":"https:\/\/static.africa-press.net\/benin\/sites\/46\/2022\/08\/postQueueImg_24-62ffe3712a0de.jpg","type":"image\/jpeg"}],"author":"cfeditorfr","twitter_card":"summary_large_image","twitter_misc":{"\u00c9crit par":"cfeditorfr","Dur\u00e9e de lecture estim\u00e9e":"1 minute"},"schema":{"@context":"https:\/\/schema.org","@graph":[{"@type":"Article","@id":"https:\/\/www.africa-press.net\/benin\/politique\/benin-patrice-talon-annonce-en-france-pour-une-visite-de-travail#article","isPartOf":{"@id":"https:\/\/www.africa-press.net\/benin\/politique\/benin-patrice-talon-annonce-en-france-pour-une-visite-de-travail"},"author":{"name":"cfeditorfr","@id":"https:\/\/www.africa-press.net\/benin\/#\/schema\/person\/2b1cf3cd81a31e3cd26889ca66d677f1"},"headline":"B\u00e9nin: Patrice Talon annonc\u00e9 en France pour une visite de travail","datePublished":"2022-08-19T18:50:50+00:00","dateModified":"2022-08-19T19:25:28+00:00","mainEntityOfPage":{"@id":"https:\/\/www.africa-press.net\/benin\/politique\/benin-patrice-talon-annonce-en-france-pour-une-visite-de-travail"},"wordCount":213,"commentCount":0,"image":{"@id":"https:\/\/www.africa-press.net\/benin\/politique\/benin-patrice-talon-annonce-en-france-pour-une-visite-de-travail#primaryimage"},"thumbnailUrl":"https:\/\/static.africa-press.net\/benin\/sites\/46\/2022\/08\/postQueueImg_24-62ffe3712a0de.jpg","keywords":["Africa Press","Africa Press-Benin","B\u00e9nin"],"articleSection":["homepage-french","Politique","Toutes les actualit\u00e9s"],"inLanguage":"fr-FR","potentialAction":[{"@type":"CommentAction","name":"Comment","target":["https:\/\/www.africa-press.net\/benin\/politique\/benin-patrice-talon-annonce-en-france-pour-une-visite-de-travail#respond"]}]},{"@type":"WebPage","@id":"https:\/\/www.africa-press.net\/benin\/politique\/benin-patrice-talon-annonce-en-france-pour-une-visite-de-travail","url":"https:\/\/www.africa-press.net\/benin\/politique\/benin-patrice-talon-annonce-en-france-pour-une-visite-de-travail","name":"B\u00e9nin: Patrice Talon annonc\u00e9 en France pour une visite de travail - B\u00e9nin","isPartOf":{"@id":"https:\/\/www.africa-press.net\/benin\/#website"},"primaryImageOfPage":{"@id":"https:\/\/www.africa-press.net\/benin\/politique\/benin-patrice-talon-annonce-en-france-pour-une-visite-de-travail#primaryimage"},"image":{"@id":"https:\/\/www.africa-press.net\/benin\/politique\/benin-patrice-talon-annonce-en-france-pour-une-visite-de-travail#primaryimage"},"thumbnailUrl":"https:\/\/static.africa-press.net\/benin\/sites\/46\/2022\/08\/postQueueImg_24-62ffe3712a0de.jpg","datePublished":"2022-08-19T18:50:50+00:00","dateModified":"2022-08-19T19:25:28+00:00","author":{"@id":"https:\/\/www.africa-press.net\/benin\/#\/schema\/person\/2b1cf3cd81a31e3cd26889ca66d677f1"},"description":"Le pr\u00e9sident Patrice Talon est annonc\u00e9 en France pour une visite de travail les 29 et 30 ao\u00fbt 2022. Actuellement en con ...","breadcrumb":{"@id":"https:\/\/www.africa-press.net\/benin\/politique\/benin-patrice-talon-annonce-en-france-pour-une-visite-de-travail#breadcrumb"},"inLanguage":"fr-FR","potentialAction":[{"@type":"ReadAction","target":["https:\/\/www.africa-press.net\/benin\/politique\/benin-patrice-talon-annonce-en-france-pour-une-visite-de-travail"]}]},{"@type":"ImageObject","inLanguage":"fr-FR","@id":"https:\/\/www.africa-press.net\/benin\/politique\/benin-patrice-talon-annonce-en-france-pour-une-visite-de-travail#primaryimage","url":"https:\/\/static.africa-press.net\/benin\/sites\/46\/2022\/08\/postQueueImg_24-62ffe3712a0de.jpg","contentUrl":"https:\/\/static.africa-press.net\/benin\/sites\/46\/2022\/08\/postQueueImg_24-62ffe3712a0de.jpg","width":1200,"height":800,"caption":"B\u00e9nin: Patrice Talon annonc\u00e9 en France pour une visite de travail"},{"@type":"BreadcrumbList","@id":"https:\/\/www.africa-press.net\/benin\/politique\/benin-patrice-talon-annonce-en-france-pour-une-visite-de-travail#breadcrumb","itemListElement":[{"@type":"ListItem","position":1,"name":"Accueil","item":"https:\/\/www.africa-press.net\/benin\/"},{"@type":"ListItem","position":2,"name":"B\u00e9nin: Patrice Talon annonc\u00e9 en France pour une visite de travail"}]},{"@type":"WebSite","@id":"https:\/\/www.africa-press.net\/benin\/#website","url":"https:\/\/www.africa-press.net\/benin\/","name":"B\u00e9nin","description":"Just another Africa News Agency Sites site","potentialAction":[{"@type":"SearchAction","target":{"@type":"EntryPoint","urlTemplate":"https:\/\/www.africa-press.net\/benin\/?s={search_term_string}"},"query-input":{"@type":"PropertyValueSpecification","valueRequired":true,"valueName":"search_term_string"}}],"inLanguage":"fr-FR"},{"@type":"Person","@id":"https:\/\/www.africa-press.net\/benin\/#\/schema\/person\/2b1cf3cd81a31e3cd26889ca66d677f1","name":"cfeditorfr"}]}},"_links":{"self":[{"href":"https:\/\/www.africa-press.net\/benin\/wp-json\/wp\/v2\/posts\/8049","targetHints":{"allow":["GET"]}}],"collection":[{"href":"https:\/\/www.africa-press.net\/benin\/wp-json\/wp\/v2\/posts"}],"about":[{"href":"https:\/\/www.africa-press.net\/benin\/wp-json\/wp\/v2\/types\/post"}],"author":[{"embeddable":true,"href":"https:\/\/www.africa-press.net\/benin\/wp-json\/wp\/v2\/users\/82"}],"replies":[{"embeddable":true,"href":"https:\/\/www.africa-press.net\/benin\/wp-json\/wp\/v2\/comments?post=8049"}],"version-history":[{"count":0,"href":"https:\/\/www.africa-press.net\/benin\/wp-json\/wp\/v2\/posts\/8049\/revisions"}],"wp:featuredmedia":[{"embeddable":true,"href":"https:\/\/www.africa-press.net\/benin\/wp-json\/wp\/v2\/media\/8048"}],"wp:attachment":[{"href":"https:\/\/www.africa-press.net\/benin\/wp-json\/wp\/v2\/media?parent=8049"}],"wp:term":[{"taxonomy":"category","embeddable":true,"href":"https:\/\/www.africa-press.net\/benin\/wp-json\/wp\/v2\/categories?post=8049"},{"taxonomy":"post_tag","embeddable":true,"href":"https:\/\/www.africa-press.net\/benin\/wp-json\/wp\/v2\/tags?post=8049"}],"curies":[{"name":"wp","href":"https:\/\/api.w.org\/{rel}","templated":true}]}}