{"id":8052,"date":"2022-08-19T18:51:03","date_gmt":"2022-08-19T18:51:03","guid":{"rendered":"https:\/\/www.africa-press.net\/benin\/politique\/benin-le-conseil-de-karamatou-fagbohoun-a-sa-base-apres-son-adhesion-au-prd"},"modified":"2022-08-19T19:26:37","modified_gmt":"2022-08-19T19:26:37","slug":"benin-le-conseil-de-karamatou-fagbohoun-a-sa-base-apres-son-adhesion-au-prd","status":"publish","type":"post","link":"https:\/\/www.africa-press.net\/benin\/politique\/benin-le-conseil-de-karamatou-fagbohoun-a-sa-base-apres-son-adhesion-au-prd","title":{"rendered":"B\u00e9nin: le conseil de Karamatou Fagbohoun \u00e0 sa base apr\u00e8s son adh\u00e9sion au PRD"},"content":{"rendered":"<p><span style=\"color: #ff6600\"><strong>Africa-Press &#8211; Benin. <\/strong><\/span>Visiblement, l\u2019ancien maire de la Commune d\u2019Adja-Ou\u00e8r\u00e8 n\u2019a pas consult\u00e9 sa base avant de se rallier au parti du renouveau d\u00e9mocratique de Me Adrien Houngb\u00e9dji. C\u2019est du moins ce qui transparait dans ses propos dans un entretien qu\u2019elle a accord\u00e9 \u00e0 \u00ab Le Matinal \u00bb.<\/p>\n<p>Karamatou Fagbohoun n\u2019est plus membre du parti Bloc R\u00e9publicain. L\u2019ancien maire d\u2019Adja-Ou\u00e8r\u00e8 et fille du richissime homme d\u2019affaire S\u00e9fou Fagbohoun a notifi\u00e9 sa d\u00e9mission au parti conduit par le ministre d\u2019Etat, Abdoulaye Bio Tchan\u00e9. Quelques instants apr\u00e8s cette d\u00e9mission, Karamatou Fagbohoun a remis sa lettre d\u2019adh\u00e9sion \u00e0 Me Adrien Houngb\u00e9dji, pr\u00e9sident du parti du renouveau d\u00e9mocratique, \u00e0 l\u2019occasion d\u2019une rencontre tenue ce jeudi 18 ao\u00fbt 2022.<\/p>\n<p>Questionn\u00e9e sur ce que pense sa base sur son nouveau positionnement politique, Karamatou Fagbohoun semble dire que chacun choisira la direction qui lui convient. \u00ab Moi, j\u2019ai choisi ma position donc c\u2019est \u00e0 eux de s\u2019interroger. S\u2019ils sont en phase, ils vont me suivre. S\u2019ils ne le sont pas, alors chacun ira l\u00e0 o\u00f9 son c\u0153ur lui dira d\u2019aller\u00ab , a confi\u00e9 la fille de S\u00e9fou Fagbohoun.<\/p>\n<p>Une r\u00e9ponse bien \u00e9trange qui pousse une fois encore \u00e0 s\u2019interroger sur le sens que rev\u00eat l\u2019activit\u00e9 politique au B\u00e9nin pour les acteurs. C\u2019est en effet un secret de polichinelle que la politique au B\u00e9nin n\u2019est pas une question d\u2019id\u00e9ologie ou de conviction; mais une question de o\u00f9 puis-je bien me positionner pour jouir de la facilit\u00e9 qu\u2019accorde la politique.<\/p>\n<p>N\u00e9anmoins, l\u2019ancien maire de la Commune d\u2019Adja-Ou\u00e8r\u00e8 compte aller vers sa base pour leur expliquer les raisons de sa d\u00e9cision et de son choix. \u00ab Je vais faire comme le parti du renouveau d\u00e9mocratique (PRD) l\u2019a fait \u00bb, confie-t-elle pour indiquer sa d\u00e9marche future envers sa base.<\/p>\n<p>Les raisons \u00e9voqu\u00e9es pour justifier la d\u00e9mission\u2026<\/p>\n<p>Une succession d\u2019\u00e9v\u00e8nements politiques toxiques a pouss\u00e9 la fille de S\u00e9fou Fagbohoun \u00e0 prendre sa distance vis \u00e0 vis du parti du Bloc R\u00e9publicain. Selon ses propres explications, elle ressentait \u00e0 un moment donn\u00e9 \u00ab une sorte d\u2019immobilisme politique aggrav\u00e9 par des incertitudes pr\u00e9judiciables \u00e0 aa sant\u00e9, tant du point de vue physiologique que politique \u00bb.<\/p>\n<p>\u00ab Mon degr\u00e9 de motivation \u00e0 participer \u00e0 l\u2019\u00e9criture de l\u2019histoire de ce parti au moment du d\u00e9clenchement du processus de cr\u00e9ation du BR n\u2019est plus le m\u00eame depuis quelques mois \u00bb, a-t-elle justifi\u00e9.<\/p>\n<p>Alors pour r\u00e9orienter sa vie, elle affirme avoir pris la d\u00e9cision de quitter le parti cheval blanc cabr\u00e9. \u00ab C\u2019est une d\u00e9cision qui s\u2019est impos\u00e9e \u00e0 moi \u00ab , se d\u00e9fend -t-elle. Cette d\u00e9cision indique-t-elle va lui permettre de r\u00e9inventer son \u00eatre politique.<\/p>\n<p><strong>Pour plus d&rsquo;informations et d&rsquo;analyses sur la <a href=\"https:\/\/www.africa-press.net\/benin\">Benin<\/a>, suivez <a href=\"https:\/\/www.africa-press.net\/\">Africa-Press<\/a><\/strong><\/p>\n","protected":false},"excerpt":{"rendered":"<p>Africa-Press &#8211; Benin. Visiblement, l\u2019ancien maire de la Commune d\u2019Adja-Ou\u00e8r\u00e8 n\u2019a pas consult\u00e9 sa base avant de se rallier au parti du renouveau d\u00e9mocratique de Me Adrien Houngb\u00e9dji. C\u2019est du moins ce qui transparait dans ses propos dans un entretien qu\u2019elle a accord\u00e9 \u00e0 \u00ab Le Matinal \u00bb. Karamatou Fagbohoun n\u2019est plus membre du parti [&hellip;]<\/p>\n","protected":false},"author":82,"featured_media":8051,"comment_status":"open","ping_status":"closed","sticky":false,"template":"","format":"standard","meta":{"footnotes":""},"categories":[11,2,20,10],"tags":[36,50,45],"class_list":["post-8052","post","type-post","status-publish","format-standard","has-post-thumbnail","hentry","category-homepage-french","category-politique","category-top-nouvelles","category-toutes-les-actualites","tag-africa-press","tag-africa-press-benin","tag-benin"],"yoast_head":"<!-- This site is optimized with the Yoast SEO Premium plugin v26.1 (Yoast SEO v27.0) - https:\/\/yoast.com\/product\/yoast-seo-premium-wordpress\/ -->\n<title>B\u00e9nin: le conseil de Karamatou Fagbohoun \u00e0 sa base apr\u00e8s son adh\u00e9sion au PRD - B\u00e9nin<\/title>\n<meta name=\"description\" content=\"Visiblement, l\u2019ancien maire de la Commune d\u2019Adja-Ou\u00e8r\u00e8 n\u2019a pas consult\u00e9 sa base avant de se rallier au parti du renouvea ...\" \/>\n<meta name=\"robots\" content=\"index, follow, max-snippet:-1, max-image-preview:large, max-video-preview:-1\" \/>\n<link rel=\"canonical\" href=\"https:\/\/www.africa-press.net\/benin\/politique\/benin-le-conseil-de-karamatou-fagbohoun-a-sa-base-apres-son-adhesion-au-prd\" \/>\n<meta property=\"og:locale\" content=\"fr_FR\" \/>\n<meta property=\"og:type\" content=\"article\" \/>\n<meta property=\"og:title\" content=\"B\u00e9nin: le conseil de Karamatou Fagbohoun \u00e0 sa base apr\u00e8s son adh\u00e9sion au PRD\" \/>\n<meta property=\"og:description\" content=\"Visiblement, l\u2019ancien maire de la Commune d\u2019Adja-Ou\u00e8r\u00e8 n\u2019a pas consult\u00e9 sa base avant de se rallier au parti du renouvea ...\" \/>\n<meta property=\"og:url\" content=\"https:\/\/www.africa-press.net\/benin\/politique\/benin-le-conseil-de-karamatou-fagbohoun-a-sa-base-apres-son-adhesion-au-prd\" \/>\n<meta property=\"og:site_name\" content=\"B\u00e9nin\" \/>\n<meta property=\"article:published_time\" content=\"2022-08-19T18:51:03+00:00\" \/>\n<meta property=\"article:modified_time\" content=\"2022-08-19T19:26:37+00:00\" \/>\n<meta property=\"og:image\" content=\"https:\/\/static.africa-press.net\/benin\/sites\/46\/2022\/08\/postQueueImg_25-62ffe3accf789.jpg\" \/>\n\t<meta property=\"og:image:width\" content=\"1200\" \/>\n\t<meta property=\"og:image:height\" content=\"684\" \/>\n\t<meta property=\"og:image:type\" content=\"image\/jpeg\" \/>\n<meta name=\"author\" content=\"cfeditorfr\" \/>\n<meta name=\"twitter:card\" content=\"summary_large_image\" \/>\n<meta name=\"twitter:label1\" content=\"\u00c9crit par\" \/>\n\t<meta name=\"twitter:data1\" content=\"cfeditorfr\" \/>\n\t<meta name=\"twitter:label2\" content=\"Dur\u00e9e de lecture estim\u00e9e\" \/>\n\t<meta name=\"twitter:data2\" content=\"3 minutes\" \/>\n<script type=\"application\/ld+json\" class=\"yoast-schema-graph\">{\"@context\":\"https:\/\/schema.org\",\"@graph\":[{\"@type\":\"Article\",\"@id\":\"https:\/\/www.africa-press.net\/benin\/politique\/benin-le-conseil-de-karamatou-fagbohoun-a-sa-base-apres-son-adhesion-au-prd#article\",\"isPartOf\":{\"@id\":\"https:\/\/www.africa-press.net\/benin\/politique\/benin-le-conseil-de-karamatou-fagbohoun-a-sa-base-apres-son-adhesion-au-prd\"},\"author\":{\"name\":\"cfeditorfr\",\"@id\":\"https:\/\/www.africa-press.net\/benin\/#\/schema\/person\/2b1cf3cd81a31e3cd26889ca66d677f1\"},\"headline\":\"B\u00e9nin: le conseil de Karamatou Fagbohoun \u00e0 sa base apr\u00e8s son adh\u00e9sion au PRD\",\"datePublished\":\"2022-08-19T18:51:03+00:00\",\"dateModified\":\"2022-08-19T19:26:37+00:00\",\"mainEntityOfPage\":{\"@id\":\"https:\/\/www.africa-press.net\/benin\/politique\/benin-le-conseil-de-karamatou-fagbohoun-a-sa-base-apres-son-adhesion-au-prd\"},\"wordCount\":507,\"commentCount\":0,\"image\":{\"@id\":\"https:\/\/www.africa-press.net\/benin\/politique\/benin-le-conseil-de-karamatou-fagbohoun-a-sa-base-apres-son-adhesion-au-prd#primaryimage\"},\"thumbnailUrl\":\"https:\/\/static.africa-press.net\/benin\/sites\/46\/2022\/08\/postQueueImg_25-62ffe3accf789.jpg\",\"keywords\":[\"Africa Press\",\"Africa Press-Benin\",\"B\u00e9nin\"],\"articleSection\":[\"homepage-french\",\"Politique\",\"Top Nouvelles\",\"Toutes les actualit\u00e9s\"],\"inLanguage\":\"fr-FR\",\"potentialAction\":[{\"@type\":\"CommentAction\",\"name\":\"Comment\",\"target\":[\"https:\/\/www.africa-press.net\/benin\/politique\/benin-le-conseil-de-karamatou-fagbohoun-a-sa-base-apres-son-adhesion-au-prd#respond\"]}]},{\"@type\":\"WebPage\",\"@id\":\"https:\/\/www.africa-press.net\/benin\/politique\/benin-le-conseil-de-karamatou-fagbohoun-a-sa-base-apres-son-adhesion-au-prd\",\"url\":\"https:\/\/www.africa-press.net\/benin\/politique\/benin-le-conseil-de-karamatou-fagbohoun-a-sa-base-apres-son-adhesion-au-prd\",\"name\":\"B\u00e9nin: le conseil de Karamatou Fagbohoun \u00e0 sa base apr\u00e8s son adh\u00e9sion au PRD - B\u00e9nin\",\"isPartOf\":{\"@id\":\"https:\/\/www.africa-press.net\/benin\/#website\"},\"primaryImageOfPage\":{\"@id\":\"https:\/\/www.africa-press.net\/benin\/politique\/benin-le-conseil-de-karamatou-fagbohoun-a-sa-base-apres-son-adhesion-au-prd#primaryimage\"},\"image\":{\"@id\":\"https:\/\/www.africa-press.net\/benin\/politique\/benin-le-conseil-de-karamatou-fagbohoun-a-sa-base-apres-son-adhesion-au-prd#primaryimage\"},\"thumbnailUrl\":\"https:\/\/static.africa-press.net\/benin\/sites\/46\/2022\/08\/postQueueImg_25-62ffe3accf789.jpg\",\"datePublished\":\"2022-08-19T18:51:03+00:00\",\"dateModified\":\"2022-08-19T19:26:37+00:00\",\"author\":{\"@id\":\"https:\/\/www.africa-press.net\/benin\/#\/schema\/person\/2b1cf3cd81a31e3cd26889ca66d677f1\"},\"description\":\"Visiblement, l\u2019ancien maire de la Commune d\u2019Adja-Ou\u00e8r\u00e8 n\u2019a pas consult\u00e9 sa base avant de se rallier au parti du renouvea ...\",\"breadcrumb\":{\"@id\":\"https:\/\/www.africa-press.net\/benin\/politique\/benin-le-conseil-de-karamatou-fagbohoun-a-sa-base-apres-son-adhesion-au-prd#breadcrumb\"},\"inLanguage\":\"fr-FR\",\"potentialAction\":[{\"@type\":\"ReadAction\",\"target\":[\"https:\/\/www.africa-press.net\/benin\/politique\/benin-le-conseil-de-karamatou-fagbohoun-a-sa-base-apres-son-adhesion-au-prd\"]}]},{\"@type\":\"ImageObject\",\"inLanguage\":\"fr-FR\",\"@id\":\"https:\/\/www.africa-press.net\/benin\/politique\/benin-le-conseil-de-karamatou-fagbohoun-a-sa-base-apres-son-adhesion-au-prd#primaryimage\",\"url\":\"https:\/\/static.africa-press.net\/benin\/sites\/46\/2022\/08\/postQueueImg_25-62ffe3accf789.jpg\",\"contentUrl\":\"https:\/\/static.africa-press.net\/benin\/sites\/46\/2022\/08\/postQueueImg_25-62ffe3accf789.jpg\",\"width\":1200,\"height\":684,\"caption\":\"B\u00e9nin: le conseil de Karamatou Fagbohoun \u00e0 sa base apr\u00e8s son adh\u00e9sion au PRD\"},{\"@type\":\"BreadcrumbList\",\"@id\":\"https:\/\/www.africa-press.net\/benin\/politique\/benin-le-conseil-de-karamatou-fagbohoun-a-sa-base-apres-son-adhesion-au-prd#breadcrumb\",\"itemListElement\":[{\"@type\":\"ListItem\",\"position\":1,\"name\":\"Accueil\",\"item\":\"https:\/\/www.africa-press.net\/benin\/\"},{\"@type\":\"ListItem\",\"position\":2,\"name\":\"B\u00e9nin: le conseil de Karamatou Fagbohoun \u00e0 sa base apr\u00e8s son adh\u00e9sion au PRD\"}]},{\"@type\":\"WebSite\",\"@id\":\"https:\/\/www.africa-press.net\/benin\/#website\",\"url\":\"https:\/\/www.africa-press.net\/benin\/\",\"name\":\"B\u00e9nin\",\"description\":\"Just another Africa News Agency Sites site\",\"potentialAction\":[{\"@type\":\"SearchAction\",\"target\":{\"@type\":\"EntryPoint\",\"urlTemplate\":\"https:\/\/www.africa-press.net\/benin\/?s={search_term_string}\"},\"query-input\":{\"@type\":\"PropertyValueSpecification\",\"valueRequired\":true,\"valueName\":\"search_term_string\"}}],\"inLanguage\":\"fr-FR\"},{\"@type\":\"Person\",\"@id\":\"https:\/\/www.africa-press.net\/benin\/#\/schema\/person\/2b1cf3cd81a31e3cd26889ca66d677f1\",\"name\":\"cfeditorfr\"}]}<\/script>\n<!-- \/ Yoast SEO Premium plugin. -->","yoast_head_json":{"title":"B\u00e9nin: le conseil de Karamatou Fagbohoun \u00e0 sa base apr\u00e8s son adh\u00e9sion au PRD - B\u00e9nin","description":"Visiblement, l\u2019ancien maire de la Commune d\u2019Adja-Ou\u00e8r\u00e8 n\u2019a pas consult\u00e9 sa base avant de se rallier au parti du renouvea ...","robots":{"index":"index","follow":"follow","max-snippet":"max-snippet:-1","max-image-preview":"max-image-preview:large","max-video-preview":"max-video-preview:-1"},"canonical":"https:\/\/www.africa-press.net\/benin\/politique\/benin-le-conseil-de-karamatou-fagbohoun-a-sa-base-apres-son-adhesion-au-prd","og_locale":"fr_FR","og_type":"article","og_title":"B\u00e9nin: le conseil de Karamatou Fagbohoun \u00e0 sa base apr\u00e8s son adh\u00e9sion au PRD","og_description":"Visiblement, l\u2019ancien maire de la Commune d\u2019Adja-Ou\u00e8r\u00e8 n\u2019a pas consult\u00e9 sa base avant de se rallier au parti du renouvea ...","og_url":"https:\/\/www.africa-press.net\/benin\/politique\/benin-le-conseil-de-karamatou-fagbohoun-a-sa-base-apres-son-adhesion-au-prd","og_site_name":"B\u00e9nin","article_published_time":"2022-08-19T18:51:03+00:00","article_modified_time":"2022-08-19T19:26:37+00:00","og_image":[{"width":1200,"height":684,"url":"https:\/\/static.africa-press.net\/benin\/sites\/46\/2022\/08\/postQueueImg_25-62ffe3accf789.jpg","type":"image\/jpeg"}],"author":"cfeditorfr","twitter_card":"summary_large_image","twitter_misc":{"\u00c9crit par":"cfeditorfr","Dur\u00e9e de lecture estim\u00e9e":"3 minutes"},"schema":{"@context":"https:\/\/schema.org","@graph":[{"@type":"Article","@id":"https:\/\/www.africa-press.net\/benin\/politique\/benin-le-conseil-de-karamatou-fagbohoun-a-sa-base-apres-son-adhesion-au-prd#article","isPartOf":{"@id":"https:\/\/www.africa-press.net\/benin\/politique\/benin-le-conseil-de-karamatou-fagbohoun-a-sa-base-apres-son-adhesion-au-prd"},"author":{"name":"cfeditorfr","@id":"https:\/\/www.africa-press.net\/benin\/#\/schema\/person\/2b1cf3cd81a31e3cd26889ca66d677f1"},"headline":"B\u00e9nin: le conseil de Karamatou Fagbohoun \u00e0 sa base apr\u00e8s son adh\u00e9sion au PRD","datePublished":"2022-08-19T18:51:03+00:00","dateModified":"2022-08-19T19:26:37+00:00","mainEntityOfPage":{"@id":"https:\/\/www.africa-press.net\/benin\/politique\/benin-le-conseil-de-karamatou-fagbohoun-a-sa-base-apres-son-adhesion-au-prd"},"wordCount":507,"commentCount":0,"image":{"@id":"https:\/\/www.africa-press.net\/benin\/politique\/benin-le-conseil-de-karamatou-fagbohoun-a-sa-base-apres-son-adhesion-au-prd#primaryimage"},"thumbnailUrl":"https:\/\/static.africa-press.net\/benin\/sites\/46\/2022\/08\/postQueueImg_25-62ffe3accf789.jpg","keywords":["Africa Press","Africa Press-Benin","B\u00e9nin"],"articleSection":["homepage-french","Politique","Top Nouvelles","Toutes les actualit\u00e9s"],"inLanguage":"fr-FR","potentialAction":[{"@type":"CommentAction","name":"Comment","target":["https:\/\/www.africa-press.net\/benin\/politique\/benin-le-conseil-de-karamatou-fagbohoun-a-sa-base-apres-son-adhesion-au-prd#respond"]}]},{"@type":"WebPage","@id":"https:\/\/www.africa-press.net\/benin\/politique\/benin-le-conseil-de-karamatou-fagbohoun-a-sa-base-apres-son-adhesion-au-prd","url":"https:\/\/www.africa-press.net\/benin\/politique\/benin-le-conseil-de-karamatou-fagbohoun-a-sa-base-apres-son-adhesion-au-prd","name":"B\u00e9nin: le conseil de Karamatou Fagbohoun \u00e0 sa base apr\u00e8s son adh\u00e9sion au PRD - B\u00e9nin","isPartOf":{"@id":"https:\/\/www.africa-press.net\/benin\/#website"},"primaryImageOfPage":{"@id":"https:\/\/www.africa-press.net\/benin\/politique\/benin-le-conseil-de-karamatou-fagbohoun-a-sa-base-apres-son-adhesion-au-prd#primaryimage"},"image":{"@id":"https:\/\/www.africa-press.net\/benin\/politique\/benin-le-conseil-de-karamatou-fagbohoun-a-sa-base-apres-son-adhesion-au-prd#primaryimage"},"thumbnailUrl":"https:\/\/static.africa-press.net\/benin\/sites\/46\/2022\/08\/postQueueImg_25-62ffe3accf789.jpg","datePublished":"2022-08-19T18:51:03+00:00","dateModified":"2022-08-19T19:26:37+00:00","author":{"@id":"https:\/\/www.africa-press.net\/benin\/#\/schema\/person\/2b1cf3cd81a31e3cd26889ca66d677f1"},"description":"Visiblement, l\u2019ancien maire de la Commune d\u2019Adja-Ou\u00e8r\u00e8 n\u2019a pas consult\u00e9 sa base avant de se rallier au parti du renouvea ...","breadcrumb":{"@id":"https:\/\/www.africa-press.net\/benin\/politique\/benin-le-conseil-de-karamatou-fagbohoun-a-sa-base-apres-son-adhesion-au-prd#breadcrumb"},"inLanguage":"fr-FR","potentialAction":[{"@type":"ReadAction","target":["https:\/\/www.africa-press.net\/benin\/politique\/benin-le-conseil-de-karamatou-fagbohoun-a-sa-base-apres-son-adhesion-au-prd"]}]},{"@type":"ImageObject","inLanguage":"fr-FR","@id":"https:\/\/www.africa-press.net\/benin\/politique\/benin-le-conseil-de-karamatou-fagbohoun-a-sa-base-apres-son-adhesion-au-prd#primaryimage","url":"https:\/\/static.africa-press.net\/benin\/sites\/46\/2022\/08\/postQueueImg_25-62ffe3accf789.jpg","contentUrl":"https:\/\/static.africa-press.net\/benin\/sites\/46\/2022\/08\/postQueueImg_25-62ffe3accf789.jpg","width":1200,"height":684,"caption":"B\u00e9nin: le conseil de Karamatou Fagbohoun \u00e0 sa base apr\u00e8s son adh\u00e9sion au PRD"},{"@type":"BreadcrumbList","@id":"https:\/\/www.africa-press.net\/benin\/politique\/benin-le-conseil-de-karamatou-fagbohoun-a-sa-base-apres-son-adhesion-au-prd#breadcrumb","itemListElement":[{"@type":"ListItem","position":1,"name":"Accueil","item":"https:\/\/www.africa-press.net\/benin\/"},{"@type":"ListItem","position":2,"name":"B\u00e9nin: le conseil de Karamatou Fagbohoun \u00e0 sa base apr\u00e8s son adh\u00e9sion au PRD"}]},{"@type":"WebSite","@id":"https:\/\/www.africa-press.net\/benin\/#website","url":"https:\/\/www.africa-press.net\/benin\/","name":"B\u00e9nin","description":"Just another Africa News Agency Sites site","potentialAction":[{"@type":"SearchAction","target":{"@type":"EntryPoint","urlTemplate":"https:\/\/www.africa-press.net\/benin\/?s={search_term_string}"},"query-input":{"@type":"PropertyValueSpecification","valueRequired":true,"valueName":"search_term_string"}}],"inLanguage":"fr-FR"},{"@type":"Person","@id":"https:\/\/www.africa-press.net\/benin\/#\/schema\/person\/2b1cf3cd81a31e3cd26889ca66d677f1","name":"cfeditorfr"}]}},"_links":{"self":[{"href":"https:\/\/www.africa-press.net\/benin\/wp-json\/wp\/v2\/posts\/8052","targetHints":{"allow":["GET"]}}],"collection":[{"href":"https:\/\/www.africa-press.net\/benin\/wp-json\/wp\/v2\/posts"}],"about":[{"href":"https:\/\/www.africa-press.net\/benin\/wp-json\/wp\/v2\/types\/post"}],"author":[{"embeddable":true,"href":"https:\/\/www.africa-press.net\/benin\/wp-json\/wp\/v2\/users\/82"}],"replies":[{"embeddable":true,"href":"https:\/\/www.africa-press.net\/benin\/wp-json\/wp\/v2\/comments?post=8052"}],"version-history":[{"count":0,"href":"https:\/\/www.africa-press.net\/benin\/wp-json\/wp\/v2\/posts\/8052\/revisions"}],"wp:featuredmedia":[{"embeddable":true,"href":"https:\/\/www.africa-press.net\/benin\/wp-json\/wp\/v2\/media\/8051"}],"wp:attachment":[{"href":"https:\/\/www.africa-press.net\/benin\/wp-json\/wp\/v2\/media?parent=8052"}],"wp:term":[{"taxonomy":"category","embeddable":true,"href":"https:\/\/www.africa-press.net\/benin\/wp-json\/wp\/v2\/categories?post=8052"},{"taxonomy":"post_tag","embeddable":true,"href":"https:\/\/www.africa-press.net\/benin\/wp-json\/wp\/v2\/tags?post=8052"}],"curies":[{"name":"wp","href":"https:\/\/api.w.org\/{rel}","templated":true}]}}