{"id":8064,"date":"2022-08-20T18:21:26","date_gmt":"2022-08-20T18:21:26","guid":{"rendered":"https:\/\/www.africa-press.net\/benin\/politique\/benin-jean-michel-abimbola-fait-son-adhesion-au-parti-up"},"modified":"2022-08-20T18:40:40","modified_gmt":"2022-08-20T18:40:40","slug":"benin-jean-michel-abimbola-fait-son-adhesion-au-parti-up","status":"publish","type":"post","link":"https:\/\/www.africa-press.net\/benin\/politique\/benin-jean-michel-abimbola-fait-son-adhesion-au-parti-up","title":{"rendered":"B\u00e9nin: Jean Michel Abimbola fait son adh\u00e9sion au parti UP"},"content":{"rendered":"<p><span style=\"color: #ff6600\"><strong>Africa-Press &#8211; Benin. <\/strong><\/span>Un an apr\u00e8s sa d\u00e9mission du Bloc R\u00e9publicain (BR), le ministre Jean Michel Abimbola fait son come back politique. Il vient de faire son adh\u00e9sion au parti Union Progressiste (UP).<\/p>\n<p>Dans un message adress\u00e9 \u00e0 ses sympathisants le mercredi 17 ao\u00fbt 2022, l\u2019ancien membre fondateur du parti Bloc R\u00e9publicain (BR) annonce une d\u00e9claration officielle pour clarifier sa position. Cette nouvelle position politique de Jean Michel Abimbola vient d\u2019\u00eatre clarifi\u00e9e.<\/p>\n<p>L\u2019ancien membre fondateur du parti Bloc R\u00e9publicain vient de formaliser ce samedi 20 Ao\u00fbt 2022, son adh\u00e9sion au parti Union Progressiste pr\u00e9sid\u00e9 par l\u2019ancien pr\u00e9sident de la cour constitutionnelle, le professeur Joseph Djogb\u00e9nou.<\/p>\n<p>Le ministre de la culture qui se repose d\u00e9sormais depuis quelques heures sous l\u2019ombre du grand baobab participera d\u2019ici quelques heures \u00e0 la derni\u00e8re session extraordinaire du bureau politique de l\u2019UP qui se tiendra ce samedi 20 Ao\u00fbt avant la cr\u00e9ation du nouveau parti politique qui naitra du rapprochement de l\u2019UP et du PRD. Le congr\u00e8s constitutif de ce nouveau parti politique aura lieu demain dimanche 21 Ao\u00fbt 2023 au stade Charles De Gaule de Porto Novo.<\/p>\n<p>Ils ne savent pas quoi faire ?<\/p>\n<p>Ils sont tous nul et ne veulent rien de concret pour cette nation. Si non comment peut-on expliquer qu\u2019un membre fondateur d\u00e9missionne de son propre parti pour aller chercher mieux ailleurs.<\/p>\n<p>\u00c7a c\u2019est pas un Benin r\u00e9v\u00e9l\u00e9 mais la continuit\u00e9 dans la pagaille.<\/p>\n<p>Honte \u00e0 eux.<\/p>\n<p><strong>Pour plus d&rsquo;informations et d&rsquo;analyses sur la <a href=\"https:\/\/www.africa-press.net\/benin\">Benin<\/a>, suivez <a href=\"https:\/\/www.africa-press.net\/\">Africa-Press<\/a><\/strong><\/p>\n","protected":false},"excerpt":{"rendered":"<p>Africa-Press &#8211; Benin. Un an apr\u00e8s sa d\u00e9mission du Bloc R\u00e9publicain (BR), le ministre Jean Michel Abimbola fait son come back politique. Il vient de faire son adh\u00e9sion au parti Union Progressiste (UP). Dans un message adress\u00e9 \u00e0 ses sympathisants le mercredi 17 ao\u00fbt 2022, l\u2019ancien membre fondateur du parti Bloc R\u00e9publicain (BR) annonce une [&hellip;]<\/p>\n","protected":false},"author":82,"featured_media":8063,"comment_status":"open","ping_status":"closed","sticky":false,"template":"","format":"standard","meta":{"footnotes":""},"categories":[11,2,10],"tags":[36,50,45],"class_list":["post-8064","post","type-post","status-publish","format-standard","has-post-thumbnail","hentry","category-homepage-french","category-politique","category-toutes-les-actualites","tag-africa-press","tag-africa-press-benin","tag-benin"],"yoast_head":"<!-- This site is optimized with the Yoast SEO Premium plugin v26.1 (Yoast SEO v27.0) - https:\/\/yoast.com\/product\/yoast-seo-premium-wordpress\/ -->\n<title>B\u00e9nin: Jean Michel Abimbola fait son adh\u00e9sion au parti UP - B\u00e9nin<\/title>\n<meta name=\"description\" content=\"Un an apr\u00e8s sa d\u00e9mission du Bloc R\u00e9publicain (BR), le ministre Jean Michel Abimbola fait son come back politique. Il vie ...\" \/>\n<meta name=\"robots\" content=\"index, follow, max-snippet:-1, max-image-preview:large, max-video-preview:-1\" \/>\n<link rel=\"canonical\" href=\"https:\/\/www.africa-press.net\/benin\/politique\/benin-jean-michel-abimbola-fait-son-adhesion-au-parti-up\" \/>\n<meta property=\"og:locale\" content=\"fr_FR\" \/>\n<meta property=\"og:type\" content=\"article\" \/>\n<meta property=\"og:title\" content=\"B\u00e9nin: Jean Michel Abimbola fait son adh\u00e9sion au parti UP\" \/>\n<meta property=\"og:description\" content=\"Un an apr\u00e8s sa d\u00e9mission du Bloc R\u00e9publicain (BR), le ministre Jean Michel Abimbola fait son come back politique. Il vie ...\" \/>\n<meta property=\"og:url\" content=\"https:\/\/www.africa-press.net\/benin\/politique\/benin-jean-michel-abimbola-fait-son-adhesion-au-parti-up\" \/>\n<meta property=\"og:site_name\" content=\"B\u00e9nin\" \/>\n<meta property=\"article:published_time\" content=\"2022-08-20T18:21:26+00:00\" \/>\n<meta property=\"article:modified_time\" content=\"2022-08-20T18:40:40+00:00\" \/>\n<meta property=\"og:image\" content=\"https:\/\/static.africa-press.net\/benin\/sites\/46\/2022\/08\/postQueueImg_9-63012a8c01b10.jpg\" \/>\n\t<meta property=\"og:image:width\" content=\"1280\" \/>\n\t<meta property=\"og:image:height\" content=\"900\" \/>\n\t<meta property=\"og:image:type\" content=\"image\/jpeg\" \/>\n<meta name=\"author\" content=\"cfeditorfr\" \/>\n<meta name=\"twitter:card\" content=\"summary_large_image\" \/>\n<meta name=\"twitter:label1\" content=\"\u00c9crit par\" \/>\n\t<meta name=\"twitter:data1\" content=\"cfeditorfr\" \/>\n\t<meta name=\"twitter:label2\" content=\"Dur\u00e9e de lecture estim\u00e9e\" \/>\n\t<meta name=\"twitter:data2\" content=\"2 minutes\" \/>\n<script type=\"application\/ld+json\" class=\"yoast-schema-graph\">{\"@context\":\"https:\/\/schema.org\",\"@graph\":[{\"@type\":\"Article\",\"@id\":\"https:\/\/www.africa-press.net\/benin\/politique\/benin-jean-michel-abimbola-fait-son-adhesion-au-parti-up#article\",\"isPartOf\":{\"@id\":\"https:\/\/www.africa-press.net\/benin\/politique\/benin-jean-michel-abimbola-fait-son-adhesion-au-parti-up\"},\"author\":{\"name\":\"cfeditorfr\",\"@id\":\"https:\/\/www.africa-press.net\/benin\/#\/schema\/person\/2b1cf3cd81a31e3cd26889ca66d677f1\"},\"headline\":\"B\u00e9nin: Jean Michel Abimbola fait son adh\u00e9sion au parti UP\",\"datePublished\":\"2022-08-20T18:21:26+00:00\",\"dateModified\":\"2022-08-20T18:40:40+00:00\",\"mainEntityOfPage\":{\"@id\":\"https:\/\/www.africa-press.net\/benin\/politique\/benin-jean-michel-abimbola-fait-son-adhesion-au-parti-up\"},\"wordCount\":281,\"commentCount\":0,\"image\":{\"@id\":\"https:\/\/www.africa-press.net\/benin\/politique\/benin-jean-michel-abimbola-fait-son-adhesion-au-parti-up#primaryimage\"},\"thumbnailUrl\":\"https:\/\/static.africa-press.net\/benin\/sites\/46\/2022\/08\/postQueueImg_9-63012a8c01b10.jpg\",\"keywords\":[\"Africa Press\",\"Africa Press-Benin\",\"B\u00e9nin\"],\"articleSection\":[\"homepage-french\",\"Politique\",\"Toutes les actualit\u00e9s\"],\"inLanguage\":\"fr-FR\",\"potentialAction\":[{\"@type\":\"CommentAction\",\"name\":\"Comment\",\"target\":[\"https:\/\/www.africa-press.net\/benin\/politique\/benin-jean-michel-abimbola-fait-son-adhesion-au-parti-up#respond\"]}]},{\"@type\":\"WebPage\",\"@id\":\"https:\/\/www.africa-press.net\/benin\/politique\/benin-jean-michel-abimbola-fait-son-adhesion-au-parti-up\",\"url\":\"https:\/\/www.africa-press.net\/benin\/politique\/benin-jean-michel-abimbola-fait-son-adhesion-au-parti-up\",\"name\":\"B\u00e9nin: Jean Michel Abimbola fait son adh\u00e9sion au parti UP - B\u00e9nin\",\"isPartOf\":{\"@id\":\"https:\/\/www.africa-press.net\/benin\/#website\"},\"primaryImageOfPage\":{\"@id\":\"https:\/\/www.africa-press.net\/benin\/politique\/benin-jean-michel-abimbola-fait-son-adhesion-au-parti-up#primaryimage\"},\"image\":{\"@id\":\"https:\/\/www.africa-press.net\/benin\/politique\/benin-jean-michel-abimbola-fait-son-adhesion-au-parti-up#primaryimage\"},\"thumbnailUrl\":\"https:\/\/static.africa-press.net\/benin\/sites\/46\/2022\/08\/postQueueImg_9-63012a8c01b10.jpg\",\"datePublished\":\"2022-08-20T18:21:26+00:00\",\"dateModified\":\"2022-08-20T18:40:40+00:00\",\"author\":{\"@id\":\"https:\/\/www.africa-press.net\/benin\/#\/schema\/person\/2b1cf3cd81a31e3cd26889ca66d677f1\"},\"description\":\"Un an apr\u00e8s sa d\u00e9mission du Bloc R\u00e9publicain (BR), le ministre Jean Michel Abimbola fait son come back politique. Il vie ...\",\"breadcrumb\":{\"@id\":\"https:\/\/www.africa-press.net\/benin\/politique\/benin-jean-michel-abimbola-fait-son-adhesion-au-parti-up#breadcrumb\"},\"inLanguage\":\"fr-FR\",\"potentialAction\":[{\"@type\":\"ReadAction\",\"target\":[\"https:\/\/www.africa-press.net\/benin\/politique\/benin-jean-michel-abimbola-fait-son-adhesion-au-parti-up\"]}]},{\"@type\":\"ImageObject\",\"inLanguage\":\"fr-FR\",\"@id\":\"https:\/\/www.africa-press.net\/benin\/politique\/benin-jean-michel-abimbola-fait-son-adhesion-au-parti-up#primaryimage\",\"url\":\"https:\/\/static.africa-press.net\/benin\/sites\/46\/2022\/08\/postQueueImg_9-63012a8c01b10.jpg\",\"contentUrl\":\"https:\/\/static.africa-press.net\/benin\/sites\/46\/2022\/08\/postQueueImg_9-63012a8c01b10.jpg\",\"width\":1280,\"height\":900,\"caption\":\"B\u00e9nin: Jean Michel Abimbola fait son adh\u00e9sion au parti UP\"},{\"@type\":\"BreadcrumbList\",\"@id\":\"https:\/\/www.africa-press.net\/benin\/politique\/benin-jean-michel-abimbola-fait-son-adhesion-au-parti-up#breadcrumb\",\"itemListElement\":[{\"@type\":\"ListItem\",\"position\":1,\"name\":\"Accueil\",\"item\":\"https:\/\/www.africa-press.net\/benin\/\"},{\"@type\":\"ListItem\",\"position\":2,\"name\":\"B\u00e9nin: Jean Michel Abimbola fait son adh\u00e9sion au parti UP\"}]},{\"@type\":\"WebSite\",\"@id\":\"https:\/\/www.africa-press.net\/benin\/#website\",\"url\":\"https:\/\/www.africa-press.net\/benin\/\",\"name\":\"B\u00e9nin\",\"description\":\"Just another Africa News Agency Sites site\",\"potentialAction\":[{\"@type\":\"SearchAction\",\"target\":{\"@type\":\"EntryPoint\",\"urlTemplate\":\"https:\/\/www.africa-press.net\/benin\/?s={search_term_string}\"},\"query-input\":{\"@type\":\"PropertyValueSpecification\",\"valueRequired\":true,\"valueName\":\"search_term_string\"}}],\"inLanguage\":\"fr-FR\"},{\"@type\":\"Person\",\"@id\":\"https:\/\/www.africa-press.net\/benin\/#\/schema\/person\/2b1cf3cd81a31e3cd26889ca66d677f1\",\"name\":\"cfeditorfr\"}]}<\/script>\n<!-- \/ Yoast SEO Premium plugin. -->","yoast_head_json":{"title":"B\u00e9nin: Jean Michel Abimbola fait son adh\u00e9sion au parti UP - B\u00e9nin","description":"Un an apr\u00e8s sa d\u00e9mission du Bloc R\u00e9publicain (BR), le ministre Jean Michel Abimbola fait son come back politique. Il vie ...","robots":{"index":"index","follow":"follow","max-snippet":"max-snippet:-1","max-image-preview":"max-image-preview:large","max-video-preview":"max-video-preview:-1"},"canonical":"https:\/\/www.africa-press.net\/benin\/politique\/benin-jean-michel-abimbola-fait-son-adhesion-au-parti-up","og_locale":"fr_FR","og_type":"article","og_title":"B\u00e9nin: Jean Michel Abimbola fait son adh\u00e9sion au parti UP","og_description":"Un an apr\u00e8s sa d\u00e9mission du Bloc R\u00e9publicain (BR), le ministre Jean Michel Abimbola fait son come back politique. Il vie ...","og_url":"https:\/\/www.africa-press.net\/benin\/politique\/benin-jean-michel-abimbola-fait-son-adhesion-au-parti-up","og_site_name":"B\u00e9nin","article_published_time":"2022-08-20T18:21:26+00:00","article_modified_time":"2022-08-20T18:40:40+00:00","og_image":[{"width":1280,"height":900,"url":"https:\/\/static.africa-press.net\/benin\/sites\/46\/2022\/08\/postQueueImg_9-63012a8c01b10.jpg","type":"image\/jpeg"}],"author":"cfeditorfr","twitter_card":"summary_large_image","twitter_misc":{"\u00c9crit par":"cfeditorfr","Dur\u00e9e de lecture estim\u00e9e":"2 minutes"},"schema":{"@context":"https:\/\/schema.org","@graph":[{"@type":"Article","@id":"https:\/\/www.africa-press.net\/benin\/politique\/benin-jean-michel-abimbola-fait-son-adhesion-au-parti-up#article","isPartOf":{"@id":"https:\/\/www.africa-press.net\/benin\/politique\/benin-jean-michel-abimbola-fait-son-adhesion-au-parti-up"},"author":{"name":"cfeditorfr","@id":"https:\/\/www.africa-press.net\/benin\/#\/schema\/person\/2b1cf3cd81a31e3cd26889ca66d677f1"},"headline":"B\u00e9nin: Jean Michel Abimbola fait son adh\u00e9sion au parti UP","datePublished":"2022-08-20T18:21:26+00:00","dateModified":"2022-08-20T18:40:40+00:00","mainEntityOfPage":{"@id":"https:\/\/www.africa-press.net\/benin\/politique\/benin-jean-michel-abimbola-fait-son-adhesion-au-parti-up"},"wordCount":281,"commentCount":0,"image":{"@id":"https:\/\/www.africa-press.net\/benin\/politique\/benin-jean-michel-abimbola-fait-son-adhesion-au-parti-up#primaryimage"},"thumbnailUrl":"https:\/\/static.africa-press.net\/benin\/sites\/46\/2022\/08\/postQueueImg_9-63012a8c01b10.jpg","keywords":["Africa Press","Africa Press-Benin","B\u00e9nin"],"articleSection":["homepage-french","Politique","Toutes les actualit\u00e9s"],"inLanguage":"fr-FR","potentialAction":[{"@type":"CommentAction","name":"Comment","target":["https:\/\/www.africa-press.net\/benin\/politique\/benin-jean-michel-abimbola-fait-son-adhesion-au-parti-up#respond"]}]},{"@type":"WebPage","@id":"https:\/\/www.africa-press.net\/benin\/politique\/benin-jean-michel-abimbola-fait-son-adhesion-au-parti-up","url":"https:\/\/www.africa-press.net\/benin\/politique\/benin-jean-michel-abimbola-fait-son-adhesion-au-parti-up","name":"B\u00e9nin: Jean Michel Abimbola fait son adh\u00e9sion au parti UP - B\u00e9nin","isPartOf":{"@id":"https:\/\/www.africa-press.net\/benin\/#website"},"primaryImageOfPage":{"@id":"https:\/\/www.africa-press.net\/benin\/politique\/benin-jean-michel-abimbola-fait-son-adhesion-au-parti-up#primaryimage"},"image":{"@id":"https:\/\/www.africa-press.net\/benin\/politique\/benin-jean-michel-abimbola-fait-son-adhesion-au-parti-up#primaryimage"},"thumbnailUrl":"https:\/\/static.africa-press.net\/benin\/sites\/46\/2022\/08\/postQueueImg_9-63012a8c01b10.jpg","datePublished":"2022-08-20T18:21:26+00:00","dateModified":"2022-08-20T18:40:40+00:00","author":{"@id":"https:\/\/www.africa-press.net\/benin\/#\/schema\/person\/2b1cf3cd81a31e3cd26889ca66d677f1"},"description":"Un an apr\u00e8s sa d\u00e9mission du Bloc R\u00e9publicain (BR), le ministre Jean Michel Abimbola fait son come back politique. Il vie ...","breadcrumb":{"@id":"https:\/\/www.africa-press.net\/benin\/politique\/benin-jean-michel-abimbola-fait-son-adhesion-au-parti-up#breadcrumb"},"inLanguage":"fr-FR","potentialAction":[{"@type":"ReadAction","target":["https:\/\/www.africa-press.net\/benin\/politique\/benin-jean-michel-abimbola-fait-son-adhesion-au-parti-up"]}]},{"@type":"ImageObject","inLanguage":"fr-FR","@id":"https:\/\/www.africa-press.net\/benin\/politique\/benin-jean-michel-abimbola-fait-son-adhesion-au-parti-up#primaryimage","url":"https:\/\/static.africa-press.net\/benin\/sites\/46\/2022\/08\/postQueueImg_9-63012a8c01b10.jpg","contentUrl":"https:\/\/static.africa-press.net\/benin\/sites\/46\/2022\/08\/postQueueImg_9-63012a8c01b10.jpg","width":1280,"height":900,"caption":"B\u00e9nin: Jean Michel Abimbola fait son adh\u00e9sion au parti UP"},{"@type":"BreadcrumbList","@id":"https:\/\/www.africa-press.net\/benin\/politique\/benin-jean-michel-abimbola-fait-son-adhesion-au-parti-up#breadcrumb","itemListElement":[{"@type":"ListItem","position":1,"name":"Accueil","item":"https:\/\/www.africa-press.net\/benin\/"},{"@type":"ListItem","position":2,"name":"B\u00e9nin: Jean Michel Abimbola fait son adh\u00e9sion au parti UP"}]},{"@type":"WebSite","@id":"https:\/\/www.africa-press.net\/benin\/#website","url":"https:\/\/www.africa-press.net\/benin\/","name":"B\u00e9nin","description":"Just another Africa News Agency Sites site","potentialAction":[{"@type":"SearchAction","target":{"@type":"EntryPoint","urlTemplate":"https:\/\/www.africa-press.net\/benin\/?s={search_term_string}"},"query-input":{"@type":"PropertyValueSpecification","valueRequired":true,"valueName":"search_term_string"}}],"inLanguage":"fr-FR"},{"@type":"Person","@id":"https:\/\/www.africa-press.net\/benin\/#\/schema\/person\/2b1cf3cd81a31e3cd26889ca66d677f1","name":"cfeditorfr"}]}},"_links":{"self":[{"href":"https:\/\/www.africa-press.net\/benin\/wp-json\/wp\/v2\/posts\/8064","targetHints":{"allow":["GET"]}}],"collection":[{"href":"https:\/\/www.africa-press.net\/benin\/wp-json\/wp\/v2\/posts"}],"about":[{"href":"https:\/\/www.africa-press.net\/benin\/wp-json\/wp\/v2\/types\/post"}],"author":[{"embeddable":true,"href":"https:\/\/www.africa-press.net\/benin\/wp-json\/wp\/v2\/users\/82"}],"replies":[{"embeddable":true,"href":"https:\/\/www.africa-press.net\/benin\/wp-json\/wp\/v2\/comments?post=8064"}],"version-history":[{"count":0,"href":"https:\/\/www.africa-press.net\/benin\/wp-json\/wp\/v2\/posts\/8064\/revisions"}],"wp:featuredmedia":[{"embeddable":true,"href":"https:\/\/www.africa-press.net\/benin\/wp-json\/wp\/v2\/media\/8063"}],"wp:attachment":[{"href":"https:\/\/www.africa-press.net\/benin\/wp-json\/wp\/v2\/media?parent=8064"}],"wp:term":[{"taxonomy":"category","embeddable":true,"href":"https:\/\/www.africa-press.net\/benin\/wp-json\/wp\/v2\/categories?post=8064"},{"taxonomy":"post_tag","embeddable":true,"href":"https:\/\/www.africa-press.net\/benin\/wp-json\/wp\/v2\/tags?post=8064"}],"curies":[{"name":"wp","href":"https:\/\/api.w.org\/{rel}","templated":true}]}}