{"id":8074,"date":"2022-08-20T18:22:10","date_gmt":"2022-08-20T18:22:10","guid":{"rendered":"https:\/\/www.africa-press.net\/benin\/politique\/fusion-avec-lup-le-prd-va-perdre-son-sigle-et-maintenir-son-logo"},"modified":"2022-08-20T18:42:07","modified_gmt":"2022-08-20T18:42:07","slug":"fusion-avec-lup-le-prd-va-perdre-son-sigle-et-maintenir-son-logo","status":"publish","type":"post","link":"https:\/\/www.africa-press.net\/benin\/politique\/fusion-avec-lup-le-prd-va-perdre-son-sigle-et-maintenir-son-logo","title":{"rendered":"Fusion avec l\u2019UP: le PRD va perdre son sigle et maintenir son logo"},"content":{"rendered":"<p><span style=\"color: #ff6600\"><strong>Africa-Press &#8211; Benin. <\/strong><\/span>En pr\u00e9lude \u00e0 la signature d\u2019accord de fusion avec l\u2019Union Progressiste (UP), le Parti du Renouveau D\u00e9mocratique (PRD) a tenu ce vendredi un congr\u00e8s extraordinaire. Au cours de cette rencontre, les propositions de l\u2019UP ont \u00e9t\u00e9 examin\u00e9es et quitus a \u00e9t\u00e9 donn\u00e9 aux instances du PRD de signer l\u2019accord.<\/p>\n<p>Dans le nouveau parti qui na\u00eetra de la fusion UP-PRD, le parti arc-en-ciel n\u2019aura probablement pas son sigle. Adrien Houngb\u00e9dji avoue n\u2019avoir pas eu gain de cause sur ce terrain. <b>\u00ab Nous aurions voulu avoir satisfaction sur tous les plans, mais l\u2019exp\u00e9rience prouve que quand on est en partenariat, il faut savoir l\u00e2cher quelque chose pour obtenir plus \u00bb<\/b>, a-t-il expliqu\u00e9 aux congressistes.<\/p>\n<p>Le PRD va donc perdre son sigle, mais gardera par contre le titre de son hymne et son logo. Selon Adrien Houngb\u00e9dji, les n\u00e9gociations ont \u00e9t\u00e9 concluantes sur le plan. Le logo du nouveau parti est donc compos\u00e9 du baobab de l\u2019UP et l\u2019arc-en-ciel du PRD. Sur l\u2019image indiquant le logo, on voit le baobab couvert par l\u2019arc-en-ciel avec la d\u00e9nomination \u00ab l\u2019UP Le Renouveau \u00bb.<\/p>\n<p>Pour le pr\u00e9sident du PRD, le contexte actuel de la r\u00e9forme du syst\u00e8me partisan a fortement motiv\u00e9 cette fusion. Le patriarche compte laisser \u00e0 la post\u00e9rit\u00e9, \u00e0 travers cet accord politique, un parti fort et bien structur\u00e9.<\/p>\n<p><strong>Pour plus d&rsquo;informations et d&rsquo;analyses sur la <a href=\"https:\/\/www.africa-press.net\/benin\">Benin<\/a>, suivez <a href=\"https:\/\/www.africa-press.net\/\">Africa-Press<\/a><\/strong><\/p>\n","protected":false},"excerpt":{"rendered":"<p>Africa-Press &#8211; Benin. En pr\u00e9lude \u00e0 la signature d\u2019accord de fusion avec l\u2019Union Progressiste (UP), le Parti du Renouveau D\u00e9mocratique (PRD) a tenu ce vendredi un congr\u00e8s extraordinaire. Au cours de cette rencontre, les propositions de l\u2019UP ont \u00e9t\u00e9 examin\u00e9es et quitus a \u00e9t\u00e9 donn\u00e9 aux instances du PRD de signer l\u2019accord. Dans le nouveau [&hellip;]<\/p>\n","protected":false},"author":82,"featured_media":8072,"comment_status":"open","ping_status":"closed","sticky":false,"template":"","format":"standard","meta":{"footnotes":""},"categories":[11,2,10],"tags":[36,50,45],"class_list":["post-8074","post","type-post","status-publish","format-standard","has-post-thumbnail","hentry","category-homepage-french","category-politique","category-toutes-les-actualites","tag-africa-press","tag-africa-press-benin","tag-benin"],"yoast_head":"<!-- This site is optimized with the Yoast SEO Premium plugin v26.1 (Yoast SEO v27.0) - https:\/\/yoast.com\/product\/yoast-seo-premium-wordpress\/ -->\n<title>Fusion avec l\u2019UP: le PRD va perdre son sigle et maintenir son logo - B\u00e9nin<\/title>\n<meta name=\"description\" content=\"En pr\u00e9lude \u00e0 la signature d\u2019accord de fusion avec l\u2019Union Progressiste (UP), le Parti du Renouveau D\u00e9mocratique (PRD) a ...\" \/>\n<meta name=\"robots\" content=\"index, follow, max-snippet:-1, max-image-preview:large, max-video-preview:-1\" \/>\n<link rel=\"canonical\" href=\"https:\/\/www.africa-press.net\/benin\/politique\/fusion-avec-lup-le-prd-va-perdre-son-sigle-et-maintenir-son-logo\" \/>\n<meta property=\"og:locale\" content=\"fr_FR\" \/>\n<meta property=\"og:type\" content=\"article\" \/>\n<meta property=\"og:title\" content=\"Fusion avec l\u2019UP: le PRD va perdre son sigle et maintenir son logo\" \/>\n<meta property=\"og:description\" content=\"En pr\u00e9lude \u00e0 la signature d\u2019accord de fusion avec l\u2019Union Progressiste (UP), le Parti du Renouveau D\u00e9mocratique (PRD) a ...\" \/>\n<meta property=\"og:url\" content=\"https:\/\/www.africa-press.net\/benin\/politique\/fusion-avec-lup-le-prd-va-perdre-son-sigle-et-maintenir-son-logo\" \/>\n<meta property=\"og:site_name\" content=\"B\u00e9nin\" \/>\n<meta property=\"article:published_time\" content=\"2022-08-20T18:22:10+00:00\" \/>\n<meta property=\"article:modified_time\" content=\"2022-08-20T18:42:07+00:00\" \/>\n<meta property=\"og:image\" content=\"https:\/\/static.africa-press.net\/benin\/sites\/46\/2022\/08\/postQueueImg_12-63012aea15060.jpg\" \/>\n\t<meta property=\"og:image:width\" content=\"1200\" \/>\n\t<meta property=\"og:image:height\" content=\"675\" \/>\n\t<meta property=\"og:image:type\" content=\"image\/jpeg\" \/>\n<meta name=\"author\" content=\"cfeditorfr\" \/>\n<meta name=\"twitter:card\" content=\"summary_large_image\" \/>\n<meta name=\"twitter:label1\" content=\"\u00c9crit par\" \/>\n\t<meta name=\"twitter:data1\" content=\"cfeditorfr\" \/>\n\t<meta name=\"twitter:label2\" content=\"Dur\u00e9e de lecture estim\u00e9e\" \/>\n\t<meta name=\"twitter:data2\" content=\"2 minutes\" \/>\n<script type=\"application\/ld+json\" class=\"yoast-schema-graph\">{\"@context\":\"https:\/\/schema.org\",\"@graph\":[{\"@type\":\"Article\",\"@id\":\"https:\/\/www.africa-press.net\/benin\/politique\/fusion-avec-lup-le-prd-va-perdre-son-sigle-et-maintenir-son-logo#article\",\"isPartOf\":{\"@id\":\"https:\/\/www.africa-press.net\/benin\/politique\/fusion-avec-lup-le-prd-va-perdre-son-sigle-et-maintenir-son-logo\"},\"author\":{\"name\":\"cfeditorfr\",\"@id\":\"https:\/\/www.africa-press.net\/benin\/#\/schema\/person\/2b1cf3cd81a31e3cd26889ca66d677f1\"},\"headline\":\"Fusion avec l\u2019UP: le PRD va perdre son sigle et maintenir son logo\",\"datePublished\":\"2022-08-20T18:22:10+00:00\",\"dateModified\":\"2022-08-20T18:42:07+00:00\",\"mainEntityOfPage\":{\"@id\":\"https:\/\/www.africa-press.net\/benin\/politique\/fusion-avec-lup-le-prd-va-perdre-son-sigle-et-maintenir-son-logo\"},\"wordCount\":264,\"commentCount\":0,\"image\":{\"@id\":\"https:\/\/www.africa-press.net\/benin\/politique\/fusion-avec-lup-le-prd-va-perdre-son-sigle-et-maintenir-son-logo#primaryimage\"},\"thumbnailUrl\":\"https:\/\/static.africa-press.net\/benin\/sites\/46\/2022\/08\/postQueueImg_12-63012aea15060.jpg\",\"keywords\":[\"Africa Press\",\"Africa Press-Benin\",\"B\u00e9nin\"],\"articleSection\":[\"homepage-french\",\"Politique\",\"Toutes les actualit\u00e9s\"],\"inLanguage\":\"fr-FR\",\"potentialAction\":[{\"@type\":\"CommentAction\",\"name\":\"Comment\",\"target\":[\"https:\/\/www.africa-press.net\/benin\/politique\/fusion-avec-lup-le-prd-va-perdre-son-sigle-et-maintenir-son-logo#respond\"]}]},{\"@type\":\"WebPage\",\"@id\":\"https:\/\/www.africa-press.net\/benin\/politique\/fusion-avec-lup-le-prd-va-perdre-son-sigle-et-maintenir-son-logo\",\"url\":\"https:\/\/www.africa-press.net\/benin\/politique\/fusion-avec-lup-le-prd-va-perdre-son-sigle-et-maintenir-son-logo\",\"name\":\"Fusion avec l\u2019UP: le PRD va perdre son sigle et maintenir son logo - B\u00e9nin\",\"isPartOf\":{\"@id\":\"https:\/\/www.africa-press.net\/benin\/#website\"},\"primaryImageOfPage\":{\"@id\":\"https:\/\/www.africa-press.net\/benin\/politique\/fusion-avec-lup-le-prd-va-perdre-son-sigle-et-maintenir-son-logo#primaryimage\"},\"image\":{\"@id\":\"https:\/\/www.africa-press.net\/benin\/politique\/fusion-avec-lup-le-prd-va-perdre-son-sigle-et-maintenir-son-logo#primaryimage\"},\"thumbnailUrl\":\"https:\/\/static.africa-press.net\/benin\/sites\/46\/2022\/08\/postQueueImg_12-63012aea15060.jpg\",\"datePublished\":\"2022-08-20T18:22:10+00:00\",\"dateModified\":\"2022-08-20T18:42:07+00:00\",\"author\":{\"@id\":\"https:\/\/www.africa-press.net\/benin\/#\/schema\/person\/2b1cf3cd81a31e3cd26889ca66d677f1\"},\"description\":\"En pr\u00e9lude \u00e0 la signature d\u2019accord de fusion avec l\u2019Union Progressiste (UP), le Parti du Renouveau D\u00e9mocratique (PRD) a ...\",\"breadcrumb\":{\"@id\":\"https:\/\/www.africa-press.net\/benin\/politique\/fusion-avec-lup-le-prd-va-perdre-son-sigle-et-maintenir-son-logo#breadcrumb\"},\"inLanguage\":\"fr-FR\",\"potentialAction\":[{\"@type\":\"ReadAction\",\"target\":[\"https:\/\/www.africa-press.net\/benin\/politique\/fusion-avec-lup-le-prd-va-perdre-son-sigle-et-maintenir-son-logo\"]}]},{\"@type\":\"ImageObject\",\"inLanguage\":\"fr-FR\",\"@id\":\"https:\/\/www.africa-press.net\/benin\/politique\/fusion-avec-lup-le-prd-va-perdre-son-sigle-et-maintenir-son-logo#primaryimage\",\"url\":\"https:\/\/static.africa-press.net\/benin\/sites\/46\/2022\/08\/postQueueImg_12-63012aea15060.jpg\",\"contentUrl\":\"https:\/\/static.africa-press.net\/benin\/sites\/46\/2022\/08\/postQueueImg_12-63012aea15060.jpg\",\"width\":1200,\"height\":675,\"caption\":\"Fusion avec l\u2019UP: le PRD va perdre son sigle et maintenir son logo\"},{\"@type\":\"BreadcrumbList\",\"@id\":\"https:\/\/www.africa-press.net\/benin\/politique\/fusion-avec-lup-le-prd-va-perdre-son-sigle-et-maintenir-son-logo#breadcrumb\",\"itemListElement\":[{\"@type\":\"ListItem\",\"position\":1,\"name\":\"Accueil\",\"item\":\"https:\/\/www.africa-press.net\/benin\/\"},{\"@type\":\"ListItem\",\"position\":2,\"name\":\"Fusion avec l\u2019UP: le PRD va perdre son sigle et maintenir son logo\"}]},{\"@type\":\"WebSite\",\"@id\":\"https:\/\/www.africa-press.net\/benin\/#website\",\"url\":\"https:\/\/www.africa-press.net\/benin\/\",\"name\":\"B\u00e9nin\",\"description\":\"Just another Africa News Agency Sites site\",\"potentialAction\":[{\"@type\":\"SearchAction\",\"target\":{\"@type\":\"EntryPoint\",\"urlTemplate\":\"https:\/\/www.africa-press.net\/benin\/?s={search_term_string}\"},\"query-input\":{\"@type\":\"PropertyValueSpecification\",\"valueRequired\":true,\"valueName\":\"search_term_string\"}}],\"inLanguage\":\"fr-FR\"},{\"@type\":\"Person\",\"@id\":\"https:\/\/www.africa-press.net\/benin\/#\/schema\/person\/2b1cf3cd81a31e3cd26889ca66d677f1\",\"name\":\"cfeditorfr\"}]}<\/script>\n<!-- \/ Yoast SEO Premium plugin. -->","yoast_head_json":{"title":"Fusion avec l\u2019UP: le PRD va perdre son sigle et maintenir son logo - B\u00e9nin","description":"En pr\u00e9lude \u00e0 la signature d\u2019accord de fusion avec l\u2019Union Progressiste (UP), le Parti du Renouveau D\u00e9mocratique (PRD) a ...","robots":{"index":"index","follow":"follow","max-snippet":"max-snippet:-1","max-image-preview":"max-image-preview:large","max-video-preview":"max-video-preview:-1"},"canonical":"https:\/\/www.africa-press.net\/benin\/politique\/fusion-avec-lup-le-prd-va-perdre-son-sigle-et-maintenir-son-logo","og_locale":"fr_FR","og_type":"article","og_title":"Fusion avec l\u2019UP: le PRD va perdre son sigle et maintenir son logo","og_description":"En pr\u00e9lude \u00e0 la signature d\u2019accord de fusion avec l\u2019Union Progressiste (UP), le Parti du Renouveau D\u00e9mocratique (PRD) a ...","og_url":"https:\/\/www.africa-press.net\/benin\/politique\/fusion-avec-lup-le-prd-va-perdre-son-sigle-et-maintenir-son-logo","og_site_name":"B\u00e9nin","article_published_time":"2022-08-20T18:22:10+00:00","article_modified_time":"2022-08-20T18:42:07+00:00","og_image":[{"width":1200,"height":675,"url":"https:\/\/static.africa-press.net\/benin\/sites\/46\/2022\/08\/postQueueImg_12-63012aea15060.jpg","type":"image\/jpeg"}],"author":"cfeditorfr","twitter_card":"summary_large_image","twitter_misc":{"\u00c9crit par":"cfeditorfr","Dur\u00e9e de lecture estim\u00e9e":"2 minutes"},"schema":{"@context":"https:\/\/schema.org","@graph":[{"@type":"Article","@id":"https:\/\/www.africa-press.net\/benin\/politique\/fusion-avec-lup-le-prd-va-perdre-son-sigle-et-maintenir-son-logo#article","isPartOf":{"@id":"https:\/\/www.africa-press.net\/benin\/politique\/fusion-avec-lup-le-prd-va-perdre-son-sigle-et-maintenir-son-logo"},"author":{"name":"cfeditorfr","@id":"https:\/\/www.africa-press.net\/benin\/#\/schema\/person\/2b1cf3cd81a31e3cd26889ca66d677f1"},"headline":"Fusion avec l\u2019UP: le PRD va perdre son sigle et maintenir son logo","datePublished":"2022-08-20T18:22:10+00:00","dateModified":"2022-08-20T18:42:07+00:00","mainEntityOfPage":{"@id":"https:\/\/www.africa-press.net\/benin\/politique\/fusion-avec-lup-le-prd-va-perdre-son-sigle-et-maintenir-son-logo"},"wordCount":264,"commentCount":0,"image":{"@id":"https:\/\/www.africa-press.net\/benin\/politique\/fusion-avec-lup-le-prd-va-perdre-son-sigle-et-maintenir-son-logo#primaryimage"},"thumbnailUrl":"https:\/\/static.africa-press.net\/benin\/sites\/46\/2022\/08\/postQueueImg_12-63012aea15060.jpg","keywords":["Africa Press","Africa Press-Benin","B\u00e9nin"],"articleSection":["homepage-french","Politique","Toutes les actualit\u00e9s"],"inLanguage":"fr-FR","potentialAction":[{"@type":"CommentAction","name":"Comment","target":["https:\/\/www.africa-press.net\/benin\/politique\/fusion-avec-lup-le-prd-va-perdre-son-sigle-et-maintenir-son-logo#respond"]}]},{"@type":"WebPage","@id":"https:\/\/www.africa-press.net\/benin\/politique\/fusion-avec-lup-le-prd-va-perdre-son-sigle-et-maintenir-son-logo","url":"https:\/\/www.africa-press.net\/benin\/politique\/fusion-avec-lup-le-prd-va-perdre-son-sigle-et-maintenir-son-logo","name":"Fusion avec l\u2019UP: le PRD va perdre son sigle et maintenir son logo - B\u00e9nin","isPartOf":{"@id":"https:\/\/www.africa-press.net\/benin\/#website"},"primaryImageOfPage":{"@id":"https:\/\/www.africa-press.net\/benin\/politique\/fusion-avec-lup-le-prd-va-perdre-son-sigle-et-maintenir-son-logo#primaryimage"},"image":{"@id":"https:\/\/www.africa-press.net\/benin\/politique\/fusion-avec-lup-le-prd-va-perdre-son-sigle-et-maintenir-son-logo#primaryimage"},"thumbnailUrl":"https:\/\/static.africa-press.net\/benin\/sites\/46\/2022\/08\/postQueueImg_12-63012aea15060.jpg","datePublished":"2022-08-20T18:22:10+00:00","dateModified":"2022-08-20T18:42:07+00:00","author":{"@id":"https:\/\/www.africa-press.net\/benin\/#\/schema\/person\/2b1cf3cd81a31e3cd26889ca66d677f1"},"description":"En pr\u00e9lude \u00e0 la signature d\u2019accord de fusion avec l\u2019Union Progressiste (UP), le Parti du Renouveau D\u00e9mocratique (PRD) a ...","breadcrumb":{"@id":"https:\/\/www.africa-press.net\/benin\/politique\/fusion-avec-lup-le-prd-va-perdre-son-sigle-et-maintenir-son-logo#breadcrumb"},"inLanguage":"fr-FR","potentialAction":[{"@type":"ReadAction","target":["https:\/\/www.africa-press.net\/benin\/politique\/fusion-avec-lup-le-prd-va-perdre-son-sigle-et-maintenir-son-logo"]}]},{"@type":"ImageObject","inLanguage":"fr-FR","@id":"https:\/\/www.africa-press.net\/benin\/politique\/fusion-avec-lup-le-prd-va-perdre-son-sigle-et-maintenir-son-logo#primaryimage","url":"https:\/\/static.africa-press.net\/benin\/sites\/46\/2022\/08\/postQueueImg_12-63012aea15060.jpg","contentUrl":"https:\/\/static.africa-press.net\/benin\/sites\/46\/2022\/08\/postQueueImg_12-63012aea15060.jpg","width":1200,"height":675,"caption":"Fusion avec l\u2019UP: le PRD va perdre son sigle et maintenir son logo"},{"@type":"BreadcrumbList","@id":"https:\/\/www.africa-press.net\/benin\/politique\/fusion-avec-lup-le-prd-va-perdre-son-sigle-et-maintenir-son-logo#breadcrumb","itemListElement":[{"@type":"ListItem","position":1,"name":"Accueil","item":"https:\/\/www.africa-press.net\/benin\/"},{"@type":"ListItem","position":2,"name":"Fusion avec l\u2019UP: le PRD va perdre son sigle et maintenir son logo"}]},{"@type":"WebSite","@id":"https:\/\/www.africa-press.net\/benin\/#website","url":"https:\/\/www.africa-press.net\/benin\/","name":"B\u00e9nin","description":"Just another Africa News Agency Sites site","potentialAction":[{"@type":"SearchAction","target":{"@type":"EntryPoint","urlTemplate":"https:\/\/www.africa-press.net\/benin\/?s={search_term_string}"},"query-input":{"@type":"PropertyValueSpecification","valueRequired":true,"valueName":"search_term_string"}}],"inLanguage":"fr-FR"},{"@type":"Person","@id":"https:\/\/www.africa-press.net\/benin\/#\/schema\/person\/2b1cf3cd81a31e3cd26889ca66d677f1","name":"cfeditorfr"}]}},"_links":{"self":[{"href":"https:\/\/www.africa-press.net\/benin\/wp-json\/wp\/v2\/posts\/8074","targetHints":{"allow":["GET"]}}],"collection":[{"href":"https:\/\/www.africa-press.net\/benin\/wp-json\/wp\/v2\/posts"}],"about":[{"href":"https:\/\/www.africa-press.net\/benin\/wp-json\/wp\/v2\/types\/post"}],"author":[{"embeddable":true,"href":"https:\/\/www.africa-press.net\/benin\/wp-json\/wp\/v2\/users\/82"}],"replies":[{"embeddable":true,"href":"https:\/\/www.africa-press.net\/benin\/wp-json\/wp\/v2\/comments?post=8074"}],"version-history":[{"count":0,"href":"https:\/\/www.africa-press.net\/benin\/wp-json\/wp\/v2\/posts\/8074\/revisions"}],"wp:featuredmedia":[{"embeddable":true,"href":"https:\/\/www.africa-press.net\/benin\/wp-json\/wp\/v2\/media\/8072"}],"wp:attachment":[{"href":"https:\/\/www.africa-press.net\/benin\/wp-json\/wp\/v2\/media?parent=8074"}],"wp:term":[{"taxonomy":"category","embeddable":true,"href":"https:\/\/www.africa-press.net\/benin\/wp-json\/wp\/v2\/categories?post=8074"},{"taxonomy":"post_tag","embeddable":true,"href":"https:\/\/www.africa-press.net\/benin\/wp-json\/wp\/v2\/tags?post=8074"}],"curies":[{"name":"wp","href":"https:\/\/api.w.org\/{rel}","templated":true}]}}