{"id":8079,"date":"2022-08-20T18:22:22","date_gmt":"2022-08-20T18:22:22","guid":{"rendered":"https:\/\/www.africa-press.net\/benin\/politique\/fusion-du-prd-et-de-lup-me-adrien-houngbedji-autorise-a-signer-un-protocole-daccord"},"modified":"2022-08-20T18:42:43","modified_gmt":"2022-08-20T18:42:43","slug":"fusion-du-prd-et-de-lup-me-adrien-houngbedji-autorise-a-signer-un-protocole-daccord","status":"publish","type":"post","link":"https:\/\/www.africa-press.net\/benin\/politique\/fusion-du-prd-et-de-lup-me-adrien-houngbedji-autorise-a-signer-un-protocole-daccord","title":{"rendered":"Fusion du PRD et de l\u2019UP: Me Adrien Houngb\u00e9dji autoris\u00e9 \u00e0 signer un protocole d\u2019accord"},"content":{"rendered":"<p><span style=\"color: #ff6600\"><strong>Africa-Press &#8211; Benin. <\/strong><\/span>Le projet de fusion entre le Parti du Renouveau D\u00e9mocratique (PRD) de Me Adrien Houngb\u00e9dji et l\u2019Union Progressiste (UP) a \u00e9t\u00e9 au c\u0153ur hier vendredi 19 Ao\u00fbt d\u2019un conseil national du parti-Arc-En-Ciel. A l\u2019issue du conseil, plein pouvoir a \u00e9t\u00e9 accord\u00e9 au pr\u00e9sident Adrien Houngb\u00e9dji pour signer un protocole d\u2019accord avec le parti pr\u00e9sid\u00e9 par le professeur Joseph Djogb\u00e9nou.<\/p>\n<p>La r\u00e9solution issue du conseil national tenu par le parti du renouveau d\u00e9mocratique en pr\u00e9lude au projet de fusion de cette formation politique avec l\u2019UP pour la naissance d\u2019un autre parti politique autorise Me Adrien Houngb\u00e9dji \u00e0 signer avec le nouveau partenaire politique, un protocole d\u2019accord.<\/p>\n<p>\u00ab <b>Consid\u00e9rant la volont\u00e9 largement exprim\u00e9e par les militants \u00e0 la base et les explications du Pr\u00e9sident du Parti Me Adrien Houngb\u00e9dji, les participants aux travaux du Conseil national du Parti du Renouveau D\u00e9mocratique apr\u00e8s analyse minutieuse de la situation politique du pays ont d\u00e9cid\u00e9 \u00e0 l\u2019unanimit\u00e9 d\u2019ent\u00e9riner la proposition du Bureau Politique du Parti et d\u00e9cident conform\u00e9ment \u00e0 l\u2019article 90 des statuts du Parti que le Pr\u00e9sident du Parti PRD signe un protocole d\u2019accord relatif \u00e0 la fusion du PRD et de l\u2019UP.<\/b>\u00ab , peut-on lire dans la r\u00e9solution du conseil national du PRD.<\/p>\n<p>La voie est donc balis\u00e9e, du moins du c\u00f4t\u00e9 du parti du renouveau d\u00e9mocratique pour la tenue effective du congr\u00e8s constitutif du nouveau parti politique en gestation suite au rapprochement du PRD et de l\u2019UP.<\/p>\n<p>La formalisation de ce nouveau parti politique aura lieu demain dimanche 21 Ao\u00fbt 2022 \u00e0 travers un congr\u00e8s constitutif qui aura lieu au stade Charles De Gaule de Porto Novo.<\/p>\n<p>Le contenu de la r\u00e9solution du congr\u00e8s national du PRD<\/p>\n<p>Vu : La Loi N\u00b0 2019-41 modifiant et compl\u00e9tant la Loi N\u00b02018-23 portant Charte des Partis Politiques en R\u00e9publique du B\u00e9nin ;<\/p>\n<p>Vu : Le R\u00e9c\u00e9piss\u00e9 N\u00b0 017\/MISP\/DC\/SGM\/DAIC\/SA en date 26 f\u00e9vrier 2019 d\u00e9livr\u00e9 par le Minist\u00e8re de l\u2019Int\u00e9rieur et de la S\u00e9curit\u00e9 Publique ;<\/p>\n<p>Vu : Les Statuts du Parti du Renouveau D\u00e9mocratique (PRD) issus du 5\u00e8me Congr\u00e8s Ordinaire tenu le 19 d\u00e9cembre 2021 en ses articles 90 et 91 relatifs \u00e0 la fusion du PRD avec d\u2019autres partis politiques ;<\/p>\n<p>Consid\u00e9rant que depuis le 10 ao\u00fbt 1990 date de sa cr\u00e9ation, le PRD a particip\u00e9 \u00e2prement et de fa\u00e7on continue \u00e0 l\u2019animation de la vie politique dans notre pays le B\u00e9nin ;<\/p>\n<p>Consid\u00e9rant la r\u00e9solution de la Convention du PRD r\u00e9unie le 21 f\u00e9vrier 2014 \u00e0 Ifangni qui fixe la nouvelle ligne politique et strat\u00e9gique du Parti ;<\/p>\n<p>Consid\u00e9rant qu\u2019en ex\u00e9cution de cette nouvelle ligne, le PRD apporte de fa\u00e7on ferme son soutien au Pr\u00e9sident Patrice Talon ;<\/p>\n<p>Consid\u00e9rant les actions de d\u00e9veloppement du Gouvernement Talon dans les villes du pays et particuli\u00e8rement \u00e0 Porto-Novo ;<\/p>\n<p>Consid\u00e9rant la r\u00e9union de la Direction ex\u00e9cutive nationale (DEN) du Parti du renouveau d\u00e9mocratique (PRD) \u00e9largie aux membres du Haut Conseil des Sages et de la r\u00e9conciliation (HCSR) et aux Coordonnateurs des 24 circonscriptions \u00e9lectorales du Parti tenue le samedi 06 ao\u00fbt 2022 ;<\/p>\n<p>Consid\u00e9rant qu\u2019\u00e0 cette r\u00e9union, le Pr\u00e9sident du Pr\u00e9sidium de l\u2019Union Progressiste (UP) Me Joseph Djogb\u00e9nou a exprim\u00e9 le souhait d\u2019un rapprochement plus \u00e9troit entre le PRD et l\u2019UP, rapprochement qui conduira \u00e0 une plus grande convergence et fera des deux partis, les \u00ab coproducteurs \u00bb, \u00ab cor\u00e9alisateurs \u00bb et \u00ab cogestionnaires \u00bb de l\u2019offre politique \u00e0 venir, tout en pr\u00e9servant ce que chacun d\u2019eux a d\u2019essentiel dont l\u2019identit\u00e9 et les fiefs ;<\/p>\n<p>Consid\u00e9rant que la vision expos\u00e9e par le Pr\u00e9sident de l\u2019UP est en ad\u00e9quation avec celle du PRD, la DEN a approuv\u00e9 le principe d\u2019une mise en \u0153uvre commune de cette vision, et a autoris\u00e9 le Pr\u00e9sident du Parti \u00e0 poursuivre avec son homologue de l\u2019UP, les n\u00e9gociations pour un heureux aboutissement du projet ;<\/p>\n<p>Consid\u00e9rant que face \u00e0 une telle situation d\u2019offre de partenariat politique et en pr\u00e9lude aux assises du pr\u00e9sent Conseil national, le Pr\u00e9sident du Parti du renouveau d\u00e9mocratique, Me Adrien Houngb\u00e9dji, a re\u00e7u en consultation les structures verticales et horizontales du Parti ;<\/p>\n<p>Consid\u00e9rant qu\u2019il ressort de ces consultations une large adh\u00e9sion \u00e0 l\u2019id\u00e9e de fusionner les deux Partis dans le strict respect des textes du PRD issus de son 5\u00e8me Congr\u00e8s Ordinaire et qu\u2019en cons\u00e9quence un protocole d\u2019accord clair, pr\u00e9cis qui pr\u00e9serve les acquis du Parti soit sign\u00e9 ;<\/p>\n<p>Consid\u00e9rant qu\u2019apr\u00e8s avoir pris connaissance du rapport pr\u00e9sent\u00e9 par le Secr\u00e9taire G\u00e9n\u00e9ral du Parti et les explications fournies par le Pr\u00e9sident du Parti Me Adrien Houngb\u00e9dji sur l\u2019ensemble du processus de fusion conduit jusqu\u2019\u00e0 pr\u00e9sent et le choix de la DEN, le Bureau Politique du Parti r\u00e9uni en assembl\u00e9e ce jour, vendredi, 19 ao\u00fbt 2022, \u00e0 l\u2019unanimit\u00e9 de ses membres, recommande au Conseil national d\u2019accepter la fusion du Parti avec le Parti UP et propose de bien vouloir autoriser le Pr\u00e9sident du Parti Me Adrien HOUNGBEDJI \u00e0 signer le protocole d\u2019accord ;<\/p>\n<p>Consid\u00e9rant la recommandation du Bureau Politique r\u00e9uni en assembl\u00e9e ce jour, vendredi, 19 ao\u00fbt 2022 ;<\/p>\n<p>Consid\u00e9rant la volont\u00e9 largement exprim\u00e9e par les militants \u00e0 la base et les explications du Pr\u00e9sident du Parti Me Adrien Houngb\u00e9dji, les participants aux travaux du Conseil national du Parti du Renouveau D\u00e9mocratique apr\u00e8s analyse minutieuse de la situation politique du pays ont d\u00e9cid\u00e9 \u00e0 l\u2019unanimit\u00e9 d\u2019ent\u00e9riner la proposition du Bureau Politique du Parti et d\u00e9cident conform\u00e9ment \u00e0 l\u2019article 90 des statuts du Parti que le Pr\u00e9sident du Parti PRD signe un protocole d\u2019accord relatif \u00e0 la fusion du PRD et de l\u2019UP.<\/p>\n<p><strong>Pour plus d&rsquo;informations et d&rsquo;analyses sur la <a href=\"https:\/\/www.africa-press.net\/benin\">Benin<\/a>, suivez <a href=\"https:\/\/www.africa-press.net\/\">Africa-Press<\/a><\/strong><\/p>\n","protected":false},"excerpt":{"rendered":"<p>Africa-Press &#8211; Benin. Le projet de fusion entre le Parti du Renouveau D\u00e9mocratique (PRD) de Me Adrien Houngb\u00e9dji et l\u2019Union Progressiste (UP) a \u00e9t\u00e9 au c\u0153ur hier vendredi 19 Ao\u00fbt d\u2019un conseil national du parti-Arc-En-Ciel. A l\u2019issue du conseil, plein pouvoir a \u00e9t\u00e9 accord\u00e9 au pr\u00e9sident Adrien Houngb\u00e9dji pour signer un protocole d\u2019accord avec le [&hellip;]<\/p>\n","protected":false},"author":82,"featured_media":8078,"comment_status":"open","ping_status":"closed","sticky":false,"template":"","format":"standard","meta":{"footnotes":""},"categories":[11,2,10],"tags":[36,50,45],"class_list":["post-8079","post","type-post","status-publish","format-standard","has-post-thumbnail","hentry","category-homepage-french","category-politique","category-toutes-les-actualites","tag-africa-press","tag-africa-press-benin","tag-benin"],"yoast_head":"<!-- This site is optimized with the Yoast SEO Premium plugin v26.1 (Yoast SEO v27.0) - https:\/\/yoast.com\/product\/yoast-seo-premium-wordpress\/ -->\n<title>Fusion du PRD et de l\u2019UP: Me Adrien Houngb\u00e9dji autoris\u00e9 \u00e0 signer un protocole d\u2019accord - B\u00e9nin<\/title>\n<meta name=\"description\" content=\"Le projet de fusion entre le Parti du Renouveau D\u00e9mocratique (PRD) de Me Adrien Houngb\u00e9dji et l\u2019Union Progressiste (UP) ...\" \/>\n<meta name=\"robots\" content=\"index, follow, max-snippet:-1, max-image-preview:large, max-video-preview:-1\" \/>\n<link rel=\"canonical\" href=\"https:\/\/www.africa-press.net\/benin\/politique\/fusion-du-prd-et-de-lup-me-adrien-houngbedji-autorise-a-signer-un-protocole-daccord\" \/>\n<meta property=\"og:locale\" content=\"fr_FR\" \/>\n<meta property=\"og:type\" content=\"article\" \/>\n<meta property=\"og:title\" content=\"Fusion du PRD et de l\u2019UP: Me Adrien Houngb\u00e9dji autoris\u00e9 \u00e0 signer un protocole d\u2019accord\" \/>\n<meta property=\"og:description\" content=\"Le projet de fusion entre le Parti du Renouveau D\u00e9mocratique (PRD) de Me Adrien Houngb\u00e9dji et l\u2019Union Progressiste (UP) ...\" \/>\n<meta property=\"og:url\" content=\"https:\/\/www.africa-press.net\/benin\/politique\/fusion-du-prd-et-de-lup-me-adrien-houngbedji-autorise-a-signer-un-protocole-daccord\" \/>\n<meta property=\"og:site_name\" content=\"B\u00e9nin\" \/>\n<meta property=\"article:published_time\" content=\"2022-08-20T18:22:22+00:00\" \/>\n<meta property=\"article:modified_time\" content=\"2022-08-20T18:42:43+00:00\" \/>\n<meta property=\"og:image\" content=\"https:\/\/static.africa-press.net\/benin\/sites\/46\/2022\/08\/postQueueImg_13-63012b05ec42b.jpg\" \/>\n\t<meta property=\"og:image:width\" content=\"1200\" \/>\n\t<meta property=\"og:image:height\" content=\"675\" \/>\n\t<meta property=\"og:image:type\" content=\"image\/jpeg\" \/>\n<meta name=\"author\" content=\"cfeditorfr\" \/>\n<meta name=\"twitter:card\" content=\"summary_large_image\" \/>\n<meta name=\"twitter:label1\" content=\"\u00c9crit par\" \/>\n\t<meta name=\"twitter:data1\" content=\"cfeditorfr\" \/>\n\t<meta name=\"twitter:label2\" content=\"Dur\u00e9e de lecture estim\u00e9e\" \/>\n\t<meta name=\"twitter:data2\" content=\"5 minutes\" \/>\n<script type=\"application\/ld+json\" class=\"yoast-schema-graph\">{\"@context\":\"https:\/\/schema.org\",\"@graph\":[{\"@type\":\"Article\",\"@id\":\"https:\/\/www.africa-press.net\/benin\/politique\/fusion-du-prd-et-de-lup-me-adrien-houngbedji-autorise-a-signer-un-protocole-daccord#article\",\"isPartOf\":{\"@id\":\"https:\/\/www.africa-press.net\/benin\/politique\/fusion-du-prd-et-de-lup-me-adrien-houngbedji-autorise-a-signer-un-protocole-daccord\"},\"author\":{\"name\":\"cfeditorfr\",\"@id\":\"https:\/\/www.africa-press.net\/benin\/#\/schema\/person\/2b1cf3cd81a31e3cd26889ca66d677f1\"},\"headline\":\"Fusion du PRD et de l\u2019UP: Me Adrien Houngb\u00e9dji autoris\u00e9 \u00e0 signer un protocole d\u2019accord\",\"datePublished\":\"2022-08-20T18:22:22+00:00\",\"dateModified\":\"2022-08-20T18:42:43+00:00\",\"mainEntityOfPage\":{\"@id\":\"https:\/\/www.africa-press.net\/benin\/politique\/fusion-du-prd-et-de-lup-me-adrien-houngbedji-autorise-a-signer-un-protocole-daccord\"},\"wordCount\":1037,\"commentCount\":0,\"image\":{\"@id\":\"https:\/\/www.africa-press.net\/benin\/politique\/fusion-du-prd-et-de-lup-me-adrien-houngbedji-autorise-a-signer-un-protocole-daccord#primaryimage\"},\"thumbnailUrl\":\"https:\/\/static.africa-press.net\/benin\/sites\/46\/2022\/08\/postQueueImg_13-63012b05ec42b.jpg\",\"keywords\":[\"Africa Press\",\"Africa Press-Benin\",\"B\u00e9nin\"],\"articleSection\":[\"homepage-french\",\"Politique\",\"Toutes les actualit\u00e9s\"],\"inLanguage\":\"fr-FR\",\"potentialAction\":[{\"@type\":\"CommentAction\",\"name\":\"Comment\",\"target\":[\"https:\/\/www.africa-press.net\/benin\/politique\/fusion-du-prd-et-de-lup-me-adrien-houngbedji-autorise-a-signer-un-protocole-daccord#respond\"]}]},{\"@type\":\"WebPage\",\"@id\":\"https:\/\/www.africa-press.net\/benin\/politique\/fusion-du-prd-et-de-lup-me-adrien-houngbedji-autorise-a-signer-un-protocole-daccord\",\"url\":\"https:\/\/www.africa-press.net\/benin\/politique\/fusion-du-prd-et-de-lup-me-adrien-houngbedji-autorise-a-signer-un-protocole-daccord\",\"name\":\"Fusion du PRD et de l\u2019UP: Me Adrien Houngb\u00e9dji autoris\u00e9 \u00e0 signer un protocole d\u2019accord - B\u00e9nin\",\"isPartOf\":{\"@id\":\"https:\/\/www.africa-press.net\/benin\/#website\"},\"primaryImageOfPage\":{\"@id\":\"https:\/\/www.africa-press.net\/benin\/politique\/fusion-du-prd-et-de-lup-me-adrien-houngbedji-autorise-a-signer-un-protocole-daccord#primaryimage\"},\"image\":{\"@id\":\"https:\/\/www.africa-press.net\/benin\/politique\/fusion-du-prd-et-de-lup-me-adrien-houngbedji-autorise-a-signer-un-protocole-daccord#primaryimage\"},\"thumbnailUrl\":\"https:\/\/static.africa-press.net\/benin\/sites\/46\/2022\/08\/postQueueImg_13-63012b05ec42b.jpg\",\"datePublished\":\"2022-08-20T18:22:22+00:00\",\"dateModified\":\"2022-08-20T18:42:43+00:00\",\"author\":{\"@id\":\"https:\/\/www.africa-press.net\/benin\/#\/schema\/person\/2b1cf3cd81a31e3cd26889ca66d677f1\"},\"description\":\"Le projet de fusion entre le Parti du Renouveau D\u00e9mocratique (PRD) de Me Adrien Houngb\u00e9dji et l\u2019Union Progressiste (UP) ...\",\"breadcrumb\":{\"@id\":\"https:\/\/www.africa-press.net\/benin\/politique\/fusion-du-prd-et-de-lup-me-adrien-houngbedji-autorise-a-signer-un-protocole-daccord#breadcrumb\"},\"inLanguage\":\"fr-FR\",\"potentialAction\":[{\"@type\":\"ReadAction\",\"target\":[\"https:\/\/www.africa-press.net\/benin\/politique\/fusion-du-prd-et-de-lup-me-adrien-houngbedji-autorise-a-signer-un-protocole-daccord\"]}]},{\"@type\":\"ImageObject\",\"inLanguage\":\"fr-FR\",\"@id\":\"https:\/\/www.africa-press.net\/benin\/politique\/fusion-du-prd-et-de-lup-me-adrien-houngbedji-autorise-a-signer-un-protocole-daccord#primaryimage\",\"url\":\"https:\/\/static.africa-press.net\/benin\/sites\/46\/2022\/08\/postQueueImg_13-63012b05ec42b.jpg\",\"contentUrl\":\"https:\/\/static.africa-press.net\/benin\/sites\/46\/2022\/08\/postQueueImg_13-63012b05ec42b.jpg\",\"width\":1200,\"height\":675,\"caption\":\"Fusion du PRD et de l\u2019UP: Me Adrien Houngb\u00e9dji autoris\u00e9 \u00e0 signer un protocole d\u2019accord\"},{\"@type\":\"BreadcrumbList\",\"@id\":\"https:\/\/www.africa-press.net\/benin\/politique\/fusion-du-prd-et-de-lup-me-adrien-houngbedji-autorise-a-signer-un-protocole-daccord#breadcrumb\",\"itemListElement\":[{\"@type\":\"ListItem\",\"position\":1,\"name\":\"Accueil\",\"item\":\"https:\/\/www.africa-press.net\/benin\/\"},{\"@type\":\"ListItem\",\"position\":2,\"name\":\"Fusion du PRD et de l\u2019UP: Me Adrien Houngb\u00e9dji autoris\u00e9 \u00e0 signer un protocole d\u2019accord\"}]},{\"@type\":\"WebSite\",\"@id\":\"https:\/\/www.africa-press.net\/benin\/#website\",\"url\":\"https:\/\/www.africa-press.net\/benin\/\",\"name\":\"B\u00e9nin\",\"description\":\"Just another Africa News Agency Sites site\",\"potentialAction\":[{\"@type\":\"SearchAction\",\"target\":{\"@type\":\"EntryPoint\",\"urlTemplate\":\"https:\/\/www.africa-press.net\/benin\/?s={search_term_string}\"},\"query-input\":{\"@type\":\"PropertyValueSpecification\",\"valueRequired\":true,\"valueName\":\"search_term_string\"}}],\"inLanguage\":\"fr-FR\"},{\"@type\":\"Person\",\"@id\":\"https:\/\/www.africa-press.net\/benin\/#\/schema\/person\/2b1cf3cd81a31e3cd26889ca66d677f1\",\"name\":\"cfeditorfr\"}]}<\/script>\n<!-- \/ Yoast SEO Premium plugin. -->","yoast_head_json":{"title":"Fusion du PRD et de l\u2019UP: Me Adrien Houngb\u00e9dji autoris\u00e9 \u00e0 signer un protocole d\u2019accord - B\u00e9nin","description":"Le projet de fusion entre le Parti du Renouveau D\u00e9mocratique (PRD) de Me Adrien Houngb\u00e9dji et l\u2019Union Progressiste (UP) ...","robots":{"index":"index","follow":"follow","max-snippet":"max-snippet:-1","max-image-preview":"max-image-preview:large","max-video-preview":"max-video-preview:-1"},"canonical":"https:\/\/www.africa-press.net\/benin\/politique\/fusion-du-prd-et-de-lup-me-adrien-houngbedji-autorise-a-signer-un-protocole-daccord","og_locale":"fr_FR","og_type":"article","og_title":"Fusion du PRD et de l\u2019UP: Me Adrien Houngb\u00e9dji autoris\u00e9 \u00e0 signer un protocole d\u2019accord","og_description":"Le projet de fusion entre le Parti du Renouveau D\u00e9mocratique (PRD) de Me Adrien Houngb\u00e9dji et l\u2019Union Progressiste (UP) ...","og_url":"https:\/\/www.africa-press.net\/benin\/politique\/fusion-du-prd-et-de-lup-me-adrien-houngbedji-autorise-a-signer-un-protocole-daccord","og_site_name":"B\u00e9nin","article_published_time":"2022-08-20T18:22:22+00:00","article_modified_time":"2022-08-20T18:42:43+00:00","og_image":[{"width":1200,"height":675,"url":"https:\/\/static.africa-press.net\/benin\/sites\/46\/2022\/08\/postQueueImg_13-63012b05ec42b.jpg","type":"image\/jpeg"}],"author":"cfeditorfr","twitter_card":"summary_large_image","twitter_misc":{"\u00c9crit par":"cfeditorfr","Dur\u00e9e de lecture estim\u00e9e":"5 minutes"},"schema":{"@context":"https:\/\/schema.org","@graph":[{"@type":"Article","@id":"https:\/\/www.africa-press.net\/benin\/politique\/fusion-du-prd-et-de-lup-me-adrien-houngbedji-autorise-a-signer-un-protocole-daccord#article","isPartOf":{"@id":"https:\/\/www.africa-press.net\/benin\/politique\/fusion-du-prd-et-de-lup-me-adrien-houngbedji-autorise-a-signer-un-protocole-daccord"},"author":{"name":"cfeditorfr","@id":"https:\/\/www.africa-press.net\/benin\/#\/schema\/person\/2b1cf3cd81a31e3cd26889ca66d677f1"},"headline":"Fusion du PRD et de l\u2019UP: Me Adrien Houngb\u00e9dji autoris\u00e9 \u00e0 signer un protocole d\u2019accord","datePublished":"2022-08-20T18:22:22+00:00","dateModified":"2022-08-20T18:42:43+00:00","mainEntityOfPage":{"@id":"https:\/\/www.africa-press.net\/benin\/politique\/fusion-du-prd-et-de-lup-me-adrien-houngbedji-autorise-a-signer-un-protocole-daccord"},"wordCount":1037,"commentCount":0,"image":{"@id":"https:\/\/www.africa-press.net\/benin\/politique\/fusion-du-prd-et-de-lup-me-adrien-houngbedji-autorise-a-signer-un-protocole-daccord#primaryimage"},"thumbnailUrl":"https:\/\/static.africa-press.net\/benin\/sites\/46\/2022\/08\/postQueueImg_13-63012b05ec42b.jpg","keywords":["Africa Press","Africa Press-Benin","B\u00e9nin"],"articleSection":["homepage-french","Politique","Toutes les actualit\u00e9s"],"inLanguage":"fr-FR","potentialAction":[{"@type":"CommentAction","name":"Comment","target":["https:\/\/www.africa-press.net\/benin\/politique\/fusion-du-prd-et-de-lup-me-adrien-houngbedji-autorise-a-signer-un-protocole-daccord#respond"]}]},{"@type":"WebPage","@id":"https:\/\/www.africa-press.net\/benin\/politique\/fusion-du-prd-et-de-lup-me-adrien-houngbedji-autorise-a-signer-un-protocole-daccord","url":"https:\/\/www.africa-press.net\/benin\/politique\/fusion-du-prd-et-de-lup-me-adrien-houngbedji-autorise-a-signer-un-protocole-daccord","name":"Fusion du PRD et de l\u2019UP: Me Adrien Houngb\u00e9dji autoris\u00e9 \u00e0 signer un protocole d\u2019accord - B\u00e9nin","isPartOf":{"@id":"https:\/\/www.africa-press.net\/benin\/#website"},"primaryImageOfPage":{"@id":"https:\/\/www.africa-press.net\/benin\/politique\/fusion-du-prd-et-de-lup-me-adrien-houngbedji-autorise-a-signer-un-protocole-daccord#primaryimage"},"image":{"@id":"https:\/\/www.africa-press.net\/benin\/politique\/fusion-du-prd-et-de-lup-me-adrien-houngbedji-autorise-a-signer-un-protocole-daccord#primaryimage"},"thumbnailUrl":"https:\/\/static.africa-press.net\/benin\/sites\/46\/2022\/08\/postQueueImg_13-63012b05ec42b.jpg","datePublished":"2022-08-20T18:22:22+00:00","dateModified":"2022-08-20T18:42:43+00:00","author":{"@id":"https:\/\/www.africa-press.net\/benin\/#\/schema\/person\/2b1cf3cd81a31e3cd26889ca66d677f1"},"description":"Le projet de fusion entre le Parti du Renouveau D\u00e9mocratique (PRD) de Me Adrien Houngb\u00e9dji et l\u2019Union Progressiste (UP) ...","breadcrumb":{"@id":"https:\/\/www.africa-press.net\/benin\/politique\/fusion-du-prd-et-de-lup-me-adrien-houngbedji-autorise-a-signer-un-protocole-daccord#breadcrumb"},"inLanguage":"fr-FR","potentialAction":[{"@type":"ReadAction","target":["https:\/\/www.africa-press.net\/benin\/politique\/fusion-du-prd-et-de-lup-me-adrien-houngbedji-autorise-a-signer-un-protocole-daccord"]}]},{"@type":"ImageObject","inLanguage":"fr-FR","@id":"https:\/\/www.africa-press.net\/benin\/politique\/fusion-du-prd-et-de-lup-me-adrien-houngbedji-autorise-a-signer-un-protocole-daccord#primaryimage","url":"https:\/\/static.africa-press.net\/benin\/sites\/46\/2022\/08\/postQueueImg_13-63012b05ec42b.jpg","contentUrl":"https:\/\/static.africa-press.net\/benin\/sites\/46\/2022\/08\/postQueueImg_13-63012b05ec42b.jpg","width":1200,"height":675,"caption":"Fusion du PRD et de l\u2019UP: Me Adrien Houngb\u00e9dji autoris\u00e9 \u00e0 signer un protocole d\u2019accord"},{"@type":"BreadcrumbList","@id":"https:\/\/www.africa-press.net\/benin\/politique\/fusion-du-prd-et-de-lup-me-adrien-houngbedji-autorise-a-signer-un-protocole-daccord#breadcrumb","itemListElement":[{"@type":"ListItem","position":1,"name":"Accueil","item":"https:\/\/www.africa-press.net\/benin\/"},{"@type":"ListItem","position":2,"name":"Fusion du PRD et de l\u2019UP: Me Adrien Houngb\u00e9dji autoris\u00e9 \u00e0 signer un protocole d\u2019accord"}]},{"@type":"WebSite","@id":"https:\/\/www.africa-press.net\/benin\/#website","url":"https:\/\/www.africa-press.net\/benin\/","name":"B\u00e9nin","description":"Just another Africa News Agency Sites site","potentialAction":[{"@type":"SearchAction","target":{"@type":"EntryPoint","urlTemplate":"https:\/\/www.africa-press.net\/benin\/?s={search_term_string}"},"query-input":{"@type":"PropertyValueSpecification","valueRequired":true,"valueName":"search_term_string"}}],"inLanguage":"fr-FR"},{"@type":"Person","@id":"https:\/\/www.africa-press.net\/benin\/#\/schema\/person\/2b1cf3cd81a31e3cd26889ca66d677f1","name":"cfeditorfr"}]}},"_links":{"self":[{"href":"https:\/\/www.africa-press.net\/benin\/wp-json\/wp\/v2\/posts\/8079","targetHints":{"allow":["GET"]}}],"collection":[{"href":"https:\/\/www.africa-press.net\/benin\/wp-json\/wp\/v2\/posts"}],"about":[{"href":"https:\/\/www.africa-press.net\/benin\/wp-json\/wp\/v2\/types\/post"}],"author":[{"embeddable":true,"href":"https:\/\/www.africa-press.net\/benin\/wp-json\/wp\/v2\/users\/82"}],"replies":[{"embeddable":true,"href":"https:\/\/www.africa-press.net\/benin\/wp-json\/wp\/v2\/comments?post=8079"}],"version-history":[{"count":0,"href":"https:\/\/www.africa-press.net\/benin\/wp-json\/wp\/v2\/posts\/8079\/revisions"}],"wp:featuredmedia":[{"embeddable":true,"href":"https:\/\/www.africa-press.net\/benin\/wp-json\/wp\/v2\/media\/8078"}],"wp:attachment":[{"href":"https:\/\/www.africa-press.net\/benin\/wp-json\/wp\/v2\/media?parent=8079"}],"wp:term":[{"taxonomy":"category","embeddable":true,"href":"https:\/\/www.africa-press.net\/benin\/wp-json\/wp\/v2\/categories?post=8079"},{"taxonomy":"post_tag","embeddable":true,"href":"https:\/\/www.africa-press.net\/benin\/wp-json\/wp\/v2\/tags?post=8079"}],"curies":[{"name":"wp","href":"https:\/\/api.w.org\/{rel}","templated":true}]}}