{"id":8100,"date":"2022-08-21T18:59:27","date_gmt":"2022-08-21T18:59:27","guid":{"rendered":"https:\/\/www.africa-press.net\/benin\/politique\/benin-le-parti-up-le-renouveau-cree-sur-les-depouilles-de-lup-et-du-prd"},"modified":"2022-08-21T19:10:08","modified_gmt":"2022-08-21T19:10:08","slug":"benin-le-parti-up-le-renouveau-cree-sur-les-depouilles-de-lup-et-du-prd","status":"publish","type":"post","link":"https:\/\/www.africa-press.net\/benin\/politique\/benin-le-parti-up-le-renouveau-cree-sur-les-depouilles-de-lup-et-du-prd","title":{"rendered":"B\u00e9nin: le parti \u00ab\u00a0UP Le Renouveau\u00a0\u00bb cr\u00e9\u00e9 sur les d\u00e9pouilles de l\u2019UP et du PRD"},"content":{"rendered":"<p><span style=\"color: #ff6600\"><strong>Africa-Press &#8211; Benin. <\/strong><\/span>C\u2019est d\u00e9sormais officiel. Le Partie du Renouveau D\u00e9mocratique (PRD) et l\u2019Union Progressiste (UP) ont concr\u00e9tis\u00e9 leur projet de fusion. De cette fusion est n\u00e9e ce dimanche 21 ao\u00fbt 2022, le parti \u00ab UP le Renouveau \u00bb.<\/p>\n<p>Naissance d\u2019un nouveau parti politique ce dimanche. Il s\u2019agit de \u00ab UP Le Renouveau \u00bb, issu de la fusion du Parti du Renouveau D\u00e9mocratique et l\u2019Union Progressiste. Le congr\u00e8s constituf dudit parti s\u2019est tenu \u00e0 Porto-Novo au stade Charles de Gaulle.<\/p>\n<p>Le logo du nouveau parti est compos\u00e9 du baobab de l\u2019UP et l\u2019arc-en-ciel du PRD. Sur l\u2019image indiquant le logo, on voit le baobab couvert par l\u2019arc-en-ciel avec la d\u00e9nomination \u00ab l\u2019UP Le Renouveau \u00bb inscrit au pied du baobab. Le si\u00e8ge du parti est situ\u00e9 \u00e0 Hoinme, dans la ville de Porto-Novo.<\/p>\n<p><strong>Pour plus d&rsquo;informations et d&rsquo;analyses sur la <a href=\"https:\/\/www.africa-press.net\/benin\">Benin<\/a>, suivez <a href=\"https:\/\/www.africa-press.net\/\">Africa-Press<\/a><\/strong><\/p>\n","protected":false},"excerpt":{"rendered":"<p>Africa-Press &#8211; Benin. C\u2019est d\u00e9sormais officiel. Le Partie du Renouveau D\u00e9mocratique (PRD) et l\u2019Union Progressiste (UP) ont concr\u00e9tis\u00e9 leur projet de fusion. De cette fusion est n\u00e9e ce dimanche 21 ao\u00fbt 2022, le parti \u00ab UP le Renouveau \u00bb. Naissance d\u2019un nouveau parti politique ce dimanche. Il s\u2019agit de \u00ab UP Le Renouveau \u00bb, issu [&hellip;]<\/p>\n","protected":false},"author":82,"featured_media":8099,"comment_status":"open","ping_status":"closed","sticky":false,"template":"","format":"standard","meta":{"footnotes":""},"categories":[11,2,10],"tags":[36,50,45],"class_list":["post-8100","post","type-post","status-publish","format-standard","has-post-thumbnail","hentry","category-homepage-french","category-politique","category-toutes-les-actualites","tag-africa-press","tag-africa-press-benin","tag-benin"],"yoast_head":"<!-- This site is optimized with the Yoast SEO Premium plugin v26.1 (Yoast SEO v27.0) - https:\/\/yoast.com\/product\/yoast-seo-premium-wordpress\/ -->\n<title>B\u00e9nin: le parti \u00ab\u00a0UP Le Renouveau\u00a0\u00bb cr\u00e9\u00e9 sur les d\u00e9pouilles de l\u2019UP et du PRD - B\u00e9nin<\/title>\n<meta name=\"description\" content=\"C\u2019est d\u00e9sormais officiel. Le Partie du Renouveau D\u00e9mocratique (PRD) et l\u2019Union Progressiste (UP) ont concr\u00e9tis\u00e9 leur pro ...\" \/>\n<meta name=\"robots\" content=\"index, follow, max-snippet:-1, max-image-preview:large, max-video-preview:-1\" \/>\n<link rel=\"canonical\" href=\"https:\/\/www.africa-press.net\/benin\/politique\/benin-le-parti-up-le-renouveau-cree-sur-les-depouilles-de-lup-et-du-prd\" \/>\n<meta property=\"og:locale\" content=\"fr_FR\" \/>\n<meta property=\"og:type\" content=\"article\" \/>\n<meta property=\"og:title\" content=\"B\u00e9nin: le parti \u00ab\u00a0UP Le Renouveau\u00a0\u00bb cr\u00e9\u00e9 sur les d\u00e9pouilles de l\u2019UP et du PRD\" \/>\n<meta property=\"og:description\" content=\"C\u2019est d\u00e9sormais officiel. Le Partie du Renouveau D\u00e9mocratique (PRD) et l\u2019Union Progressiste (UP) ont concr\u00e9tis\u00e9 leur pro ...\" \/>\n<meta property=\"og:url\" content=\"https:\/\/www.africa-press.net\/benin\/politique\/benin-le-parti-up-le-renouveau-cree-sur-les-depouilles-de-lup-et-du-prd\" \/>\n<meta property=\"og:site_name\" content=\"B\u00e9nin\" \/>\n<meta property=\"article:published_time\" content=\"2022-08-21T18:59:27+00:00\" \/>\n<meta property=\"article:modified_time\" content=\"2022-08-21T19:10:08+00:00\" \/>\n<meta property=\"og:image\" content=\"https:\/\/static.africa-press.net\/benin\/sites\/46\/2022\/08\/postQueueImg_10-630282ddec172.jpg\" \/>\n\t<meta property=\"og:image:width\" content=\"720\" \/>\n\t<meta property=\"og:image:height\" content=\"477\" \/>\n\t<meta property=\"og:image:type\" content=\"image\/jpeg\" \/>\n<meta name=\"author\" content=\"cfeditorfr\" \/>\n<meta name=\"twitter:card\" content=\"summary_large_image\" \/>\n<meta name=\"twitter:label1\" content=\"\u00c9crit par\" \/>\n\t<meta name=\"twitter:data1\" content=\"cfeditorfr\" \/>\n\t<meta name=\"twitter:label2\" content=\"Dur\u00e9e de lecture estim\u00e9e\" \/>\n\t<meta name=\"twitter:data2\" content=\"1 minute\" \/>\n<script type=\"application\/ld+json\" class=\"yoast-schema-graph\">{\"@context\":\"https:\/\/schema.org\",\"@graph\":[{\"@type\":\"Article\",\"@id\":\"https:\/\/www.africa-press.net\/benin\/politique\/benin-le-parti-up-le-renouveau-cree-sur-les-depouilles-de-lup-et-du-prd#article\",\"isPartOf\":{\"@id\":\"https:\/\/www.africa-press.net\/benin\/politique\/benin-le-parti-up-le-renouveau-cree-sur-les-depouilles-de-lup-et-du-prd\"},\"author\":{\"name\":\"cfeditorfr\",\"@id\":\"https:\/\/www.africa-press.net\/benin\/#\/schema\/person\/2b1cf3cd81a31e3cd26889ca66d677f1\"},\"headline\":\"B\u00e9nin: le parti \u00ab\u00a0UP Le Renouveau\u00a0\u00bb cr\u00e9\u00e9 sur les d\u00e9pouilles de l\u2019UP et du PRD\",\"datePublished\":\"2022-08-21T18:59:27+00:00\",\"dateModified\":\"2022-08-21T19:10:08+00:00\",\"mainEntityOfPage\":{\"@id\":\"https:\/\/www.africa-press.net\/benin\/politique\/benin-le-parti-up-le-renouveau-cree-sur-les-depouilles-de-lup-et-du-prd\"},\"wordCount\":173,\"commentCount\":0,\"image\":{\"@id\":\"https:\/\/www.africa-press.net\/benin\/politique\/benin-le-parti-up-le-renouveau-cree-sur-les-depouilles-de-lup-et-du-prd#primaryimage\"},\"thumbnailUrl\":\"https:\/\/static.africa-press.net\/benin\/sites\/46\/2022\/08\/postQueueImg_10-630282ddec172.jpg\",\"keywords\":[\"Africa Press\",\"Africa Press-Benin\",\"B\u00e9nin\"],\"articleSection\":[\"homepage-french\",\"Politique\",\"Toutes les actualit\u00e9s\"],\"inLanguage\":\"fr-FR\",\"potentialAction\":[{\"@type\":\"CommentAction\",\"name\":\"Comment\",\"target\":[\"https:\/\/www.africa-press.net\/benin\/politique\/benin-le-parti-up-le-renouveau-cree-sur-les-depouilles-de-lup-et-du-prd#respond\"]}]},{\"@type\":\"WebPage\",\"@id\":\"https:\/\/www.africa-press.net\/benin\/politique\/benin-le-parti-up-le-renouveau-cree-sur-les-depouilles-de-lup-et-du-prd\",\"url\":\"https:\/\/www.africa-press.net\/benin\/politique\/benin-le-parti-up-le-renouveau-cree-sur-les-depouilles-de-lup-et-du-prd\",\"name\":\"B\u00e9nin: le parti \u00ab\u00a0UP Le Renouveau\u00a0\u00bb cr\u00e9\u00e9 sur les d\u00e9pouilles de l\u2019UP et du PRD - B\u00e9nin\",\"isPartOf\":{\"@id\":\"https:\/\/www.africa-press.net\/benin\/#website\"},\"primaryImageOfPage\":{\"@id\":\"https:\/\/www.africa-press.net\/benin\/politique\/benin-le-parti-up-le-renouveau-cree-sur-les-depouilles-de-lup-et-du-prd#primaryimage\"},\"image\":{\"@id\":\"https:\/\/www.africa-press.net\/benin\/politique\/benin-le-parti-up-le-renouveau-cree-sur-les-depouilles-de-lup-et-du-prd#primaryimage\"},\"thumbnailUrl\":\"https:\/\/static.africa-press.net\/benin\/sites\/46\/2022\/08\/postQueueImg_10-630282ddec172.jpg\",\"datePublished\":\"2022-08-21T18:59:27+00:00\",\"dateModified\":\"2022-08-21T19:10:08+00:00\",\"author\":{\"@id\":\"https:\/\/www.africa-press.net\/benin\/#\/schema\/person\/2b1cf3cd81a31e3cd26889ca66d677f1\"},\"description\":\"C\u2019est d\u00e9sormais officiel. Le Partie du Renouveau D\u00e9mocratique (PRD) et l\u2019Union Progressiste (UP) ont concr\u00e9tis\u00e9 leur pro ...\",\"breadcrumb\":{\"@id\":\"https:\/\/www.africa-press.net\/benin\/politique\/benin-le-parti-up-le-renouveau-cree-sur-les-depouilles-de-lup-et-du-prd#breadcrumb\"},\"inLanguage\":\"fr-FR\",\"potentialAction\":[{\"@type\":\"ReadAction\",\"target\":[\"https:\/\/www.africa-press.net\/benin\/politique\/benin-le-parti-up-le-renouveau-cree-sur-les-depouilles-de-lup-et-du-prd\"]}]},{\"@type\":\"ImageObject\",\"inLanguage\":\"fr-FR\",\"@id\":\"https:\/\/www.africa-press.net\/benin\/politique\/benin-le-parti-up-le-renouveau-cree-sur-les-depouilles-de-lup-et-du-prd#primaryimage\",\"url\":\"https:\/\/static.africa-press.net\/benin\/sites\/46\/2022\/08\/postQueueImg_10-630282ddec172.jpg\",\"contentUrl\":\"https:\/\/static.africa-press.net\/benin\/sites\/46\/2022\/08\/postQueueImg_10-630282ddec172.jpg\",\"width\":720,\"height\":477,\"caption\":\"B\u00e9nin: le parti \u00ab\u00a0UP Le Renouveau\u00a0\u00bb cr\u00e9\u00e9 sur les d\u00e9pouilles de l\u2019UP et du PRD\"},{\"@type\":\"BreadcrumbList\",\"@id\":\"https:\/\/www.africa-press.net\/benin\/politique\/benin-le-parti-up-le-renouveau-cree-sur-les-depouilles-de-lup-et-du-prd#breadcrumb\",\"itemListElement\":[{\"@type\":\"ListItem\",\"position\":1,\"name\":\"Accueil\",\"item\":\"https:\/\/www.africa-press.net\/benin\/\"},{\"@type\":\"ListItem\",\"position\":2,\"name\":\"B\u00e9nin: le parti \u00ab\u00a0UP Le Renouveau\u00a0\u00bb cr\u00e9\u00e9 sur les d\u00e9pouilles de l\u2019UP et du PRD\"}]},{\"@type\":\"WebSite\",\"@id\":\"https:\/\/www.africa-press.net\/benin\/#website\",\"url\":\"https:\/\/www.africa-press.net\/benin\/\",\"name\":\"B\u00e9nin\",\"description\":\"Just another Africa News Agency Sites site\",\"potentialAction\":[{\"@type\":\"SearchAction\",\"target\":{\"@type\":\"EntryPoint\",\"urlTemplate\":\"https:\/\/www.africa-press.net\/benin\/?s={search_term_string}\"},\"query-input\":{\"@type\":\"PropertyValueSpecification\",\"valueRequired\":true,\"valueName\":\"search_term_string\"}}],\"inLanguage\":\"fr-FR\"},{\"@type\":\"Person\",\"@id\":\"https:\/\/www.africa-press.net\/benin\/#\/schema\/person\/2b1cf3cd81a31e3cd26889ca66d677f1\",\"name\":\"cfeditorfr\"}]}<\/script>\n<!-- \/ Yoast SEO Premium plugin. -->","yoast_head_json":{"title":"B\u00e9nin: le parti \u00ab\u00a0UP Le Renouveau\u00a0\u00bb cr\u00e9\u00e9 sur les d\u00e9pouilles de l\u2019UP et du PRD - B\u00e9nin","description":"C\u2019est d\u00e9sormais officiel. Le Partie du Renouveau D\u00e9mocratique (PRD) et l\u2019Union Progressiste (UP) ont concr\u00e9tis\u00e9 leur pro ...","robots":{"index":"index","follow":"follow","max-snippet":"max-snippet:-1","max-image-preview":"max-image-preview:large","max-video-preview":"max-video-preview:-1"},"canonical":"https:\/\/www.africa-press.net\/benin\/politique\/benin-le-parti-up-le-renouveau-cree-sur-les-depouilles-de-lup-et-du-prd","og_locale":"fr_FR","og_type":"article","og_title":"B\u00e9nin: le parti \u00ab\u00a0UP Le Renouveau\u00a0\u00bb cr\u00e9\u00e9 sur les d\u00e9pouilles de l\u2019UP et du PRD","og_description":"C\u2019est d\u00e9sormais officiel. Le Partie du Renouveau D\u00e9mocratique (PRD) et l\u2019Union Progressiste (UP) ont concr\u00e9tis\u00e9 leur pro ...","og_url":"https:\/\/www.africa-press.net\/benin\/politique\/benin-le-parti-up-le-renouveau-cree-sur-les-depouilles-de-lup-et-du-prd","og_site_name":"B\u00e9nin","article_published_time":"2022-08-21T18:59:27+00:00","article_modified_time":"2022-08-21T19:10:08+00:00","og_image":[{"width":720,"height":477,"url":"https:\/\/static.africa-press.net\/benin\/sites\/46\/2022\/08\/postQueueImg_10-630282ddec172.jpg","type":"image\/jpeg"}],"author":"cfeditorfr","twitter_card":"summary_large_image","twitter_misc":{"\u00c9crit par":"cfeditorfr","Dur\u00e9e de lecture estim\u00e9e":"1 minute"},"schema":{"@context":"https:\/\/schema.org","@graph":[{"@type":"Article","@id":"https:\/\/www.africa-press.net\/benin\/politique\/benin-le-parti-up-le-renouveau-cree-sur-les-depouilles-de-lup-et-du-prd#article","isPartOf":{"@id":"https:\/\/www.africa-press.net\/benin\/politique\/benin-le-parti-up-le-renouveau-cree-sur-les-depouilles-de-lup-et-du-prd"},"author":{"name":"cfeditorfr","@id":"https:\/\/www.africa-press.net\/benin\/#\/schema\/person\/2b1cf3cd81a31e3cd26889ca66d677f1"},"headline":"B\u00e9nin: le parti \u00ab\u00a0UP Le Renouveau\u00a0\u00bb cr\u00e9\u00e9 sur les d\u00e9pouilles de l\u2019UP et du PRD","datePublished":"2022-08-21T18:59:27+00:00","dateModified":"2022-08-21T19:10:08+00:00","mainEntityOfPage":{"@id":"https:\/\/www.africa-press.net\/benin\/politique\/benin-le-parti-up-le-renouveau-cree-sur-les-depouilles-de-lup-et-du-prd"},"wordCount":173,"commentCount":0,"image":{"@id":"https:\/\/www.africa-press.net\/benin\/politique\/benin-le-parti-up-le-renouveau-cree-sur-les-depouilles-de-lup-et-du-prd#primaryimage"},"thumbnailUrl":"https:\/\/static.africa-press.net\/benin\/sites\/46\/2022\/08\/postQueueImg_10-630282ddec172.jpg","keywords":["Africa Press","Africa Press-Benin","B\u00e9nin"],"articleSection":["homepage-french","Politique","Toutes les actualit\u00e9s"],"inLanguage":"fr-FR","potentialAction":[{"@type":"CommentAction","name":"Comment","target":["https:\/\/www.africa-press.net\/benin\/politique\/benin-le-parti-up-le-renouveau-cree-sur-les-depouilles-de-lup-et-du-prd#respond"]}]},{"@type":"WebPage","@id":"https:\/\/www.africa-press.net\/benin\/politique\/benin-le-parti-up-le-renouveau-cree-sur-les-depouilles-de-lup-et-du-prd","url":"https:\/\/www.africa-press.net\/benin\/politique\/benin-le-parti-up-le-renouveau-cree-sur-les-depouilles-de-lup-et-du-prd","name":"B\u00e9nin: le parti \u00ab\u00a0UP Le Renouveau\u00a0\u00bb cr\u00e9\u00e9 sur les d\u00e9pouilles de l\u2019UP et du PRD - B\u00e9nin","isPartOf":{"@id":"https:\/\/www.africa-press.net\/benin\/#website"},"primaryImageOfPage":{"@id":"https:\/\/www.africa-press.net\/benin\/politique\/benin-le-parti-up-le-renouveau-cree-sur-les-depouilles-de-lup-et-du-prd#primaryimage"},"image":{"@id":"https:\/\/www.africa-press.net\/benin\/politique\/benin-le-parti-up-le-renouveau-cree-sur-les-depouilles-de-lup-et-du-prd#primaryimage"},"thumbnailUrl":"https:\/\/static.africa-press.net\/benin\/sites\/46\/2022\/08\/postQueueImg_10-630282ddec172.jpg","datePublished":"2022-08-21T18:59:27+00:00","dateModified":"2022-08-21T19:10:08+00:00","author":{"@id":"https:\/\/www.africa-press.net\/benin\/#\/schema\/person\/2b1cf3cd81a31e3cd26889ca66d677f1"},"description":"C\u2019est d\u00e9sormais officiel. Le Partie du Renouveau D\u00e9mocratique (PRD) et l\u2019Union Progressiste (UP) ont concr\u00e9tis\u00e9 leur pro ...","breadcrumb":{"@id":"https:\/\/www.africa-press.net\/benin\/politique\/benin-le-parti-up-le-renouveau-cree-sur-les-depouilles-de-lup-et-du-prd#breadcrumb"},"inLanguage":"fr-FR","potentialAction":[{"@type":"ReadAction","target":["https:\/\/www.africa-press.net\/benin\/politique\/benin-le-parti-up-le-renouveau-cree-sur-les-depouilles-de-lup-et-du-prd"]}]},{"@type":"ImageObject","inLanguage":"fr-FR","@id":"https:\/\/www.africa-press.net\/benin\/politique\/benin-le-parti-up-le-renouveau-cree-sur-les-depouilles-de-lup-et-du-prd#primaryimage","url":"https:\/\/static.africa-press.net\/benin\/sites\/46\/2022\/08\/postQueueImg_10-630282ddec172.jpg","contentUrl":"https:\/\/static.africa-press.net\/benin\/sites\/46\/2022\/08\/postQueueImg_10-630282ddec172.jpg","width":720,"height":477,"caption":"B\u00e9nin: le parti \u00ab\u00a0UP Le Renouveau\u00a0\u00bb cr\u00e9\u00e9 sur les d\u00e9pouilles de l\u2019UP et du PRD"},{"@type":"BreadcrumbList","@id":"https:\/\/www.africa-press.net\/benin\/politique\/benin-le-parti-up-le-renouveau-cree-sur-les-depouilles-de-lup-et-du-prd#breadcrumb","itemListElement":[{"@type":"ListItem","position":1,"name":"Accueil","item":"https:\/\/www.africa-press.net\/benin\/"},{"@type":"ListItem","position":2,"name":"B\u00e9nin: le parti \u00ab\u00a0UP Le Renouveau\u00a0\u00bb cr\u00e9\u00e9 sur les d\u00e9pouilles de l\u2019UP et du PRD"}]},{"@type":"WebSite","@id":"https:\/\/www.africa-press.net\/benin\/#website","url":"https:\/\/www.africa-press.net\/benin\/","name":"B\u00e9nin","description":"Just another Africa News Agency Sites site","potentialAction":[{"@type":"SearchAction","target":{"@type":"EntryPoint","urlTemplate":"https:\/\/www.africa-press.net\/benin\/?s={search_term_string}"},"query-input":{"@type":"PropertyValueSpecification","valueRequired":true,"valueName":"search_term_string"}}],"inLanguage":"fr-FR"},{"@type":"Person","@id":"https:\/\/www.africa-press.net\/benin\/#\/schema\/person\/2b1cf3cd81a31e3cd26889ca66d677f1","name":"cfeditorfr"}]}},"_links":{"self":[{"href":"https:\/\/www.africa-press.net\/benin\/wp-json\/wp\/v2\/posts\/8100","targetHints":{"allow":["GET"]}}],"collection":[{"href":"https:\/\/www.africa-press.net\/benin\/wp-json\/wp\/v2\/posts"}],"about":[{"href":"https:\/\/www.africa-press.net\/benin\/wp-json\/wp\/v2\/types\/post"}],"author":[{"embeddable":true,"href":"https:\/\/www.africa-press.net\/benin\/wp-json\/wp\/v2\/users\/82"}],"replies":[{"embeddable":true,"href":"https:\/\/www.africa-press.net\/benin\/wp-json\/wp\/v2\/comments?post=8100"}],"version-history":[{"count":0,"href":"https:\/\/www.africa-press.net\/benin\/wp-json\/wp\/v2\/posts\/8100\/revisions"}],"wp:featuredmedia":[{"embeddable":true,"href":"https:\/\/www.africa-press.net\/benin\/wp-json\/wp\/v2\/media\/8099"}],"wp:attachment":[{"href":"https:\/\/www.africa-press.net\/benin\/wp-json\/wp\/v2\/media?parent=8100"}],"wp:term":[{"taxonomy":"category","embeddable":true,"href":"https:\/\/www.africa-press.net\/benin\/wp-json\/wp\/v2\/categories?post=8100"},{"taxonomy":"post_tag","embeddable":true,"href":"https:\/\/www.africa-press.net\/benin\/wp-json\/wp\/v2\/tags?post=8100"}],"curies":[{"name":"wp","href":"https:\/\/api.w.org\/{rel}","templated":true}]}}