{"id":8103,"date":"2022-08-21T18:59:34","date_gmt":"2022-08-21T18:59:34","guid":{"rendered":"https:\/\/www.africa-press.net\/benin\/politique\/moov-africa-celebre-la-fete-de-ligname-a-savalou"},"modified":"2022-08-21T19:10:57","modified_gmt":"2022-08-21T19:10:57","slug":"moov-africa-celebre-la-fete-de-ligname-a-savalou","status":"publish","type":"post","link":"https:\/\/www.africa-press.net\/benin\/toutes-les-actualites\/moov-africa-celebre-la-fete-de-ligname-a-savalou","title":{"rendered":"Moov Africa c\u00e9l\u00e8bre la f\u00eate de l\u2019igname \u00e0 Savalou"},"content":{"rendered":"<p><span style=\"color: #ff6600\"><strong>Africa-Press &#8211; Benin. <\/strong><\/span>Moov Africa \u00e9tait au c\u0153ur de la f\u00eate du 15 ao\u00fbt 2022. A Savalou, l\u2019op\u00e9rateur mobile n\u2019a visiblement pas l\u00e9sin\u00e9 sur les moyens pour accompagner la c\u00e9l\u00e9bration de la f\u00eate de l\u2019igname.<\/p>\n<p>Tout comme \u00e0 Grand Popo pour la f\u00eate identitaire et \u00e0 Cotonou pour le Festizik Barbecue 2022, Moov Africa a r\u00e9pondu pr\u00e9sent \u00e0 Savalou, \u00e0 l\u2019occasion de la f\u00eate historique et culturelle de l\u2019igname. D\u00e9fil\u00e9 motoris\u00e9, stands, kiosques mobiles, points de vente de diff\u00e9rents produits du r\u00e9seau GSM et autres, l\u2019op\u00e9rateur mobile a rehauss\u00e9 la f\u00eate du 15 ao\u00fbt 2022.<\/p>\n<p>Cerise sur le g\u00e2teau, Moov Africa, a, comme \u00e0 son habitude, offert un concert \u00e9poustouflant avec des artistes de marque comme Nikanor, Bobo W\u00e8 et Gb\u00eaz\u00e9 Zeguezougou, le lundi 15 ao\u00fbt 2022, \u00e0 Savalou. Pour Moov Africa, la f\u00eate de l\u2019igname \u00e9tait une occasion de se rapprocher encore plus de ses abonn\u00e9s, mais aussi et surtout, de leurs pr\u00e9senter ses nouvelles offres dont Moov Money et internet gankpo.<\/p>\n<p>Pour les citoyens de Savalou et ceux des environs, la satisfaction \u00e9tait pr\u00e9sente. Ils ont notamment remerci\u00e9 Moov Africa pour les efforts consentis et sa volont\u00e9 effr\u00e9n\u00e9e d\u2019\u00eatre toujours proche et moins couteux. \u00ab Aujourd\u2019hui, Moov a pris le dessus sur le march\u00e9. Ses services sont d\u00e9sormais \u00e0 la port\u00e9e de tous, y compris le citoyen lambda. J\u2019ai une carte SIM Moov et j\u2019en profite \u00e0 fond. C\u2019est le meilleur\u00ab , a d\u00e9clar\u00e9 A. T, un jeune homme gagnant d\u2019un lot de Moov Africa, lors des jeux concours organis\u00e9s pour la circonstance.<\/p>\n<p>\u00ab Moov Africa fait d\u2019\u00e9normes progr\u00e8s en mati\u00e8re du social. Mais, vous savez? L\u2019homme est un \u00e9ternel insatisfait, bien que tr\u00e8s content de ce qui est entrain d\u2019\u00eatre fait, je passe par votre m\u00e9dia pour demander aux responsables de Moov de poursuivre sur cette lanc\u00e9e pour combler davantage nos attentes \u00bb, a d\u00e9clar\u00e9 N. G, ajoutant : \u00ab f\u00e9licitations \u00e0 Moov Africa\u00ab .<\/p>\n<p>Au B\u00e9nin, la c\u00e9l\u00e9bration de la f\u00eate de l\u2019igname a lieu le 15 ao\u00fbt de chaque ann\u00e9e et se concentre sur l\u2019igname et plus sp\u00e9cifiquement celle appel\u00e9e \u00ab laboco \u00bb parce qu\u2019il s\u2019agit de la premi\u00e8re vari\u00e9t\u00e9 de tubercules r\u00e9colt\u00e9e au cours de la saison.<\/p>\n<p><strong>Pour plus d&rsquo;informations et d&rsquo;analyses sur la <a href=\"https:\/\/www.africa-press.net\/benin\">Benin<\/a>, suivez <a href=\"https:\/\/www.africa-press.net\/\">Africa-Press<\/a><\/strong><\/p>\n","protected":false},"excerpt":{"rendered":"<p>Africa-Press &#8211; Benin. Moov Africa \u00e9tait au c\u0153ur de la f\u00eate du 15 ao\u00fbt 2022. A Savalou, l\u2019op\u00e9rateur mobile n\u2019a visiblement pas l\u00e9sin\u00e9 sur les moyens pour accompagner la c\u00e9l\u00e9bration de la f\u00eate de l\u2019igname. Tout comme \u00e0 Grand Popo pour la f\u00eate identitaire et \u00e0 Cotonou pour le Festizik Barbecue 2022, Moov Africa a [&hellip;]<\/p>\n","protected":false},"author":82,"featured_media":8102,"comment_status":"open","ping_status":"closed","sticky":false,"template":"","format":"standard","meta":{"footnotes":""},"categories":[21,11,10],"tags":[36,50,45],"class_list":["post-8103","post","type-post","status-publish","format-standard","has-post-thumbnail","hentry","category-communaute","category-homepage-french","category-toutes-les-actualites","tag-africa-press","tag-africa-press-benin","tag-benin"],"yoast_head":"<!-- This site is optimized with the Yoast SEO Premium plugin v26.1 (Yoast SEO v27.0) - https:\/\/yoast.com\/product\/yoast-seo-premium-wordpress\/ -->\n<title>Moov Africa c\u00e9l\u00e8bre la f\u00eate de l\u2019igname \u00e0 Savalou - B\u00e9nin<\/title>\n<meta name=\"description\" content=\"Moov Africa \u00e9tait au c\u0153ur de la f\u00eate du 15 ao\u00fbt 2022. A Savalou, l\u2019op\u00e9rateur mobile n\u2019a visiblement pas l\u00e9sin\u00e9 sur les m ...\" \/>\n<meta name=\"robots\" content=\"index, follow, max-snippet:-1, max-image-preview:large, max-video-preview:-1\" \/>\n<link rel=\"canonical\" href=\"https:\/\/www.africa-press.net\/benin\/toutes-les-actualites\/moov-africa-celebre-la-fete-de-ligname-a-savalou\" \/>\n<meta property=\"og:locale\" content=\"fr_FR\" \/>\n<meta property=\"og:type\" content=\"article\" \/>\n<meta property=\"og:title\" content=\"Moov Africa c\u00e9l\u00e8bre la f\u00eate de l\u2019igname \u00e0 Savalou\" \/>\n<meta property=\"og:description\" content=\"Moov Africa \u00e9tait au c\u0153ur de la f\u00eate du 15 ao\u00fbt 2022. A Savalou, l\u2019op\u00e9rateur mobile n\u2019a visiblement pas l\u00e9sin\u00e9 sur les m ...\" \/>\n<meta property=\"og:url\" content=\"https:\/\/www.africa-press.net\/benin\/toutes-les-actualites\/moov-africa-celebre-la-fete-de-ligname-a-savalou\" \/>\n<meta property=\"og:site_name\" content=\"B\u00e9nin\" \/>\n<meta property=\"article:published_time\" content=\"2022-08-21T18:59:34+00:00\" \/>\n<meta property=\"article:modified_time\" content=\"2022-08-21T19:10:57+00:00\" \/>\n<meta property=\"og:image\" content=\"https:\/\/static.africa-press.net\/benin\/sites\/46\/2022\/08\/postQueueImg_11-6302831740624.jpg\" \/>\n\t<meta property=\"og:image:width\" content=\"1250\" \/>\n\t<meta property=\"og:image:height\" content=\"713\" \/>\n\t<meta property=\"og:image:type\" content=\"image\/jpeg\" \/>\n<meta name=\"author\" content=\"cfeditorfr\" \/>\n<meta name=\"twitter:card\" content=\"summary_large_image\" \/>\n<meta name=\"twitter:label1\" content=\"\u00c9crit par\" \/>\n\t<meta name=\"twitter:data1\" content=\"cfeditorfr\" \/>\n\t<meta name=\"twitter:label2\" content=\"Dur\u00e9e de lecture estim\u00e9e\" \/>\n\t<meta name=\"twitter:data2\" content=\"2 minutes\" \/>\n<script type=\"application\/ld+json\" class=\"yoast-schema-graph\">{\"@context\":\"https:\/\/schema.org\",\"@graph\":[{\"@type\":\"Article\",\"@id\":\"https:\/\/www.africa-press.net\/benin\/toutes-les-actualites\/moov-africa-celebre-la-fete-de-ligname-a-savalou#article\",\"isPartOf\":{\"@id\":\"https:\/\/www.africa-press.net\/benin\/toutes-les-actualites\/moov-africa-celebre-la-fete-de-ligname-a-savalou\"},\"author\":{\"name\":\"cfeditorfr\",\"@id\":\"https:\/\/www.africa-press.net\/benin\/#\/schema\/person\/2b1cf3cd81a31e3cd26889ca66d677f1\"},\"headline\":\"Moov Africa c\u00e9l\u00e8bre la f\u00eate de l\u2019igname \u00e0 Savalou\",\"datePublished\":\"2022-08-21T18:59:34+00:00\",\"dateModified\":\"2022-08-21T19:10:57+00:00\",\"mainEntityOfPage\":{\"@id\":\"https:\/\/www.africa-press.net\/benin\/toutes-les-actualites\/moov-africa-celebre-la-fete-de-ligname-a-savalou\"},\"wordCount\":431,\"commentCount\":0,\"image\":{\"@id\":\"https:\/\/www.africa-press.net\/benin\/toutes-les-actualites\/moov-africa-celebre-la-fete-de-ligname-a-savalou#primaryimage\"},\"thumbnailUrl\":\"https:\/\/static.africa-press.net\/benin\/sites\/46\/2022\/08\/postQueueImg_11-6302831740624.jpg\",\"keywords\":[\"Africa Press\",\"Africa Press-Benin\",\"B\u00e9nin\"],\"articleSection\":[\"Communaut\u00e9\",\"homepage-french\",\"Toutes les actualit\u00e9s\"],\"inLanguage\":\"fr-FR\",\"potentialAction\":[{\"@type\":\"CommentAction\",\"name\":\"Comment\",\"target\":[\"https:\/\/www.africa-press.net\/benin\/toutes-les-actualites\/moov-africa-celebre-la-fete-de-ligname-a-savalou#respond\"]}]},{\"@type\":\"WebPage\",\"@id\":\"https:\/\/www.africa-press.net\/benin\/toutes-les-actualites\/moov-africa-celebre-la-fete-de-ligname-a-savalou\",\"url\":\"https:\/\/www.africa-press.net\/benin\/toutes-les-actualites\/moov-africa-celebre-la-fete-de-ligname-a-savalou\",\"name\":\"Moov Africa c\u00e9l\u00e8bre la f\u00eate de l\u2019igname \u00e0 Savalou - B\u00e9nin\",\"isPartOf\":{\"@id\":\"https:\/\/www.africa-press.net\/benin\/#website\"},\"primaryImageOfPage\":{\"@id\":\"https:\/\/www.africa-press.net\/benin\/toutes-les-actualites\/moov-africa-celebre-la-fete-de-ligname-a-savalou#primaryimage\"},\"image\":{\"@id\":\"https:\/\/www.africa-press.net\/benin\/toutes-les-actualites\/moov-africa-celebre-la-fete-de-ligname-a-savalou#primaryimage\"},\"thumbnailUrl\":\"https:\/\/static.africa-press.net\/benin\/sites\/46\/2022\/08\/postQueueImg_11-6302831740624.jpg\",\"datePublished\":\"2022-08-21T18:59:34+00:00\",\"dateModified\":\"2022-08-21T19:10:57+00:00\",\"author\":{\"@id\":\"https:\/\/www.africa-press.net\/benin\/#\/schema\/person\/2b1cf3cd81a31e3cd26889ca66d677f1\"},\"description\":\"Moov Africa \u00e9tait au c\u0153ur de la f\u00eate du 15 ao\u00fbt 2022. A Savalou, l\u2019op\u00e9rateur mobile n\u2019a visiblement pas l\u00e9sin\u00e9 sur les m ...\",\"breadcrumb\":{\"@id\":\"https:\/\/www.africa-press.net\/benin\/toutes-les-actualites\/moov-africa-celebre-la-fete-de-ligname-a-savalou#breadcrumb\"},\"inLanguage\":\"fr-FR\",\"potentialAction\":[{\"@type\":\"ReadAction\",\"target\":[\"https:\/\/www.africa-press.net\/benin\/toutes-les-actualites\/moov-africa-celebre-la-fete-de-ligname-a-savalou\"]}]},{\"@type\":\"ImageObject\",\"inLanguage\":\"fr-FR\",\"@id\":\"https:\/\/www.africa-press.net\/benin\/toutes-les-actualites\/moov-africa-celebre-la-fete-de-ligname-a-savalou#primaryimage\",\"url\":\"https:\/\/static.africa-press.net\/benin\/sites\/46\/2022\/08\/postQueueImg_11-6302831740624.jpg\",\"contentUrl\":\"https:\/\/static.africa-press.net\/benin\/sites\/46\/2022\/08\/postQueueImg_11-6302831740624.jpg\",\"width\":1250,\"height\":713,\"caption\":\"Moov Africa c\u00e9l\u00e8bre la f\u00eate de l\u2019igname \u00e0 Savalou\"},{\"@type\":\"BreadcrumbList\",\"@id\":\"https:\/\/www.africa-press.net\/benin\/toutes-les-actualites\/moov-africa-celebre-la-fete-de-ligname-a-savalou#breadcrumb\",\"itemListElement\":[{\"@type\":\"ListItem\",\"position\":1,\"name\":\"Accueil\",\"item\":\"https:\/\/www.africa-press.net\/benin\/\"},{\"@type\":\"ListItem\",\"position\":2,\"name\":\"Moov Africa c\u00e9l\u00e8bre la f\u00eate de l\u2019igname \u00e0 Savalou\"}]},{\"@type\":\"WebSite\",\"@id\":\"https:\/\/www.africa-press.net\/benin\/#website\",\"url\":\"https:\/\/www.africa-press.net\/benin\/\",\"name\":\"B\u00e9nin\",\"description\":\"Just another Africa News Agency Sites site\",\"potentialAction\":[{\"@type\":\"SearchAction\",\"target\":{\"@type\":\"EntryPoint\",\"urlTemplate\":\"https:\/\/www.africa-press.net\/benin\/?s={search_term_string}\"},\"query-input\":{\"@type\":\"PropertyValueSpecification\",\"valueRequired\":true,\"valueName\":\"search_term_string\"}}],\"inLanguage\":\"fr-FR\"},{\"@type\":\"Person\",\"@id\":\"https:\/\/www.africa-press.net\/benin\/#\/schema\/person\/2b1cf3cd81a31e3cd26889ca66d677f1\",\"name\":\"cfeditorfr\"}]}<\/script>\n<!-- \/ Yoast SEO Premium plugin. -->","yoast_head_json":{"title":"Moov Africa c\u00e9l\u00e8bre la f\u00eate de l\u2019igname \u00e0 Savalou - B\u00e9nin","description":"Moov Africa \u00e9tait au c\u0153ur de la f\u00eate du 15 ao\u00fbt 2022. A Savalou, l\u2019op\u00e9rateur mobile n\u2019a visiblement pas l\u00e9sin\u00e9 sur les m ...","robots":{"index":"index","follow":"follow","max-snippet":"max-snippet:-1","max-image-preview":"max-image-preview:large","max-video-preview":"max-video-preview:-1"},"canonical":"https:\/\/www.africa-press.net\/benin\/toutes-les-actualites\/moov-africa-celebre-la-fete-de-ligname-a-savalou","og_locale":"fr_FR","og_type":"article","og_title":"Moov Africa c\u00e9l\u00e8bre la f\u00eate de l\u2019igname \u00e0 Savalou","og_description":"Moov Africa \u00e9tait au c\u0153ur de la f\u00eate du 15 ao\u00fbt 2022. A Savalou, l\u2019op\u00e9rateur mobile n\u2019a visiblement pas l\u00e9sin\u00e9 sur les m ...","og_url":"https:\/\/www.africa-press.net\/benin\/toutes-les-actualites\/moov-africa-celebre-la-fete-de-ligname-a-savalou","og_site_name":"B\u00e9nin","article_published_time":"2022-08-21T18:59:34+00:00","article_modified_time":"2022-08-21T19:10:57+00:00","og_image":[{"width":1250,"height":713,"url":"https:\/\/static.africa-press.net\/benin\/sites\/46\/2022\/08\/postQueueImg_11-6302831740624.jpg","type":"image\/jpeg"}],"author":"cfeditorfr","twitter_card":"summary_large_image","twitter_misc":{"\u00c9crit par":"cfeditorfr","Dur\u00e9e de lecture estim\u00e9e":"2 minutes"},"schema":{"@context":"https:\/\/schema.org","@graph":[{"@type":"Article","@id":"https:\/\/www.africa-press.net\/benin\/toutes-les-actualites\/moov-africa-celebre-la-fete-de-ligname-a-savalou#article","isPartOf":{"@id":"https:\/\/www.africa-press.net\/benin\/toutes-les-actualites\/moov-africa-celebre-la-fete-de-ligname-a-savalou"},"author":{"name":"cfeditorfr","@id":"https:\/\/www.africa-press.net\/benin\/#\/schema\/person\/2b1cf3cd81a31e3cd26889ca66d677f1"},"headline":"Moov Africa c\u00e9l\u00e8bre la f\u00eate de l\u2019igname \u00e0 Savalou","datePublished":"2022-08-21T18:59:34+00:00","dateModified":"2022-08-21T19:10:57+00:00","mainEntityOfPage":{"@id":"https:\/\/www.africa-press.net\/benin\/toutes-les-actualites\/moov-africa-celebre-la-fete-de-ligname-a-savalou"},"wordCount":431,"commentCount":0,"image":{"@id":"https:\/\/www.africa-press.net\/benin\/toutes-les-actualites\/moov-africa-celebre-la-fete-de-ligname-a-savalou#primaryimage"},"thumbnailUrl":"https:\/\/static.africa-press.net\/benin\/sites\/46\/2022\/08\/postQueueImg_11-6302831740624.jpg","keywords":["Africa Press","Africa Press-Benin","B\u00e9nin"],"articleSection":["Communaut\u00e9","homepage-french","Toutes les actualit\u00e9s"],"inLanguage":"fr-FR","potentialAction":[{"@type":"CommentAction","name":"Comment","target":["https:\/\/www.africa-press.net\/benin\/toutes-les-actualites\/moov-africa-celebre-la-fete-de-ligname-a-savalou#respond"]}]},{"@type":"WebPage","@id":"https:\/\/www.africa-press.net\/benin\/toutes-les-actualites\/moov-africa-celebre-la-fete-de-ligname-a-savalou","url":"https:\/\/www.africa-press.net\/benin\/toutes-les-actualites\/moov-africa-celebre-la-fete-de-ligname-a-savalou","name":"Moov Africa c\u00e9l\u00e8bre la f\u00eate de l\u2019igname \u00e0 Savalou - B\u00e9nin","isPartOf":{"@id":"https:\/\/www.africa-press.net\/benin\/#website"},"primaryImageOfPage":{"@id":"https:\/\/www.africa-press.net\/benin\/toutes-les-actualites\/moov-africa-celebre-la-fete-de-ligname-a-savalou#primaryimage"},"image":{"@id":"https:\/\/www.africa-press.net\/benin\/toutes-les-actualites\/moov-africa-celebre-la-fete-de-ligname-a-savalou#primaryimage"},"thumbnailUrl":"https:\/\/static.africa-press.net\/benin\/sites\/46\/2022\/08\/postQueueImg_11-6302831740624.jpg","datePublished":"2022-08-21T18:59:34+00:00","dateModified":"2022-08-21T19:10:57+00:00","author":{"@id":"https:\/\/www.africa-press.net\/benin\/#\/schema\/person\/2b1cf3cd81a31e3cd26889ca66d677f1"},"description":"Moov Africa \u00e9tait au c\u0153ur de la f\u00eate du 15 ao\u00fbt 2022. A Savalou, l\u2019op\u00e9rateur mobile n\u2019a visiblement pas l\u00e9sin\u00e9 sur les m ...","breadcrumb":{"@id":"https:\/\/www.africa-press.net\/benin\/toutes-les-actualites\/moov-africa-celebre-la-fete-de-ligname-a-savalou#breadcrumb"},"inLanguage":"fr-FR","potentialAction":[{"@type":"ReadAction","target":["https:\/\/www.africa-press.net\/benin\/toutes-les-actualites\/moov-africa-celebre-la-fete-de-ligname-a-savalou"]}]},{"@type":"ImageObject","inLanguage":"fr-FR","@id":"https:\/\/www.africa-press.net\/benin\/toutes-les-actualites\/moov-africa-celebre-la-fete-de-ligname-a-savalou#primaryimage","url":"https:\/\/static.africa-press.net\/benin\/sites\/46\/2022\/08\/postQueueImg_11-6302831740624.jpg","contentUrl":"https:\/\/static.africa-press.net\/benin\/sites\/46\/2022\/08\/postQueueImg_11-6302831740624.jpg","width":1250,"height":713,"caption":"Moov Africa c\u00e9l\u00e8bre la f\u00eate de l\u2019igname \u00e0 Savalou"},{"@type":"BreadcrumbList","@id":"https:\/\/www.africa-press.net\/benin\/toutes-les-actualites\/moov-africa-celebre-la-fete-de-ligname-a-savalou#breadcrumb","itemListElement":[{"@type":"ListItem","position":1,"name":"Accueil","item":"https:\/\/www.africa-press.net\/benin\/"},{"@type":"ListItem","position":2,"name":"Moov Africa c\u00e9l\u00e8bre la f\u00eate de l\u2019igname \u00e0 Savalou"}]},{"@type":"WebSite","@id":"https:\/\/www.africa-press.net\/benin\/#website","url":"https:\/\/www.africa-press.net\/benin\/","name":"B\u00e9nin","description":"Just another Africa News Agency Sites site","potentialAction":[{"@type":"SearchAction","target":{"@type":"EntryPoint","urlTemplate":"https:\/\/www.africa-press.net\/benin\/?s={search_term_string}"},"query-input":{"@type":"PropertyValueSpecification","valueRequired":true,"valueName":"search_term_string"}}],"inLanguage":"fr-FR"},{"@type":"Person","@id":"https:\/\/www.africa-press.net\/benin\/#\/schema\/person\/2b1cf3cd81a31e3cd26889ca66d677f1","name":"cfeditorfr"}]}},"_links":{"self":[{"href":"https:\/\/www.africa-press.net\/benin\/wp-json\/wp\/v2\/posts\/8103","targetHints":{"allow":["GET"]}}],"collection":[{"href":"https:\/\/www.africa-press.net\/benin\/wp-json\/wp\/v2\/posts"}],"about":[{"href":"https:\/\/www.africa-press.net\/benin\/wp-json\/wp\/v2\/types\/post"}],"author":[{"embeddable":true,"href":"https:\/\/www.africa-press.net\/benin\/wp-json\/wp\/v2\/users\/82"}],"replies":[{"embeddable":true,"href":"https:\/\/www.africa-press.net\/benin\/wp-json\/wp\/v2\/comments?post=8103"}],"version-history":[{"count":0,"href":"https:\/\/www.africa-press.net\/benin\/wp-json\/wp\/v2\/posts\/8103\/revisions"}],"wp:featuredmedia":[{"embeddable":true,"href":"https:\/\/www.africa-press.net\/benin\/wp-json\/wp\/v2\/media\/8102"}],"wp:attachment":[{"href":"https:\/\/www.africa-press.net\/benin\/wp-json\/wp\/v2\/media?parent=8103"}],"wp:term":[{"taxonomy":"category","embeddable":true,"href":"https:\/\/www.africa-press.net\/benin\/wp-json\/wp\/v2\/categories?post=8103"},{"taxonomy":"post_tag","embeddable":true,"href":"https:\/\/www.africa-press.net\/benin\/wp-json\/wp\/v2\/tags?post=8103"}],"curies":[{"name":"wp","href":"https:\/\/api.w.org\/{rel}","templated":true}]}}