{"id":8115,"date":"2022-08-22T15:50:15","date_gmt":"2022-08-22T15:50:15","guid":{"rendered":"https:\/\/www.africa-press.net\/benin\/politique\/uac-la-garde-federale-dissoute-la-fneb-se-plie-a-linjonction-du-misp"},"modified":"2022-08-22T16:07:51","modified_gmt":"2022-08-22T16:07:51","slug":"uac-la-garde-federale-dissoute-la-fneb-se-plie-a-linjonction-du-misp","status":"publish","type":"post","link":"https:\/\/www.africa-press.net\/benin\/toutes-les-actualites\/uac-la-garde-federale-dissoute-la-fneb-se-plie-a-linjonction-du-misp","title":{"rendered":"UAC: la \u00ab\u00a0Garde F\u00e9d\u00e9rale\u00a0\u00bb dissoute, la FNEB se plie \u00e0 l\u2019injonction du MISP"},"content":{"rendered":"<p><span style=\"color: #ff6600\"><strong>Africa-Press &#8211; Benin. <\/strong><\/span>La \u00ab Garde F\u00e9d\u00e9rale \u00bb a \u00e9t\u00e9 dissoute le vendredi 19 ao\u00fbt 2022 \u00e0 travers une d\u00e9cision prise par le pr\u00e9sident de la F\u00e9d\u00e9ration Nationale des \u00c9tudiants du B\u00e9nin (FNEB). Cette d\u00e9cision fait suite au communiqu\u00e9 du Minist\u00e8re de l\u2019Int\u00e9rieur et de la S\u00e9curit\u00e9 Publique (MISP) demandant aux organisations estudiantines de mettre fin \u00e0 l\u2019existence des groupes paramilitaires sur le campus d\u2019Abomey-Calavi.<\/p>\n<p>La \u00ab Garde F\u00e9d\u00e9rale \u00bb et ses cabinets install\u00e9s dans les Entit\u00e9s sont absolument dissous jusqu\u2019\u00e0 nouvel ordre. Ainsi en a d\u00e9cid\u00e9 Veritas Koudogbo, pr\u00e9sident en exercice de la FNEB. En dehors de la \u00ab Garde F\u00e9d\u00e9rale \u00bb, toutes les autres institutions \u00e0 caract\u00e8re s\u00e9curitaire, comme la \u00ab police universitaire \u00bb, op\u00e9rant sous la tutelle de la FNEB sont suspendues.<\/p>\n<p><b>\u00ab A partir de cet instant, toute personne qui agira au nom de la Garde F\u00e9d\u00e9rale ou d\u2019une quelconque institution \u00e0 caract\u00e8re s\u00e9curitaire de la FNEB, sera tenue seule responsable des d\u00e9convenues de ces actes et r\u00e9pondra de ses forfaitures partout o\u00f9 il le faudra \u00bb<\/b>, a pr\u00e9vu Veritas Koudogbo.<\/p>\n<p>Pour rappel, dans son communiqu\u00e9 en date du 21 juillet 2022, le ministre de l\u2019Int\u00e9rieur et de la S\u00e9curit\u00e9 Publique avait d\u00e9nonc\u00e9 les agissements des institutions estudiantines \u00e0 caract\u00e8re s\u00e9curitaire. Elles avaient \u00e9t\u00e9 trait\u00e9es de \u00ab milices \u00bb, de \u00ab groupes organis\u00e9s \u00bb, menant des activit\u00e9s paramilitaires et responsables de d\u00e9rives contraires \u00e0 toutes les dispositions l\u00e9gales et r\u00e9glementaires en vigueur.<\/p>\n<p><strong>Pour plus d&rsquo;informations et d&rsquo;analyses sur la <a href=\"https:\/\/www.africa-press.net\/benin\">Benin<\/a>, suivez <a href=\"https:\/\/www.africa-press.net\/\">Africa-Press<\/a><\/strong><\/p>\n","protected":false},"excerpt":{"rendered":"<p>Africa-Press &#8211; Benin. La \u00ab Garde F\u00e9d\u00e9rale \u00bb a \u00e9t\u00e9 dissoute le vendredi 19 ao\u00fbt 2022 \u00e0 travers une d\u00e9cision prise par le pr\u00e9sident de la F\u00e9d\u00e9ration Nationale des \u00c9tudiants du B\u00e9nin (FNEB). Cette d\u00e9cision fait suite au communiqu\u00e9 du Minist\u00e8re de l\u2019Int\u00e9rieur et de la S\u00e9curit\u00e9 Publique (MISP) demandant aux organisations estudiantines de mettre [&hellip;]<\/p>\n","protected":false},"author":82,"featured_media":8114,"comment_status":"open","ping_status":"closed","sticky":false,"template":"","format":"standard","meta":{"footnotes":""},"categories":[21,11,10],"tags":[36,50,45],"class_list":["post-8115","post","type-post","status-publish","format-standard","has-post-thumbnail","hentry","category-communaute","category-homepage-french","category-toutes-les-actualites","tag-africa-press","tag-africa-press-benin","tag-benin"],"yoast_head":"<!-- This site is optimized with the Yoast SEO Premium plugin v26.1 (Yoast SEO v27.0) - https:\/\/yoast.com\/product\/yoast-seo-premium-wordpress\/ -->\n<title>UAC: la \u00ab\u00a0Garde F\u00e9d\u00e9rale\u00a0\u00bb dissoute, la FNEB se plie \u00e0 l\u2019injonction du MISP - B\u00e9nin<\/title>\n<meta name=\"description\" content=\"La \u00ab Garde F\u00e9d\u00e9rale \u00bb a \u00e9t\u00e9 dissoute le vendredi 19 ao\u00fbt 2022 \u00e0 travers une d\u00e9cision prise par le pr\u00e9sident de la F\u00e9d\u00e9ra ...\" \/>\n<meta name=\"robots\" content=\"index, follow, max-snippet:-1, max-image-preview:large, max-video-preview:-1\" \/>\n<link rel=\"canonical\" href=\"https:\/\/www.africa-press.net\/benin\/toutes-les-actualites\/uac-la-garde-federale-dissoute-la-fneb-se-plie-a-linjonction-du-misp\" \/>\n<meta property=\"og:locale\" content=\"fr_FR\" \/>\n<meta property=\"og:type\" content=\"article\" \/>\n<meta property=\"og:title\" content=\"UAC: la \u00ab\u00a0Garde F\u00e9d\u00e9rale\u00a0\u00bb dissoute, la FNEB se plie \u00e0 l\u2019injonction du MISP\" \/>\n<meta property=\"og:description\" content=\"La \u00ab Garde F\u00e9d\u00e9rale \u00bb a \u00e9t\u00e9 dissoute le vendredi 19 ao\u00fbt 2022 \u00e0 travers une d\u00e9cision prise par le pr\u00e9sident de la F\u00e9d\u00e9ra ...\" \/>\n<meta property=\"og:url\" content=\"https:\/\/www.africa-press.net\/benin\/toutes-les-actualites\/uac-la-garde-federale-dissoute-la-fneb-se-plie-a-linjonction-du-misp\" \/>\n<meta property=\"og:site_name\" content=\"B\u00e9nin\" \/>\n<meta property=\"article:published_time\" content=\"2022-08-22T15:50:15+00:00\" \/>\n<meta property=\"article:modified_time\" content=\"2022-08-22T16:07:51+00:00\" \/>\n<meta property=\"og:image\" content=\"https:\/\/static.africa-press.net\/benin\/sites\/46\/2022\/08\/postQueueImg_24-6303a9b9c026e.jpg\" \/>\n\t<meta property=\"og:image:width\" content=\"1200\" \/>\n\t<meta property=\"og:image:height\" content=\"675\" \/>\n\t<meta property=\"og:image:type\" content=\"image\/jpeg\" \/>\n<meta name=\"author\" content=\"cfeditorfr\" \/>\n<meta name=\"twitter:card\" content=\"summary_large_image\" \/>\n<meta name=\"twitter:label1\" content=\"\u00c9crit par\" \/>\n\t<meta name=\"twitter:data1\" content=\"cfeditorfr\" \/>\n\t<meta name=\"twitter:label2\" content=\"Dur\u00e9e de lecture estim\u00e9e\" \/>\n\t<meta name=\"twitter:data2\" content=\"2 minutes\" \/>\n<script type=\"application\/ld+json\" class=\"yoast-schema-graph\">{\"@context\":\"https:\/\/schema.org\",\"@graph\":[{\"@type\":\"Article\",\"@id\":\"https:\/\/www.africa-press.net\/benin\/toutes-les-actualites\/uac-la-garde-federale-dissoute-la-fneb-se-plie-a-linjonction-du-misp#article\",\"isPartOf\":{\"@id\":\"https:\/\/www.africa-press.net\/benin\/toutes-les-actualites\/uac-la-garde-federale-dissoute-la-fneb-se-plie-a-linjonction-du-misp\"},\"author\":{\"name\":\"cfeditorfr\",\"@id\":\"https:\/\/www.africa-press.net\/benin\/#\/schema\/person\/2b1cf3cd81a31e3cd26889ca66d677f1\"},\"headline\":\"UAC: la \u00ab\u00a0Garde F\u00e9d\u00e9rale\u00a0\u00bb dissoute, la FNEB se plie \u00e0 l\u2019injonction du MISP\",\"datePublished\":\"2022-08-22T15:50:15+00:00\",\"dateModified\":\"2022-08-22T16:07:51+00:00\",\"mainEntityOfPage\":{\"@id\":\"https:\/\/www.africa-press.net\/benin\/toutes-les-actualites\/uac-la-garde-federale-dissoute-la-fneb-se-plie-a-linjonction-du-misp\"},\"wordCount\":285,\"commentCount\":0,\"image\":{\"@id\":\"https:\/\/www.africa-press.net\/benin\/toutes-les-actualites\/uac-la-garde-federale-dissoute-la-fneb-se-plie-a-linjonction-du-misp#primaryimage\"},\"thumbnailUrl\":\"https:\/\/static.africa-press.net\/benin\/sites\/46\/2022\/08\/postQueueImg_24-6303a9b9c026e.jpg\",\"keywords\":[\"Africa Press\",\"Africa Press-Benin\",\"B\u00e9nin\"],\"articleSection\":[\"Communaut\u00e9\",\"homepage-french\",\"Toutes les actualit\u00e9s\"],\"inLanguage\":\"fr-FR\",\"potentialAction\":[{\"@type\":\"CommentAction\",\"name\":\"Comment\",\"target\":[\"https:\/\/www.africa-press.net\/benin\/toutes-les-actualites\/uac-la-garde-federale-dissoute-la-fneb-se-plie-a-linjonction-du-misp#respond\"]}]},{\"@type\":\"WebPage\",\"@id\":\"https:\/\/www.africa-press.net\/benin\/toutes-les-actualites\/uac-la-garde-federale-dissoute-la-fneb-se-plie-a-linjonction-du-misp\",\"url\":\"https:\/\/www.africa-press.net\/benin\/toutes-les-actualites\/uac-la-garde-federale-dissoute-la-fneb-se-plie-a-linjonction-du-misp\",\"name\":\"UAC: la \u00ab\u00a0Garde F\u00e9d\u00e9rale\u00a0\u00bb dissoute, la FNEB se plie \u00e0 l\u2019injonction du MISP - B\u00e9nin\",\"isPartOf\":{\"@id\":\"https:\/\/www.africa-press.net\/benin\/#website\"},\"primaryImageOfPage\":{\"@id\":\"https:\/\/www.africa-press.net\/benin\/toutes-les-actualites\/uac-la-garde-federale-dissoute-la-fneb-se-plie-a-linjonction-du-misp#primaryimage\"},\"image\":{\"@id\":\"https:\/\/www.africa-press.net\/benin\/toutes-les-actualites\/uac-la-garde-federale-dissoute-la-fneb-se-plie-a-linjonction-du-misp#primaryimage\"},\"thumbnailUrl\":\"https:\/\/static.africa-press.net\/benin\/sites\/46\/2022\/08\/postQueueImg_24-6303a9b9c026e.jpg\",\"datePublished\":\"2022-08-22T15:50:15+00:00\",\"dateModified\":\"2022-08-22T16:07:51+00:00\",\"author\":{\"@id\":\"https:\/\/www.africa-press.net\/benin\/#\/schema\/person\/2b1cf3cd81a31e3cd26889ca66d677f1\"},\"description\":\"La \u00ab Garde F\u00e9d\u00e9rale \u00bb a \u00e9t\u00e9 dissoute le vendredi 19 ao\u00fbt 2022 \u00e0 travers une d\u00e9cision prise par le pr\u00e9sident de la F\u00e9d\u00e9ra ...\",\"breadcrumb\":{\"@id\":\"https:\/\/www.africa-press.net\/benin\/toutes-les-actualites\/uac-la-garde-federale-dissoute-la-fneb-se-plie-a-linjonction-du-misp#breadcrumb\"},\"inLanguage\":\"fr-FR\",\"potentialAction\":[{\"@type\":\"ReadAction\",\"target\":[\"https:\/\/www.africa-press.net\/benin\/toutes-les-actualites\/uac-la-garde-federale-dissoute-la-fneb-se-plie-a-linjonction-du-misp\"]}]},{\"@type\":\"ImageObject\",\"inLanguage\":\"fr-FR\",\"@id\":\"https:\/\/www.africa-press.net\/benin\/toutes-les-actualites\/uac-la-garde-federale-dissoute-la-fneb-se-plie-a-linjonction-du-misp#primaryimage\",\"url\":\"https:\/\/static.africa-press.net\/benin\/sites\/46\/2022\/08\/postQueueImg_24-6303a9b9c026e.jpg\",\"contentUrl\":\"https:\/\/static.africa-press.net\/benin\/sites\/46\/2022\/08\/postQueueImg_24-6303a9b9c026e.jpg\",\"width\":1200,\"height\":675,\"caption\":\"UAC: la \u00ab\u00a0Garde F\u00e9d\u00e9rale\u00a0\u00bb dissoute, la FNEB se plie \u00e0 l\u2019injonction du MISP\"},{\"@type\":\"BreadcrumbList\",\"@id\":\"https:\/\/www.africa-press.net\/benin\/toutes-les-actualites\/uac-la-garde-federale-dissoute-la-fneb-se-plie-a-linjonction-du-misp#breadcrumb\",\"itemListElement\":[{\"@type\":\"ListItem\",\"position\":1,\"name\":\"Accueil\",\"item\":\"https:\/\/www.africa-press.net\/benin\/\"},{\"@type\":\"ListItem\",\"position\":2,\"name\":\"UAC: la \u00ab\u00a0Garde F\u00e9d\u00e9rale\u00a0\u00bb dissoute, la FNEB se plie \u00e0 l\u2019injonction du MISP\"}]},{\"@type\":\"WebSite\",\"@id\":\"https:\/\/www.africa-press.net\/benin\/#website\",\"url\":\"https:\/\/www.africa-press.net\/benin\/\",\"name\":\"B\u00e9nin\",\"description\":\"Just another Africa News Agency Sites site\",\"potentialAction\":[{\"@type\":\"SearchAction\",\"target\":{\"@type\":\"EntryPoint\",\"urlTemplate\":\"https:\/\/www.africa-press.net\/benin\/?s={search_term_string}\"},\"query-input\":{\"@type\":\"PropertyValueSpecification\",\"valueRequired\":true,\"valueName\":\"search_term_string\"}}],\"inLanguage\":\"fr-FR\"},{\"@type\":\"Person\",\"@id\":\"https:\/\/www.africa-press.net\/benin\/#\/schema\/person\/2b1cf3cd81a31e3cd26889ca66d677f1\",\"name\":\"cfeditorfr\"}]}<\/script>\n<!-- \/ Yoast SEO Premium plugin. -->","yoast_head_json":{"title":"UAC: la \u00ab\u00a0Garde F\u00e9d\u00e9rale\u00a0\u00bb dissoute, la FNEB se plie \u00e0 l\u2019injonction du MISP - B\u00e9nin","description":"La \u00ab Garde F\u00e9d\u00e9rale \u00bb a \u00e9t\u00e9 dissoute le vendredi 19 ao\u00fbt 2022 \u00e0 travers une d\u00e9cision prise par le pr\u00e9sident de la F\u00e9d\u00e9ra ...","robots":{"index":"index","follow":"follow","max-snippet":"max-snippet:-1","max-image-preview":"max-image-preview:large","max-video-preview":"max-video-preview:-1"},"canonical":"https:\/\/www.africa-press.net\/benin\/toutes-les-actualites\/uac-la-garde-federale-dissoute-la-fneb-se-plie-a-linjonction-du-misp","og_locale":"fr_FR","og_type":"article","og_title":"UAC: la \u00ab\u00a0Garde F\u00e9d\u00e9rale\u00a0\u00bb dissoute, la FNEB se plie \u00e0 l\u2019injonction du MISP","og_description":"La \u00ab Garde F\u00e9d\u00e9rale \u00bb a \u00e9t\u00e9 dissoute le vendredi 19 ao\u00fbt 2022 \u00e0 travers une d\u00e9cision prise par le pr\u00e9sident de la F\u00e9d\u00e9ra ...","og_url":"https:\/\/www.africa-press.net\/benin\/toutes-les-actualites\/uac-la-garde-federale-dissoute-la-fneb-se-plie-a-linjonction-du-misp","og_site_name":"B\u00e9nin","article_published_time":"2022-08-22T15:50:15+00:00","article_modified_time":"2022-08-22T16:07:51+00:00","og_image":[{"width":1200,"height":675,"url":"https:\/\/static.africa-press.net\/benin\/sites\/46\/2022\/08\/postQueueImg_24-6303a9b9c026e.jpg","type":"image\/jpeg"}],"author":"cfeditorfr","twitter_card":"summary_large_image","twitter_misc":{"\u00c9crit par":"cfeditorfr","Dur\u00e9e de lecture estim\u00e9e":"2 minutes"},"schema":{"@context":"https:\/\/schema.org","@graph":[{"@type":"Article","@id":"https:\/\/www.africa-press.net\/benin\/toutes-les-actualites\/uac-la-garde-federale-dissoute-la-fneb-se-plie-a-linjonction-du-misp#article","isPartOf":{"@id":"https:\/\/www.africa-press.net\/benin\/toutes-les-actualites\/uac-la-garde-federale-dissoute-la-fneb-se-plie-a-linjonction-du-misp"},"author":{"name":"cfeditorfr","@id":"https:\/\/www.africa-press.net\/benin\/#\/schema\/person\/2b1cf3cd81a31e3cd26889ca66d677f1"},"headline":"UAC: la \u00ab\u00a0Garde F\u00e9d\u00e9rale\u00a0\u00bb dissoute, la FNEB se plie \u00e0 l\u2019injonction du MISP","datePublished":"2022-08-22T15:50:15+00:00","dateModified":"2022-08-22T16:07:51+00:00","mainEntityOfPage":{"@id":"https:\/\/www.africa-press.net\/benin\/toutes-les-actualites\/uac-la-garde-federale-dissoute-la-fneb-se-plie-a-linjonction-du-misp"},"wordCount":285,"commentCount":0,"image":{"@id":"https:\/\/www.africa-press.net\/benin\/toutes-les-actualites\/uac-la-garde-federale-dissoute-la-fneb-se-plie-a-linjonction-du-misp#primaryimage"},"thumbnailUrl":"https:\/\/static.africa-press.net\/benin\/sites\/46\/2022\/08\/postQueueImg_24-6303a9b9c026e.jpg","keywords":["Africa Press","Africa Press-Benin","B\u00e9nin"],"articleSection":["Communaut\u00e9","homepage-french","Toutes les actualit\u00e9s"],"inLanguage":"fr-FR","potentialAction":[{"@type":"CommentAction","name":"Comment","target":["https:\/\/www.africa-press.net\/benin\/toutes-les-actualites\/uac-la-garde-federale-dissoute-la-fneb-se-plie-a-linjonction-du-misp#respond"]}]},{"@type":"WebPage","@id":"https:\/\/www.africa-press.net\/benin\/toutes-les-actualites\/uac-la-garde-federale-dissoute-la-fneb-se-plie-a-linjonction-du-misp","url":"https:\/\/www.africa-press.net\/benin\/toutes-les-actualites\/uac-la-garde-federale-dissoute-la-fneb-se-plie-a-linjonction-du-misp","name":"UAC: la \u00ab\u00a0Garde F\u00e9d\u00e9rale\u00a0\u00bb dissoute, la FNEB se plie \u00e0 l\u2019injonction du MISP - B\u00e9nin","isPartOf":{"@id":"https:\/\/www.africa-press.net\/benin\/#website"},"primaryImageOfPage":{"@id":"https:\/\/www.africa-press.net\/benin\/toutes-les-actualites\/uac-la-garde-federale-dissoute-la-fneb-se-plie-a-linjonction-du-misp#primaryimage"},"image":{"@id":"https:\/\/www.africa-press.net\/benin\/toutes-les-actualites\/uac-la-garde-federale-dissoute-la-fneb-se-plie-a-linjonction-du-misp#primaryimage"},"thumbnailUrl":"https:\/\/static.africa-press.net\/benin\/sites\/46\/2022\/08\/postQueueImg_24-6303a9b9c026e.jpg","datePublished":"2022-08-22T15:50:15+00:00","dateModified":"2022-08-22T16:07:51+00:00","author":{"@id":"https:\/\/www.africa-press.net\/benin\/#\/schema\/person\/2b1cf3cd81a31e3cd26889ca66d677f1"},"description":"La \u00ab Garde F\u00e9d\u00e9rale \u00bb a \u00e9t\u00e9 dissoute le vendredi 19 ao\u00fbt 2022 \u00e0 travers une d\u00e9cision prise par le pr\u00e9sident de la F\u00e9d\u00e9ra ...","breadcrumb":{"@id":"https:\/\/www.africa-press.net\/benin\/toutes-les-actualites\/uac-la-garde-federale-dissoute-la-fneb-se-plie-a-linjonction-du-misp#breadcrumb"},"inLanguage":"fr-FR","potentialAction":[{"@type":"ReadAction","target":["https:\/\/www.africa-press.net\/benin\/toutes-les-actualites\/uac-la-garde-federale-dissoute-la-fneb-se-plie-a-linjonction-du-misp"]}]},{"@type":"ImageObject","inLanguage":"fr-FR","@id":"https:\/\/www.africa-press.net\/benin\/toutes-les-actualites\/uac-la-garde-federale-dissoute-la-fneb-se-plie-a-linjonction-du-misp#primaryimage","url":"https:\/\/static.africa-press.net\/benin\/sites\/46\/2022\/08\/postQueueImg_24-6303a9b9c026e.jpg","contentUrl":"https:\/\/static.africa-press.net\/benin\/sites\/46\/2022\/08\/postQueueImg_24-6303a9b9c026e.jpg","width":1200,"height":675,"caption":"UAC: la \u00ab\u00a0Garde F\u00e9d\u00e9rale\u00a0\u00bb dissoute, la FNEB se plie \u00e0 l\u2019injonction du MISP"},{"@type":"BreadcrumbList","@id":"https:\/\/www.africa-press.net\/benin\/toutes-les-actualites\/uac-la-garde-federale-dissoute-la-fneb-se-plie-a-linjonction-du-misp#breadcrumb","itemListElement":[{"@type":"ListItem","position":1,"name":"Accueil","item":"https:\/\/www.africa-press.net\/benin\/"},{"@type":"ListItem","position":2,"name":"UAC: la \u00ab\u00a0Garde F\u00e9d\u00e9rale\u00a0\u00bb dissoute, la FNEB se plie \u00e0 l\u2019injonction du MISP"}]},{"@type":"WebSite","@id":"https:\/\/www.africa-press.net\/benin\/#website","url":"https:\/\/www.africa-press.net\/benin\/","name":"B\u00e9nin","description":"Just another Africa News Agency Sites site","potentialAction":[{"@type":"SearchAction","target":{"@type":"EntryPoint","urlTemplate":"https:\/\/www.africa-press.net\/benin\/?s={search_term_string}"},"query-input":{"@type":"PropertyValueSpecification","valueRequired":true,"valueName":"search_term_string"}}],"inLanguage":"fr-FR"},{"@type":"Person","@id":"https:\/\/www.africa-press.net\/benin\/#\/schema\/person\/2b1cf3cd81a31e3cd26889ca66d677f1","name":"cfeditorfr"}]}},"_links":{"self":[{"href":"https:\/\/www.africa-press.net\/benin\/wp-json\/wp\/v2\/posts\/8115","targetHints":{"allow":["GET"]}}],"collection":[{"href":"https:\/\/www.africa-press.net\/benin\/wp-json\/wp\/v2\/posts"}],"about":[{"href":"https:\/\/www.africa-press.net\/benin\/wp-json\/wp\/v2\/types\/post"}],"author":[{"embeddable":true,"href":"https:\/\/www.africa-press.net\/benin\/wp-json\/wp\/v2\/users\/82"}],"replies":[{"embeddable":true,"href":"https:\/\/www.africa-press.net\/benin\/wp-json\/wp\/v2\/comments?post=8115"}],"version-history":[{"count":0,"href":"https:\/\/www.africa-press.net\/benin\/wp-json\/wp\/v2\/posts\/8115\/revisions"}],"wp:featuredmedia":[{"embeddable":true,"href":"https:\/\/www.africa-press.net\/benin\/wp-json\/wp\/v2\/media\/8114"}],"wp:attachment":[{"href":"https:\/\/www.africa-press.net\/benin\/wp-json\/wp\/v2\/media?parent=8115"}],"wp:term":[{"taxonomy":"category","embeddable":true,"href":"https:\/\/www.africa-press.net\/benin\/wp-json\/wp\/v2\/categories?post=8115"},{"taxonomy":"post_tag","embeddable":true,"href":"https:\/\/www.africa-press.net\/benin\/wp-json\/wp\/v2\/tags?post=8115"}],"curies":[{"name":"wp","href":"https:\/\/api.w.org\/{rel}","templated":true}]}}