{"id":8118,"date":"2022-08-22T15:50:25","date_gmt":"2022-08-22T15:50:25","guid":{"rendered":"https:\/\/www.africa-press.net\/benin\/politique\/creation-du-parti-upr-liste-des-membres-de-la-direction-executive-nationale"},"modified":"2022-08-22T16:08:19","modified_gmt":"2022-08-22T16:08:19","slug":"creation-du-parti-upr-liste-des-membres-de-la-direction-executive-nationale","status":"publish","type":"post","link":"https:\/\/www.africa-press.net\/benin\/politique\/creation-du-parti-upr-liste-des-membres-de-la-direction-executive-nationale","title":{"rendered":"Cr\u00e9ation du parti UPR: liste des membres de la direction ex\u00e9cutive nationale"},"content":{"rendered":"<p><span style=\"color: #ff6600\"><strong>Africa-Press &#8211; Benin. <\/strong><\/span>Le parti \u00ab Union progressiste le Renouveau \u00bb est n\u00e9 le dimanche 21 Ao\u00fbt 2022. Le parti sera conduit par une direction ex\u00e9cutive nationale de 42 membres. Ces membres sont issus des deux formations politiques qui se sont fusionn\u00e9es pour donner naissance au nouveau parti.<\/p>\n<p>La direction ex\u00e9cutive nationale du parti \u00ab Union progressiste le Renouveau \u00bb n\u00e9 de la fusion du parti du renouveau d\u00e9mocratique et de l\u2019union progressiste est compos\u00e9e de 42 membres. Le pr\u00e9sidium de ce nouveau n\u00e9 du microcosme politique b\u00e9ninois se pr\u00e9sente comme suit:<\/p>\n<p>Composition de la direction ex\u00e9cutive nationale de l\u2019UPR<\/p>\n<p><b>Le pr\u00e9sidium<\/b><\/p>\n<p><strong>Pour plus d&rsquo;informations et d&rsquo;analyses sur la <a href=\"https:\/\/www.africa-press.net\/benin\">Benin<\/a>, suivez <a href=\"https:\/\/www.africa-press.net\/\">Africa-Press<\/a><\/strong><\/p>\n","protected":false},"excerpt":{"rendered":"<p>Africa-Press &#8211; Benin. Le parti \u00ab Union progressiste le Renouveau \u00bb est n\u00e9 le dimanche 21 Ao\u00fbt 2022. Le parti sera conduit par une direction ex\u00e9cutive nationale de 42 membres. Ces membres sont issus des deux formations politiques qui se sont fusionn\u00e9es pour donner naissance au nouveau parti. La direction ex\u00e9cutive nationale du parti \u00ab [&hellip;]<\/p>\n","protected":false},"author":82,"featured_media":8117,"comment_status":"open","ping_status":"closed","sticky":false,"template":"","format":"standard","meta":{"footnotes":""},"categories":[11,2,10],"tags":[36,50,45],"class_list":["post-8118","post","type-post","status-publish","format-standard","has-post-thumbnail","hentry","category-homepage-french","category-politique","category-toutes-les-actualites","tag-africa-press","tag-africa-press-benin","tag-benin"],"yoast_head":"<!-- This site is optimized with the Yoast SEO Premium plugin v26.1 (Yoast SEO v27.0) - https:\/\/yoast.com\/product\/yoast-seo-premium-wordpress\/ -->\n<title>Cr\u00e9ation du parti UPR: liste des membres de la direction ex\u00e9cutive nationale - B\u00e9nin<\/title>\n<meta name=\"description\" content=\"Le parti \u00ab Union progressiste le Renouveau \u00bb est n\u00e9 le dimanche 21 Ao\u00fbt 2022. Le parti sera conduit par une direction ex ...\" \/>\n<meta name=\"robots\" content=\"index, follow, max-snippet:-1, max-image-preview:large, max-video-preview:-1\" \/>\n<link rel=\"canonical\" href=\"https:\/\/www.africa-press.net\/benin\/politique\/creation-du-parti-upr-liste-des-membres-de-la-direction-executive-nationale\" \/>\n<meta property=\"og:locale\" content=\"fr_FR\" \/>\n<meta property=\"og:type\" content=\"article\" \/>\n<meta property=\"og:title\" content=\"Cr\u00e9ation du parti UPR: liste des membres de la direction ex\u00e9cutive nationale\" \/>\n<meta property=\"og:description\" content=\"Le parti \u00ab Union progressiste le Renouveau \u00bb est n\u00e9 le dimanche 21 Ao\u00fbt 2022. Le parti sera conduit par une direction ex ...\" \/>\n<meta property=\"og:url\" content=\"https:\/\/www.africa-press.net\/benin\/politique\/creation-du-parti-upr-liste-des-membres-de-la-direction-executive-nationale\" \/>\n<meta property=\"og:site_name\" content=\"B\u00e9nin\" \/>\n<meta property=\"article:published_time\" content=\"2022-08-22T15:50:25+00:00\" \/>\n<meta property=\"article:modified_time\" content=\"2022-08-22T16:08:19+00:00\" \/>\n<meta property=\"og:image\" content=\"https:\/\/static.africa-press.net\/benin\/sites\/46\/2022\/08\/postQueueImg_25-6303a9dcaafee.jpg\" \/>\n\t<meta property=\"og:image:width\" content=\"1200\" \/>\n\t<meta property=\"og:image:height\" content=\"795\" \/>\n\t<meta property=\"og:image:type\" content=\"image\/jpeg\" \/>\n<meta name=\"author\" content=\"cfeditorfr\" \/>\n<meta name=\"twitter:card\" content=\"summary_large_image\" \/>\n<meta name=\"twitter:label1\" content=\"\u00c9crit par\" \/>\n\t<meta name=\"twitter:data1\" content=\"cfeditorfr\" \/>\n\t<meta name=\"twitter:label2\" content=\"Dur\u00e9e de lecture estim\u00e9e\" \/>\n\t<meta name=\"twitter:data2\" content=\"1 minute\" \/>\n<script type=\"application\/ld+json\" class=\"yoast-schema-graph\">{\"@context\":\"https:\/\/schema.org\",\"@graph\":[{\"@type\":\"Article\",\"@id\":\"https:\/\/www.africa-press.net\/benin\/politique\/creation-du-parti-upr-liste-des-membres-de-la-direction-executive-nationale#article\",\"isPartOf\":{\"@id\":\"https:\/\/www.africa-press.net\/benin\/politique\/creation-du-parti-upr-liste-des-membres-de-la-direction-executive-nationale\"},\"author\":{\"name\":\"cfeditorfr\",\"@id\":\"https:\/\/www.africa-press.net\/benin\/#\/schema\/person\/2b1cf3cd81a31e3cd26889ca66d677f1\"},\"headline\":\"Cr\u00e9ation du parti UPR: liste des membres de la direction ex\u00e9cutive nationale\",\"datePublished\":\"2022-08-22T15:50:25+00:00\",\"dateModified\":\"2022-08-22T16:08:19+00:00\",\"mainEntityOfPage\":{\"@id\":\"https:\/\/www.africa-press.net\/benin\/politique\/creation-du-parti-upr-liste-des-membres-de-la-direction-executive-nationale\"},\"wordCount\":133,\"commentCount\":0,\"image\":{\"@id\":\"https:\/\/www.africa-press.net\/benin\/politique\/creation-du-parti-upr-liste-des-membres-de-la-direction-executive-nationale#primaryimage\"},\"thumbnailUrl\":\"https:\/\/static.africa-press.net\/benin\/sites\/46\/2022\/08\/postQueueImg_25-6303a9dcaafee.jpg\",\"keywords\":[\"Africa Press\",\"Africa Press-Benin\",\"B\u00e9nin\"],\"articleSection\":[\"homepage-french\",\"Politique\",\"Toutes les actualit\u00e9s\"],\"inLanguage\":\"fr-FR\",\"potentialAction\":[{\"@type\":\"CommentAction\",\"name\":\"Comment\",\"target\":[\"https:\/\/www.africa-press.net\/benin\/politique\/creation-du-parti-upr-liste-des-membres-de-la-direction-executive-nationale#respond\"]}]},{\"@type\":\"WebPage\",\"@id\":\"https:\/\/www.africa-press.net\/benin\/politique\/creation-du-parti-upr-liste-des-membres-de-la-direction-executive-nationale\",\"url\":\"https:\/\/www.africa-press.net\/benin\/politique\/creation-du-parti-upr-liste-des-membres-de-la-direction-executive-nationale\",\"name\":\"Cr\u00e9ation du parti UPR: liste des membres de la direction ex\u00e9cutive nationale - B\u00e9nin\",\"isPartOf\":{\"@id\":\"https:\/\/www.africa-press.net\/benin\/#website\"},\"primaryImageOfPage\":{\"@id\":\"https:\/\/www.africa-press.net\/benin\/politique\/creation-du-parti-upr-liste-des-membres-de-la-direction-executive-nationale#primaryimage\"},\"image\":{\"@id\":\"https:\/\/www.africa-press.net\/benin\/politique\/creation-du-parti-upr-liste-des-membres-de-la-direction-executive-nationale#primaryimage\"},\"thumbnailUrl\":\"https:\/\/static.africa-press.net\/benin\/sites\/46\/2022\/08\/postQueueImg_25-6303a9dcaafee.jpg\",\"datePublished\":\"2022-08-22T15:50:25+00:00\",\"dateModified\":\"2022-08-22T16:08:19+00:00\",\"author\":{\"@id\":\"https:\/\/www.africa-press.net\/benin\/#\/schema\/person\/2b1cf3cd81a31e3cd26889ca66d677f1\"},\"description\":\"Le parti \u00ab Union progressiste le Renouveau \u00bb est n\u00e9 le dimanche 21 Ao\u00fbt 2022. Le parti sera conduit par une direction ex ...\",\"breadcrumb\":{\"@id\":\"https:\/\/www.africa-press.net\/benin\/politique\/creation-du-parti-upr-liste-des-membres-de-la-direction-executive-nationale#breadcrumb\"},\"inLanguage\":\"fr-FR\",\"potentialAction\":[{\"@type\":\"ReadAction\",\"target\":[\"https:\/\/www.africa-press.net\/benin\/politique\/creation-du-parti-upr-liste-des-membres-de-la-direction-executive-nationale\"]}]},{\"@type\":\"ImageObject\",\"inLanguage\":\"fr-FR\",\"@id\":\"https:\/\/www.africa-press.net\/benin\/politique\/creation-du-parti-upr-liste-des-membres-de-la-direction-executive-nationale#primaryimage\",\"url\":\"https:\/\/static.africa-press.net\/benin\/sites\/46\/2022\/08\/postQueueImg_25-6303a9dcaafee.jpg\",\"contentUrl\":\"https:\/\/static.africa-press.net\/benin\/sites\/46\/2022\/08\/postQueueImg_25-6303a9dcaafee.jpg\",\"width\":1200,\"height\":795,\"caption\":\"Cr\u00e9ation du parti UPR: liste des membres de la direction ex\u00e9cutive nationale\"},{\"@type\":\"BreadcrumbList\",\"@id\":\"https:\/\/www.africa-press.net\/benin\/politique\/creation-du-parti-upr-liste-des-membres-de-la-direction-executive-nationale#breadcrumb\",\"itemListElement\":[{\"@type\":\"ListItem\",\"position\":1,\"name\":\"Accueil\",\"item\":\"https:\/\/www.africa-press.net\/benin\/\"},{\"@type\":\"ListItem\",\"position\":2,\"name\":\"Cr\u00e9ation du parti UPR: liste des membres de la direction ex\u00e9cutive nationale\"}]},{\"@type\":\"WebSite\",\"@id\":\"https:\/\/www.africa-press.net\/benin\/#website\",\"url\":\"https:\/\/www.africa-press.net\/benin\/\",\"name\":\"B\u00e9nin\",\"description\":\"Just another Africa News Agency Sites site\",\"potentialAction\":[{\"@type\":\"SearchAction\",\"target\":{\"@type\":\"EntryPoint\",\"urlTemplate\":\"https:\/\/www.africa-press.net\/benin\/?s={search_term_string}\"},\"query-input\":{\"@type\":\"PropertyValueSpecification\",\"valueRequired\":true,\"valueName\":\"search_term_string\"}}],\"inLanguage\":\"fr-FR\"},{\"@type\":\"Person\",\"@id\":\"https:\/\/www.africa-press.net\/benin\/#\/schema\/person\/2b1cf3cd81a31e3cd26889ca66d677f1\",\"name\":\"cfeditorfr\"}]}<\/script>\n<!-- \/ Yoast SEO Premium plugin. -->","yoast_head_json":{"title":"Cr\u00e9ation du parti UPR: liste des membres de la direction ex\u00e9cutive nationale - B\u00e9nin","description":"Le parti \u00ab Union progressiste le Renouveau \u00bb est n\u00e9 le dimanche 21 Ao\u00fbt 2022. Le parti sera conduit par une direction ex ...","robots":{"index":"index","follow":"follow","max-snippet":"max-snippet:-1","max-image-preview":"max-image-preview:large","max-video-preview":"max-video-preview:-1"},"canonical":"https:\/\/www.africa-press.net\/benin\/politique\/creation-du-parti-upr-liste-des-membres-de-la-direction-executive-nationale","og_locale":"fr_FR","og_type":"article","og_title":"Cr\u00e9ation du parti UPR: liste des membres de la direction ex\u00e9cutive nationale","og_description":"Le parti \u00ab Union progressiste le Renouveau \u00bb est n\u00e9 le dimanche 21 Ao\u00fbt 2022. Le parti sera conduit par une direction ex ...","og_url":"https:\/\/www.africa-press.net\/benin\/politique\/creation-du-parti-upr-liste-des-membres-de-la-direction-executive-nationale","og_site_name":"B\u00e9nin","article_published_time":"2022-08-22T15:50:25+00:00","article_modified_time":"2022-08-22T16:08:19+00:00","og_image":[{"width":1200,"height":795,"url":"https:\/\/static.africa-press.net\/benin\/sites\/46\/2022\/08\/postQueueImg_25-6303a9dcaafee.jpg","type":"image\/jpeg"}],"author":"cfeditorfr","twitter_card":"summary_large_image","twitter_misc":{"\u00c9crit par":"cfeditorfr","Dur\u00e9e de lecture estim\u00e9e":"1 minute"},"schema":{"@context":"https:\/\/schema.org","@graph":[{"@type":"Article","@id":"https:\/\/www.africa-press.net\/benin\/politique\/creation-du-parti-upr-liste-des-membres-de-la-direction-executive-nationale#article","isPartOf":{"@id":"https:\/\/www.africa-press.net\/benin\/politique\/creation-du-parti-upr-liste-des-membres-de-la-direction-executive-nationale"},"author":{"name":"cfeditorfr","@id":"https:\/\/www.africa-press.net\/benin\/#\/schema\/person\/2b1cf3cd81a31e3cd26889ca66d677f1"},"headline":"Cr\u00e9ation du parti UPR: liste des membres de la direction ex\u00e9cutive nationale","datePublished":"2022-08-22T15:50:25+00:00","dateModified":"2022-08-22T16:08:19+00:00","mainEntityOfPage":{"@id":"https:\/\/www.africa-press.net\/benin\/politique\/creation-du-parti-upr-liste-des-membres-de-la-direction-executive-nationale"},"wordCount":133,"commentCount":0,"image":{"@id":"https:\/\/www.africa-press.net\/benin\/politique\/creation-du-parti-upr-liste-des-membres-de-la-direction-executive-nationale#primaryimage"},"thumbnailUrl":"https:\/\/static.africa-press.net\/benin\/sites\/46\/2022\/08\/postQueueImg_25-6303a9dcaafee.jpg","keywords":["Africa Press","Africa Press-Benin","B\u00e9nin"],"articleSection":["homepage-french","Politique","Toutes les actualit\u00e9s"],"inLanguage":"fr-FR","potentialAction":[{"@type":"CommentAction","name":"Comment","target":["https:\/\/www.africa-press.net\/benin\/politique\/creation-du-parti-upr-liste-des-membres-de-la-direction-executive-nationale#respond"]}]},{"@type":"WebPage","@id":"https:\/\/www.africa-press.net\/benin\/politique\/creation-du-parti-upr-liste-des-membres-de-la-direction-executive-nationale","url":"https:\/\/www.africa-press.net\/benin\/politique\/creation-du-parti-upr-liste-des-membres-de-la-direction-executive-nationale","name":"Cr\u00e9ation du parti UPR: liste des membres de la direction ex\u00e9cutive nationale - B\u00e9nin","isPartOf":{"@id":"https:\/\/www.africa-press.net\/benin\/#website"},"primaryImageOfPage":{"@id":"https:\/\/www.africa-press.net\/benin\/politique\/creation-du-parti-upr-liste-des-membres-de-la-direction-executive-nationale#primaryimage"},"image":{"@id":"https:\/\/www.africa-press.net\/benin\/politique\/creation-du-parti-upr-liste-des-membres-de-la-direction-executive-nationale#primaryimage"},"thumbnailUrl":"https:\/\/static.africa-press.net\/benin\/sites\/46\/2022\/08\/postQueueImg_25-6303a9dcaafee.jpg","datePublished":"2022-08-22T15:50:25+00:00","dateModified":"2022-08-22T16:08:19+00:00","author":{"@id":"https:\/\/www.africa-press.net\/benin\/#\/schema\/person\/2b1cf3cd81a31e3cd26889ca66d677f1"},"description":"Le parti \u00ab Union progressiste le Renouveau \u00bb est n\u00e9 le dimanche 21 Ao\u00fbt 2022. Le parti sera conduit par une direction ex ...","breadcrumb":{"@id":"https:\/\/www.africa-press.net\/benin\/politique\/creation-du-parti-upr-liste-des-membres-de-la-direction-executive-nationale#breadcrumb"},"inLanguage":"fr-FR","potentialAction":[{"@type":"ReadAction","target":["https:\/\/www.africa-press.net\/benin\/politique\/creation-du-parti-upr-liste-des-membres-de-la-direction-executive-nationale"]}]},{"@type":"ImageObject","inLanguage":"fr-FR","@id":"https:\/\/www.africa-press.net\/benin\/politique\/creation-du-parti-upr-liste-des-membres-de-la-direction-executive-nationale#primaryimage","url":"https:\/\/static.africa-press.net\/benin\/sites\/46\/2022\/08\/postQueueImg_25-6303a9dcaafee.jpg","contentUrl":"https:\/\/static.africa-press.net\/benin\/sites\/46\/2022\/08\/postQueueImg_25-6303a9dcaafee.jpg","width":1200,"height":795,"caption":"Cr\u00e9ation du parti UPR: liste des membres de la direction ex\u00e9cutive nationale"},{"@type":"BreadcrumbList","@id":"https:\/\/www.africa-press.net\/benin\/politique\/creation-du-parti-upr-liste-des-membres-de-la-direction-executive-nationale#breadcrumb","itemListElement":[{"@type":"ListItem","position":1,"name":"Accueil","item":"https:\/\/www.africa-press.net\/benin\/"},{"@type":"ListItem","position":2,"name":"Cr\u00e9ation du parti UPR: liste des membres de la direction ex\u00e9cutive nationale"}]},{"@type":"WebSite","@id":"https:\/\/www.africa-press.net\/benin\/#website","url":"https:\/\/www.africa-press.net\/benin\/","name":"B\u00e9nin","description":"Just another Africa News Agency Sites site","potentialAction":[{"@type":"SearchAction","target":{"@type":"EntryPoint","urlTemplate":"https:\/\/www.africa-press.net\/benin\/?s={search_term_string}"},"query-input":{"@type":"PropertyValueSpecification","valueRequired":true,"valueName":"search_term_string"}}],"inLanguage":"fr-FR"},{"@type":"Person","@id":"https:\/\/www.africa-press.net\/benin\/#\/schema\/person\/2b1cf3cd81a31e3cd26889ca66d677f1","name":"cfeditorfr"}]}},"_links":{"self":[{"href":"https:\/\/www.africa-press.net\/benin\/wp-json\/wp\/v2\/posts\/8118","targetHints":{"allow":["GET"]}}],"collection":[{"href":"https:\/\/www.africa-press.net\/benin\/wp-json\/wp\/v2\/posts"}],"about":[{"href":"https:\/\/www.africa-press.net\/benin\/wp-json\/wp\/v2\/types\/post"}],"author":[{"embeddable":true,"href":"https:\/\/www.africa-press.net\/benin\/wp-json\/wp\/v2\/users\/82"}],"replies":[{"embeddable":true,"href":"https:\/\/www.africa-press.net\/benin\/wp-json\/wp\/v2\/comments?post=8118"}],"version-history":[{"count":0,"href":"https:\/\/www.africa-press.net\/benin\/wp-json\/wp\/v2\/posts\/8118\/revisions"}],"wp:featuredmedia":[{"embeddable":true,"href":"https:\/\/www.africa-press.net\/benin\/wp-json\/wp\/v2\/media\/8117"}],"wp:attachment":[{"href":"https:\/\/www.africa-press.net\/benin\/wp-json\/wp\/v2\/media?parent=8118"}],"wp:term":[{"taxonomy":"category","embeddable":true,"href":"https:\/\/www.africa-press.net\/benin\/wp-json\/wp\/v2\/categories?post=8118"},{"taxonomy":"post_tag","embeddable":true,"href":"https:\/\/www.africa-press.net\/benin\/wp-json\/wp\/v2\/tags?post=8118"}],"curies":[{"name":"wp","href":"https:\/\/api.w.org\/{rel}","templated":true}]}}