{"id":8121,"date":"2022-08-22T15:59:00","date_gmt":"2022-08-22T15:59:00","guid":{"rendered":"https:\/\/www.africa-press.net\/benin\/politique\/benin-05-choses-a-retenir-de-laccord-de-fusion-entre-up-prd"},"modified":"2022-08-22T16:08:56","modified_gmt":"2022-08-22T16:08:56","slug":"benin-05-choses-a-retenir-de-laccord-de-fusion-entre-up-prd","status":"publish","type":"post","link":"https:\/\/www.africa-press.net\/benin\/politique\/benin-05-choses-a-retenir-de-laccord-de-fusion-entre-up-prd","title":{"rendered":"B\u00e9nin: 05 choses \u00e0 retenir de l\u2019accord de fusion entre UP-PRD"},"content":{"rendered":"<p><span style=\"color: #ff6600\"><strong>Africa-Press &#8211; Benin. <\/strong><\/span>L\u2019Union Progressiste (UP) et le Parti du Renouveau D\u00e9mocratique (PRD) ont officiellement sign\u00e9 ce samedi 20 ao\u00fbt 2022 un accord de fusion. Ce document ayant conduire \u00e0 la cr\u00e9ation du nouveau parti \u00ab UP Le Renouveau \u00bb mentionne cinq (05) points essentiels.<\/p>\n<p>L\u2019accord de fusion entre le PRD et l\u2019UP a \u00e9t\u00e9 pr\u00e9sent\u00e9 ce samedi au stade Charles de Gaulle de Porto-Novo par le d\u00e9put\u00e9 Orden Alladatin. De son expos\u00e9, on retient essentiellement les cinq (05) points suivants :<\/p>\n<p>Par ailleurs, le nouveau parti cr\u00e9\u00e9 a son si\u00e8ge national dans la ville de Porto-Novo, au quartier Hoinm\u00e8.<\/p>\n<p><strong>Pour plus d&rsquo;informations et d&rsquo;analyses sur la <a href=\"https:\/\/www.africa-press.net\/benin\">Benin<\/a>, suivez <a href=\"https:\/\/www.africa-press.net\/\">Africa-Press<\/a><\/strong><\/p>\n","protected":false},"excerpt":{"rendered":"<p>Africa-Press &#8211; Benin. L\u2019Union Progressiste (UP) et le Parti du Renouveau D\u00e9mocratique (PRD) ont officiellement sign\u00e9 ce samedi 20 ao\u00fbt 2022 un accord de fusion. Ce document ayant conduire \u00e0 la cr\u00e9ation du nouveau parti \u00ab UP Le Renouveau \u00bb mentionne cinq (05) points essentiels. L\u2019accord de fusion entre le PRD et l\u2019UP a \u00e9t\u00e9 [&hellip;]<\/p>\n","protected":false},"author":82,"featured_media":8120,"comment_status":"open","ping_status":"closed","sticky":false,"template":"","format":"standard","meta":{"footnotes":""},"categories":[11,2,10],"tags":[36,50,45],"class_list":["post-8121","post","type-post","status-publish","format-standard","has-post-thumbnail","hentry","category-homepage-french","category-politique","category-toutes-les-actualites","tag-africa-press","tag-africa-press-benin","tag-benin"],"yoast_head":"<!-- This site is optimized with the Yoast SEO Premium plugin v26.1 (Yoast SEO v27.0) - https:\/\/yoast.com\/product\/yoast-seo-premium-wordpress\/ -->\n<title>B\u00e9nin: 05 choses \u00e0 retenir de l\u2019accord de fusion entre UP-PRD - B\u00e9nin<\/title>\n<meta name=\"description\" content=\"L\u2019Union Progressiste (UP) et le Parti du Renouveau D\u00e9mocratique (PRD) ont officiellement sign\u00e9 ce samedi 20 ao\u00fbt 2022 un ...\" \/>\n<meta name=\"robots\" content=\"index, follow, max-snippet:-1, max-image-preview:large, max-video-preview:-1\" \/>\n<link rel=\"canonical\" href=\"https:\/\/www.africa-press.net\/benin\/politique\/benin-05-choses-a-retenir-de-laccord-de-fusion-entre-up-prd\" \/>\n<meta property=\"og:locale\" content=\"fr_FR\" \/>\n<meta property=\"og:type\" content=\"article\" \/>\n<meta property=\"og:title\" content=\"B\u00e9nin: 05 choses \u00e0 retenir de l\u2019accord de fusion entre UP-PRD\" \/>\n<meta property=\"og:description\" content=\"L\u2019Union Progressiste (UP) et le Parti du Renouveau D\u00e9mocratique (PRD) ont officiellement sign\u00e9 ce samedi 20 ao\u00fbt 2022 un ...\" \/>\n<meta property=\"og:url\" content=\"https:\/\/www.africa-press.net\/benin\/politique\/benin-05-choses-a-retenir-de-laccord-de-fusion-entre-up-prd\" \/>\n<meta property=\"og:site_name\" content=\"B\u00e9nin\" \/>\n<meta property=\"article:published_time\" content=\"2022-08-22T15:59:00+00:00\" \/>\n<meta property=\"article:modified_time\" content=\"2022-08-22T16:08:56+00:00\" \/>\n<meta property=\"og:image\" content=\"https:\/\/static.africa-press.net\/benin\/sites\/46\/2022\/08\/postQueueImg_26-6303a9f873e9f.jpg\" \/>\n\t<meta property=\"og:image:width\" content=\"1200\" \/>\n\t<meta property=\"og:image:height\" content=\"795\" \/>\n\t<meta property=\"og:image:type\" content=\"image\/jpeg\" \/>\n<meta name=\"author\" content=\"cfeditorfr\" \/>\n<meta name=\"twitter:card\" content=\"summary_large_image\" \/>\n<meta name=\"twitter:label1\" content=\"\u00c9crit par\" \/>\n\t<meta name=\"twitter:data1\" content=\"cfeditorfr\" \/>\n\t<meta name=\"twitter:label2\" content=\"Dur\u00e9e de lecture estim\u00e9e\" \/>\n\t<meta name=\"twitter:data2\" content=\"1 minute\" \/>\n<script type=\"application\/ld+json\" class=\"yoast-schema-graph\">{\"@context\":\"https:\/\/schema.org\",\"@graph\":[{\"@type\":\"Article\",\"@id\":\"https:\/\/www.africa-press.net\/benin\/politique\/benin-05-choses-a-retenir-de-laccord-de-fusion-entre-up-prd#article\",\"isPartOf\":{\"@id\":\"https:\/\/www.africa-press.net\/benin\/politique\/benin-05-choses-a-retenir-de-laccord-de-fusion-entre-up-prd\"},\"author\":{\"name\":\"cfeditorfr\",\"@id\":\"https:\/\/www.africa-press.net\/benin\/#\/schema\/person\/2b1cf3cd81a31e3cd26889ca66d677f1\"},\"headline\":\"B\u00e9nin: 05 choses \u00e0 retenir de l\u2019accord de fusion entre UP-PRD\",\"datePublished\":\"2022-08-22T15:59:00+00:00\",\"dateModified\":\"2022-08-22T16:08:56+00:00\",\"mainEntityOfPage\":{\"@id\":\"https:\/\/www.africa-press.net\/benin\/politique\/benin-05-choses-a-retenir-de-laccord-de-fusion-entre-up-prd\"},\"wordCount\":124,\"commentCount\":0,\"image\":{\"@id\":\"https:\/\/www.africa-press.net\/benin\/politique\/benin-05-choses-a-retenir-de-laccord-de-fusion-entre-up-prd#primaryimage\"},\"thumbnailUrl\":\"https:\/\/static.africa-press.net\/benin\/sites\/46\/2022\/08\/postQueueImg_26-6303a9f873e9f.jpg\",\"keywords\":[\"Africa Press\",\"Africa Press-Benin\",\"B\u00e9nin\"],\"articleSection\":[\"homepage-french\",\"Politique\",\"Toutes les actualit\u00e9s\"],\"inLanguage\":\"fr-FR\",\"potentialAction\":[{\"@type\":\"CommentAction\",\"name\":\"Comment\",\"target\":[\"https:\/\/www.africa-press.net\/benin\/politique\/benin-05-choses-a-retenir-de-laccord-de-fusion-entre-up-prd#respond\"]}]},{\"@type\":\"WebPage\",\"@id\":\"https:\/\/www.africa-press.net\/benin\/politique\/benin-05-choses-a-retenir-de-laccord-de-fusion-entre-up-prd\",\"url\":\"https:\/\/www.africa-press.net\/benin\/politique\/benin-05-choses-a-retenir-de-laccord-de-fusion-entre-up-prd\",\"name\":\"B\u00e9nin: 05 choses \u00e0 retenir de l\u2019accord de fusion entre UP-PRD - B\u00e9nin\",\"isPartOf\":{\"@id\":\"https:\/\/www.africa-press.net\/benin\/#website\"},\"primaryImageOfPage\":{\"@id\":\"https:\/\/www.africa-press.net\/benin\/politique\/benin-05-choses-a-retenir-de-laccord-de-fusion-entre-up-prd#primaryimage\"},\"image\":{\"@id\":\"https:\/\/www.africa-press.net\/benin\/politique\/benin-05-choses-a-retenir-de-laccord-de-fusion-entre-up-prd#primaryimage\"},\"thumbnailUrl\":\"https:\/\/static.africa-press.net\/benin\/sites\/46\/2022\/08\/postQueueImg_26-6303a9f873e9f.jpg\",\"datePublished\":\"2022-08-22T15:59:00+00:00\",\"dateModified\":\"2022-08-22T16:08:56+00:00\",\"author\":{\"@id\":\"https:\/\/www.africa-press.net\/benin\/#\/schema\/person\/2b1cf3cd81a31e3cd26889ca66d677f1\"},\"description\":\"L\u2019Union Progressiste (UP) et le Parti du Renouveau D\u00e9mocratique (PRD) ont officiellement sign\u00e9 ce samedi 20 ao\u00fbt 2022 un ...\",\"breadcrumb\":{\"@id\":\"https:\/\/www.africa-press.net\/benin\/politique\/benin-05-choses-a-retenir-de-laccord-de-fusion-entre-up-prd#breadcrumb\"},\"inLanguage\":\"fr-FR\",\"potentialAction\":[{\"@type\":\"ReadAction\",\"target\":[\"https:\/\/www.africa-press.net\/benin\/politique\/benin-05-choses-a-retenir-de-laccord-de-fusion-entre-up-prd\"]}]},{\"@type\":\"ImageObject\",\"inLanguage\":\"fr-FR\",\"@id\":\"https:\/\/www.africa-press.net\/benin\/politique\/benin-05-choses-a-retenir-de-laccord-de-fusion-entre-up-prd#primaryimage\",\"url\":\"https:\/\/static.africa-press.net\/benin\/sites\/46\/2022\/08\/postQueueImg_26-6303a9f873e9f.jpg\",\"contentUrl\":\"https:\/\/static.africa-press.net\/benin\/sites\/46\/2022\/08\/postQueueImg_26-6303a9f873e9f.jpg\",\"width\":1200,\"height\":795,\"caption\":\"B\u00e9nin: 05 choses \u00e0 retenir de l\u2019accord de fusion entre UP-PRD\"},{\"@type\":\"BreadcrumbList\",\"@id\":\"https:\/\/www.africa-press.net\/benin\/politique\/benin-05-choses-a-retenir-de-laccord-de-fusion-entre-up-prd#breadcrumb\",\"itemListElement\":[{\"@type\":\"ListItem\",\"position\":1,\"name\":\"Accueil\",\"item\":\"https:\/\/www.africa-press.net\/benin\/\"},{\"@type\":\"ListItem\",\"position\":2,\"name\":\"B\u00e9nin: 05 choses \u00e0 retenir de l\u2019accord de fusion entre UP-PRD\"}]},{\"@type\":\"WebSite\",\"@id\":\"https:\/\/www.africa-press.net\/benin\/#website\",\"url\":\"https:\/\/www.africa-press.net\/benin\/\",\"name\":\"B\u00e9nin\",\"description\":\"Just another Africa News Agency Sites site\",\"potentialAction\":[{\"@type\":\"SearchAction\",\"target\":{\"@type\":\"EntryPoint\",\"urlTemplate\":\"https:\/\/www.africa-press.net\/benin\/?s={search_term_string}\"},\"query-input\":{\"@type\":\"PropertyValueSpecification\",\"valueRequired\":true,\"valueName\":\"search_term_string\"}}],\"inLanguage\":\"fr-FR\"},{\"@type\":\"Person\",\"@id\":\"https:\/\/www.africa-press.net\/benin\/#\/schema\/person\/2b1cf3cd81a31e3cd26889ca66d677f1\",\"name\":\"cfeditorfr\"}]}<\/script>\n<!-- \/ Yoast SEO Premium plugin. -->","yoast_head_json":{"title":"B\u00e9nin: 05 choses \u00e0 retenir de l\u2019accord de fusion entre UP-PRD - B\u00e9nin","description":"L\u2019Union Progressiste (UP) et le Parti du Renouveau D\u00e9mocratique (PRD) ont officiellement sign\u00e9 ce samedi 20 ao\u00fbt 2022 un ...","robots":{"index":"index","follow":"follow","max-snippet":"max-snippet:-1","max-image-preview":"max-image-preview:large","max-video-preview":"max-video-preview:-1"},"canonical":"https:\/\/www.africa-press.net\/benin\/politique\/benin-05-choses-a-retenir-de-laccord-de-fusion-entre-up-prd","og_locale":"fr_FR","og_type":"article","og_title":"B\u00e9nin: 05 choses \u00e0 retenir de l\u2019accord de fusion entre UP-PRD","og_description":"L\u2019Union Progressiste (UP) et le Parti du Renouveau D\u00e9mocratique (PRD) ont officiellement sign\u00e9 ce samedi 20 ao\u00fbt 2022 un ...","og_url":"https:\/\/www.africa-press.net\/benin\/politique\/benin-05-choses-a-retenir-de-laccord-de-fusion-entre-up-prd","og_site_name":"B\u00e9nin","article_published_time":"2022-08-22T15:59:00+00:00","article_modified_time":"2022-08-22T16:08:56+00:00","og_image":[{"width":1200,"height":795,"url":"https:\/\/static.africa-press.net\/benin\/sites\/46\/2022\/08\/postQueueImg_26-6303a9f873e9f.jpg","type":"image\/jpeg"}],"author":"cfeditorfr","twitter_card":"summary_large_image","twitter_misc":{"\u00c9crit par":"cfeditorfr","Dur\u00e9e de lecture estim\u00e9e":"1 minute"},"schema":{"@context":"https:\/\/schema.org","@graph":[{"@type":"Article","@id":"https:\/\/www.africa-press.net\/benin\/politique\/benin-05-choses-a-retenir-de-laccord-de-fusion-entre-up-prd#article","isPartOf":{"@id":"https:\/\/www.africa-press.net\/benin\/politique\/benin-05-choses-a-retenir-de-laccord-de-fusion-entre-up-prd"},"author":{"name":"cfeditorfr","@id":"https:\/\/www.africa-press.net\/benin\/#\/schema\/person\/2b1cf3cd81a31e3cd26889ca66d677f1"},"headline":"B\u00e9nin: 05 choses \u00e0 retenir de l\u2019accord de fusion entre UP-PRD","datePublished":"2022-08-22T15:59:00+00:00","dateModified":"2022-08-22T16:08:56+00:00","mainEntityOfPage":{"@id":"https:\/\/www.africa-press.net\/benin\/politique\/benin-05-choses-a-retenir-de-laccord-de-fusion-entre-up-prd"},"wordCount":124,"commentCount":0,"image":{"@id":"https:\/\/www.africa-press.net\/benin\/politique\/benin-05-choses-a-retenir-de-laccord-de-fusion-entre-up-prd#primaryimage"},"thumbnailUrl":"https:\/\/static.africa-press.net\/benin\/sites\/46\/2022\/08\/postQueueImg_26-6303a9f873e9f.jpg","keywords":["Africa Press","Africa Press-Benin","B\u00e9nin"],"articleSection":["homepage-french","Politique","Toutes les actualit\u00e9s"],"inLanguage":"fr-FR","potentialAction":[{"@type":"CommentAction","name":"Comment","target":["https:\/\/www.africa-press.net\/benin\/politique\/benin-05-choses-a-retenir-de-laccord-de-fusion-entre-up-prd#respond"]}]},{"@type":"WebPage","@id":"https:\/\/www.africa-press.net\/benin\/politique\/benin-05-choses-a-retenir-de-laccord-de-fusion-entre-up-prd","url":"https:\/\/www.africa-press.net\/benin\/politique\/benin-05-choses-a-retenir-de-laccord-de-fusion-entre-up-prd","name":"B\u00e9nin: 05 choses \u00e0 retenir de l\u2019accord de fusion entre UP-PRD - B\u00e9nin","isPartOf":{"@id":"https:\/\/www.africa-press.net\/benin\/#website"},"primaryImageOfPage":{"@id":"https:\/\/www.africa-press.net\/benin\/politique\/benin-05-choses-a-retenir-de-laccord-de-fusion-entre-up-prd#primaryimage"},"image":{"@id":"https:\/\/www.africa-press.net\/benin\/politique\/benin-05-choses-a-retenir-de-laccord-de-fusion-entre-up-prd#primaryimage"},"thumbnailUrl":"https:\/\/static.africa-press.net\/benin\/sites\/46\/2022\/08\/postQueueImg_26-6303a9f873e9f.jpg","datePublished":"2022-08-22T15:59:00+00:00","dateModified":"2022-08-22T16:08:56+00:00","author":{"@id":"https:\/\/www.africa-press.net\/benin\/#\/schema\/person\/2b1cf3cd81a31e3cd26889ca66d677f1"},"description":"L\u2019Union Progressiste (UP) et le Parti du Renouveau D\u00e9mocratique (PRD) ont officiellement sign\u00e9 ce samedi 20 ao\u00fbt 2022 un ...","breadcrumb":{"@id":"https:\/\/www.africa-press.net\/benin\/politique\/benin-05-choses-a-retenir-de-laccord-de-fusion-entre-up-prd#breadcrumb"},"inLanguage":"fr-FR","potentialAction":[{"@type":"ReadAction","target":["https:\/\/www.africa-press.net\/benin\/politique\/benin-05-choses-a-retenir-de-laccord-de-fusion-entre-up-prd"]}]},{"@type":"ImageObject","inLanguage":"fr-FR","@id":"https:\/\/www.africa-press.net\/benin\/politique\/benin-05-choses-a-retenir-de-laccord-de-fusion-entre-up-prd#primaryimage","url":"https:\/\/static.africa-press.net\/benin\/sites\/46\/2022\/08\/postQueueImg_26-6303a9f873e9f.jpg","contentUrl":"https:\/\/static.africa-press.net\/benin\/sites\/46\/2022\/08\/postQueueImg_26-6303a9f873e9f.jpg","width":1200,"height":795,"caption":"B\u00e9nin: 05 choses \u00e0 retenir de l\u2019accord de fusion entre UP-PRD"},{"@type":"BreadcrumbList","@id":"https:\/\/www.africa-press.net\/benin\/politique\/benin-05-choses-a-retenir-de-laccord-de-fusion-entre-up-prd#breadcrumb","itemListElement":[{"@type":"ListItem","position":1,"name":"Accueil","item":"https:\/\/www.africa-press.net\/benin\/"},{"@type":"ListItem","position":2,"name":"B\u00e9nin: 05 choses \u00e0 retenir de l\u2019accord de fusion entre UP-PRD"}]},{"@type":"WebSite","@id":"https:\/\/www.africa-press.net\/benin\/#website","url":"https:\/\/www.africa-press.net\/benin\/","name":"B\u00e9nin","description":"Just another Africa News Agency Sites site","potentialAction":[{"@type":"SearchAction","target":{"@type":"EntryPoint","urlTemplate":"https:\/\/www.africa-press.net\/benin\/?s={search_term_string}"},"query-input":{"@type":"PropertyValueSpecification","valueRequired":true,"valueName":"search_term_string"}}],"inLanguage":"fr-FR"},{"@type":"Person","@id":"https:\/\/www.africa-press.net\/benin\/#\/schema\/person\/2b1cf3cd81a31e3cd26889ca66d677f1","name":"cfeditorfr"}]}},"_links":{"self":[{"href":"https:\/\/www.africa-press.net\/benin\/wp-json\/wp\/v2\/posts\/8121","targetHints":{"allow":["GET"]}}],"collection":[{"href":"https:\/\/www.africa-press.net\/benin\/wp-json\/wp\/v2\/posts"}],"about":[{"href":"https:\/\/www.africa-press.net\/benin\/wp-json\/wp\/v2\/types\/post"}],"author":[{"embeddable":true,"href":"https:\/\/www.africa-press.net\/benin\/wp-json\/wp\/v2\/users\/82"}],"replies":[{"embeddable":true,"href":"https:\/\/www.africa-press.net\/benin\/wp-json\/wp\/v2\/comments?post=8121"}],"version-history":[{"count":0,"href":"https:\/\/www.africa-press.net\/benin\/wp-json\/wp\/v2\/posts\/8121\/revisions"}],"wp:featuredmedia":[{"embeddable":true,"href":"https:\/\/www.africa-press.net\/benin\/wp-json\/wp\/v2\/media\/8120"}],"wp:attachment":[{"href":"https:\/\/www.africa-press.net\/benin\/wp-json\/wp\/v2\/media?parent=8121"}],"wp:term":[{"taxonomy":"category","embeddable":true,"href":"https:\/\/www.africa-press.net\/benin\/wp-json\/wp\/v2\/categories?post=8121"},{"taxonomy":"post_tag","embeddable":true,"href":"https:\/\/www.africa-press.net\/benin\/wp-json\/wp\/v2\/tags?post=8121"}],"curies":[{"name":"wp","href":"https:\/\/api.w.org\/{rel}","templated":true}]}}