{"id":8127,"date":"2022-08-22T15:50:50","date_gmt":"2022-08-22T15:50:50","guid":{"rendered":"https:\/\/www.africa-press.net\/benin\/politique\/concertation-au-sein-de-lopposition-beninoise-la-fcbe-accusee-de-sabotage"},"modified":"2022-08-22T16:09:21","modified_gmt":"2022-08-22T16:09:21","slug":"concertation-au-sein-de-lopposition-beninoise-la-fcbe-accusee-de-sabotage","status":"publish","type":"post","link":"https:\/\/www.africa-press.net\/benin\/politique\/concertation-au-sein-de-lopposition-beninoise-la-fcbe-accusee-de-sabotage","title":{"rendered":"Concertation au sein de l\u2019opposition b\u00e9ninoise: la FCBE accus\u00e9e de sabotage"},"content":{"rendered":"<p><span style=\"color: #ff6600\"><strong>Africa-Press &#8211; Benin. <\/strong><\/span>A quelques mois des \u00e9lections l\u00e9gislatives du 08 janvier 2023, les partis d\u2019opposition sont en concertations pour aff\u00fbter leurs armes. Ce processus tarde \u00e0 porter de fruits, parce que selon Exp\u00e9rience T\u00e8b\u00e8, le parti Force Cauris pour un B\u00e9nin \u00c9mergent (FCBE) a jou\u00e9 \u00e0 un moment au trouble-f\u00eate.<\/p>\n<p>L\u2019opposition b\u00e9ninoise s\u2019organise pour affronter les prochaines \u00e9lections l\u00e9gislatives. Selon le pr\u00e9sident du Mouvement Populaire de Lib\u00e9ration (MPL), une concertation est en cours entre les partis, sauf la FCBE qu\u2019il a accus\u00e9 de sabotage.<\/p>\n<p>Selon les dires d\u2019Exp\u00e9rience T\u00e8b\u00e8, les partis d\u2019opposition, dans leur volont\u00e9 de se r\u00e9organiser, avait eu le soutien d\u2019une institution \u00e9trang\u00e8re pour la mise en place d\u2019un cadre de concertation. A l\u2019en croire, cette premi\u00e8re initiative n\u2019a pas abouti \u00e0 cause de la FCBE. \u00ab Il s\u2019est trouv\u00e9 qu\u2019un parti, pour ne pas le citer, il s\u2019agissait des FCBE, ont emp\u00each\u00e9 cette dynamique d\u2019aller tr\u00e8s rapidement \u00e0 terme. Je dirai qu\u2019ils ont carr\u00e9ment sabot\u00e9 cette initiative \u00bb, a-t-il confi\u00e9 au micro d\u2019Oc\u00e9an Fm.<\/p>\n<p>Concertation reprise sans la FCBE<\/p>\n<p>Apr\u00e8s le premier \u00e9chec, les formations politiques oppos\u00e9es \u00e0 la gouvernance du pr\u00e9sident Patrice Talon n\u2019ont pas baiss\u00e9 les bras. Ils ont repris les discussions, mais cette fois-ci, sans la FCBE dont le premier responsable Paul Hounkp\u00e8 est le chef de file de l\u2019opposition.<\/p>\n<p>La concertation consiste, selon le pr\u00e9sident du MPL, \u00e0 d\u00e9finir entre opposant la ligne \u00e0 adopter pour r\u00e9ussir lors des l\u00e9gislatives. Il a pr\u00e9cis\u00e9 qu\u2019il ne s\u2019agit pas d\u2019un processus de fusion, mais l\u2019objectif est d\u2019aboutir \u00e0 une strat\u00e9gie commune.<\/p>\n<p><strong>Pour plus d&rsquo;informations et d&rsquo;analyses sur la <a href=\"https:\/\/www.africa-press.net\/benin\">Benin<\/a>, suivez <a href=\"https:\/\/www.africa-press.net\/\">Africa-Press<\/a><\/strong><\/p>\n","protected":false},"excerpt":{"rendered":"<p>Africa-Press &#8211; Benin. A quelques mois des \u00e9lections l\u00e9gislatives du 08 janvier 2023, les partis d\u2019opposition sont en concertations pour aff\u00fbter leurs armes. Ce processus tarde \u00e0 porter de fruits, parce que selon Exp\u00e9rience T\u00e8b\u00e8, le parti Force Cauris pour un B\u00e9nin \u00c9mergent (FCBE) a jou\u00e9 \u00e0 un moment au trouble-f\u00eate. L\u2019opposition b\u00e9ninoise s\u2019organise pour [&hellip;]<\/p>\n","protected":false},"author":82,"featured_media":8125,"comment_status":"open","ping_status":"closed","sticky":false,"template":"","format":"standard","meta":{"footnotes":""},"categories":[11,2,10],"tags":[36,50,45],"class_list":["post-8127","post","type-post","status-publish","format-standard","has-post-thumbnail","hentry","category-homepage-french","category-politique","category-toutes-les-actualites","tag-africa-press","tag-africa-press-benin","tag-benin"],"yoast_head":"<!-- This site is optimized with the Yoast SEO Premium plugin v26.1 (Yoast SEO v27.0) - https:\/\/yoast.com\/product\/yoast-seo-premium-wordpress\/ -->\n<title>Concertation au sein de l\u2019opposition b\u00e9ninoise: la FCBE accus\u00e9e de sabotage - B\u00e9nin<\/title>\n<meta name=\"description\" content=\"A quelques mois des \u00e9lections l\u00e9gislatives du 08 janvier 2023, les partis d\u2019opposition sont en concertations pour aff\u00fbte ...\" \/>\n<meta name=\"robots\" content=\"index, follow, max-snippet:-1, max-image-preview:large, max-video-preview:-1\" \/>\n<link rel=\"canonical\" href=\"https:\/\/www.africa-press.net\/benin\/politique\/concertation-au-sein-de-lopposition-beninoise-la-fcbe-accusee-de-sabotage\" \/>\n<meta property=\"og:locale\" content=\"fr_FR\" \/>\n<meta property=\"og:type\" content=\"article\" \/>\n<meta property=\"og:title\" content=\"Concertation au sein de l\u2019opposition b\u00e9ninoise: la FCBE accus\u00e9e de sabotage\" \/>\n<meta property=\"og:description\" content=\"A quelques mois des \u00e9lections l\u00e9gislatives du 08 janvier 2023, les partis d\u2019opposition sont en concertations pour aff\u00fbte ...\" \/>\n<meta property=\"og:url\" content=\"https:\/\/www.africa-press.net\/benin\/politique\/concertation-au-sein-de-lopposition-beninoise-la-fcbe-accusee-de-sabotage\" \/>\n<meta property=\"og:site_name\" content=\"B\u00e9nin\" \/>\n<meta property=\"article:published_time\" content=\"2022-08-22T15:50:50+00:00\" \/>\n<meta property=\"article:modified_time\" content=\"2022-08-22T16:09:21+00:00\" \/>\n<meta property=\"og:image\" content=\"https:\/\/static.africa-press.net\/benin\/sites\/46\/2022\/08\/postQueueImg_27-6303aa1c93b40.jpg\" \/>\n\t<meta property=\"og:image:width\" content=\"1200\" \/>\n\t<meta property=\"og:image:height\" content=\"684\" \/>\n\t<meta property=\"og:image:type\" content=\"image\/jpeg\" \/>\n<meta name=\"author\" content=\"cfeditorfr\" \/>\n<meta name=\"twitter:card\" content=\"summary_large_image\" \/>\n<meta name=\"twitter:label1\" content=\"\u00c9crit par\" \/>\n\t<meta name=\"twitter:data1\" content=\"cfeditorfr\" \/>\n\t<meta name=\"twitter:label2\" content=\"Dur\u00e9e de lecture estim\u00e9e\" \/>\n\t<meta name=\"twitter:data2\" content=\"2 minutes\" \/>\n<script type=\"application\/ld+json\" class=\"yoast-schema-graph\">{\"@context\":\"https:\/\/schema.org\",\"@graph\":[{\"@type\":\"Article\",\"@id\":\"https:\/\/www.africa-press.net\/benin\/politique\/concertation-au-sein-de-lopposition-beninoise-la-fcbe-accusee-de-sabotage#article\",\"isPartOf\":{\"@id\":\"https:\/\/www.africa-press.net\/benin\/politique\/concertation-au-sein-de-lopposition-beninoise-la-fcbe-accusee-de-sabotage\"},\"author\":{\"name\":\"cfeditorfr\",\"@id\":\"https:\/\/www.africa-press.net\/benin\/#\/schema\/person\/2b1cf3cd81a31e3cd26889ca66d677f1\"},\"headline\":\"Concertation au sein de l\u2019opposition b\u00e9ninoise: la FCBE accus\u00e9e de sabotage\",\"datePublished\":\"2022-08-22T15:50:50+00:00\",\"dateModified\":\"2022-08-22T16:09:21+00:00\",\"mainEntityOfPage\":{\"@id\":\"https:\/\/www.africa-press.net\/benin\/politique\/concertation-au-sein-de-lopposition-beninoise-la-fcbe-accusee-de-sabotage\"},\"wordCount\":322,\"commentCount\":0,\"image\":{\"@id\":\"https:\/\/www.africa-press.net\/benin\/politique\/concertation-au-sein-de-lopposition-beninoise-la-fcbe-accusee-de-sabotage#primaryimage\"},\"thumbnailUrl\":\"https:\/\/static.africa-press.net\/benin\/sites\/46\/2022\/08\/postQueueImg_27-6303aa1c93b40.jpg\",\"keywords\":[\"Africa Press\",\"Africa Press-Benin\",\"B\u00e9nin\"],\"articleSection\":[\"homepage-french\",\"Politique\",\"Toutes les actualit\u00e9s\"],\"inLanguage\":\"fr-FR\",\"potentialAction\":[{\"@type\":\"CommentAction\",\"name\":\"Comment\",\"target\":[\"https:\/\/www.africa-press.net\/benin\/politique\/concertation-au-sein-de-lopposition-beninoise-la-fcbe-accusee-de-sabotage#respond\"]}]},{\"@type\":\"WebPage\",\"@id\":\"https:\/\/www.africa-press.net\/benin\/politique\/concertation-au-sein-de-lopposition-beninoise-la-fcbe-accusee-de-sabotage\",\"url\":\"https:\/\/www.africa-press.net\/benin\/politique\/concertation-au-sein-de-lopposition-beninoise-la-fcbe-accusee-de-sabotage\",\"name\":\"Concertation au sein de l\u2019opposition b\u00e9ninoise: la FCBE accus\u00e9e de sabotage - B\u00e9nin\",\"isPartOf\":{\"@id\":\"https:\/\/www.africa-press.net\/benin\/#website\"},\"primaryImageOfPage\":{\"@id\":\"https:\/\/www.africa-press.net\/benin\/politique\/concertation-au-sein-de-lopposition-beninoise-la-fcbe-accusee-de-sabotage#primaryimage\"},\"image\":{\"@id\":\"https:\/\/www.africa-press.net\/benin\/politique\/concertation-au-sein-de-lopposition-beninoise-la-fcbe-accusee-de-sabotage#primaryimage\"},\"thumbnailUrl\":\"https:\/\/static.africa-press.net\/benin\/sites\/46\/2022\/08\/postQueueImg_27-6303aa1c93b40.jpg\",\"datePublished\":\"2022-08-22T15:50:50+00:00\",\"dateModified\":\"2022-08-22T16:09:21+00:00\",\"author\":{\"@id\":\"https:\/\/www.africa-press.net\/benin\/#\/schema\/person\/2b1cf3cd81a31e3cd26889ca66d677f1\"},\"description\":\"A quelques mois des \u00e9lections l\u00e9gislatives du 08 janvier 2023, les partis d\u2019opposition sont en concertations pour aff\u00fbte ...\",\"breadcrumb\":{\"@id\":\"https:\/\/www.africa-press.net\/benin\/politique\/concertation-au-sein-de-lopposition-beninoise-la-fcbe-accusee-de-sabotage#breadcrumb\"},\"inLanguage\":\"fr-FR\",\"potentialAction\":[{\"@type\":\"ReadAction\",\"target\":[\"https:\/\/www.africa-press.net\/benin\/politique\/concertation-au-sein-de-lopposition-beninoise-la-fcbe-accusee-de-sabotage\"]}]},{\"@type\":\"ImageObject\",\"inLanguage\":\"fr-FR\",\"@id\":\"https:\/\/www.africa-press.net\/benin\/politique\/concertation-au-sein-de-lopposition-beninoise-la-fcbe-accusee-de-sabotage#primaryimage\",\"url\":\"https:\/\/static.africa-press.net\/benin\/sites\/46\/2022\/08\/postQueueImg_27-6303aa1c93b40.jpg\",\"contentUrl\":\"https:\/\/static.africa-press.net\/benin\/sites\/46\/2022\/08\/postQueueImg_27-6303aa1c93b40.jpg\",\"width\":1200,\"height\":684,\"caption\":\"Concertation au sein de l\u2019opposition b\u00e9ninoise: la FCBE accus\u00e9e de sabotage\"},{\"@type\":\"BreadcrumbList\",\"@id\":\"https:\/\/www.africa-press.net\/benin\/politique\/concertation-au-sein-de-lopposition-beninoise-la-fcbe-accusee-de-sabotage#breadcrumb\",\"itemListElement\":[{\"@type\":\"ListItem\",\"position\":1,\"name\":\"Accueil\",\"item\":\"https:\/\/www.africa-press.net\/benin\/\"},{\"@type\":\"ListItem\",\"position\":2,\"name\":\"Concertation au sein de l\u2019opposition b\u00e9ninoise: la FCBE accus\u00e9e de sabotage\"}]},{\"@type\":\"WebSite\",\"@id\":\"https:\/\/www.africa-press.net\/benin\/#website\",\"url\":\"https:\/\/www.africa-press.net\/benin\/\",\"name\":\"B\u00e9nin\",\"description\":\"Just another Africa News Agency Sites site\",\"potentialAction\":[{\"@type\":\"SearchAction\",\"target\":{\"@type\":\"EntryPoint\",\"urlTemplate\":\"https:\/\/www.africa-press.net\/benin\/?s={search_term_string}\"},\"query-input\":{\"@type\":\"PropertyValueSpecification\",\"valueRequired\":true,\"valueName\":\"search_term_string\"}}],\"inLanguage\":\"fr-FR\"},{\"@type\":\"Person\",\"@id\":\"https:\/\/www.africa-press.net\/benin\/#\/schema\/person\/2b1cf3cd81a31e3cd26889ca66d677f1\",\"name\":\"cfeditorfr\"}]}<\/script>\n<!-- \/ Yoast SEO Premium plugin. -->","yoast_head_json":{"title":"Concertation au sein de l\u2019opposition b\u00e9ninoise: la FCBE accus\u00e9e de sabotage - B\u00e9nin","description":"A quelques mois des \u00e9lections l\u00e9gislatives du 08 janvier 2023, les partis d\u2019opposition sont en concertations pour aff\u00fbte ...","robots":{"index":"index","follow":"follow","max-snippet":"max-snippet:-1","max-image-preview":"max-image-preview:large","max-video-preview":"max-video-preview:-1"},"canonical":"https:\/\/www.africa-press.net\/benin\/politique\/concertation-au-sein-de-lopposition-beninoise-la-fcbe-accusee-de-sabotage","og_locale":"fr_FR","og_type":"article","og_title":"Concertation au sein de l\u2019opposition b\u00e9ninoise: la FCBE accus\u00e9e de sabotage","og_description":"A quelques mois des \u00e9lections l\u00e9gislatives du 08 janvier 2023, les partis d\u2019opposition sont en concertations pour aff\u00fbte ...","og_url":"https:\/\/www.africa-press.net\/benin\/politique\/concertation-au-sein-de-lopposition-beninoise-la-fcbe-accusee-de-sabotage","og_site_name":"B\u00e9nin","article_published_time":"2022-08-22T15:50:50+00:00","article_modified_time":"2022-08-22T16:09:21+00:00","og_image":[{"width":1200,"height":684,"url":"https:\/\/static.africa-press.net\/benin\/sites\/46\/2022\/08\/postQueueImg_27-6303aa1c93b40.jpg","type":"image\/jpeg"}],"author":"cfeditorfr","twitter_card":"summary_large_image","twitter_misc":{"\u00c9crit par":"cfeditorfr","Dur\u00e9e de lecture estim\u00e9e":"2 minutes"},"schema":{"@context":"https:\/\/schema.org","@graph":[{"@type":"Article","@id":"https:\/\/www.africa-press.net\/benin\/politique\/concertation-au-sein-de-lopposition-beninoise-la-fcbe-accusee-de-sabotage#article","isPartOf":{"@id":"https:\/\/www.africa-press.net\/benin\/politique\/concertation-au-sein-de-lopposition-beninoise-la-fcbe-accusee-de-sabotage"},"author":{"name":"cfeditorfr","@id":"https:\/\/www.africa-press.net\/benin\/#\/schema\/person\/2b1cf3cd81a31e3cd26889ca66d677f1"},"headline":"Concertation au sein de l\u2019opposition b\u00e9ninoise: la FCBE accus\u00e9e de sabotage","datePublished":"2022-08-22T15:50:50+00:00","dateModified":"2022-08-22T16:09:21+00:00","mainEntityOfPage":{"@id":"https:\/\/www.africa-press.net\/benin\/politique\/concertation-au-sein-de-lopposition-beninoise-la-fcbe-accusee-de-sabotage"},"wordCount":322,"commentCount":0,"image":{"@id":"https:\/\/www.africa-press.net\/benin\/politique\/concertation-au-sein-de-lopposition-beninoise-la-fcbe-accusee-de-sabotage#primaryimage"},"thumbnailUrl":"https:\/\/static.africa-press.net\/benin\/sites\/46\/2022\/08\/postQueueImg_27-6303aa1c93b40.jpg","keywords":["Africa Press","Africa Press-Benin","B\u00e9nin"],"articleSection":["homepage-french","Politique","Toutes les actualit\u00e9s"],"inLanguage":"fr-FR","potentialAction":[{"@type":"CommentAction","name":"Comment","target":["https:\/\/www.africa-press.net\/benin\/politique\/concertation-au-sein-de-lopposition-beninoise-la-fcbe-accusee-de-sabotage#respond"]}]},{"@type":"WebPage","@id":"https:\/\/www.africa-press.net\/benin\/politique\/concertation-au-sein-de-lopposition-beninoise-la-fcbe-accusee-de-sabotage","url":"https:\/\/www.africa-press.net\/benin\/politique\/concertation-au-sein-de-lopposition-beninoise-la-fcbe-accusee-de-sabotage","name":"Concertation au sein de l\u2019opposition b\u00e9ninoise: la FCBE accus\u00e9e de sabotage - B\u00e9nin","isPartOf":{"@id":"https:\/\/www.africa-press.net\/benin\/#website"},"primaryImageOfPage":{"@id":"https:\/\/www.africa-press.net\/benin\/politique\/concertation-au-sein-de-lopposition-beninoise-la-fcbe-accusee-de-sabotage#primaryimage"},"image":{"@id":"https:\/\/www.africa-press.net\/benin\/politique\/concertation-au-sein-de-lopposition-beninoise-la-fcbe-accusee-de-sabotage#primaryimage"},"thumbnailUrl":"https:\/\/static.africa-press.net\/benin\/sites\/46\/2022\/08\/postQueueImg_27-6303aa1c93b40.jpg","datePublished":"2022-08-22T15:50:50+00:00","dateModified":"2022-08-22T16:09:21+00:00","author":{"@id":"https:\/\/www.africa-press.net\/benin\/#\/schema\/person\/2b1cf3cd81a31e3cd26889ca66d677f1"},"description":"A quelques mois des \u00e9lections l\u00e9gislatives du 08 janvier 2023, les partis d\u2019opposition sont en concertations pour aff\u00fbte ...","breadcrumb":{"@id":"https:\/\/www.africa-press.net\/benin\/politique\/concertation-au-sein-de-lopposition-beninoise-la-fcbe-accusee-de-sabotage#breadcrumb"},"inLanguage":"fr-FR","potentialAction":[{"@type":"ReadAction","target":["https:\/\/www.africa-press.net\/benin\/politique\/concertation-au-sein-de-lopposition-beninoise-la-fcbe-accusee-de-sabotage"]}]},{"@type":"ImageObject","inLanguage":"fr-FR","@id":"https:\/\/www.africa-press.net\/benin\/politique\/concertation-au-sein-de-lopposition-beninoise-la-fcbe-accusee-de-sabotage#primaryimage","url":"https:\/\/static.africa-press.net\/benin\/sites\/46\/2022\/08\/postQueueImg_27-6303aa1c93b40.jpg","contentUrl":"https:\/\/static.africa-press.net\/benin\/sites\/46\/2022\/08\/postQueueImg_27-6303aa1c93b40.jpg","width":1200,"height":684,"caption":"Concertation au sein de l\u2019opposition b\u00e9ninoise: la FCBE accus\u00e9e de sabotage"},{"@type":"BreadcrumbList","@id":"https:\/\/www.africa-press.net\/benin\/politique\/concertation-au-sein-de-lopposition-beninoise-la-fcbe-accusee-de-sabotage#breadcrumb","itemListElement":[{"@type":"ListItem","position":1,"name":"Accueil","item":"https:\/\/www.africa-press.net\/benin\/"},{"@type":"ListItem","position":2,"name":"Concertation au sein de l\u2019opposition b\u00e9ninoise: la FCBE accus\u00e9e de sabotage"}]},{"@type":"WebSite","@id":"https:\/\/www.africa-press.net\/benin\/#website","url":"https:\/\/www.africa-press.net\/benin\/","name":"B\u00e9nin","description":"Just another Africa News Agency Sites site","potentialAction":[{"@type":"SearchAction","target":{"@type":"EntryPoint","urlTemplate":"https:\/\/www.africa-press.net\/benin\/?s={search_term_string}"},"query-input":{"@type":"PropertyValueSpecification","valueRequired":true,"valueName":"search_term_string"}}],"inLanguage":"fr-FR"},{"@type":"Person","@id":"https:\/\/www.africa-press.net\/benin\/#\/schema\/person\/2b1cf3cd81a31e3cd26889ca66d677f1","name":"cfeditorfr"}]}},"_links":{"self":[{"href":"https:\/\/www.africa-press.net\/benin\/wp-json\/wp\/v2\/posts\/8127","targetHints":{"allow":["GET"]}}],"collection":[{"href":"https:\/\/www.africa-press.net\/benin\/wp-json\/wp\/v2\/posts"}],"about":[{"href":"https:\/\/www.africa-press.net\/benin\/wp-json\/wp\/v2\/types\/post"}],"author":[{"embeddable":true,"href":"https:\/\/www.africa-press.net\/benin\/wp-json\/wp\/v2\/users\/82"}],"replies":[{"embeddable":true,"href":"https:\/\/www.africa-press.net\/benin\/wp-json\/wp\/v2\/comments?post=8127"}],"version-history":[{"count":0,"href":"https:\/\/www.africa-press.net\/benin\/wp-json\/wp\/v2\/posts\/8127\/revisions"}],"wp:featuredmedia":[{"embeddable":true,"href":"https:\/\/www.africa-press.net\/benin\/wp-json\/wp\/v2\/media\/8125"}],"wp:attachment":[{"href":"https:\/\/www.africa-press.net\/benin\/wp-json\/wp\/v2\/media?parent=8127"}],"wp:term":[{"taxonomy":"category","embeddable":true,"href":"https:\/\/www.africa-press.net\/benin\/wp-json\/wp\/v2\/categories?post=8127"},{"taxonomy":"post_tag","embeddable":true,"href":"https:\/\/www.africa-press.net\/benin\/wp-json\/wp\/v2\/tags?post=8127"}],"curies":[{"name":"wp","href":"https:\/\/api.w.org\/{rel}","templated":true}]}}