{"id":8136,"date":"2022-08-22T15:51:16","date_gmt":"2022-08-22T15:51:16","guid":{"rendered":"https:\/\/www.africa-press.net\/benin\/politique\/benin-distel-amoussou-sannonce-sur-la-scene-politique"},"modified":"2022-08-22T16:10:14","modified_gmt":"2022-08-22T16:10:14","slug":"benin-distel-amoussou-sannonce-sur-la-scene-politique","status":"publish","type":"post","link":"https:\/\/www.africa-press.net\/benin\/politique\/benin-distel-amoussou-sannonce-sur-la-scene-politique","title":{"rendered":"B\u00e9nin: Distel Amoussou s\u2019annonce sur la sc\u00e8ne politique"},"content":{"rendered":"<p><span style=\"color: #ff6600\"><strong>Africa-Press &#8211; Benin. <\/strong><\/span>Journaliste et consultant en communication politique, Distel Amoussou veut d\u00e9sormais descendre dans l\u2019ar\u00e8ne politique. Pour l\u2019aboutissement de sa d\u00e9cision, il a entrepris des rencontres avec plusieurs acteurs politiques dont des responsables de partis.<\/p>\n<p>Distel Amoussou veut mettre la main \u00e0 la p\u00e2te sur la sc\u00e8ne politique. L\u2019homme souhaite aller au-del\u00e0 de sa position d\u2019analyste politique pour \u00eatre militant. En attendant d\u2019annoncer le nom du parti politique qui va l\u2019accueillir dans sa nouvelle aventure, le journaliste va \u00e9changer avec les chefs de parti.<\/p>\n<p>Distel Amoussou a d\u00e9j\u00e0 discut\u00e9 avec le pr\u00e9sident du Mouvement des \u00c9lites Engag\u00e9es pour l\u2019\u00c9mancipation du B\u00e9nin (MOELE-B\u00e9nin) et Eric Hound\u00e9t\u00e9, pr\u00e9sident du parti \u00ab Les D\u00e9mocrates \u00bb. La rencontre qui a \u00e9t\u00e9 de courte dur\u00e9e sera reprogramm\u00e9e. Mais en attendant, Distel Amoussou est annonc\u00e9 au cabinet du Secr\u00e9taire g\u00e9n\u00e9ral national du Bloc R\u00e9publicain, Abdoulaye Bio Tchan\u00e9 le 24 ao\u00fbt prochain.<\/p>\n<p><strong>Pour plus d&rsquo;informations et d&rsquo;analyses sur la <a href=\"https:\/\/www.africa-press.net\/benin\">Benin<\/a>, suivez <a href=\"https:\/\/www.africa-press.net\/\">Africa-Press<\/a><\/strong><\/p>\n","protected":false},"excerpt":{"rendered":"<p>Africa-Press &#8211; Benin. Journaliste et consultant en communication politique, Distel Amoussou veut d\u00e9sormais descendre dans l\u2019ar\u00e8ne politique. Pour l\u2019aboutissement de sa d\u00e9cision, il a entrepris des rencontres avec plusieurs acteurs politiques dont des responsables de partis. Distel Amoussou veut mettre la main \u00e0 la p\u00e2te sur la sc\u00e8ne politique. L\u2019homme souhaite aller au-del\u00e0 de sa [&hellip;]<\/p>\n","protected":false},"author":82,"featured_media":8135,"comment_status":"open","ping_status":"closed","sticky":false,"template":"","format":"standard","meta":{"footnotes":""},"categories":[11,2,10],"tags":[36,50,45],"class_list":["post-8136","post","type-post","status-publish","format-standard","has-post-thumbnail","hentry","category-homepage-french","category-politique","category-toutes-les-actualites","tag-africa-press","tag-africa-press-benin","tag-benin"],"yoast_head":"<!-- This site is optimized with the Yoast SEO Premium plugin v26.1 (Yoast SEO v27.0) - https:\/\/yoast.com\/product\/yoast-seo-premium-wordpress\/ -->\n<title>B\u00e9nin: Distel Amoussou s\u2019annonce sur la sc\u00e8ne politique - B\u00e9nin<\/title>\n<meta name=\"description\" content=\"Journaliste et consultant en communication politique, Distel Amoussou veut d\u00e9sormais descendre dans l\u2019ar\u00e8ne politique. P ...\" \/>\n<meta name=\"robots\" content=\"index, follow, max-snippet:-1, max-image-preview:large, max-video-preview:-1\" \/>\n<link rel=\"canonical\" href=\"https:\/\/www.africa-press.net\/benin\/politique\/benin-distel-amoussou-sannonce-sur-la-scene-politique\" \/>\n<meta property=\"og:locale\" content=\"fr_FR\" \/>\n<meta property=\"og:type\" content=\"article\" \/>\n<meta property=\"og:title\" content=\"B\u00e9nin: Distel Amoussou s\u2019annonce sur la sc\u00e8ne politique\" \/>\n<meta property=\"og:description\" content=\"Journaliste et consultant en communication politique, Distel Amoussou veut d\u00e9sormais descendre dans l\u2019ar\u00e8ne politique. P ...\" \/>\n<meta property=\"og:url\" content=\"https:\/\/www.africa-press.net\/benin\/politique\/benin-distel-amoussou-sannonce-sur-la-scene-politique\" \/>\n<meta property=\"og:site_name\" content=\"B\u00e9nin\" \/>\n<meta property=\"article:published_time\" content=\"2022-08-22T15:51:16+00:00\" \/>\n<meta property=\"article:modified_time\" content=\"2022-08-22T16:10:14+00:00\" \/>\n<meta property=\"og:image\" content=\"https:\/\/static.africa-press.net\/benin\/sites\/46\/2022\/08\/postQueueImg_29-6303aa519a7da.jpg\" \/>\n\t<meta property=\"og:image:width\" content=\"1200\" \/>\n\t<meta property=\"og:image:height\" content=\"949\" \/>\n\t<meta property=\"og:image:type\" content=\"image\/jpeg\" \/>\n<meta name=\"author\" content=\"cfeditorfr\" \/>\n<meta name=\"twitter:card\" content=\"summary_large_image\" \/>\n<meta name=\"twitter:label1\" content=\"\u00c9crit par\" \/>\n\t<meta name=\"twitter:data1\" content=\"cfeditorfr\" \/>\n\t<meta name=\"twitter:label2\" content=\"Dur\u00e9e de lecture estim\u00e9e\" \/>\n\t<meta name=\"twitter:data2\" content=\"1 minute\" \/>\n<script type=\"application\/ld+json\" class=\"yoast-schema-graph\">{\"@context\":\"https:\/\/schema.org\",\"@graph\":[{\"@type\":\"Article\",\"@id\":\"https:\/\/www.africa-press.net\/benin\/politique\/benin-distel-amoussou-sannonce-sur-la-scene-politique#article\",\"isPartOf\":{\"@id\":\"https:\/\/www.africa-press.net\/benin\/politique\/benin-distel-amoussou-sannonce-sur-la-scene-politique\"},\"author\":{\"name\":\"cfeditorfr\",\"@id\":\"https:\/\/www.africa-press.net\/benin\/#\/schema\/person\/2b1cf3cd81a31e3cd26889ca66d677f1\"},\"headline\":\"B\u00e9nin: Distel Amoussou s\u2019annonce sur la sc\u00e8ne politique\",\"datePublished\":\"2022-08-22T15:51:16+00:00\",\"dateModified\":\"2022-08-22T16:10:14+00:00\",\"mainEntityOfPage\":{\"@id\":\"https:\/\/www.africa-press.net\/benin\/politique\/benin-distel-amoussou-sannonce-sur-la-scene-politique\"},\"wordCount\":192,\"commentCount\":0,\"image\":{\"@id\":\"https:\/\/www.africa-press.net\/benin\/politique\/benin-distel-amoussou-sannonce-sur-la-scene-politique#primaryimage\"},\"thumbnailUrl\":\"https:\/\/static.africa-press.net\/benin\/sites\/46\/2022\/08\/postQueueImg_29-6303aa519a7da.jpg\",\"keywords\":[\"Africa Press\",\"Africa Press-Benin\",\"B\u00e9nin\"],\"articleSection\":[\"homepage-french\",\"Politique\",\"Toutes les actualit\u00e9s\"],\"inLanguage\":\"fr-FR\",\"potentialAction\":[{\"@type\":\"CommentAction\",\"name\":\"Comment\",\"target\":[\"https:\/\/www.africa-press.net\/benin\/politique\/benin-distel-amoussou-sannonce-sur-la-scene-politique#respond\"]}]},{\"@type\":\"WebPage\",\"@id\":\"https:\/\/www.africa-press.net\/benin\/politique\/benin-distel-amoussou-sannonce-sur-la-scene-politique\",\"url\":\"https:\/\/www.africa-press.net\/benin\/politique\/benin-distel-amoussou-sannonce-sur-la-scene-politique\",\"name\":\"B\u00e9nin: Distel Amoussou s\u2019annonce sur la sc\u00e8ne politique - B\u00e9nin\",\"isPartOf\":{\"@id\":\"https:\/\/www.africa-press.net\/benin\/#website\"},\"primaryImageOfPage\":{\"@id\":\"https:\/\/www.africa-press.net\/benin\/politique\/benin-distel-amoussou-sannonce-sur-la-scene-politique#primaryimage\"},\"image\":{\"@id\":\"https:\/\/www.africa-press.net\/benin\/politique\/benin-distel-amoussou-sannonce-sur-la-scene-politique#primaryimage\"},\"thumbnailUrl\":\"https:\/\/static.africa-press.net\/benin\/sites\/46\/2022\/08\/postQueueImg_29-6303aa519a7da.jpg\",\"datePublished\":\"2022-08-22T15:51:16+00:00\",\"dateModified\":\"2022-08-22T16:10:14+00:00\",\"author\":{\"@id\":\"https:\/\/www.africa-press.net\/benin\/#\/schema\/person\/2b1cf3cd81a31e3cd26889ca66d677f1\"},\"description\":\"Journaliste et consultant en communication politique, Distel Amoussou veut d\u00e9sormais descendre dans l\u2019ar\u00e8ne politique. P ...\",\"breadcrumb\":{\"@id\":\"https:\/\/www.africa-press.net\/benin\/politique\/benin-distel-amoussou-sannonce-sur-la-scene-politique#breadcrumb\"},\"inLanguage\":\"fr-FR\",\"potentialAction\":[{\"@type\":\"ReadAction\",\"target\":[\"https:\/\/www.africa-press.net\/benin\/politique\/benin-distel-amoussou-sannonce-sur-la-scene-politique\"]}]},{\"@type\":\"ImageObject\",\"inLanguage\":\"fr-FR\",\"@id\":\"https:\/\/www.africa-press.net\/benin\/politique\/benin-distel-amoussou-sannonce-sur-la-scene-politique#primaryimage\",\"url\":\"https:\/\/static.africa-press.net\/benin\/sites\/46\/2022\/08\/postQueueImg_29-6303aa519a7da.jpg\",\"contentUrl\":\"https:\/\/static.africa-press.net\/benin\/sites\/46\/2022\/08\/postQueueImg_29-6303aa519a7da.jpg\",\"width\":1200,\"height\":949,\"caption\":\"B\u00e9nin: Distel Amoussou s\u2019annonce sur la sc\u00e8ne politique\"},{\"@type\":\"BreadcrumbList\",\"@id\":\"https:\/\/www.africa-press.net\/benin\/politique\/benin-distel-amoussou-sannonce-sur-la-scene-politique#breadcrumb\",\"itemListElement\":[{\"@type\":\"ListItem\",\"position\":1,\"name\":\"Accueil\",\"item\":\"https:\/\/www.africa-press.net\/benin\/\"},{\"@type\":\"ListItem\",\"position\":2,\"name\":\"B\u00e9nin: Distel Amoussou s\u2019annonce sur la sc\u00e8ne politique\"}]},{\"@type\":\"WebSite\",\"@id\":\"https:\/\/www.africa-press.net\/benin\/#website\",\"url\":\"https:\/\/www.africa-press.net\/benin\/\",\"name\":\"B\u00e9nin\",\"description\":\"Just another Africa News Agency Sites site\",\"potentialAction\":[{\"@type\":\"SearchAction\",\"target\":{\"@type\":\"EntryPoint\",\"urlTemplate\":\"https:\/\/www.africa-press.net\/benin\/?s={search_term_string}\"},\"query-input\":{\"@type\":\"PropertyValueSpecification\",\"valueRequired\":true,\"valueName\":\"search_term_string\"}}],\"inLanguage\":\"fr-FR\"},{\"@type\":\"Person\",\"@id\":\"https:\/\/www.africa-press.net\/benin\/#\/schema\/person\/2b1cf3cd81a31e3cd26889ca66d677f1\",\"name\":\"cfeditorfr\"}]}<\/script>\n<!-- \/ Yoast SEO Premium plugin. -->","yoast_head_json":{"title":"B\u00e9nin: Distel Amoussou s\u2019annonce sur la sc\u00e8ne politique - B\u00e9nin","description":"Journaliste et consultant en communication politique, Distel Amoussou veut d\u00e9sormais descendre dans l\u2019ar\u00e8ne politique. P ...","robots":{"index":"index","follow":"follow","max-snippet":"max-snippet:-1","max-image-preview":"max-image-preview:large","max-video-preview":"max-video-preview:-1"},"canonical":"https:\/\/www.africa-press.net\/benin\/politique\/benin-distel-amoussou-sannonce-sur-la-scene-politique","og_locale":"fr_FR","og_type":"article","og_title":"B\u00e9nin: Distel Amoussou s\u2019annonce sur la sc\u00e8ne politique","og_description":"Journaliste et consultant en communication politique, Distel Amoussou veut d\u00e9sormais descendre dans l\u2019ar\u00e8ne politique. P ...","og_url":"https:\/\/www.africa-press.net\/benin\/politique\/benin-distel-amoussou-sannonce-sur-la-scene-politique","og_site_name":"B\u00e9nin","article_published_time":"2022-08-22T15:51:16+00:00","article_modified_time":"2022-08-22T16:10:14+00:00","og_image":[{"width":1200,"height":949,"url":"https:\/\/static.africa-press.net\/benin\/sites\/46\/2022\/08\/postQueueImg_29-6303aa519a7da.jpg","type":"image\/jpeg"}],"author":"cfeditorfr","twitter_card":"summary_large_image","twitter_misc":{"\u00c9crit par":"cfeditorfr","Dur\u00e9e de lecture estim\u00e9e":"1 minute"},"schema":{"@context":"https:\/\/schema.org","@graph":[{"@type":"Article","@id":"https:\/\/www.africa-press.net\/benin\/politique\/benin-distel-amoussou-sannonce-sur-la-scene-politique#article","isPartOf":{"@id":"https:\/\/www.africa-press.net\/benin\/politique\/benin-distel-amoussou-sannonce-sur-la-scene-politique"},"author":{"name":"cfeditorfr","@id":"https:\/\/www.africa-press.net\/benin\/#\/schema\/person\/2b1cf3cd81a31e3cd26889ca66d677f1"},"headline":"B\u00e9nin: Distel Amoussou s\u2019annonce sur la sc\u00e8ne politique","datePublished":"2022-08-22T15:51:16+00:00","dateModified":"2022-08-22T16:10:14+00:00","mainEntityOfPage":{"@id":"https:\/\/www.africa-press.net\/benin\/politique\/benin-distel-amoussou-sannonce-sur-la-scene-politique"},"wordCount":192,"commentCount":0,"image":{"@id":"https:\/\/www.africa-press.net\/benin\/politique\/benin-distel-amoussou-sannonce-sur-la-scene-politique#primaryimage"},"thumbnailUrl":"https:\/\/static.africa-press.net\/benin\/sites\/46\/2022\/08\/postQueueImg_29-6303aa519a7da.jpg","keywords":["Africa Press","Africa Press-Benin","B\u00e9nin"],"articleSection":["homepage-french","Politique","Toutes les actualit\u00e9s"],"inLanguage":"fr-FR","potentialAction":[{"@type":"CommentAction","name":"Comment","target":["https:\/\/www.africa-press.net\/benin\/politique\/benin-distel-amoussou-sannonce-sur-la-scene-politique#respond"]}]},{"@type":"WebPage","@id":"https:\/\/www.africa-press.net\/benin\/politique\/benin-distel-amoussou-sannonce-sur-la-scene-politique","url":"https:\/\/www.africa-press.net\/benin\/politique\/benin-distel-amoussou-sannonce-sur-la-scene-politique","name":"B\u00e9nin: Distel Amoussou s\u2019annonce sur la sc\u00e8ne politique - B\u00e9nin","isPartOf":{"@id":"https:\/\/www.africa-press.net\/benin\/#website"},"primaryImageOfPage":{"@id":"https:\/\/www.africa-press.net\/benin\/politique\/benin-distel-amoussou-sannonce-sur-la-scene-politique#primaryimage"},"image":{"@id":"https:\/\/www.africa-press.net\/benin\/politique\/benin-distel-amoussou-sannonce-sur-la-scene-politique#primaryimage"},"thumbnailUrl":"https:\/\/static.africa-press.net\/benin\/sites\/46\/2022\/08\/postQueueImg_29-6303aa519a7da.jpg","datePublished":"2022-08-22T15:51:16+00:00","dateModified":"2022-08-22T16:10:14+00:00","author":{"@id":"https:\/\/www.africa-press.net\/benin\/#\/schema\/person\/2b1cf3cd81a31e3cd26889ca66d677f1"},"description":"Journaliste et consultant en communication politique, Distel Amoussou veut d\u00e9sormais descendre dans l\u2019ar\u00e8ne politique. P ...","breadcrumb":{"@id":"https:\/\/www.africa-press.net\/benin\/politique\/benin-distel-amoussou-sannonce-sur-la-scene-politique#breadcrumb"},"inLanguage":"fr-FR","potentialAction":[{"@type":"ReadAction","target":["https:\/\/www.africa-press.net\/benin\/politique\/benin-distel-amoussou-sannonce-sur-la-scene-politique"]}]},{"@type":"ImageObject","inLanguage":"fr-FR","@id":"https:\/\/www.africa-press.net\/benin\/politique\/benin-distel-amoussou-sannonce-sur-la-scene-politique#primaryimage","url":"https:\/\/static.africa-press.net\/benin\/sites\/46\/2022\/08\/postQueueImg_29-6303aa519a7da.jpg","contentUrl":"https:\/\/static.africa-press.net\/benin\/sites\/46\/2022\/08\/postQueueImg_29-6303aa519a7da.jpg","width":1200,"height":949,"caption":"B\u00e9nin: Distel Amoussou s\u2019annonce sur la sc\u00e8ne politique"},{"@type":"BreadcrumbList","@id":"https:\/\/www.africa-press.net\/benin\/politique\/benin-distel-amoussou-sannonce-sur-la-scene-politique#breadcrumb","itemListElement":[{"@type":"ListItem","position":1,"name":"Accueil","item":"https:\/\/www.africa-press.net\/benin\/"},{"@type":"ListItem","position":2,"name":"B\u00e9nin: Distel Amoussou s\u2019annonce sur la sc\u00e8ne politique"}]},{"@type":"WebSite","@id":"https:\/\/www.africa-press.net\/benin\/#website","url":"https:\/\/www.africa-press.net\/benin\/","name":"B\u00e9nin","description":"Just another Africa News Agency Sites site","potentialAction":[{"@type":"SearchAction","target":{"@type":"EntryPoint","urlTemplate":"https:\/\/www.africa-press.net\/benin\/?s={search_term_string}"},"query-input":{"@type":"PropertyValueSpecification","valueRequired":true,"valueName":"search_term_string"}}],"inLanguage":"fr-FR"},{"@type":"Person","@id":"https:\/\/www.africa-press.net\/benin\/#\/schema\/person\/2b1cf3cd81a31e3cd26889ca66d677f1","name":"cfeditorfr"}]}},"_links":{"self":[{"href":"https:\/\/www.africa-press.net\/benin\/wp-json\/wp\/v2\/posts\/8136","targetHints":{"allow":["GET"]}}],"collection":[{"href":"https:\/\/www.africa-press.net\/benin\/wp-json\/wp\/v2\/posts"}],"about":[{"href":"https:\/\/www.africa-press.net\/benin\/wp-json\/wp\/v2\/types\/post"}],"author":[{"embeddable":true,"href":"https:\/\/www.africa-press.net\/benin\/wp-json\/wp\/v2\/users\/82"}],"replies":[{"embeddable":true,"href":"https:\/\/www.africa-press.net\/benin\/wp-json\/wp\/v2\/comments?post=8136"}],"version-history":[{"count":0,"href":"https:\/\/www.africa-press.net\/benin\/wp-json\/wp\/v2\/posts\/8136\/revisions"}],"wp:featuredmedia":[{"embeddable":true,"href":"https:\/\/www.africa-press.net\/benin\/wp-json\/wp\/v2\/media\/8135"}],"wp:attachment":[{"href":"https:\/\/www.africa-press.net\/benin\/wp-json\/wp\/v2\/media?parent=8136"}],"wp:term":[{"taxonomy":"category","embeddable":true,"href":"https:\/\/www.africa-press.net\/benin\/wp-json\/wp\/v2\/categories?post=8136"},{"taxonomy":"post_tag","embeddable":true,"href":"https:\/\/www.africa-press.net\/benin\/wp-json\/wp\/v2\/tags?post=8136"}],"curies":[{"name":"wp","href":"https:\/\/api.w.org\/{rel}","templated":true}]}}