{"id":8139,"date":"2022-08-22T15:51:24","date_gmt":"2022-08-22T15:51:24","guid":{"rendered":"https:\/\/www.africa-press.net\/benin\/politique\/benin-echec-des-echanges-au-sein-de-lopposition-alain-adihou-accuse-les-democrates"},"modified":"2022-08-22T16:10:40","modified_gmt":"2022-08-22T16:10:40","slug":"benin-echec-des-echanges-au-sein-de-lopposition-alain-adihou-accuse-les-democrates","status":"publish","type":"post","link":"https:\/\/www.africa-press.net\/benin\/politique\/benin-echec-des-echanges-au-sein-de-lopposition-alain-adihou-accuse-les-democrates","title":{"rendered":"B\u00e9nin: \u00e9chec des \u00e9changes au sein de l\u2019opposition, Alain Adihou accuse les d\u00e9mocrates"},"content":{"rendered":"<p><span style=\"color: #ff6600\"><strong>Africa-Press &#8211; Benin. <\/strong><\/span>En vue de leur participation aux \u00e9lections l\u00e9gislatives du 08 Janvier 2023, les forces de l\u2019opposition ont entam\u00e9 entre elles des concertations pour mieux aborder le scrutin. Mais d\u00e9j\u00e0 cette initiative est plomb\u00e9e par des suspicions. Alors que le pr\u00e9sident du parti MPL accuse la FCBE pour l\u2019\u00e9chec des concertations, cette derni\u00e8re indexe le parti \u00ab Les D\u00e9mocrates \u00bb.<\/p>\n<p>Les vieux d\u00e9mons ont repris du service au sein de l\u2019opposition au r\u00e9gime du pr\u00e9sident Patrice Talon. La cr\u00e9ation d\u2019un creuset de concertation en leur sein pour peaufiner leurs strat\u00e9gies de conqu\u00eate de l\u2019assembl\u00e9e nationale subit d\u00e9j\u00e0 les revers de la m\u00e9fiance.<\/p>\n<p>Selon les dires d\u2019Exp\u00e9rience T\u00e8b\u00e8, les partis d\u2019opposition, dans leur volont\u00e9 de se r\u00e9organiser, avait eu le soutien d\u2019une institution \u00e9trang\u00e8re pour la mise en place d\u2019un cadre de concertation. A l\u2019en croire, cette premi\u00e8re initiative n\u2019a pas abouti \u00e0 cause de la FCBE. <b>\u00ab Il s\u2019est trouv\u00e9 qu\u2019un parti, pour ne pas le citer, il s\u2019agissait des FCBE, ont emp\u00each\u00e9 cette dynamique d\u2019aller tr\u00e8s rapidement \u00e0 terme. Je dirai qu\u2019ils ont carr\u00e9ment sabot\u00e9 cette initiative \u00bb<\/b>, a-t-il confi\u00e9 au micro d\u2019Oc\u00e9an Fm ce dimanche.<\/p>\n<p>La r\u00e9plique du parti force cauris pour un B\u00e9nin \u00e9mergent (FCBE) accus\u00e9 d\u2019avoir saboter la mise en place d\u2019un creuset d\u2019\u00e9changes de l\u2019opposition ne s\u2019est pas fait prier. Re\u00e7u ce lundi 22 Ao\u00fbt 2022 sur les antennes de la radio \u00ab Oc\u00e9an fm \u00bb, l\u2019ancien ministre de K\u00e9r\u00e9kou charg\u00e9 de la relation avec les institutions, Alain Adihou, membre du parti de Paul Hounkp\u00e8 a donn\u00e9 sa version sur les causes de l\u2019\u00e9chec du premier projet de mise en place d\u2019un creuset de concertation de l\u2019opposition.<\/p>\n<p>Selon les explications du conseiller politique du parti FCBE, une Organisation internationale qui intervient sur des questions politiques a effectivement sugg\u00e9r\u00e9 \u00e0 l\u2019Opposition b\u00e9ninoise d\u2019avoir un cadre de discussions formelles comme c\u2019est le cas dans la plupart des pays d\u00e9mocratiques.<\/p>\n<p>Un comit\u00e9 fut alors mis en place pour formaliser ce cadre de concertation. Le comit\u00e9 est pr\u00e9sid\u00e9 par Saliou Akadiri, un cadre du parti \u00ab Les D\u00e9mocrates \u00bb. Au d\u00e9part, indique Alain Adihou, les travaux ont beaucoup \u00e9volu\u00e9. Les forces de l\u2019opposition acquises \u00e0 ce projet ont t\u00e9nu plusieurs s\u00e9ances de travail. Mais vers la fin du processus qui devait conduire \u00e0 la cr\u00e9ation du creuset, tout s\u2019est subitement arr\u00eat\u00e9, a affirm\u00e9 Alain Adihou.<\/p>\n<p>La trahison est venue du parti \u00ab Les D\u00e9mocrates \u00bb \u2026<\/p>\n<p>Le flop connu par le processus de cr\u00e9ation du cadre de concertation de l\u2019opposition serait d\u00fb aux dires du ministre Alain Adihou au comportement des d\u00e9mocrates. \u00ab <b>Nous devrions nous rencontrer dans un h\u00f4tel \u00e0 Calavi pour peaufiner les documents devant l\u00e9gitimer ce cadre de concertation. Nous \u00e9tions l\u00e0 quand Monsieur Akadiri est venu seul \u00e0 notre \u00e9tonnement. Il nous explique qu\u2019il ne pouvait plus conduire les travaux et qu\u2019il devrait donc se retirer<\/b>\u00ab , a confi\u00e9 Alain Adihou.<\/p>\n<p>En effet, Monsieur Saliou Akadiri devait arriver \u00e0 cette rencontre avec l\u2019ancien maire Eug\u00e8ne Azatassou. Mais curieusement ce dernier n\u2019a pas fait acte de pr\u00e9sence. Quand Monsieur Azatassou fut contact\u00e9 au t\u00e9l\u00e9phone par son camarde devant eux, pr\u00e9cise Alain Adihou, il semble reprocher \u00e0 Saliou Akadiri d\u2019avoir fait acte de pr\u00e9sence \u00e0 cette rencontre.<\/p>\n<p>\u00ab <b>C\u2019est donc comme \u00e7a que le parti Les D\u00e9mocrates s\u2019est retir\u00e9 alors qu\u2019ils \u00e9taient \u00e0 la t\u00eate du comit\u00e9. Donc ce n\u2019est pas la Fcbe qui a fait \u00e9chouer la cr\u00e9ation du creuset<\/b> \u00bb a martel\u00e9 Alain Adihou au micro de Oc\u00e9an fm.<\/p>\n<p>Un nouvel \u00e9pisode qui se d\u00e9roule \u00e0 quelques mois des \u00e9lections l\u00e9gislatives prochaines et qui semble confirmer la th\u00e8se selon laquelle l\u2019union de l\u2019opposition au r\u00e9gime de la rupture est une chim\u00e8re.<\/p>\n<p><strong>Pour plus d&rsquo;informations et d&rsquo;analyses sur la <a href=\"https:\/\/www.africa-press.net\/benin\">Benin<\/a>, suivez <a href=\"https:\/\/www.africa-press.net\/\">Africa-Press<\/a><\/strong><\/p>\n","protected":false},"excerpt":{"rendered":"<p>Africa-Press &#8211; Benin. En vue de leur participation aux \u00e9lections l\u00e9gislatives du 08 Janvier 2023, les forces de l\u2019opposition ont entam\u00e9 entre elles des concertations pour mieux aborder le scrutin. Mais d\u00e9j\u00e0 cette initiative est plomb\u00e9e par des suspicions. Alors que le pr\u00e9sident du parti MPL accuse la FCBE pour l\u2019\u00e9chec des concertations, cette derni\u00e8re [&hellip;]<\/p>\n","protected":false},"author":82,"featured_media":8138,"comment_status":"open","ping_status":"closed","sticky":false,"template":"","format":"standard","meta":{"footnotes":""},"categories":[11,2,10],"tags":[36,50,45],"class_list":["post-8139","post","type-post","status-publish","format-standard","has-post-thumbnail","hentry","category-homepage-french","category-politique","category-toutes-les-actualites","tag-africa-press","tag-africa-press-benin","tag-benin"],"yoast_head":"<!-- This site is optimized with the Yoast SEO Premium plugin v26.1 (Yoast SEO v27.0) - https:\/\/yoast.com\/product\/yoast-seo-premium-wordpress\/ -->\n<title>B\u00e9nin: \u00e9chec des \u00e9changes au sein de l\u2019opposition, Alain Adihou accuse les d\u00e9mocrates - B\u00e9nin<\/title>\n<meta name=\"description\" content=\"En vue de leur participation aux \u00e9lections l\u00e9gislatives du 08 Janvier 2023, les forces de l\u2019opposition ont entam\u00e9 entre ...\" \/>\n<meta name=\"robots\" content=\"index, follow, max-snippet:-1, max-image-preview:large, max-video-preview:-1\" \/>\n<link rel=\"canonical\" href=\"https:\/\/www.africa-press.net\/benin\/politique\/benin-echec-des-echanges-au-sein-de-lopposition-alain-adihou-accuse-les-democrates\" \/>\n<meta property=\"og:locale\" content=\"fr_FR\" \/>\n<meta property=\"og:type\" content=\"article\" \/>\n<meta property=\"og:title\" content=\"B\u00e9nin: \u00e9chec des \u00e9changes au sein de l\u2019opposition, Alain Adihou accuse les d\u00e9mocrates\" \/>\n<meta property=\"og:description\" content=\"En vue de leur participation aux \u00e9lections l\u00e9gislatives du 08 Janvier 2023, les forces de l\u2019opposition ont entam\u00e9 entre ...\" \/>\n<meta property=\"og:url\" content=\"https:\/\/www.africa-press.net\/benin\/politique\/benin-echec-des-echanges-au-sein-de-lopposition-alain-adihou-accuse-les-democrates\" \/>\n<meta property=\"og:site_name\" content=\"B\u00e9nin\" \/>\n<meta property=\"article:published_time\" content=\"2022-08-22T15:51:24+00:00\" \/>\n<meta property=\"article:modified_time\" content=\"2022-08-22T16:10:40+00:00\" \/>\n<meta property=\"og:image\" content=\"https:\/\/static.africa-press.net\/benin\/sites\/46\/2022\/08\/postQueueImg_30-6303aa6c4aec0.jpg\" \/>\n\t<meta property=\"og:image:width\" content=\"1200\" \/>\n\t<meta property=\"og:image:height\" content=\"675\" \/>\n\t<meta property=\"og:image:type\" content=\"image\/jpeg\" \/>\n<meta name=\"author\" content=\"cfeditorfr\" \/>\n<meta name=\"twitter:card\" content=\"summary_large_image\" \/>\n<meta name=\"twitter:label1\" content=\"\u00c9crit par\" \/>\n\t<meta name=\"twitter:data1\" content=\"cfeditorfr\" \/>\n\t<meta name=\"twitter:label2\" content=\"Dur\u00e9e de lecture estim\u00e9e\" \/>\n\t<meta name=\"twitter:data2\" content=\"4 minutes\" \/>\n<script type=\"application\/ld+json\" class=\"yoast-schema-graph\">{\"@context\":\"https:\/\/schema.org\",\"@graph\":[{\"@type\":\"Article\",\"@id\":\"https:\/\/www.africa-press.net\/benin\/politique\/benin-echec-des-echanges-au-sein-de-lopposition-alain-adihou-accuse-les-democrates#article\",\"isPartOf\":{\"@id\":\"https:\/\/www.africa-press.net\/benin\/politique\/benin-echec-des-echanges-au-sein-de-lopposition-alain-adihou-accuse-les-democrates\"},\"author\":{\"name\":\"cfeditorfr\",\"@id\":\"https:\/\/www.africa-press.net\/benin\/#\/schema\/person\/2b1cf3cd81a31e3cd26889ca66d677f1\"},\"headline\":\"B\u00e9nin: \u00e9chec des \u00e9changes au sein de l\u2019opposition, Alain Adihou accuse les d\u00e9mocrates\",\"datePublished\":\"2022-08-22T15:51:24+00:00\",\"dateModified\":\"2022-08-22T16:10:40+00:00\",\"mainEntityOfPage\":{\"@id\":\"https:\/\/www.africa-press.net\/benin\/politique\/benin-echec-des-echanges-au-sein-de-lopposition-alain-adihou-accuse-les-democrates\"},\"wordCount\":709,\"commentCount\":0,\"image\":{\"@id\":\"https:\/\/www.africa-press.net\/benin\/politique\/benin-echec-des-echanges-au-sein-de-lopposition-alain-adihou-accuse-les-democrates#primaryimage\"},\"thumbnailUrl\":\"https:\/\/static.africa-press.net\/benin\/sites\/46\/2022\/08\/postQueueImg_30-6303aa6c4aec0.jpg\",\"keywords\":[\"Africa Press\",\"Africa Press-Benin\",\"B\u00e9nin\"],\"articleSection\":[\"homepage-french\",\"Politique\",\"Toutes les actualit\u00e9s\"],\"inLanguage\":\"fr-FR\",\"potentialAction\":[{\"@type\":\"CommentAction\",\"name\":\"Comment\",\"target\":[\"https:\/\/www.africa-press.net\/benin\/politique\/benin-echec-des-echanges-au-sein-de-lopposition-alain-adihou-accuse-les-democrates#respond\"]}]},{\"@type\":\"WebPage\",\"@id\":\"https:\/\/www.africa-press.net\/benin\/politique\/benin-echec-des-echanges-au-sein-de-lopposition-alain-adihou-accuse-les-democrates\",\"url\":\"https:\/\/www.africa-press.net\/benin\/politique\/benin-echec-des-echanges-au-sein-de-lopposition-alain-adihou-accuse-les-democrates\",\"name\":\"B\u00e9nin: \u00e9chec des \u00e9changes au sein de l\u2019opposition, Alain Adihou accuse les d\u00e9mocrates - B\u00e9nin\",\"isPartOf\":{\"@id\":\"https:\/\/www.africa-press.net\/benin\/#website\"},\"primaryImageOfPage\":{\"@id\":\"https:\/\/www.africa-press.net\/benin\/politique\/benin-echec-des-echanges-au-sein-de-lopposition-alain-adihou-accuse-les-democrates#primaryimage\"},\"image\":{\"@id\":\"https:\/\/www.africa-press.net\/benin\/politique\/benin-echec-des-echanges-au-sein-de-lopposition-alain-adihou-accuse-les-democrates#primaryimage\"},\"thumbnailUrl\":\"https:\/\/static.africa-press.net\/benin\/sites\/46\/2022\/08\/postQueueImg_30-6303aa6c4aec0.jpg\",\"datePublished\":\"2022-08-22T15:51:24+00:00\",\"dateModified\":\"2022-08-22T16:10:40+00:00\",\"author\":{\"@id\":\"https:\/\/www.africa-press.net\/benin\/#\/schema\/person\/2b1cf3cd81a31e3cd26889ca66d677f1\"},\"description\":\"En vue de leur participation aux \u00e9lections l\u00e9gislatives du 08 Janvier 2023, les forces de l\u2019opposition ont entam\u00e9 entre ...\",\"breadcrumb\":{\"@id\":\"https:\/\/www.africa-press.net\/benin\/politique\/benin-echec-des-echanges-au-sein-de-lopposition-alain-adihou-accuse-les-democrates#breadcrumb\"},\"inLanguage\":\"fr-FR\",\"potentialAction\":[{\"@type\":\"ReadAction\",\"target\":[\"https:\/\/www.africa-press.net\/benin\/politique\/benin-echec-des-echanges-au-sein-de-lopposition-alain-adihou-accuse-les-democrates\"]}]},{\"@type\":\"ImageObject\",\"inLanguage\":\"fr-FR\",\"@id\":\"https:\/\/www.africa-press.net\/benin\/politique\/benin-echec-des-echanges-au-sein-de-lopposition-alain-adihou-accuse-les-democrates#primaryimage\",\"url\":\"https:\/\/static.africa-press.net\/benin\/sites\/46\/2022\/08\/postQueueImg_30-6303aa6c4aec0.jpg\",\"contentUrl\":\"https:\/\/static.africa-press.net\/benin\/sites\/46\/2022\/08\/postQueueImg_30-6303aa6c4aec0.jpg\",\"width\":1200,\"height\":675,\"caption\":\"B\u00e9nin: \u00e9chec des \u00e9changes au sein de l\u2019opposition, Alain Adihou accuse les d\u00e9mocrates\"},{\"@type\":\"BreadcrumbList\",\"@id\":\"https:\/\/www.africa-press.net\/benin\/politique\/benin-echec-des-echanges-au-sein-de-lopposition-alain-adihou-accuse-les-democrates#breadcrumb\",\"itemListElement\":[{\"@type\":\"ListItem\",\"position\":1,\"name\":\"Accueil\",\"item\":\"https:\/\/www.africa-press.net\/benin\/\"},{\"@type\":\"ListItem\",\"position\":2,\"name\":\"B\u00e9nin: \u00e9chec des \u00e9changes au sein de l\u2019opposition, Alain Adihou accuse les d\u00e9mocrates\"}]},{\"@type\":\"WebSite\",\"@id\":\"https:\/\/www.africa-press.net\/benin\/#website\",\"url\":\"https:\/\/www.africa-press.net\/benin\/\",\"name\":\"B\u00e9nin\",\"description\":\"Just another Africa News Agency Sites site\",\"potentialAction\":[{\"@type\":\"SearchAction\",\"target\":{\"@type\":\"EntryPoint\",\"urlTemplate\":\"https:\/\/www.africa-press.net\/benin\/?s={search_term_string}\"},\"query-input\":{\"@type\":\"PropertyValueSpecification\",\"valueRequired\":true,\"valueName\":\"search_term_string\"}}],\"inLanguage\":\"fr-FR\"},{\"@type\":\"Person\",\"@id\":\"https:\/\/www.africa-press.net\/benin\/#\/schema\/person\/2b1cf3cd81a31e3cd26889ca66d677f1\",\"name\":\"cfeditorfr\"}]}<\/script>\n<!-- \/ Yoast SEO Premium plugin. -->","yoast_head_json":{"title":"B\u00e9nin: \u00e9chec des \u00e9changes au sein de l\u2019opposition, Alain Adihou accuse les d\u00e9mocrates - B\u00e9nin","description":"En vue de leur participation aux \u00e9lections l\u00e9gislatives du 08 Janvier 2023, les forces de l\u2019opposition ont entam\u00e9 entre ...","robots":{"index":"index","follow":"follow","max-snippet":"max-snippet:-1","max-image-preview":"max-image-preview:large","max-video-preview":"max-video-preview:-1"},"canonical":"https:\/\/www.africa-press.net\/benin\/politique\/benin-echec-des-echanges-au-sein-de-lopposition-alain-adihou-accuse-les-democrates","og_locale":"fr_FR","og_type":"article","og_title":"B\u00e9nin: \u00e9chec des \u00e9changes au sein de l\u2019opposition, Alain Adihou accuse les d\u00e9mocrates","og_description":"En vue de leur participation aux \u00e9lections l\u00e9gislatives du 08 Janvier 2023, les forces de l\u2019opposition ont entam\u00e9 entre ...","og_url":"https:\/\/www.africa-press.net\/benin\/politique\/benin-echec-des-echanges-au-sein-de-lopposition-alain-adihou-accuse-les-democrates","og_site_name":"B\u00e9nin","article_published_time":"2022-08-22T15:51:24+00:00","article_modified_time":"2022-08-22T16:10:40+00:00","og_image":[{"width":1200,"height":675,"url":"https:\/\/static.africa-press.net\/benin\/sites\/46\/2022\/08\/postQueueImg_30-6303aa6c4aec0.jpg","type":"image\/jpeg"}],"author":"cfeditorfr","twitter_card":"summary_large_image","twitter_misc":{"\u00c9crit par":"cfeditorfr","Dur\u00e9e de lecture estim\u00e9e":"4 minutes"},"schema":{"@context":"https:\/\/schema.org","@graph":[{"@type":"Article","@id":"https:\/\/www.africa-press.net\/benin\/politique\/benin-echec-des-echanges-au-sein-de-lopposition-alain-adihou-accuse-les-democrates#article","isPartOf":{"@id":"https:\/\/www.africa-press.net\/benin\/politique\/benin-echec-des-echanges-au-sein-de-lopposition-alain-adihou-accuse-les-democrates"},"author":{"name":"cfeditorfr","@id":"https:\/\/www.africa-press.net\/benin\/#\/schema\/person\/2b1cf3cd81a31e3cd26889ca66d677f1"},"headline":"B\u00e9nin: \u00e9chec des \u00e9changes au sein de l\u2019opposition, Alain Adihou accuse les d\u00e9mocrates","datePublished":"2022-08-22T15:51:24+00:00","dateModified":"2022-08-22T16:10:40+00:00","mainEntityOfPage":{"@id":"https:\/\/www.africa-press.net\/benin\/politique\/benin-echec-des-echanges-au-sein-de-lopposition-alain-adihou-accuse-les-democrates"},"wordCount":709,"commentCount":0,"image":{"@id":"https:\/\/www.africa-press.net\/benin\/politique\/benin-echec-des-echanges-au-sein-de-lopposition-alain-adihou-accuse-les-democrates#primaryimage"},"thumbnailUrl":"https:\/\/static.africa-press.net\/benin\/sites\/46\/2022\/08\/postQueueImg_30-6303aa6c4aec0.jpg","keywords":["Africa Press","Africa Press-Benin","B\u00e9nin"],"articleSection":["homepage-french","Politique","Toutes les actualit\u00e9s"],"inLanguage":"fr-FR","potentialAction":[{"@type":"CommentAction","name":"Comment","target":["https:\/\/www.africa-press.net\/benin\/politique\/benin-echec-des-echanges-au-sein-de-lopposition-alain-adihou-accuse-les-democrates#respond"]}]},{"@type":"WebPage","@id":"https:\/\/www.africa-press.net\/benin\/politique\/benin-echec-des-echanges-au-sein-de-lopposition-alain-adihou-accuse-les-democrates","url":"https:\/\/www.africa-press.net\/benin\/politique\/benin-echec-des-echanges-au-sein-de-lopposition-alain-adihou-accuse-les-democrates","name":"B\u00e9nin: \u00e9chec des \u00e9changes au sein de l\u2019opposition, Alain Adihou accuse les d\u00e9mocrates - B\u00e9nin","isPartOf":{"@id":"https:\/\/www.africa-press.net\/benin\/#website"},"primaryImageOfPage":{"@id":"https:\/\/www.africa-press.net\/benin\/politique\/benin-echec-des-echanges-au-sein-de-lopposition-alain-adihou-accuse-les-democrates#primaryimage"},"image":{"@id":"https:\/\/www.africa-press.net\/benin\/politique\/benin-echec-des-echanges-au-sein-de-lopposition-alain-adihou-accuse-les-democrates#primaryimage"},"thumbnailUrl":"https:\/\/static.africa-press.net\/benin\/sites\/46\/2022\/08\/postQueueImg_30-6303aa6c4aec0.jpg","datePublished":"2022-08-22T15:51:24+00:00","dateModified":"2022-08-22T16:10:40+00:00","author":{"@id":"https:\/\/www.africa-press.net\/benin\/#\/schema\/person\/2b1cf3cd81a31e3cd26889ca66d677f1"},"description":"En vue de leur participation aux \u00e9lections l\u00e9gislatives du 08 Janvier 2023, les forces de l\u2019opposition ont entam\u00e9 entre ...","breadcrumb":{"@id":"https:\/\/www.africa-press.net\/benin\/politique\/benin-echec-des-echanges-au-sein-de-lopposition-alain-adihou-accuse-les-democrates#breadcrumb"},"inLanguage":"fr-FR","potentialAction":[{"@type":"ReadAction","target":["https:\/\/www.africa-press.net\/benin\/politique\/benin-echec-des-echanges-au-sein-de-lopposition-alain-adihou-accuse-les-democrates"]}]},{"@type":"ImageObject","inLanguage":"fr-FR","@id":"https:\/\/www.africa-press.net\/benin\/politique\/benin-echec-des-echanges-au-sein-de-lopposition-alain-adihou-accuse-les-democrates#primaryimage","url":"https:\/\/static.africa-press.net\/benin\/sites\/46\/2022\/08\/postQueueImg_30-6303aa6c4aec0.jpg","contentUrl":"https:\/\/static.africa-press.net\/benin\/sites\/46\/2022\/08\/postQueueImg_30-6303aa6c4aec0.jpg","width":1200,"height":675,"caption":"B\u00e9nin: \u00e9chec des \u00e9changes au sein de l\u2019opposition, Alain Adihou accuse les d\u00e9mocrates"},{"@type":"BreadcrumbList","@id":"https:\/\/www.africa-press.net\/benin\/politique\/benin-echec-des-echanges-au-sein-de-lopposition-alain-adihou-accuse-les-democrates#breadcrumb","itemListElement":[{"@type":"ListItem","position":1,"name":"Accueil","item":"https:\/\/www.africa-press.net\/benin\/"},{"@type":"ListItem","position":2,"name":"B\u00e9nin: \u00e9chec des \u00e9changes au sein de l\u2019opposition, Alain Adihou accuse les d\u00e9mocrates"}]},{"@type":"WebSite","@id":"https:\/\/www.africa-press.net\/benin\/#website","url":"https:\/\/www.africa-press.net\/benin\/","name":"B\u00e9nin","description":"Just another Africa News Agency Sites site","potentialAction":[{"@type":"SearchAction","target":{"@type":"EntryPoint","urlTemplate":"https:\/\/www.africa-press.net\/benin\/?s={search_term_string}"},"query-input":{"@type":"PropertyValueSpecification","valueRequired":true,"valueName":"search_term_string"}}],"inLanguage":"fr-FR"},{"@type":"Person","@id":"https:\/\/www.africa-press.net\/benin\/#\/schema\/person\/2b1cf3cd81a31e3cd26889ca66d677f1","name":"cfeditorfr"}]}},"_links":{"self":[{"href":"https:\/\/www.africa-press.net\/benin\/wp-json\/wp\/v2\/posts\/8139","targetHints":{"allow":["GET"]}}],"collection":[{"href":"https:\/\/www.africa-press.net\/benin\/wp-json\/wp\/v2\/posts"}],"about":[{"href":"https:\/\/www.africa-press.net\/benin\/wp-json\/wp\/v2\/types\/post"}],"author":[{"embeddable":true,"href":"https:\/\/www.africa-press.net\/benin\/wp-json\/wp\/v2\/users\/82"}],"replies":[{"embeddable":true,"href":"https:\/\/www.africa-press.net\/benin\/wp-json\/wp\/v2\/comments?post=8139"}],"version-history":[{"count":0,"href":"https:\/\/www.africa-press.net\/benin\/wp-json\/wp\/v2\/posts\/8139\/revisions"}],"wp:featuredmedia":[{"embeddable":true,"href":"https:\/\/www.africa-press.net\/benin\/wp-json\/wp\/v2\/media\/8138"}],"wp:attachment":[{"href":"https:\/\/www.africa-press.net\/benin\/wp-json\/wp\/v2\/media?parent=8139"}],"wp:term":[{"taxonomy":"category","embeddable":true,"href":"https:\/\/www.africa-press.net\/benin\/wp-json\/wp\/v2\/categories?post=8139"},{"taxonomy":"post_tag","embeddable":true,"href":"https:\/\/www.africa-press.net\/benin\/wp-json\/wp\/v2\/tags?post=8139"}],"curies":[{"name":"wp","href":"https:\/\/api.w.org\/{rel}","templated":true}]}}