{"id":8142,"date":"2022-08-22T15:51:32","date_gmt":"2022-08-22T15:51:32","guid":{"rendered":"https:\/\/www.africa-press.net\/benin\/politique\/benin-le-ca-de-kinta-brice-lankoutin-libere-de-prison"},"modified":"2022-08-22T16:11:09","modified_gmt":"2022-08-22T16:11:09","slug":"benin-le-ca-de-kinta-brice-lankoutin-libere-de-prison","status":"publish","type":"post","link":"https:\/\/www.africa-press.net\/benin\/toutes-les-actualites\/benin-le-ca-de-kinta-brice-lankoutin-libere-de-prison","title":{"rendered":"B\u00e9nin: le CA de Kinta, Brice Lankoutin lib\u00e9r\u00e9 de prison"},"content":{"rendered":"<p><span style=\"color: #ff6600\"><strong>Africa-Press &#8211; Benin. <\/strong><\/span>D\u00e9pos\u00e9 en prison depuis mars 2022 pour enrichissement illicite, Brice Lankoutin, Chef d\u2019arrondissement de Kinta dans la commune d\u2019Angbangnizoun, est d\u00e9sormais libre de ses mouvements.<\/p>\n<p>Brice Lankoutin est sorti de prison ce lundi 22 ao\u00fbt 2022. Selon les informations du quotidien \u00ab Le Potentiel \u00bb, l\u2019\u00e9lu de l\u2019Union Progressiste (UP) a \u00e9t\u00e9 lib\u00e9r\u00e9 par la Cour de r\u00e9pression des infractions \u00e9conomiques et du terrorisme (Crie) au b\u00e9n\u00e9fice du doute.<\/p>\n<p>Il avait \u00e9t\u00e9 interpell\u00e9 et plac\u00e9 en d\u00e9tention provisoire pour enrichissement illicite. Il faut rappeler que Brice Lankoutin a \u00e9t\u00e9 Directeur des affaires financi\u00e8res de l\u2019Agence de R\u00e9habilitation de la Cit\u00e9 Historique de la ville d\u2019Abomey (ARCHA).<\/p>\n<p><strong>Pour plus d&rsquo;informations et d&rsquo;analyses sur la <a href=\"https:\/\/www.africa-press.net\/benin\">Benin<\/a>, suivez <a href=\"https:\/\/www.africa-press.net\/\">Africa-Press<\/a><\/strong><\/p>\n","protected":false},"excerpt":{"rendered":"<p>Africa-Press &#8211; Benin. D\u00e9pos\u00e9 en prison depuis mars 2022 pour enrichissement illicite, Brice Lankoutin, Chef d\u2019arrondissement de Kinta dans la commune d\u2019Angbangnizoun, est d\u00e9sormais libre de ses mouvements. Brice Lankoutin est sorti de prison ce lundi 22 ao\u00fbt 2022. Selon les informations du quotidien \u00ab Le Potentiel \u00bb, l\u2019\u00e9lu de l\u2019Union Progressiste (UP) a \u00e9t\u00e9 [&hellip;]<\/p>\n","protected":false},"author":82,"featured_media":8141,"comment_status":"open","ping_status":"closed","sticky":false,"template":"","format":"standard","meta":{"footnotes":""},"categories":[21,11,10],"tags":[36,50,45],"class_list":["post-8142","post","type-post","status-publish","format-standard","has-post-thumbnail","hentry","category-communaute","category-homepage-french","category-toutes-les-actualites","tag-africa-press","tag-africa-press-benin","tag-benin"],"yoast_head":"<!-- This site is optimized with the Yoast SEO Premium plugin v26.1 (Yoast SEO v27.0) - https:\/\/yoast.com\/product\/yoast-seo-premium-wordpress\/ -->\n<title>B\u00e9nin: le CA de Kinta, Brice Lankoutin lib\u00e9r\u00e9 de prison - B\u00e9nin<\/title>\n<meta name=\"description\" content=\"D\u00e9pos\u00e9 en prison depuis mars 2022 pour enrichissement illicite, Brice Lankoutin, Chef d\u2019arrondissement de Kinta dans la ...\" \/>\n<meta name=\"robots\" content=\"index, follow, max-snippet:-1, max-image-preview:large, max-video-preview:-1\" \/>\n<link rel=\"canonical\" href=\"https:\/\/www.africa-press.net\/benin\/toutes-les-actualites\/benin-le-ca-de-kinta-brice-lankoutin-libere-de-prison\" \/>\n<meta property=\"og:locale\" content=\"fr_FR\" \/>\n<meta property=\"og:type\" content=\"article\" \/>\n<meta property=\"og:title\" content=\"B\u00e9nin: le CA de Kinta, Brice Lankoutin lib\u00e9r\u00e9 de prison\" \/>\n<meta property=\"og:description\" content=\"D\u00e9pos\u00e9 en prison depuis mars 2022 pour enrichissement illicite, Brice Lankoutin, Chef d\u2019arrondissement de Kinta dans la ...\" \/>\n<meta property=\"og:url\" content=\"https:\/\/www.africa-press.net\/benin\/toutes-les-actualites\/benin-le-ca-de-kinta-brice-lankoutin-libere-de-prison\" \/>\n<meta property=\"og:site_name\" content=\"B\u00e9nin\" \/>\n<meta property=\"article:published_time\" content=\"2022-08-22T15:51:32+00:00\" \/>\n<meta property=\"article:modified_time\" content=\"2022-08-22T16:11:09+00:00\" \/>\n<meta property=\"og:image\" content=\"https:\/\/static.africa-press.net\/benin\/sites\/46\/2022\/08\/postQueueImg_31-6303aa86972a5.jpg\" \/>\n\t<meta property=\"og:image:width\" content=\"1280\" \/>\n\t<meta property=\"og:image:height\" content=\"720\" \/>\n\t<meta property=\"og:image:type\" content=\"image\/jpeg\" \/>\n<meta name=\"author\" content=\"cfeditorfr\" \/>\n<meta name=\"twitter:card\" content=\"summary_large_image\" \/>\n<meta name=\"twitter:label1\" content=\"\u00c9crit par\" \/>\n\t<meta name=\"twitter:data1\" content=\"cfeditorfr\" \/>\n\t<meta name=\"twitter:label2\" content=\"Dur\u00e9e de lecture estim\u00e9e\" \/>\n\t<meta name=\"twitter:data2\" content=\"1 minute\" \/>\n<script type=\"application\/ld+json\" class=\"yoast-schema-graph\">{\"@context\":\"https:\/\/schema.org\",\"@graph\":[{\"@type\":\"Article\",\"@id\":\"https:\/\/www.africa-press.net\/benin\/toutes-les-actualites\/benin-le-ca-de-kinta-brice-lankoutin-libere-de-prison#article\",\"isPartOf\":{\"@id\":\"https:\/\/www.africa-press.net\/benin\/toutes-les-actualites\/benin-le-ca-de-kinta-brice-lankoutin-libere-de-prison\"},\"author\":{\"name\":\"cfeditorfr\",\"@id\":\"https:\/\/www.africa-press.net\/benin\/#\/schema\/person\/2b1cf3cd81a31e3cd26889ca66d677f1\"},\"headline\":\"B\u00e9nin: le CA de Kinta, Brice Lankoutin lib\u00e9r\u00e9 de prison\",\"datePublished\":\"2022-08-22T15:51:32+00:00\",\"dateModified\":\"2022-08-22T16:11:09+00:00\",\"mainEntityOfPage\":{\"@id\":\"https:\/\/www.africa-press.net\/benin\/toutes-les-actualites\/benin-le-ca-de-kinta-brice-lankoutin-libere-de-prison\"},\"wordCount\":144,\"commentCount\":0,\"image\":{\"@id\":\"https:\/\/www.africa-press.net\/benin\/toutes-les-actualites\/benin-le-ca-de-kinta-brice-lankoutin-libere-de-prison#primaryimage\"},\"thumbnailUrl\":\"https:\/\/static.africa-press.net\/benin\/sites\/46\/2022\/08\/postQueueImg_31-6303aa86972a5.jpg\",\"keywords\":[\"Africa Press\",\"Africa Press-Benin\",\"B\u00e9nin\"],\"articleSection\":[\"Communaut\u00e9\",\"homepage-french\",\"Toutes les actualit\u00e9s\"],\"inLanguage\":\"fr-FR\",\"potentialAction\":[{\"@type\":\"CommentAction\",\"name\":\"Comment\",\"target\":[\"https:\/\/www.africa-press.net\/benin\/toutes-les-actualites\/benin-le-ca-de-kinta-brice-lankoutin-libere-de-prison#respond\"]}]},{\"@type\":\"WebPage\",\"@id\":\"https:\/\/www.africa-press.net\/benin\/toutes-les-actualites\/benin-le-ca-de-kinta-brice-lankoutin-libere-de-prison\",\"url\":\"https:\/\/www.africa-press.net\/benin\/toutes-les-actualites\/benin-le-ca-de-kinta-brice-lankoutin-libere-de-prison\",\"name\":\"B\u00e9nin: le CA de Kinta, Brice Lankoutin lib\u00e9r\u00e9 de prison - B\u00e9nin\",\"isPartOf\":{\"@id\":\"https:\/\/www.africa-press.net\/benin\/#website\"},\"primaryImageOfPage\":{\"@id\":\"https:\/\/www.africa-press.net\/benin\/toutes-les-actualites\/benin-le-ca-de-kinta-brice-lankoutin-libere-de-prison#primaryimage\"},\"image\":{\"@id\":\"https:\/\/www.africa-press.net\/benin\/toutes-les-actualites\/benin-le-ca-de-kinta-brice-lankoutin-libere-de-prison#primaryimage\"},\"thumbnailUrl\":\"https:\/\/static.africa-press.net\/benin\/sites\/46\/2022\/08\/postQueueImg_31-6303aa86972a5.jpg\",\"datePublished\":\"2022-08-22T15:51:32+00:00\",\"dateModified\":\"2022-08-22T16:11:09+00:00\",\"author\":{\"@id\":\"https:\/\/www.africa-press.net\/benin\/#\/schema\/person\/2b1cf3cd81a31e3cd26889ca66d677f1\"},\"description\":\"D\u00e9pos\u00e9 en prison depuis mars 2022 pour enrichissement illicite, Brice Lankoutin, Chef d\u2019arrondissement de Kinta dans la ...\",\"breadcrumb\":{\"@id\":\"https:\/\/www.africa-press.net\/benin\/toutes-les-actualites\/benin-le-ca-de-kinta-brice-lankoutin-libere-de-prison#breadcrumb\"},\"inLanguage\":\"fr-FR\",\"potentialAction\":[{\"@type\":\"ReadAction\",\"target\":[\"https:\/\/www.africa-press.net\/benin\/toutes-les-actualites\/benin-le-ca-de-kinta-brice-lankoutin-libere-de-prison\"]}]},{\"@type\":\"ImageObject\",\"inLanguage\":\"fr-FR\",\"@id\":\"https:\/\/www.africa-press.net\/benin\/toutes-les-actualites\/benin-le-ca-de-kinta-brice-lankoutin-libere-de-prison#primaryimage\",\"url\":\"https:\/\/static.africa-press.net\/benin\/sites\/46\/2022\/08\/postQueueImg_31-6303aa86972a5.jpg\",\"contentUrl\":\"https:\/\/static.africa-press.net\/benin\/sites\/46\/2022\/08\/postQueueImg_31-6303aa86972a5.jpg\",\"width\":1280,\"height\":720,\"caption\":\"B\u00e9nin: le CA de Kinta, Brice Lankoutin lib\u00e9r\u00e9 de prison\"},{\"@type\":\"BreadcrumbList\",\"@id\":\"https:\/\/www.africa-press.net\/benin\/toutes-les-actualites\/benin-le-ca-de-kinta-brice-lankoutin-libere-de-prison#breadcrumb\",\"itemListElement\":[{\"@type\":\"ListItem\",\"position\":1,\"name\":\"Accueil\",\"item\":\"https:\/\/www.africa-press.net\/benin\/\"},{\"@type\":\"ListItem\",\"position\":2,\"name\":\"B\u00e9nin: le CA de Kinta, Brice Lankoutin lib\u00e9r\u00e9 de prison\"}]},{\"@type\":\"WebSite\",\"@id\":\"https:\/\/www.africa-press.net\/benin\/#website\",\"url\":\"https:\/\/www.africa-press.net\/benin\/\",\"name\":\"B\u00e9nin\",\"description\":\"Just another Africa News Agency Sites site\",\"potentialAction\":[{\"@type\":\"SearchAction\",\"target\":{\"@type\":\"EntryPoint\",\"urlTemplate\":\"https:\/\/www.africa-press.net\/benin\/?s={search_term_string}\"},\"query-input\":{\"@type\":\"PropertyValueSpecification\",\"valueRequired\":true,\"valueName\":\"search_term_string\"}}],\"inLanguage\":\"fr-FR\"},{\"@type\":\"Person\",\"@id\":\"https:\/\/www.africa-press.net\/benin\/#\/schema\/person\/2b1cf3cd81a31e3cd26889ca66d677f1\",\"name\":\"cfeditorfr\"}]}<\/script>\n<!-- \/ Yoast SEO Premium plugin. -->","yoast_head_json":{"title":"B\u00e9nin: le CA de Kinta, Brice Lankoutin lib\u00e9r\u00e9 de prison - B\u00e9nin","description":"D\u00e9pos\u00e9 en prison depuis mars 2022 pour enrichissement illicite, Brice Lankoutin, Chef d\u2019arrondissement de Kinta dans la ...","robots":{"index":"index","follow":"follow","max-snippet":"max-snippet:-1","max-image-preview":"max-image-preview:large","max-video-preview":"max-video-preview:-1"},"canonical":"https:\/\/www.africa-press.net\/benin\/toutes-les-actualites\/benin-le-ca-de-kinta-brice-lankoutin-libere-de-prison","og_locale":"fr_FR","og_type":"article","og_title":"B\u00e9nin: le CA de Kinta, Brice Lankoutin lib\u00e9r\u00e9 de prison","og_description":"D\u00e9pos\u00e9 en prison depuis mars 2022 pour enrichissement illicite, Brice Lankoutin, Chef d\u2019arrondissement de Kinta dans la ...","og_url":"https:\/\/www.africa-press.net\/benin\/toutes-les-actualites\/benin-le-ca-de-kinta-brice-lankoutin-libere-de-prison","og_site_name":"B\u00e9nin","article_published_time":"2022-08-22T15:51:32+00:00","article_modified_time":"2022-08-22T16:11:09+00:00","og_image":[{"width":1280,"height":720,"url":"https:\/\/static.africa-press.net\/benin\/sites\/46\/2022\/08\/postQueueImg_31-6303aa86972a5.jpg","type":"image\/jpeg"}],"author":"cfeditorfr","twitter_card":"summary_large_image","twitter_misc":{"\u00c9crit par":"cfeditorfr","Dur\u00e9e de lecture estim\u00e9e":"1 minute"},"schema":{"@context":"https:\/\/schema.org","@graph":[{"@type":"Article","@id":"https:\/\/www.africa-press.net\/benin\/toutes-les-actualites\/benin-le-ca-de-kinta-brice-lankoutin-libere-de-prison#article","isPartOf":{"@id":"https:\/\/www.africa-press.net\/benin\/toutes-les-actualites\/benin-le-ca-de-kinta-brice-lankoutin-libere-de-prison"},"author":{"name":"cfeditorfr","@id":"https:\/\/www.africa-press.net\/benin\/#\/schema\/person\/2b1cf3cd81a31e3cd26889ca66d677f1"},"headline":"B\u00e9nin: le CA de Kinta, Brice Lankoutin lib\u00e9r\u00e9 de prison","datePublished":"2022-08-22T15:51:32+00:00","dateModified":"2022-08-22T16:11:09+00:00","mainEntityOfPage":{"@id":"https:\/\/www.africa-press.net\/benin\/toutes-les-actualites\/benin-le-ca-de-kinta-brice-lankoutin-libere-de-prison"},"wordCount":144,"commentCount":0,"image":{"@id":"https:\/\/www.africa-press.net\/benin\/toutes-les-actualites\/benin-le-ca-de-kinta-brice-lankoutin-libere-de-prison#primaryimage"},"thumbnailUrl":"https:\/\/static.africa-press.net\/benin\/sites\/46\/2022\/08\/postQueueImg_31-6303aa86972a5.jpg","keywords":["Africa Press","Africa Press-Benin","B\u00e9nin"],"articleSection":["Communaut\u00e9","homepage-french","Toutes les actualit\u00e9s"],"inLanguage":"fr-FR","potentialAction":[{"@type":"CommentAction","name":"Comment","target":["https:\/\/www.africa-press.net\/benin\/toutes-les-actualites\/benin-le-ca-de-kinta-brice-lankoutin-libere-de-prison#respond"]}]},{"@type":"WebPage","@id":"https:\/\/www.africa-press.net\/benin\/toutes-les-actualites\/benin-le-ca-de-kinta-brice-lankoutin-libere-de-prison","url":"https:\/\/www.africa-press.net\/benin\/toutes-les-actualites\/benin-le-ca-de-kinta-brice-lankoutin-libere-de-prison","name":"B\u00e9nin: le CA de Kinta, Brice Lankoutin lib\u00e9r\u00e9 de prison - B\u00e9nin","isPartOf":{"@id":"https:\/\/www.africa-press.net\/benin\/#website"},"primaryImageOfPage":{"@id":"https:\/\/www.africa-press.net\/benin\/toutes-les-actualites\/benin-le-ca-de-kinta-brice-lankoutin-libere-de-prison#primaryimage"},"image":{"@id":"https:\/\/www.africa-press.net\/benin\/toutes-les-actualites\/benin-le-ca-de-kinta-brice-lankoutin-libere-de-prison#primaryimage"},"thumbnailUrl":"https:\/\/static.africa-press.net\/benin\/sites\/46\/2022\/08\/postQueueImg_31-6303aa86972a5.jpg","datePublished":"2022-08-22T15:51:32+00:00","dateModified":"2022-08-22T16:11:09+00:00","author":{"@id":"https:\/\/www.africa-press.net\/benin\/#\/schema\/person\/2b1cf3cd81a31e3cd26889ca66d677f1"},"description":"D\u00e9pos\u00e9 en prison depuis mars 2022 pour enrichissement illicite, Brice Lankoutin, Chef d\u2019arrondissement de Kinta dans la ...","breadcrumb":{"@id":"https:\/\/www.africa-press.net\/benin\/toutes-les-actualites\/benin-le-ca-de-kinta-brice-lankoutin-libere-de-prison#breadcrumb"},"inLanguage":"fr-FR","potentialAction":[{"@type":"ReadAction","target":["https:\/\/www.africa-press.net\/benin\/toutes-les-actualites\/benin-le-ca-de-kinta-brice-lankoutin-libere-de-prison"]}]},{"@type":"ImageObject","inLanguage":"fr-FR","@id":"https:\/\/www.africa-press.net\/benin\/toutes-les-actualites\/benin-le-ca-de-kinta-brice-lankoutin-libere-de-prison#primaryimage","url":"https:\/\/static.africa-press.net\/benin\/sites\/46\/2022\/08\/postQueueImg_31-6303aa86972a5.jpg","contentUrl":"https:\/\/static.africa-press.net\/benin\/sites\/46\/2022\/08\/postQueueImg_31-6303aa86972a5.jpg","width":1280,"height":720,"caption":"B\u00e9nin: le CA de Kinta, Brice Lankoutin lib\u00e9r\u00e9 de prison"},{"@type":"BreadcrumbList","@id":"https:\/\/www.africa-press.net\/benin\/toutes-les-actualites\/benin-le-ca-de-kinta-brice-lankoutin-libere-de-prison#breadcrumb","itemListElement":[{"@type":"ListItem","position":1,"name":"Accueil","item":"https:\/\/www.africa-press.net\/benin\/"},{"@type":"ListItem","position":2,"name":"B\u00e9nin: le CA de Kinta, Brice Lankoutin lib\u00e9r\u00e9 de prison"}]},{"@type":"WebSite","@id":"https:\/\/www.africa-press.net\/benin\/#website","url":"https:\/\/www.africa-press.net\/benin\/","name":"B\u00e9nin","description":"Just another Africa News Agency Sites site","potentialAction":[{"@type":"SearchAction","target":{"@type":"EntryPoint","urlTemplate":"https:\/\/www.africa-press.net\/benin\/?s={search_term_string}"},"query-input":{"@type":"PropertyValueSpecification","valueRequired":true,"valueName":"search_term_string"}}],"inLanguage":"fr-FR"},{"@type":"Person","@id":"https:\/\/www.africa-press.net\/benin\/#\/schema\/person\/2b1cf3cd81a31e3cd26889ca66d677f1","name":"cfeditorfr"}]}},"_links":{"self":[{"href":"https:\/\/www.africa-press.net\/benin\/wp-json\/wp\/v2\/posts\/8142","targetHints":{"allow":["GET"]}}],"collection":[{"href":"https:\/\/www.africa-press.net\/benin\/wp-json\/wp\/v2\/posts"}],"about":[{"href":"https:\/\/www.africa-press.net\/benin\/wp-json\/wp\/v2\/types\/post"}],"author":[{"embeddable":true,"href":"https:\/\/www.africa-press.net\/benin\/wp-json\/wp\/v2\/users\/82"}],"replies":[{"embeddable":true,"href":"https:\/\/www.africa-press.net\/benin\/wp-json\/wp\/v2\/comments?post=8142"}],"version-history":[{"count":0,"href":"https:\/\/www.africa-press.net\/benin\/wp-json\/wp\/v2\/posts\/8142\/revisions"}],"wp:featuredmedia":[{"embeddable":true,"href":"https:\/\/www.africa-press.net\/benin\/wp-json\/wp\/v2\/media\/8141"}],"wp:attachment":[{"href":"https:\/\/www.africa-press.net\/benin\/wp-json\/wp\/v2\/media?parent=8142"}],"wp:term":[{"taxonomy":"category","embeddable":true,"href":"https:\/\/www.africa-press.net\/benin\/wp-json\/wp\/v2\/categories?post=8142"},{"taxonomy":"post_tag","embeddable":true,"href":"https:\/\/www.africa-press.net\/benin\/wp-json\/wp\/v2\/tags?post=8142"}],"curies":[{"name":"wp","href":"https:\/\/api.w.org\/{rel}","templated":true}]}}