{"id":8160,"date":"2022-08-23T18:13:55","date_gmt":"2022-08-23T18:13:55","guid":{"rendered":"https:\/\/www.africa-press.net\/benin\/politique\/lutte-antiterroriste-au-benin-larmee-a-receptionne-un-helicoptere-de-combat"},"modified":"2022-08-23T18:35:12","modified_gmt":"2022-08-23T18:35:12","slug":"lutte-antiterroriste-au-benin-larmee-a-receptionne-un-helicoptere-de-combat","status":"publish","type":"post","link":"https:\/\/www.africa-press.net\/benin\/toutes-les-actualites\/lutte-antiterroriste-au-benin-larmee-a-receptionne-un-helicoptere-de-combat","title":{"rendered":"Lutte antiterroriste au B\u00e9nin: l\u2019arm\u00e9e a r\u00e9ceptionn\u00e9 un h\u00e9licopt\u00e8re de combat"},"content":{"rendered":"<p><span style=\"color: #ff6600\"><strong>Africa-Press &#8211; Benin. <\/strong><\/span>Le B\u00e9nin s\u2019active pour le renforcement des moyens de son arm\u00e9e face aux attaques terroristes. Il y a quelques jours l\u2019arm\u00e9e a r\u00e9ceptionn\u00e9 un h\u00e9licopt\u00e8re de combat, comptant pour les \u00e9quipements command\u00e9s.<\/p>\n<p>L\u2019arm\u00e9e b\u00e9ninoise dispose d\u00e9sormais d\u2019un h\u00e9licopt\u00e8re de combat, a rapport\u00e9 Frissons radio. L\u2019engin est acquis dans le cadre des \u00e9quipements command\u00e9s pour l\u2019am\u00e9lioration des performances des Forces de d\u00e9fense et de s\u00e9curit\u00e9 contre les jihadistes.<\/p>\n<p>Lors de la visite du pr\u00e9sident Emmanuel Macron au B\u00e9nin en juillet dernier, le pr\u00e9sident Patrice Talon avait rappel\u00e9 la n\u00e9cessit\u00e9 pour le B\u00e9nin d\u2019\u00e9quiper son arm\u00e9e. Il avait d\u2019ailleurs sollicit\u00e9 la France pour l\u2019acquisition d\u2019\u00e9quipements. \u00ab La France sera toujours aux c\u00f4t\u00e9s des autorit\u00e9s b\u00e9ninoises pour faire face \u00e0 cette menace. Elle le sera, en r\u00e9pondant \u00e0 vos demandes \u00bb, avait r\u00e9pondu le pr\u00e9sident fran\u00e7ais qui a promis de faire diligence.<\/p>\n<p>Bon travail pour le renforcement des arm\u00e9es b\u00e9ninois contre les terroristes au B\u00e9nin<\/p>\n<p><strong>Pour plus d&rsquo;informations et d&rsquo;analyses sur la <a href=\"https:\/\/www.africa-press.net\/benin\">Benin<\/a>, suivez <a href=\"https:\/\/www.africa-press.net\/\">Africa-Press<\/a><\/strong><\/p>\n","protected":false},"excerpt":{"rendered":"<p>Africa-Press &#8211; Benin. Le B\u00e9nin s\u2019active pour le renforcement des moyens de son arm\u00e9e face aux attaques terroristes. Il y a quelques jours l\u2019arm\u00e9e a r\u00e9ceptionn\u00e9 un h\u00e9licopt\u00e8re de combat, comptant pour les \u00e9quipements command\u00e9s. L\u2019arm\u00e9e b\u00e9ninoise dispose d\u00e9sormais d\u2019un h\u00e9licopt\u00e8re de combat, a rapport\u00e9 Frissons radio. L\u2019engin est acquis dans le cadre des \u00e9quipements [&hellip;]<\/p>\n","protected":false},"author":82,"featured_media":8159,"comment_status":"open","ping_status":"closed","sticky":false,"template":"","format":"standard","meta":{"footnotes":""},"categories":[21,11,10],"tags":[36,50,45],"class_list":["post-8160","post","type-post","status-publish","format-standard","has-post-thumbnail","hentry","category-communaute","category-homepage-french","category-toutes-les-actualites","tag-africa-press","tag-africa-press-benin","tag-benin"],"yoast_head":"<!-- This site is optimized with the Yoast SEO Premium plugin v26.1 (Yoast SEO v27.0) - https:\/\/yoast.com\/product\/yoast-seo-premium-wordpress\/ -->\n<title>Lutte antiterroriste au B\u00e9nin: l\u2019arm\u00e9e a r\u00e9ceptionn\u00e9 un h\u00e9licopt\u00e8re de combat - B\u00e9nin<\/title>\n<meta name=\"description\" content=\"Le B\u00e9nin s\u2019active pour le renforcement des moyens de son arm\u00e9e face aux attaques terroristes. Il y a quelques jours l\u2019ar ...\" \/>\n<meta name=\"robots\" content=\"index, follow, max-snippet:-1, max-image-preview:large, max-video-preview:-1\" \/>\n<link rel=\"canonical\" href=\"https:\/\/www.africa-press.net\/benin\/toutes-les-actualites\/lutte-antiterroriste-au-benin-larmee-a-receptionne-un-helicoptere-de-combat\" \/>\n<meta property=\"og:locale\" content=\"fr_FR\" \/>\n<meta property=\"og:type\" content=\"article\" \/>\n<meta property=\"og:title\" content=\"Lutte antiterroriste au B\u00e9nin: l\u2019arm\u00e9e a r\u00e9ceptionn\u00e9 un h\u00e9licopt\u00e8re de combat\" \/>\n<meta property=\"og:description\" content=\"Le B\u00e9nin s\u2019active pour le renforcement des moyens de son arm\u00e9e face aux attaques terroristes. Il y a quelques jours l\u2019ar ...\" \/>\n<meta property=\"og:url\" content=\"https:\/\/www.africa-press.net\/benin\/toutes-les-actualites\/lutte-antiterroriste-au-benin-larmee-a-receptionne-un-helicoptere-de-combat\" \/>\n<meta property=\"og:site_name\" content=\"B\u00e9nin\" \/>\n<meta property=\"article:published_time\" content=\"2022-08-23T18:13:55+00:00\" \/>\n<meta property=\"article:modified_time\" content=\"2022-08-23T18:35:12+00:00\" \/>\n<meta property=\"og:image\" content=\"https:\/\/static.africa-press.net\/benin\/sites\/46\/2022\/08\/postQueueImg_26-63051dcbf1a82.jpg\" \/>\n\t<meta property=\"og:image:width\" content=\"1280\" \/>\n\t<meta property=\"og:image:height\" content=\"720\" \/>\n\t<meta property=\"og:image:type\" content=\"image\/jpeg\" \/>\n<meta name=\"author\" content=\"cfeditorfr\" \/>\n<meta name=\"twitter:card\" content=\"summary_large_image\" \/>\n<meta name=\"twitter:label1\" content=\"\u00c9crit par\" \/>\n\t<meta name=\"twitter:data1\" content=\"cfeditorfr\" \/>\n\t<meta name=\"twitter:label2\" content=\"Dur\u00e9e de lecture estim\u00e9e\" \/>\n\t<meta name=\"twitter:data2\" content=\"1 minute\" \/>\n<script type=\"application\/ld+json\" class=\"yoast-schema-graph\">{\"@context\":\"https:\/\/schema.org\",\"@graph\":[{\"@type\":\"Article\",\"@id\":\"https:\/\/www.africa-press.net\/benin\/toutes-les-actualites\/lutte-antiterroriste-au-benin-larmee-a-receptionne-un-helicoptere-de-combat#article\",\"isPartOf\":{\"@id\":\"https:\/\/www.africa-press.net\/benin\/toutes-les-actualites\/lutte-antiterroriste-au-benin-larmee-a-receptionne-un-helicoptere-de-combat\"},\"author\":{\"name\":\"cfeditorfr\",\"@id\":\"https:\/\/www.africa-press.net\/benin\/#\/schema\/person\/2b1cf3cd81a31e3cd26889ca66d677f1\"},\"headline\":\"Lutte antiterroriste au B\u00e9nin: l\u2019arm\u00e9e a r\u00e9ceptionn\u00e9 un h\u00e9licopt\u00e8re de combat\",\"datePublished\":\"2022-08-23T18:13:55+00:00\",\"dateModified\":\"2022-08-23T18:35:12+00:00\",\"mainEntityOfPage\":{\"@id\":\"https:\/\/www.africa-press.net\/benin\/toutes-les-actualites\/lutte-antiterroriste-au-benin-larmee-a-receptionne-un-helicoptere-de-combat\"},\"wordCount\":223,\"commentCount\":0,\"image\":{\"@id\":\"https:\/\/www.africa-press.net\/benin\/toutes-les-actualites\/lutte-antiterroriste-au-benin-larmee-a-receptionne-un-helicoptere-de-combat#primaryimage\"},\"thumbnailUrl\":\"https:\/\/static.africa-press.net\/benin\/sites\/46\/2022\/08\/postQueueImg_26-63051dcbf1a82.jpg\",\"keywords\":[\"Africa Press\",\"Africa Press-Benin\",\"B\u00e9nin\"],\"articleSection\":[\"Communaut\u00e9\",\"homepage-french\",\"Toutes les actualit\u00e9s\"],\"inLanguage\":\"fr-FR\",\"potentialAction\":[{\"@type\":\"CommentAction\",\"name\":\"Comment\",\"target\":[\"https:\/\/www.africa-press.net\/benin\/toutes-les-actualites\/lutte-antiterroriste-au-benin-larmee-a-receptionne-un-helicoptere-de-combat#respond\"]}]},{\"@type\":\"WebPage\",\"@id\":\"https:\/\/www.africa-press.net\/benin\/toutes-les-actualites\/lutte-antiterroriste-au-benin-larmee-a-receptionne-un-helicoptere-de-combat\",\"url\":\"https:\/\/www.africa-press.net\/benin\/toutes-les-actualites\/lutte-antiterroriste-au-benin-larmee-a-receptionne-un-helicoptere-de-combat\",\"name\":\"Lutte antiterroriste au B\u00e9nin: l\u2019arm\u00e9e a r\u00e9ceptionn\u00e9 un h\u00e9licopt\u00e8re de combat - B\u00e9nin\",\"isPartOf\":{\"@id\":\"https:\/\/www.africa-press.net\/benin\/#website\"},\"primaryImageOfPage\":{\"@id\":\"https:\/\/www.africa-press.net\/benin\/toutes-les-actualites\/lutte-antiterroriste-au-benin-larmee-a-receptionne-un-helicoptere-de-combat#primaryimage\"},\"image\":{\"@id\":\"https:\/\/www.africa-press.net\/benin\/toutes-les-actualites\/lutte-antiterroriste-au-benin-larmee-a-receptionne-un-helicoptere-de-combat#primaryimage\"},\"thumbnailUrl\":\"https:\/\/static.africa-press.net\/benin\/sites\/46\/2022\/08\/postQueueImg_26-63051dcbf1a82.jpg\",\"datePublished\":\"2022-08-23T18:13:55+00:00\",\"dateModified\":\"2022-08-23T18:35:12+00:00\",\"author\":{\"@id\":\"https:\/\/www.africa-press.net\/benin\/#\/schema\/person\/2b1cf3cd81a31e3cd26889ca66d677f1\"},\"description\":\"Le B\u00e9nin s\u2019active pour le renforcement des moyens de son arm\u00e9e face aux attaques terroristes. Il y a quelques jours l\u2019ar ...\",\"breadcrumb\":{\"@id\":\"https:\/\/www.africa-press.net\/benin\/toutes-les-actualites\/lutte-antiterroriste-au-benin-larmee-a-receptionne-un-helicoptere-de-combat#breadcrumb\"},\"inLanguage\":\"fr-FR\",\"potentialAction\":[{\"@type\":\"ReadAction\",\"target\":[\"https:\/\/www.africa-press.net\/benin\/toutes-les-actualites\/lutte-antiterroriste-au-benin-larmee-a-receptionne-un-helicoptere-de-combat\"]}]},{\"@type\":\"ImageObject\",\"inLanguage\":\"fr-FR\",\"@id\":\"https:\/\/www.africa-press.net\/benin\/toutes-les-actualites\/lutte-antiterroriste-au-benin-larmee-a-receptionne-un-helicoptere-de-combat#primaryimage\",\"url\":\"https:\/\/static.africa-press.net\/benin\/sites\/46\/2022\/08\/postQueueImg_26-63051dcbf1a82.jpg\",\"contentUrl\":\"https:\/\/static.africa-press.net\/benin\/sites\/46\/2022\/08\/postQueueImg_26-63051dcbf1a82.jpg\",\"width\":1280,\"height\":720,\"caption\":\"Lutte antiterroriste au B\u00e9nin: l\u2019arm\u00e9e a r\u00e9ceptionn\u00e9 un h\u00e9licopt\u00e8re de combat\"},{\"@type\":\"BreadcrumbList\",\"@id\":\"https:\/\/www.africa-press.net\/benin\/toutes-les-actualites\/lutte-antiterroriste-au-benin-larmee-a-receptionne-un-helicoptere-de-combat#breadcrumb\",\"itemListElement\":[{\"@type\":\"ListItem\",\"position\":1,\"name\":\"Accueil\",\"item\":\"https:\/\/www.africa-press.net\/benin\/\"},{\"@type\":\"ListItem\",\"position\":2,\"name\":\"Lutte antiterroriste au B\u00e9nin: l\u2019arm\u00e9e a r\u00e9ceptionn\u00e9 un h\u00e9licopt\u00e8re de combat\"}]},{\"@type\":\"WebSite\",\"@id\":\"https:\/\/www.africa-press.net\/benin\/#website\",\"url\":\"https:\/\/www.africa-press.net\/benin\/\",\"name\":\"B\u00e9nin\",\"description\":\"Just another Africa News Agency Sites site\",\"potentialAction\":[{\"@type\":\"SearchAction\",\"target\":{\"@type\":\"EntryPoint\",\"urlTemplate\":\"https:\/\/www.africa-press.net\/benin\/?s={search_term_string}\"},\"query-input\":{\"@type\":\"PropertyValueSpecification\",\"valueRequired\":true,\"valueName\":\"search_term_string\"}}],\"inLanguage\":\"fr-FR\"},{\"@type\":\"Person\",\"@id\":\"https:\/\/www.africa-press.net\/benin\/#\/schema\/person\/2b1cf3cd81a31e3cd26889ca66d677f1\",\"name\":\"cfeditorfr\"}]}<\/script>\n<!-- \/ Yoast SEO Premium plugin. -->","yoast_head_json":{"title":"Lutte antiterroriste au B\u00e9nin: l\u2019arm\u00e9e a r\u00e9ceptionn\u00e9 un h\u00e9licopt\u00e8re de combat - B\u00e9nin","description":"Le B\u00e9nin s\u2019active pour le renforcement des moyens de son arm\u00e9e face aux attaques terroristes. Il y a quelques jours l\u2019ar ...","robots":{"index":"index","follow":"follow","max-snippet":"max-snippet:-1","max-image-preview":"max-image-preview:large","max-video-preview":"max-video-preview:-1"},"canonical":"https:\/\/www.africa-press.net\/benin\/toutes-les-actualites\/lutte-antiterroriste-au-benin-larmee-a-receptionne-un-helicoptere-de-combat","og_locale":"fr_FR","og_type":"article","og_title":"Lutte antiterroriste au B\u00e9nin: l\u2019arm\u00e9e a r\u00e9ceptionn\u00e9 un h\u00e9licopt\u00e8re de combat","og_description":"Le B\u00e9nin s\u2019active pour le renforcement des moyens de son arm\u00e9e face aux attaques terroristes. Il y a quelques jours l\u2019ar ...","og_url":"https:\/\/www.africa-press.net\/benin\/toutes-les-actualites\/lutte-antiterroriste-au-benin-larmee-a-receptionne-un-helicoptere-de-combat","og_site_name":"B\u00e9nin","article_published_time":"2022-08-23T18:13:55+00:00","article_modified_time":"2022-08-23T18:35:12+00:00","og_image":[{"width":1280,"height":720,"url":"https:\/\/static.africa-press.net\/benin\/sites\/46\/2022\/08\/postQueueImg_26-63051dcbf1a82.jpg","type":"image\/jpeg"}],"author":"cfeditorfr","twitter_card":"summary_large_image","twitter_misc":{"\u00c9crit par":"cfeditorfr","Dur\u00e9e de lecture estim\u00e9e":"1 minute"},"schema":{"@context":"https:\/\/schema.org","@graph":[{"@type":"Article","@id":"https:\/\/www.africa-press.net\/benin\/toutes-les-actualites\/lutte-antiterroriste-au-benin-larmee-a-receptionne-un-helicoptere-de-combat#article","isPartOf":{"@id":"https:\/\/www.africa-press.net\/benin\/toutes-les-actualites\/lutte-antiterroriste-au-benin-larmee-a-receptionne-un-helicoptere-de-combat"},"author":{"name":"cfeditorfr","@id":"https:\/\/www.africa-press.net\/benin\/#\/schema\/person\/2b1cf3cd81a31e3cd26889ca66d677f1"},"headline":"Lutte antiterroriste au B\u00e9nin: l\u2019arm\u00e9e a r\u00e9ceptionn\u00e9 un h\u00e9licopt\u00e8re de combat","datePublished":"2022-08-23T18:13:55+00:00","dateModified":"2022-08-23T18:35:12+00:00","mainEntityOfPage":{"@id":"https:\/\/www.africa-press.net\/benin\/toutes-les-actualites\/lutte-antiterroriste-au-benin-larmee-a-receptionne-un-helicoptere-de-combat"},"wordCount":223,"commentCount":0,"image":{"@id":"https:\/\/www.africa-press.net\/benin\/toutes-les-actualites\/lutte-antiterroriste-au-benin-larmee-a-receptionne-un-helicoptere-de-combat#primaryimage"},"thumbnailUrl":"https:\/\/static.africa-press.net\/benin\/sites\/46\/2022\/08\/postQueueImg_26-63051dcbf1a82.jpg","keywords":["Africa Press","Africa Press-Benin","B\u00e9nin"],"articleSection":["Communaut\u00e9","homepage-french","Toutes les actualit\u00e9s"],"inLanguage":"fr-FR","potentialAction":[{"@type":"CommentAction","name":"Comment","target":["https:\/\/www.africa-press.net\/benin\/toutes-les-actualites\/lutte-antiterroriste-au-benin-larmee-a-receptionne-un-helicoptere-de-combat#respond"]}]},{"@type":"WebPage","@id":"https:\/\/www.africa-press.net\/benin\/toutes-les-actualites\/lutte-antiterroriste-au-benin-larmee-a-receptionne-un-helicoptere-de-combat","url":"https:\/\/www.africa-press.net\/benin\/toutes-les-actualites\/lutte-antiterroriste-au-benin-larmee-a-receptionne-un-helicoptere-de-combat","name":"Lutte antiterroriste au B\u00e9nin: l\u2019arm\u00e9e a r\u00e9ceptionn\u00e9 un h\u00e9licopt\u00e8re de combat - B\u00e9nin","isPartOf":{"@id":"https:\/\/www.africa-press.net\/benin\/#website"},"primaryImageOfPage":{"@id":"https:\/\/www.africa-press.net\/benin\/toutes-les-actualites\/lutte-antiterroriste-au-benin-larmee-a-receptionne-un-helicoptere-de-combat#primaryimage"},"image":{"@id":"https:\/\/www.africa-press.net\/benin\/toutes-les-actualites\/lutte-antiterroriste-au-benin-larmee-a-receptionne-un-helicoptere-de-combat#primaryimage"},"thumbnailUrl":"https:\/\/static.africa-press.net\/benin\/sites\/46\/2022\/08\/postQueueImg_26-63051dcbf1a82.jpg","datePublished":"2022-08-23T18:13:55+00:00","dateModified":"2022-08-23T18:35:12+00:00","author":{"@id":"https:\/\/www.africa-press.net\/benin\/#\/schema\/person\/2b1cf3cd81a31e3cd26889ca66d677f1"},"description":"Le B\u00e9nin s\u2019active pour le renforcement des moyens de son arm\u00e9e face aux attaques terroristes. Il y a quelques jours l\u2019ar ...","breadcrumb":{"@id":"https:\/\/www.africa-press.net\/benin\/toutes-les-actualites\/lutte-antiterroriste-au-benin-larmee-a-receptionne-un-helicoptere-de-combat#breadcrumb"},"inLanguage":"fr-FR","potentialAction":[{"@type":"ReadAction","target":["https:\/\/www.africa-press.net\/benin\/toutes-les-actualites\/lutte-antiterroriste-au-benin-larmee-a-receptionne-un-helicoptere-de-combat"]}]},{"@type":"ImageObject","inLanguage":"fr-FR","@id":"https:\/\/www.africa-press.net\/benin\/toutes-les-actualites\/lutte-antiterroriste-au-benin-larmee-a-receptionne-un-helicoptere-de-combat#primaryimage","url":"https:\/\/static.africa-press.net\/benin\/sites\/46\/2022\/08\/postQueueImg_26-63051dcbf1a82.jpg","contentUrl":"https:\/\/static.africa-press.net\/benin\/sites\/46\/2022\/08\/postQueueImg_26-63051dcbf1a82.jpg","width":1280,"height":720,"caption":"Lutte antiterroriste au B\u00e9nin: l\u2019arm\u00e9e a r\u00e9ceptionn\u00e9 un h\u00e9licopt\u00e8re de combat"},{"@type":"BreadcrumbList","@id":"https:\/\/www.africa-press.net\/benin\/toutes-les-actualites\/lutte-antiterroriste-au-benin-larmee-a-receptionne-un-helicoptere-de-combat#breadcrumb","itemListElement":[{"@type":"ListItem","position":1,"name":"Accueil","item":"https:\/\/www.africa-press.net\/benin\/"},{"@type":"ListItem","position":2,"name":"Lutte antiterroriste au B\u00e9nin: l\u2019arm\u00e9e a r\u00e9ceptionn\u00e9 un h\u00e9licopt\u00e8re de combat"}]},{"@type":"WebSite","@id":"https:\/\/www.africa-press.net\/benin\/#website","url":"https:\/\/www.africa-press.net\/benin\/","name":"B\u00e9nin","description":"Just another Africa News Agency Sites site","potentialAction":[{"@type":"SearchAction","target":{"@type":"EntryPoint","urlTemplate":"https:\/\/www.africa-press.net\/benin\/?s={search_term_string}"},"query-input":{"@type":"PropertyValueSpecification","valueRequired":true,"valueName":"search_term_string"}}],"inLanguage":"fr-FR"},{"@type":"Person","@id":"https:\/\/www.africa-press.net\/benin\/#\/schema\/person\/2b1cf3cd81a31e3cd26889ca66d677f1","name":"cfeditorfr"}]}},"_links":{"self":[{"href":"https:\/\/www.africa-press.net\/benin\/wp-json\/wp\/v2\/posts\/8160","targetHints":{"allow":["GET"]}}],"collection":[{"href":"https:\/\/www.africa-press.net\/benin\/wp-json\/wp\/v2\/posts"}],"about":[{"href":"https:\/\/www.africa-press.net\/benin\/wp-json\/wp\/v2\/types\/post"}],"author":[{"embeddable":true,"href":"https:\/\/www.africa-press.net\/benin\/wp-json\/wp\/v2\/users\/82"}],"replies":[{"embeddable":true,"href":"https:\/\/www.africa-press.net\/benin\/wp-json\/wp\/v2\/comments?post=8160"}],"version-history":[{"count":0,"href":"https:\/\/www.africa-press.net\/benin\/wp-json\/wp\/v2\/posts\/8160\/revisions"}],"wp:featuredmedia":[{"embeddable":true,"href":"https:\/\/www.africa-press.net\/benin\/wp-json\/wp\/v2\/media\/8159"}],"wp:attachment":[{"href":"https:\/\/www.africa-press.net\/benin\/wp-json\/wp\/v2\/media?parent=8160"}],"wp:term":[{"taxonomy":"category","embeddable":true,"href":"https:\/\/www.africa-press.net\/benin\/wp-json\/wp\/v2\/categories?post=8160"},{"taxonomy":"post_tag","embeddable":true,"href":"https:\/\/www.africa-press.net\/benin\/wp-json\/wp\/v2\/tags?post=8160"}],"curies":[{"name":"wp","href":"https:\/\/api.w.org\/{rel}","templated":true}]}}