{"id":8163,"date":"2022-08-23T18:14:07","date_gmt":"2022-08-23T18:14:07","guid":{"rendered":"https:\/\/www.africa-press.net\/benin\/politique\/benin-ictus-bank-la-banque-de-leglise-catholique-en-gestation"},"modified":"2022-08-23T18:35:38","modified_gmt":"2022-08-23T18:35:38","slug":"benin-ictus-bank-la-banque-de-leglise-catholique-en-gestation","status":"publish","type":"post","link":"https:\/\/www.africa-press.net\/benin\/toutes-les-actualites\/benin-ictus-bank-la-banque-de-leglise-catholique-en-gestation","title":{"rendered":"B\u00e9nin: \u00ab\u00a0ICTUS BANK\u00a0\u00bb, la banque de l\u2019Eglise catholique en gestation"},"content":{"rendered":"<p><span style=\"color: #ff6600\"><strong>Africa-Press &#8211; Benin. <\/strong><\/span>Au B\u00e9nin, l\u2019Eglise catholique envisage de mettre en place sa propre banque. Un appel \u00e0 souscription a \u00e9t\u00e9 lanc\u00e9 depuis quelques jours dans le cadre de la cr\u00e9ation de cette institution financi\u00e8re.<\/p>\n<p>La cr\u00e9ation d\u2019une banque est en vue par l\u2019Eglise catholique. D\u00e9nomm\u00e9e ICTUS Bank en abr\u00e9g\u00e9 ICB, cette institution financi\u00e8re a pour objectif de donner \u00e0 l\u2019Eglise une \u00ab autonomie financi\u00e8re et de contribuer au d\u00e9veloppement int\u00e9gral du B\u00e9nin et celui de ses fils et filles \u00bb.<\/p>\n<p>Selon la note Pro. N\u00b0381\/DIOC-AB\/SP2022 du dioc\u00e8se d\u2019Abomey, ICTUS Bank est une soci\u00e9t\u00e9 anonyme (SA) au capital de 10 milliards de francs CFA. \u00ab La part large de ce capital doit \u00eatre prise par les dioc\u00e8ses, les institutions eccl\u00e9siales et les fid\u00e8les la\u00efcs. A ce titre, le dioc\u00e8se d\u2019Abomey souhaite si\u00e9ger en faisant bloc avec ses institutions eccl\u00e9siastes et ses fid\u00e8les la\u00efcs en mobilisant le maximum d\u2019actions dont la valeur nominale est \u00e0 50 mille francs CFA \u00bb, lit-on dans la note sign\u00e9e de l\u2019\u00c9v\u00eaque Eug\u00e8ne Cyrille Hound\u00e9kon.<\/p>\n<p>Les souscriptions sont re\u00e7ues \u00e0 la banque Atlantique B\u00e9nin jusqu\u2019au 15 septembre 2022. Pour ne pas rater l\u2019aubaine, l\u2019\u00c9v\u00eaque invite les fid\u00e8les de son dioc\u00e8se \u00e0 faire diligence. \u00ab Confiant en votre engagement pour le bien de l\u2019Eglise catholique au B\u00e9nin, qui institue une premi\u00e8re Banque fond\u00e9e par les nationaux, je vous accorde la b\u00e9n\u00e9diction apostolique \u00bb, a-t-il conclu.<\/p>\n<p><strong>Pour plus d&rsquo;informations et d&rsquo;analyses sur la <a href=\"https:\/\/www.africa-press.net\/benin\">Benin<\/a>, suivez <a href=\"https:\/\/www.africa-press.net\/\">Africa-Press<\/a><\/strong><\/p>\n","protected":false},"excerpt":{"rendered":"<p>Africa-Press &#8211; Benin. Au B\u00e9nin, l\u2019Eglise catholique envisage de mettre en place sa propre banque. Un appel \u00e0 souscription a \u00e9t\u00e9 lanc\u00e9 depuis quelques jours dans le cadre de la cr\u00e9ation de cette institution financi\u00e8re. La cr\u00e9ation d\u2019une banque est en vue par l\u2019Eglise catholique. D\u00e9nomm\u00e9e ICTUS Bank en abr\u00e9g\u00e9 ICB, cette institution financi\u00e8re a [&hellip;]<\/p>\n","protected":false},"author":82,"featured_media":8162,"comment_status":"open","ping_status":"closed","sticky":false,"template":"","format":"standard","meta":{"footnotes":""},"categories":[21,11,10],"tags":[36,50,45],"class_list":["post-8163","post","type-post","status-publish","format-standard","has-post-thumbnail","hentry","category-communaute","category-homepage-french","category-toutes-les-actualites","tag-africa-press","tag-africa-press-benin","tag-benin"],"yoast_head":"<!-- This site is optimized with the Yoast SEO Premium plugin v26.1 (Yoast SEO v27.0) - https:\/\/yoast.com\/product\/yoast-seo-premium-wordpress\/ -->\n<title>B\u00e9nin: \u00ab\u00a0ICTUS BANK\u00a0\u00bb, la banque de l\u2019Eglise catholique en gestation - B\u00e9nin<\/title>\n<meta name=\"description\" content=\"Au B\u00e9nin, l\u2019Eglise catholique envisage de mettre en place sa propre banque. Un appel \u00e0 souscription a \u00e9t\u00e9 lanc\u00e9 depuis q ...\" \/>\n<meta name=\"robots\" content=\"index, follow, max-snippet:-1, max-image-preview:large, max-video-preview:-1\" \/>\n<link rel=\"canonical\" href=\"https:\/\/www.africa-press.net\/benin\/toutes-les-actualites\/benin-ictus-bank-la-banque-de-leglise-catholique-en-gestation\" \/>\n<meta property=\"og:locale\" content=\"fr_FR\" \/>\n<meta property=\"og:type\" content=\"article\" \/>\n<meta property=\"og:title\" content=\"B\u00e9nin: \u00ab\u00a0ICTUS BANK\u00a0\u00bb, la banque de l\u2019Eglise catholique en gestation\" \/>\n<meta property=\"og:description\" content=\"Au B\u00e9nin, l\u2019Eglise catholique envisage de mettre en place sa propre banque. Un appel \u00e0 souscription a \u00e9t\u00e9 lanc\u00e9 depuis q ...\" \/>\n<meta property=\"og:url\" content=\"https:\/\/www.africa-press.net\/benin\/toutes-les-actualites\/benin-ictus-bank-la-banque-de-leglise-catholique-en-gestation\" \/>\n<meta property=\"og:site_name\" content=\"B\u00e9nin\" \/>\n<meta property=\"article:published_time\" content=\"2022-08-23T18:14:07+00:00\" \/>\n<meta property=\"article:modified_time\" content=\"2022-08-23T18:35:38+00:00\" \/>\n<meta property=\"og:image\" content=\"https:\/\/static.africa-press.net\/benin\/sites\/46\/2022\/08\/postQueueImg_27-63051de6b445c.jpg\" \/>\n\t<meta property=\"og:image:width\" content=\"1300\" \/>\n\t<meta property=\"og:image:height\" content=\"675\" \/>\n\t<meta property=\"og:image:type\" content=\"image\/jpeg\" \/>\n<meta name=\"author\" content=\"cfeditorfr\" \/>\n<meta name=\"twitter:card\" content=\"summary_large_image\" \/>\n<meta name=\"twitter:label1\" content=\"\u00c9crit par\" \/>\n\t<meta name=\"twitter:data1\" content=\"cfeditorfr\" \/>\n\t<meta name=\"twitter:label2\" content=\"Dur\u00e9e de lecture estim\u00e9e\" \/>\n\t<meta name=\"twitter:data2\" content=\"2 minutes\" \/>\n<script type=\"application\/ld+json\" class=\"yoast-schema-graph\">{\"@context\":\"https:\/\/schema.org\",\"@graph\":[{\"@type\":\"Article\",\"@id\":\"https:\/\/www.africa-press.net\/benin\/toutes-les-actualites\/benin-ictus-bank-la-banque-de-leglise-catholique-en-gestation#article\",\"isPartOf\":{\"@id\":\"https:\/\/www.africa-press.net\/benin\/toutes-les-actualites\/benin-ictus-bank-la-banque-de-leglise-catholique-en-gestation\"},\"author\":{\"name\":\"cfeditorfr\",\"@id\":\"https:\/\/www.africa-press.net\/benin\/#\/schema\/person\/2b1cf3cd81a31e3cd26889ca66d677f1\"},\"headline\":\"B\u00e9nin: \u00ab\u00a0ICTUS BANK\u00a0\u00bb, la banque de l\u2019Eglise catholique en gestation\",\"datePublished\":\"2022-08-23T18:14:07+00:00\",\"dateModified\":\"2022-08-23T18:35:38+00:00\",\"mainEntityOfPage\":{\"@id\":\"https:\/\/www.africa-press.net\/benin\/toutes-les-actualites\/benin-ictus-bank-la-banque-de-leglise-catholique-en-gestation\"},\"wordCount\":288,\"commentCount\":0,\"image\":{\"@id\":\"https:\/\/www.africa-press.net\/benin\/toutes-les-actualites\/benin-ictus-bank-la-banque-de-leglise-catholique-en-gestation#primaryimage\"},\"thumbnailUrl\":\"https:\/\/static.africa-press.net\/benin\/sites\/46\/2022\/08\/postQueueImg_27-63051de6b445c.jpg\",\"keywords\":[\"Africa Press\",\"Africa Press-Benin\",\"B\u00e9nin\"],\"articleSection\":[\"Communaut\u00e9\",\"homepage-french\",\"Toutes les actualit\u00e9s\"],\"inLanguage\":\"fr-FR\",\"potentialAction\":[{\"@type\":\"CommentAction\",\"name\":\"Comment\",\"target\":[\"https:\/\/www.africa-press.net\/benin\/toutes-les-actualites\/benin-ictus-bank-la-banque-de-leglise-catholique-en-gestation#respond\"]}]},{\"@type\":\"WebPage\",\"@id\":\"https:\/\/www.africa-press.net\/benin\/toutes-les-actualites\/benin-ictus-bank-la-banque-de-leglise-catholique-en-gestation\",\"url\":\"https:\/\/www.africa-press.net\/benin\/toutes-les-actualites\/benin-ictus-bank-la-banque-de-leglise-catholique-en-gestation\",\"name\":\"B\u00e9nin: \u00ab\u00a0ICTUS BANK\u00a0\u00bb, la banque de l\u2019Eglise catholique en gestation - B\u00e9nin\",\"isPartOf\":{\"@id\":\"https:\/\/www.africa-press.net\/benin\/#website\"},\"primaryImageOfPage\":{\"@id\":\"https:\/\/www.africa-press.net\/benin\/toutes-les-actualites\/benin-ictus-bank-la-banque-de-leglise-catholique-en-gestation#primaryimage\"},\"image\":{\"@id\":\"https:\/\/www.africa-press.net\/benin\/toutes-les-actualites\/benin-ictus-bank-la-banque-de-leglise-catholique-en-gestation#primaryimage\"},\"thumbnailUrl\":\"https:\/\/static.africa-press.net\/benin\/sites\/46\/2022\/08\/postQueueImg_27-63051de6b445c.jpg\",\"datePublished\":\"2022-08-23T18:14:07+00:00\",\"dateModified\":\"2022-08-23T18:35:38+00:00\",\"author\":{\"@id\":\"https:\/\/www.africa-press.net\/benin\/#\/schema\/person\/2b1cf3cd81a31e3cd26889ca66d677f1\"},\"description\":\"Au B\u00e9nin, l\u2019Eglise catholique envisage de mettre en place sa propre banque. Un appel \u00e0 souscription a \u00e9t\u00e9 lanc\u00e9 depuis q ...\",\"breadcrumb\":{\"@id\":\"https:\/\/www.africa-press.net\/benin\/toutes-les-actualites\/benin-ictus-bank-la-banque-de-leglise-catholique-en-gestation#breadcrumb\"},\"inLanguage\":\"fr-FR\",\"potentialAction\":[{\"@type\":\"ReadAction\",\"target\":[\"https:\/\/www.africa-press.net\/benin\/toutes-les-actualites\/benin-ictus-bank-la-banque-de-leglise-catholique-en-gestation\"]}]},{\"@type\":\"ImageObject\",\"inLanguage\":\"fr-FR\",\"@id\":\"https:\/\/www.africa-press.net\/benin\/toutes-les-actualites\/benin-ictus-bank-la-banque-de-leglise-catholique-en-gestation#primaryimage\",\"url\":\"https:\/\/static.africa-press.net\/benin\/sites\/46\/2022\/08\/postQueueImg_27-63051de6b445c.jpg\",\"contentUrl\":\"https:\/\/static.africa-press.net\/benin\/sites\/46\/2022\/08\/postQueueImg_27-63051de6b445c.jpg\",\"width\":1300,\"height\":675,\"caption\":\"B\u00e9nin: \u00ab\u00a0ICTUS BANK\u00a0\u00bb, la banque de l\u2019Eglise catholique en gestation\"},{\"@type\":\"BreadcrumbList\",\"@id\":\"https:\/\/www.africa-press.net\/benin\/toutes-les-actualites\/benin-ictus-bank-la-banque-de-leglise-catholique-en-gestation#breadcrumb\",\"itemListElement\":[{\"@type\":\"ListItem\",\"position\":1,\"name\":\"Accueil\",\"item\":\"https:\/\/www.africa-press.net\/benin\/\"},{\"@type\":\"ListItem\",\"position\":2,\"name\":\"B\u00e9nin: \u00ab\u00a0ICTUS BANK\u00a0\u00bb, la banque de l\u2019Eglise catholique en gestation\"}]},{\"@type\":\"WebSite\",\"@id\":\"https:\/\/www.africa-press.net\/benin\/#website\",\"url\":\"https:\/\/www.africa-press.net\/benin\/\",\"name\":\"B\u00e9nin\",\"description\":\"Just another Africa News Agency Sites site\",\"potentialAction\":[{\"@type\":\"SearchAction\",\"target\":{\"@type\":\"EntryPoint\",\"urlTemplate\":\"https:\/\/www.africa-press.net\/benin\/?s={search_term_string}\"},\"query-input\":{\"@type\":\"PropertyValueSpecification\",\"valueRequired\":true,\"valueName\":\"search_term_string\"}}],\"inLanguage\":\"fr-FR\"},{\"@type\":\"Person\",\"@id\":\"https:\/\/www.africa-press.net\/benin\/#\/schema\/person\/2b1cf3cd81a31e3cd26889ca66d677f1\",\"name\":\"cfeditorfr\"}]}<\/script>\n<!-- \/ Yoast SEO Premium plugin. -->","yoast_head_json":{"title":"B\u00e9nin: \u00ab\u00a0ICTUS BANK\u00a0\u00bb, la banque de l\u2019Eglise catholique en gestation - B\u00e9nin","description":"Au B\u00e9nin, l\u2019Eglise catholique envisage de mettre en place sa propre banque. Un appel \u00e0 souscription a \u00e9t\u00e9 lanc\u00e9 depuis q ...","robots":{"index":"index","follow":"follow","max-snippet":"max-snippet:-1","max-image-preview":"max-image-preview:large","max-video-preview":"max-video-preview:-1"},"canonical":"https:\/\/www.africa-press.net\/benin\/toutes-les-actualites\/benin-ictus-bank-la-banque-de-leglise-catholique-en-gestation","og_locale":"fr_FR","og_type":"article","og_title":"B\u00e9nin: \u00ab\u00a0ICTUS BANK\u00a0\u00bb, la banque de l\u2019Eglise catholique en gestation","og_description":"Au B\u00e9nin, l\u2019Eglise catholique envisage de mettre en place sa propre banque. Un appel \u00e0 souscription a \u00e9t\u00e9 lanc\u00e9 depuis q ...","og_url":"https:\/\/www.africa-press.net\/benin\/toutes-les-actualites\/benin-ictus-bank-la-banque-de-leglise-catholique-en-gestation","og_site_name":"B\u00e9nin","article_published_time":"2022-08-23T18:14:07+00:00","article_modified_time":"2022-08-23T18:35:38+00:00","og_image":[{"width":1300,"height":675,"url":"https:\/\/static.africa-press.net\/benin\/sites\/46\/2022\/08\/postQueueImg_27-63051de6b445c.jpg","type":"image\/jpeg"}],"author":"cfeditorfr","twitter_card":"summary_large_image","twitter_misc":{"\u00c9crit par":"cfeditorfr","Dur\u00e9e de lecture estim\u00e9e":"2 minutes"},"schema":{"@context":"https:\/\/schema.org","@graph":[{"@type":"Article","@id":"https:\/\/www.africa-press.net\/benin\/toutes-les-actualites\/benin-ictus-bank-la-banque-de-leglise-catholique-en-gestation#article","isPartOf":{"@id":"https:\/\/www.africa-press.net\/benin\/toutes-les-actualites\/benin-ictus-bank-la-banque-de-leglise-catholique-en-gestation"},"author":{"name":"cfeditorfr","@id":"https:\/\/www.africa-press.net\/benin\/#\/schema\/person\/2b1cf3cd81a31e3cd26889ca66d677f1"},"headline":"B\u00e9nin: \u00ab\u00a0ICTUS BANK\u00a0\u00bb, la banque de l\u2019Eglise catholique en gestation","datePublished":"2022-08-23T18:14:07+00:00","dateModified":"2022-08-23T18:35:38+00:00","mainEntityOfPage":{"@id":"https:\/\/www.africa-press.net\/benin\/toutes-les-actualites\/benin-ictus-bank-la-banque-de-leglise-catholique-en-gestation"},"wordCount":288,"commentCount":0,"image":{"@id":"https:\/\/www.africa-press.net\/benin\/toutes-les-actualites\/benin-ictus-bank-la-banque-de-leglise-catholique-en-gestation#primaryimage"},"thumbnailUrl":"https:\/\/static.africa-press.net\/benin\/sites\/46\/2022\/08\/postQueueImg_27-63051de6b445c.jpg","keywords":["Africa Press","Africa Press-Benin","B\u00e9nin"],"articleSection":["Communaut\u00e9","homepage-french","Toutes les actualit\u00e9s"],"inLanguage":"fr-FR","potentialAction":[{"@type":"CommentAction","name":"Comment","target":["https:\/\/www.africa-press.net\/benin\/toutes-les-actualites\/benin-ictus-bank-la-banque-de-leglise-catholique-en-gestation#respond"]}]},{"@type":"WebPage","@id":"https:\/\/www.africa-press.net\/benin\/toutes-les-actualites\/benin-ictus-bank-la-banque-de-leglise-catholique-en-gestation","url":"https:\/\/www.africa-press.net\/benin\/toutes-les-actualites\/benin-ictus-bank-la-banque-de-leglise-catholique-en-gestation","name":"B\u00e9nin: \u00ab\u00a0ICTUS BANK\u00a0\u00bb, la banque de l\u2019Eglise catholique en gestation - B\u00e9nin","isPartOf":{"@id":"https:\/\/www.africa-press.net\/benin\/#website"},"primaryImageOfPage":{"@id":"https:\/\/www.africa-press.net\/benin\/toutes-les-actualites\/benin-ictus-bank-la-banque-de-leglise-catholique-en-gestation#primaryimage"},"image":{"@id":"https:\/\/www.africa-press.net\/benin\/toutes-les-actualites\/benin-ictus-bank-la-banque-de-leglise-catholique-en-gestation#primaryimage"},"thumbnailUrl":"https:\/\/static.africa-press.net\/benin\/sites\/46\/2022\/08\/postQueueImg_27-63051de6b445c.jpg","datePublished":"2022-08-23T18:14:07+00:00","dateModified":"2022-08-23T18:35:38+00:00","author":{"@id":"https:\/\/www.africa-press.net\/benin\/#\/schema\/person\/2b1cf3cd81a31e3cd26889ca66d677f1"},"description":"Au B\u00e9nin, l\u2019Eglise catholique envisage de mettre en place sa propre banque. Un appel \u00e0 souscription a \u00e9t\u00e9 lanc\u00e9 depuis q ...","breadcrumb":{"@id":"https:\/\/www.africa-press.net\/benin\/toutes-les-actualites\/benin-ictus-bank-la-banque-de-leglise-catholique-en-gestation#breadcrumb"},"inLanguage":"fr-FR","potentialAction":[{"@type":"ReadAction","target":["https:\/\/www.africa-press.net\/benin\/toutes-les-actualites\/benin-ictus-bank-la-banque-de-leglise-catholique-en-gestation"]}]},{"@type":"ImageObject","inLanguage":"fr-FR","@id":"https:\/\/www.africa-press.net\/benin\/toutes-les-actualites\/benin-ictus-bank-la-banque-de-leglise-catholique-en-gestation#primaryimage","url":"https:\/\/static.africa-press.net\/benin\/sites\/46\/2022\/08\/postQueueImg_27-63051de6b445c.jpg","contentUrl":"https:\/\/static.africa-press.net\/benin\/sites\/46\/2022\/08\/postQueueImg_27-63051de6b445c.jpg","width":1300,"height":675,"caption":"B\u00e9nin: \u00ab\u00a0ICTUS BANK\u00a0\u00bb, la banque de l\u2019Eglise catholique en gestation"},{"@type":"BreadcrumbList","@id":"https:\/\/www.africa-press.net\/benin\/toutes-les-actualites\/benin-ictus-bank-la-banque-de-leglise-catholique-en-gestation#breadcrumb","itemListElement":[{"@type":"ListItem","position":1,"name":"Accueil","item":"https:\/\/www.africa-press.net\/benin\/"},{"@type":"ListItem","position":2,"name":"B\u00e9nin: \u00ab\u00a0ICTUS BANK\u00a0\u00bb, la banque de l\u2019Eglise catholique en gestation"}]},{"@type":"WebSite","@id":"https:\/\/www.africa-press.net\/benin\/#website","url":"https:\/\/www.africa-press.net\/benin\/","name":"B\u00e9nin","description":"Just another Africa News Agency Sites site","potentialAction":[{"@type":"SearchAction","target":{"@type":"EntryPoint","urlTemplate":"https:\/\/www.africa-press.net\/benin\/?s={search_term_string}"},"query-input":{"@type":"PropertyValueSpecification","valueRequired":true,"valueName":"search_term_string"}}],"inLanguage":"fr-FR"},{"@type":"Person","@id":"https:\/\/www.africa-press.net\/benin\/#\/schema\/person\/2b1cf3cd81a31e3cd26889ca66d677f1","name":"cfeditorfr"}]}},"_links":{"self":[{"href":"https:\/\/www.africa-press.net\/benin\/wp-json\/wp\/v2\/posts\/8163","targetHints":{"allow":["GET"]}}],"collection":[{"href":"https:\/\/www.africa-press.net\/benin\/wp-json\/wp\/v2\/posts"}],"about":[{"href":"https:\/\/www.africa-press.net\/benin\/wp-json\/wp\/v2\/types\/post"}],"author":[{"embeddable":true,"href":"https:\/\/www.africa-press.net\/benin\/wp-json\/wp\/v2\/users\/82"}],"replies":[{"embeddable":true,"href":"https:\/\/www.africa-press.net\/benin\/wp-json\/wp\/v2\/comments?post=8163"}],"version-history":[{"count":0,"href":"https:\/\/www.africa-press.net\/benin\/wp-json\/wp\/v2\/posts\/8163\/revisions"}],"wp:featuredmedia":[{"embeddable":true,"href":"https:\/\/www.africa-press.net\/benin\/wp-json\/wp\/v2\/media\/8162"}],"wp:attachment":[{"href":"https:\/\/www.africa-press.net\/benin\/wp-json\/wp\/v2\/media?parent=8163"}],"wp:term":[{"taxonomy":"category","embeddable":true,"href":"https:\/\/www.africa-press.net\/benin\/wp-json\/wp\/v2\/categories?post=8163"},{"taxonomy":"post_tag","embeddable":true,"href":"https:\/\/www.africa-press.net\/benin\/wp-json\/wp\/v2\/tags?post=8163"}],"curies":[{"name":"wp","href":"https:\/\/api.w.org\/{rel}","templated":true}]}}