{"id":8169,"date":"2022-08-23T18:14:30","date_gmt":"2022-08-23T18:14:30","guid":{"rendered":"https:\/\/www.africa-press.net\/benin\/politique\/nous-devons-nous-inspirer-de-ce-qui-se-passe-aujourdhui-a-porto-novo-theophile-yarou-a-lopposition"},"modified":"2022-08-23T18:36:32","modified_gmt":"2022-08-23T18:36:32","slug":"nous-devons-nous-inspirer-de-ce-qui-se-passe-aujourdhui-a-porto-novo-theophile-yarou-a-lopposition","status":"publish","type":"post","link":"https:\/\/www.africa-press.net\/benin\/politique\/nous-devons-nous-inspirer-de-ce-qui-se-passe-aujourdhui-a-porto-novo-theophile-yarou-a-lopposition","title":{"rendered":"\u00ab\u00a0Nous devons nous inspirer de ce qui se passe aujourd\u2019hui \u00e0 Porto Novo\u00a0\u00bb, Th\u00e9ophile Yarou \u00e0 l\u2019opposition"},"content":{"rendered":"<p><span style=\"color: #ff6600\"><strong>Africa-Press &#8211; Benin. <\/strong><\/span>La fusion entre le parti union progressiste et le parti du renouveau d\u00e9mocratique doit inspirer les forces politiques de l\u2019opposition et les centristes. C\u2019est l\u2019appel lanc\u00e9 par Th\u00e9ophile Yarou, pr\u00e9sident de la nouvelle alliance \u00e0 ses camarades de l\u2019opposition.<\/p>\n<p>Le dimanche 21 Ao\u00fbt 2022, les responsables et militants des partis union progressiste et du parti du renouveau d\u00e9mocratique se sont retrouv\u00e9s au stade Charles De Gaule de Porto Novo pour la cr\u00e9ation du parti union progressiste le renouveau (UPR), un parti n\u00e9 des cendres des deux formations politiques.<\/p>\n<p>Cette fusion entre le PRD de Me Adrien Houngb\u00e9dji et l\u2019UP du professeur Joseph Djogb\u00e9nou est pour le pr\u00e9sident du parti la nouvelle alliance, Th\u00e9ophile Yarou, un \u00e9v\u00e9nement qui doit inspirer l\u2019opposition au r\u00e9gime de la rupture.<\/p>\n<p>Dans un post sur le r\u00e9seau social Meta, Th\u00e9ophile Yarou a souhait\u00e9 \u00ab bon vent \u00bb au nouveau parti politique qui est n\u00e9 sous les d\u00e9pouilles du PRD et de l \u00bbUP et a lanc\u00e9 un appel \u00e0 ses camarades de l\u2019opposition. \u00ab <b>Je voudrais profiter de cette occasion pour lancer un appel aux forces politiques de l\u2019opposition et aux forces centristes de notre pays. Nous devons nous inspirer de ce qui se passe aujourd\u2019hui \u00e0 Porto Novo<\/b>\u00ab , a sugg\u00e9r\u00e9 l\u2019ancien ministre de la d\u00e9fense nationale de Boni Yayi.<\/p>\n<p>Selon l\u2019ancien ministre Th\u00e9ophile Yarou, le courage de s\u2019unir entre forces politiques pour cr\u00e9er de grands ensembles forts participera \u00e0 la consolidation du syst\u00e8me partisan du pays.<\/p>\n<p><strong>Pour plus d&rsquo;informations et d&rsquo;analyses sur la <a href=\"https:\/\/www.africa-press.net\/benin\">Benin<\/a>, suivez <a href=\"https:\/\/www.africa-press.net\/\">Africa-Press<\/a><\/strong><\/p>\n","protected":false},"excerpt":{"rendered":"<p>Africa-Press &#8211; Benin. La fusion entre le parti union progressiste et le parti du renouveau d\u00e9mocratique doit inspirer les forces politiques de l\u2019opposition et les centristes. C\u2019est l\u2019appel lanc\u00e9 par Th\u00e9ophile Yarou, pr\u00e9sident de la nouvelle alliance \u00e0 ses camarades de l\u2019opposition. Le dimanche 21 Ao\u00fbt 2022, les responsables et militants des partis union progressiste [&hellip;]<\/p>\n","protected":false},"author":82,"featured_media":8168,"comment_status":"open","ping_status":"closed","sticky":false,"template":"","format":"standard","meta":{"footnotes":""},"categories":[11,2,20,10],"tags":[36,50,45],"class_list":["post-8169","post","type-post","status-publish","format-standard","has-post-thumbnail","hentry","category-homepage-french","category-politique","category-top-nouvelles","category-toutes-les-actualites","tag-africa-press","tag-africa-press-benin","tag-benin"],"yoast_head":"<!-- This site is optimized with the Yoast SEO Premium plugin v26.1 (Yoast SEO v27.0) - https:\/\/yoast.com\/product\/yoast-seo-premium-wordpress\/ -->\n<title>\u00ab\u00a0Nous devons nous inspirer de ce qui se passe aujourd\u2019hui \u00e0 Porto Novo\u00a0\u00bb, Th\u00e9ophile Yarou \u00e0 l\u2019opposition - B\u00e9nin<\/title>\n<meta name=\"description\" content=\"La fusion entre le parti union progressiste et le parti du renouveau d\u00e9mocratique doit inspirer les forces politiques de ...\" \/>\n<meta name=\"robots\" content=\"index, follow, max-snippet:-1, max-image-preview:large, max-video-preview:-1\" \/>\n<link rel=\"canonical\" href=\"https:\/\/www.africa-press.net\/benin\/politique\/nous-devons-nous-inspirer-de-ce-qui-se-passe-aujourdhui-a-porto-novo-theophile-yarou-a-lopposition\" \/>\n<meta property=\"og:locale\" content=\"fr_FR\" \/>\n<meta property=\"og:type\" content=\"article\" \/>\n<meta property=\"og:title\" content=\"\u00ab\u00a0Nous devons nous inspirer de ce qui se passe aujourd\u2019hui \u00e0 Porto Novo\u00a0\u00bb, Th\u00e9ophile Yarou \u00e0 l\u2019opposition\" \/>\n<meta property=\"og:description\" content=\"La fusion entre le parti union progressiste et le parti du renouveau d\u00e9mocratique doit inspirer les forces politiques de ...\" \/>\n<meta property=\"og:url\" content=\"https:\/\/www.africa-press.net\/benin\/politique\/nous-devons-nous-inspirer-de-ce-qui-se-passe-aujourdhui-a-porto-novo-theophile-yarou-a-lopposition\" \/>\n<meta property=\"og:site_name\" content=\"B\u00e9nin\" \/>\n<meta property=\"article:published_time\" content=\"2022-08-23T18:14:30+00:00\" \/>\n<meta property=\"article:modified_time\" content=\"2022-08-23T18:36:32+00:00\" \/>\n<meta property=\"og:image\" content=\"https:\/\/static.africa-press.net\/benin\/sites\/46\/2022\/08\/postQueueImg_29-63051e1b6ae88.jpg\" \/>\n\t<meta property=\"og:image:width\" content=\"1200\" \/>\n\t<meta property=\"og:image:height\" content=\"675\" \/>\n\t<meta property=\"og:image:type\" content=\"image\/jpeg\" \/>\n<meta name=\"author\" content=\"cfeditorfr\" \/>\n<meta name=\"twitter:card\" content=\"summary_large_image\" \/>\n<meta name=\"twitter:label1\" content=\"\u00c9crit par\" \/>\n\t<meta name=\"twitter:data1\" content=\"cfeditorfr\" \/>\n\t<meta name=\"twitter:label2\" content=\"Dur\u00e9e de lecture estim\u00e9e\" \/>\n\t<meta name=\"twitter:data2\" content=\"2 minutes\" \/>\n<script type=\"application\/ld+json\" class=\"yoast-schema-graph\">{\"@context\":\"https:\/\/schema.org\",\"@graph\":[{\"@type\":\"Article\",\"@id\":\"https:\/\/www.africa-press.net\/benin\/politique\/nous-devons-nous-inspirer-de-ce-qui-se-passe-aujourdhui-a-porto-novo-theophile-yarou-a-lopposition#article\",\"isPartOf\":{\"@id\":\"https:\/\/www.africa-press.net\/benin\/politique\/nous-devons-nous-inspirer-de-ce-qui-se-passe-aujourdhui-a-porto-novo-theophile-yarou-a-lopposition\"},\"author\":{\"name\":\"cfeditorfr\",\"@id\":\"https:\/\/www.africa-press.net\/benin\/#\/schema\/person\/2b1cf3cd81a31e3cd26889ca66d677f1\"},\"headline\":\"\u00ab\u00a0Nous devons nous inspirer de ce qui se passe aujourd\u2019hui \u00e0 Porto Novo\u00a0\u00bb, Th\u00e9ophile Yarou \u00e0 l\u2019opposition\",\"datePublished\":\"2022-08-23T18:14:30+00:00\",\"dateModified\":\"2022-08-23T18:36:32+00:00\",\"mainEntityOfPage\":{\"@id\":\"https:\/\/www.africa-press.net\/benin\/politique\/nous-devons-nous-inspirer-de-ce-qui-se-passe-aujourdhui-a-porto-novo-theophile-yarou-a-lopposition\"},\"wordCount\":298,\"commentCount\":0,\"image\":{\"@id\":\"https:\/\/www.africa-press.net\/benin\/politique\/nous-devons-nous-inspirer-de-ce-qui-se-passe-aujourdhui-a-porto-novo-theophile-yarou-a-lopposition#primaryimage\"},\"thumbnailUrl\":\"https:\/\/static.africa-press.net\/benin\/sites\/46\/2022\/08\/postQueueImg_29-63051e1b6ae88.jpg\",\"keywords\":[\"Africa Press\",\"Africa Press-Benin\",\"B\u00e9nin\"],\"articleSection\":[\"homepage-french\",\"Politique\",\"Top Nouvelles\",\"Toutes les actualit\u00e9s\"],\"inLanguage\":\"fr-FR\",\"potentialAction\":[{\"@type\":\"CommentAction\",\"name\":\"Comment\",\"target\":[\"https:\/\/www.africa-press.net\/benin\/politique\/nous-devons-nous-inspirer-de-ce-qui-se-passe-aujourdhui-a-porto-novo-theophile-yarou-a-lopposition#respond\"]}]},{\"@type\":\"WebPage\",\"@id\":\"https:\/\/www.africa-press.net\/benin\/politique\/nous-devons-nous-inspirer-de-ce-qui-se-passe-aujourdhui-a-porto-novo-theophile-yarou-a-lopposition\",\"url\":\"https:\/\/www.africa-press.net\/benin\/politique\/nous-devons-nous-inspirer-de-ce-qui-se-passe-aujourdhui-a-porto-novo-theophile-yarou-a-lopposition\",\"name\":\"\u00ab\u00a0Nous devons nous inspirer de ce qui se passe aujourd\u2019hui \u00e0 Porto Novo\u00a0\u00bb, Th\u00e9ophile Yarou \u00e0 l\u2019opposition - B\u00e9nin\",\"isPartOf\":{\"@id\":\"https:\/\/www.africa-press.net\/benin\/#website\"},\"primaryImageOfPage\":{\"@id\":\"https:\/\/www.africa-press.net\/benin\/politique\/nous-devons-nous-inspirer-de-ce-qui-se-passe-aujourdhui-a-porto-novo-theophile-yarou-a-lopposition#primaryimage\"},\"image\":{\"@id\":\"https:\/\/www.africa-press.net\/benin\/politique\/nous-devons-nous-inspirer-de-ce-qui-se-passe-aujourdhui-a-porto-novo-theophile-yarou-a-lopposition#primaryimage\"},\"thumbnailUrl\":\"https:\/\/static.africa-press.net\/benin\/sites\/46\/2022\/08\/postQueueImg_29-63051e1b6ae88.jpg\",\"datePublished\":\"2022-08-23T18:14:30+00:00\",\"dateModified\":\"2022-08-23T18:36:32+00:00\",\"author\":{\"@id\":\"https:\/\/www.africa-press.net\/benin\/#\/schema\/person\/2b1cf3cd81a31e3cd26889ca66d677f1\"},\"description\":\"La fusion entre le parti union progressiste et le parti du renouveau d\u00e9mocratique doit inspirer les forces politiques de ...\",\"breadcrumb\":{\"@id\":\"https:\/\/www.africa-press.net\/benin\/politique\/nous-devons-nous-inspirer-de-ce-qui-se-passe-aujourdhui-a-porto-novo-theophile-yarou-a-lopposition#breadcrumb\"},\"inLanguage\":\"fr-FR\",\"potentialAction\":[{\"@type\":\"ReadAction\",\"target\":[\"https:\/\/www.africa-press.net\/benin\/politique\/nous-devons-nous-inspirer-de-ce-qui-se-passe-aujourdhui-a-porto-novo-theophile-yarou-a-lopposition\"]}]},{\"@type\":\"ImageObject\",\"inLanguage\":\"fr-FR\",\"@id\":\"https:\/\/www.africa-press.net\/benin\/politique\/nous-devons-nous-inspirer-de-ce-qui-se-passe-aujourdhui-a-porto-novo-theophile-yarou-a-lopposition#primaryimage\",\"url\":\"https:\/\/static.africa-press.net\/benin\/sites\/46\/2022\/08\/postQueueImg_29-63051e1b6ae88.jpg\",\"contentUrl\":\"https:\/\/static.africa-press.net\/benin\/sites\/46\/2022\/08\/postQueueImg_29-63051e1b6ae88.jpg\",\"width\":1200,\"height\":675,\"caption\":\"\u00ab\u00a0Nous devons nous inspirer de ce qui se passe aujourd\u2019hui \u00e0 Porto Novo\u00a0\u00bb, Th\u00e9ophile Yarou \u00e0 l\u2019opposition\"},{\"@type\":\"BreadcrumbList\",\"@id\":\"https:\/\/www.africa-press.net\/benin\/politique\/nous-devons-nous-inspirer-de-ce-qui-se-passe-aujourdhui-a-porto-novo-theophile-yarou-a-lopposition#breadcrumb\",\"itemListElement\":[{\"@type\":\"ListItem\",\"position\":1,\"name\":\"Accueil\",\"item\":\"https:\/\/www.africa-press.net\/benin\/\"},{\"@type\":\"ListItem\",\"position\":2,\"name\":\"\u00ab\u00a0Nous devons nous inspirer de ce qui se passe aujourd\u2019hui \u00e0 Porto Novo\u00a0\u00bb, Th\u00e9ophile Yarou \u00e0 l\u2019opposition\"}]},{\"@type\":\"WebSite\",\"@id\":\"https:\/\/www.africa-press.net\/benin\/#website\",\"url\":\"https:\/\/www.africa-press.net\/benin\/\",\"name\":\"B\u00e9nin\",\"description\":\"Just another Africa News Agency Sites site\",\"potentialAction\":[{\"@type\":\"SearchAction\",\"target\":{\"@type\":\"EntryPoint\",\"urlTemplate\":\"https:\/\/www.africa-press.net\/benin\/?s={search_term_string}\"},\"query-input\":{\"@type\":\"PropertyValueSpecification\",\"valueRequired\":true,\"valueName\":\"search_term_string\"}}],\"inLanguage\":\"fr-FR\"},{\"@type\":\"Person\",\"@id\":\"https:\/\/www.africa-press.net\/benin\/#\/schema\/person\/2b1cf3cd81a31e3cd26889ca66d677f1\",\"name\":\"cfeditorfr\"}]}<\/script>\n<!-- \/ Yoast SEO Premium plugin. -->","yoast_head_json":{"title":"\u00ab\u00a0Nous devons nous inspirer de ce qui se passe aujourd\u2019hui \u00e0 Porto Novo\u00a0\u00bb, Th\u00e9ophile Yarou \u00e0 l\u2019opposition - B\u00e9nin","description":"La fusion entre le parti union progressiste et le parti du renouveau d\u00e9mocratique doit inspirer les forces politiques de ...","robots":{"index":"index","follow":"follow","max-snippet":"max-snippet:-1","max-image-preview":"max-image-preview:large","max-video-preview":"max-video-preview:-1"},"canonical":"https:\/\/www.africa-press.net\/benin\/politique\/nous-devons-nous-inspirer-de-ce-qui-se-passe-aujourdhui-a-porto-novo-theophile-yarou-a-lopposition","og_locale":"fr_FR","og_type":"article","og_title":"\u00ab\u00a0Nous devons nous inspirer de ce qui se passe aujourd\u2019hui \u00e0 Porto Novo\u00a0\u00bb, Th\u00e9ophile Yarou \u00e0 l\u2019opposition","og_description":"La fusion entre le parti union progressiste et le parti du renouveau d\u00e9mocratique doit inspirer les forces politiques de ...","og_url":"https:\/\/www.africa-press.net\/benin\/politique\/nous-devons-nous-inspirer-de-ce-qui-se-passe-aujourdhui-a-porto-novo-theophile-yarou-a-lopposition","og_site_name":"B\u00e9nin","article_published_time":"2022-08-23T18:14:30+00:00","article_modified_time":"2022-08-23T18:36:32+00:00","og_image":[{"width":1200,"height":675,"url":"https:\/\/static.africa-press.net\/benin\/sites\/46\/2022\/08\/postQueueImg_29-63051e1b6ae88.jpg","type":"image\/jpeg"}],"author":"cfeditorfr","twitter_card":"summary_large_image","twitter_misc":{"\u00c9crit par":"cfeditorfr","Dur\u00e9e de lecture estim\u00e9e":"2 minutes"},"schema":{"@context":"https:\/\/schema.org","@graph":[{"@type":"Article","@id":"https:\/\/www.africa-press.net\/benin\/politique\/nous-devons-nous-inspirer-de-ce-qui-se-passe-aujourdhui-a-porto-novo-theophile-yarou-a-lopposition#article","isPartOf":{"@id":"https:\/\/www.africa-press.net\/benin\/politique\/nous-devons-nous-inspirer-de-ce-qui-se-passe-aujourdhui-a-porto-novo-theophile-yarou-a-lopposition"},"author":{"name":"cfeditorfr","@id":"https:\/\/www.africa-press.net\/benin\/#\/schema\/person\/2b1cf3cd81a31e3cd26889ca66d677f1"},"headline":"\u00ab\u00a0Nous devons nous inspirer de ce qui se passe aujourd\u2019hui \u00e0 Porto Novo\u00a0\u00bb, Th\u00e9ophile Yarou \u00e0 l\u2019opposition","datePublished":"2022-08-23T18:14:30+00:00","dateModified":"2022-08-23T18:36:32+00:00","mainEntityOfPage":{"@id":"https:\/\/www.africa-press.net\/benin\/politique\/nous-devons-nous-inspirer-de-ce-qui-se-passe-aujourdhui-a-porto-novo-theophile-yarou-a-lopposition"},"wordCount":298,"commentCount":0,"image":{"@id":"https:\/\/www.africa-press.net\/benin\/politique\/nous-devons-nous-inspirer-de-ce-qui-se-passe-aujourdhui-a-porto-novo-theophile-yarou-a-lopposition#primaryimage"},"thumbnailUrl":"https:\/\/static.africa-press.net\/benin\/sites\/46\/2022\/08\/postQueueImg_29-63051e1b6ae88.jpg","keywords":["Africa Press","Africa Press-Benin","B\u00e9nin"],"articleSection":["homepage-french","Politique","Top Nouvelles","Toutes les actualit\u00e9s"],"inLanguage":"fr-FR","potentialAction":[{"@type":"CommentAction","name":"Comment","target":["https:\/\/www.africa-press.net\/benin\/politique\/nous-devons-nous-inspirer-de-ce-qui-se-passe-aujourdhui-a-porto-novo-theophile-yarou-a-lopposition#respond"]}]},{"@type":"WebPage","@id":"https:\/\/www.africa-press.net\/benin\/politique\/nous-devons-nous-inspirer-de-ce-qui-se-passe-aujourdhui-a-porto-novo-theophile-yarou-a-lopposition","url":"https:\/\/www.africa-press.net\/benin\/politique\/nous-devons-nous-inspirer-de-ce-qui-se-passe-aujourdhui-a-porto-novo-theophile-yarou-a-lopposition","name":"\u00ab\u00a0Nous devons nous inspirer de ce qui se passe aujourd\u2019hui \u00e0 Porto Novo\u00a0\u00bb, Th\u00e9ophile Yarou \u00e0 l\u2019opposition - B\u00e9nin","isPartOf":{"@id":"https:\/\/www.africa-press.net\/benin\/#website"},"primaryImageOfPage":{"@id":"https:\/\/www.africa-press.net\/benin\/politique\/nous-devons-nous-inspirer-de-ce-qui-se-passe-aujourdhui-a-porto-novo-theophile-yarou-a-lopposition#primaryimage"},"image":{"@id":"https:\/\/www.africa-press.net\/benin\/politique\/nous-devons-nous-inspirer-de-ce-qui-se-passe-aujourdhui-a-porto-novo-theophile-yarou-a-lopposition#primaryimage"},"thumbnailUrl":"https:\/\/static.africa-press.net\/benin\/sites\/46\/2022\/08\/postQueueImg_29-63051e1b6ae88.jpg","datePublished":"2022-08-23T18:14:30+00:00","dateModified":"2022-08-23T18:36:32+00:00","author":{"@id":"https:\/\/www.africa-press.net\/benin\/#\/schema\/person\/2b1cf3cd81a31e3cd26889ca66d677f1"},"description":"La fusion entre le parti union progressiste et le parti du renouveau d\u00e9mocratique doit inspirer les forces politiques de ...","breadcrumb":{"@id":"https:\/\/www.africa-press.net\/benin\/politique\/nous-devons-nous-inspirer-de-ce-qui-se-passe-aujourdhui-a-porto-novo-theophile-yarou-a-lopposition#breadcrumb"},"inLanguage":"fr-FR","potentialAction":[{"@type":"ReadAction","target":["https:\/\/www.africa-press.net\/benin\/politique\/nous-devons-nous-inspirer-de-ce-qui-se-passe-aujourdhui-a-porto-novo-theophile-yarou-a-lopposition"]}]},{"@type":"ImageObject","inLanguage":"fr-FR","@id":"https:\/\/www.africa-press.net\/benin\/politique\/nous-devons-nous-inspirer-de-ce-qui-se-passe-aujourdhui-a-porto-novo-theophile-yarou-a-lopposition#primaryimage","url":"https:\/\/static.africa-press.net\/benin\/sites\/46\/2022\/08\/postQueueImg_29-63051e1b6ae88.jpg","contentUrl":"https:\/\/static.africa-press.net\/benin\/sites\/46\/2022\/08\/postQueueImg_29-63051e1b6ae88.jpg","width":1200,"height":675,"caption":"\u00ab\u00a0Nous devons nous inspirer de ce qui se passe aujourd\u2019hui \u00e0 Porto Novo\u00a0\u00bb, Th\u00e9ophile Yarou \u00e0 l\u2019opposition"},{"@type":"BreadcrumbList","@id":"https:\/\/www.africa-press.net\/benin\/politique\/nous-devons-nous-inspirer-de-ce-qui-se-passe-aujourdhui-a-porto-novo-theophile-yarou-a-lopposition#breadcrumb","itemListElement":[{"@type":"ListItem","position":1,"name":"Accueil","item":"https:\/\/www.africa-press.net\/benin\/"},{"@type":"ListItem","position":2,"name":"\u00ab\u00a0Nous devons nous inspirer de ce qui se passe aujourd\u2019hui \u00e0 Porto Novo\u00a0\u00bb, Th\u00e9ophile Yarou \u00e0 l\u2019opposition"}]},{"@type":"WebSite","@id":"https:\/\/www.africa-press.net\/benin\/#website","url":"https:\/\/www.africa-press.net\/benin\/","name":"B\u00e9nin","description":"Just another Africa News Agency Sites site","potentialAction":[{"@type":"SearchAction","target":{"@type":"EntryPoint","urlTemplate":"https:\/\/www.africa-press.net\/benin\/?s={search_term_string}"},"query-input":{"@type":"PropertyValueSpecification","valueRequired":true,"valueName":"search_term_string"}}],"inLanguage":"fr-FR"},{"@type":"Person","@id":"https:\/\/www.africa-press.net\/benin\/#\/schema\/person\/2b1cf3cd81a31e3cd26889ca66d677f1","name":"cfeditorfr"}]}},"_links":{"self":[{"href":"https:\/\/www.africa-press.net\/benin\/wp-json\/wp\/v2\/posts\/8169","targetHints":{"allow":["GET"]}}],"collection":[{"href":"https:\/\/www.africa-press.net\/benin\/wp-json\/wp\/v2\/posts"}],"about":[{"href":"https:\/\/www.africa-press.net\/benin\/wp-json\/wp\/v2\/types\/post"}],"author":[{"embeddable":true,"href":"https:\/\/www.africa-press.net\/benin\/wp-json\/wp\/v2\/users\/82"}],"replies":[{"embeddable":true,"href":"https:\/\/www.africa-press.net\/benin\/wp-json\/wp\/v2\/comments?post=8169"}],"version-history":[{"count":0,"href":"https:\/\/www.africa-press.net\/benin\/wp-json\/wp\/v2\/posts\/8169\/revisions"}],"wp:featuredmedia":[{"embeddable":true,"href":"https:\/\/www.africa-press.net\/benin\/wp-json\/wp\/v2\/media\/8168"}],"wp:attachment":[{"href":"https:\/\/www.africa-press.net\/benin\/wp-json\/wp\/v2\/media?parent=8169"}],"wp:term":[{"taxonomy":"category","embeddable":true,"href":"https:\/\/www.africa-press.net\/benin\/wp-json\/wp\/v2\/categories?post=8169"},{"taxonomy":"post_tag","embeddable":true,"href":"https:\/\/www.africa-press.net\/benin\/wp-json\/wp\/v2\/tags?post=8169"}],"curies":[{"name":"wp","href":"https:\/\/api.w.org\/{rel}","templated":true}]}}