{"id":8172,"date":"2022-08-23T18:14:48","date_gmt":"2022-08-23T18:14:48","guid":{"rendered":"https:\/\/www.africa-press.net\/benin\/politique\/lutte-anti-terroriste-le-burkina-et-le-niger-veulent-travailler-avec-le-benin"},"modified":"2022-08-23T18:37:01","modified_gmt":"2022-08-23T18:37:01","slug":"lutte-anti-terroriste-le-burkina-et-le-niger-veulent-travailler-avec-le-benin","status":"publish","type":"post","link":"https:\/\/www.africa-press.net\/benin\/politique\/lutte-anti-terroriste-le-burkina-et-le-niger-veulent-travailler-avec-le-benin","title":{"rendered":"Lutte anti-terroriste: le Burkina et le Niger veulent travailler avec le B\u00e9nin"},"content":{"rendered":"<p><span style=\"color: #ff6600\"><strong>Africa-Press &#8211; Benin. <\/strong><\/span>Le Burkina Faso et le Niger se sont convenus lundi, de la n\u00e9cessit\u00e9 d\u2019agir ensemble dans la r\u00e9gion ouest-africaine pour \u00e9radiquer le terrorisme. Les deux pays veulent de ce fait, renforcer leur coop\u00e9ration avec le B\u00e9nin pour des r\u00e9sultats probants au niveau des fronti\u00e8res entre les trois pays.<\/p>\n<p>Le Burkina Faso et le Niger ont conclu lundi, lors d\u2019une rencontre des d\u00e9l\u00e9gations des deux pays au palais de Kossyam, \u00e0 Ouagadougou, sur la n\u00e9cessit\u00e9 d\u2019agir ensemble \u00e0 travers le renforcement de la coop\u00e9ration entre les deux pays dans le domaine de la d\u00e9fense par un accord de coop\u00e9ration militaire et de multiplier les op\u00e9rations conjointes sur le terrain.<\/p>\n<p><b>\u00ab Au-del\u00e0 des op\u00e9rations ponctuelles, nous envisageons de faire des op\u00e9rations r\u00e9guli\u00e8res et permanentes sur le terrain entre nos diff\u00e9rentes forces arm\u00e9es pour permettre \u00e0 nos forces d\u2019occuper le terrain, de prendre le contr\u00f4le du terrain et qu\u2019on ne puisse pas laisser un seul centim\u00e8tre aux terroristes aussi bien au Niger qu\u2019au Burkina \u00bb<\/b>, a rappel\u00e9 le ministre de la D\u00e9fense nationale du Niger, Alkassoum Indattou.<\/p>\n<p>Les deux parties ont pass\u00e9 aussi en revue la situation sous-r\u00e9gionale et ont montr\u00e9 leur souhait de travailler \u00e0 revoir la coop\u00e9ration avec le Mali pour une meilleure synergie d\u2019actions. Elles se sont aussi engag\u00e9es \u00e0 travailler avec le Benin pour plus de r\u00e9sultats probants au niveau des fronti\u00e8res entre les trois pays.<\/p>\n<p><b>\u00ab Le Pr\u00e9sident de la Transition nous a encourag\u00e9s par rapport \u00e0 ce travail et nous a apport\u00e9 tout son soutien, comme le Pr\u00e9sident de la R\u00e9publique du Niger l\u2019a fait, pour aboutir \u00e0 des r\u00e9sultats palpables \u00bb<\/b>, a soutenu le ministre nig\u00e9rien de la D\u00e9fense nationale, Alkassoum Indattou.<\/p>\n<p>Dans la sous-r\u00e9gion, le B\u00e9nin est impliqu\u00e9 dans des coop\u00e9rations collectives en vue d\u2019apporter une r\u00e9ponse coll\u00e9giale et efficace au fl\u00e9au du terrorisme. Le pays renforce aussi son partenariat militaire avec ses pays frontaliers dont le Niger et le Togo. Aussi, s\u2019active-t-il \u00e0 s\u2019\u00e9quiper de mani\u00e8re performante pour contrer la menace terroriste pr\u00e9sente dans sa partie nord. Cette semaine, un h\u00e9licopt\u00e8re de combat a \u00e9t\u00e9 r\u00e9ceptionn\u00e9 par les autorit\u00e9s b\u00e9ninoises.<\/p>\n<p><strong>Pour plus d&rsquo;informations et d&rsquo;analyses sur la <a href=\"https:\/\/www.africa-press.net\/benin\">Benin<\/a>, suivez <a href=\"https:\/\/www.africa-press.net\/\">Africa-Press<\/a><\/strong><\/p>\n","protected":false},"excerpt":{"rendered":"<p>Africa-Press &#8211; Benin. Le Burkina Faso et le Niger se sont convenus lundi, de la n\u00e9cessit\u00e9 d\u2019agir ensemble dans la r\u00e9gion ouest-africaine pour \u00e9radiquer le terrorisme. Les deux pays veulent de ce fait, renforcer leur coop\u00e9ration avec le B\u00e9nin pour des r\u00e9sultats probants au niveau des fronti\u00e8res entre les trois pays. Le Burkina Faso et [&hellip;]<\/p>\n","protected":false},"author":82,"featured_media":8171,"comment_status":"open","ping_status":"closed","sticky":false,"template":"","format":"standard","meta":{"footnotes":""},"categories":[11,2,10],"tags":[36,50,45],"class_list":["post-8172","post","type-post","status-publish","format-standard","has-post-thumbnail","hentry","category-homepage-french","category-politique","category-toutes-les-actualites","tag-africa-press","tag-africa-press-benin","tag-benin"],"yoast_head":"<!-- This site is optimized with the Yoast SEO Premium plugin v26.1 (Yoast SEO v27.0) - https:\/\/yoast.com\/product\/yoast-seo-premium-wordpress\/ -->\n<title>Lutte anti-terroriste: le Burkina et le Niger veulent travailler avec le B\u00e9nin - B\u00e9nin<\/title>\n<meta name=\"description\" content=\"Le Burkina Faso et le Niger se sont convenus lundi, de la n\u00e9cessit\u00e9 d\u2019agir ensemble dans la r\u00e9gion ouest-africaine pour ...\" \/>\n<meta name=\"robots\" content=\"index, follow, max-snippet:-1, max-image-preview:large, max-video-preview:-1\" \/>\n<link rel=\"canonical\" href=\"https:\/\/www.africa-press.net\/benin\/politique\/lutte-anti-terroriste-le-burkina-et-le-niger-veulent-travailler-avec-le-benin\" \/>\n<meta property=\"og:locale\" content=\"fr_FR\" \/>\n<meta property=\"og:type\" content=\"article\" \/>\n<meta property=\"og:title\" content=\"Lutte anti-terroriste: le Burkina et le Niger veulent travailler avec le B\u00e9nin\" \/>\n<meta property=\"og:description\" content=\"Le Burkina Faso et le Niger se sont convenus lundi, de la n\u00e9cessit\u00e9 d\u2019agir ensemble dans la r\u00e9gion ouest-africaine pour ...\" \/>\n<meta property=\"og:url\" content=\"https:\/\/www.africa-press.net\/benin\/politique\/lutte-anti-terroriste-le-burkina-et-le-niger-veulent-travailler-avec-le-benin\" \/>\n<meta property=\"og:site_name\" content=\"B\u00e9nin\" \/>\n<meta property=\"article:published_time\" content=\"2022-08-23T18:14:48+00:00\" \/>\n<meta property=\"article:modified_time\" content=\"2022-08-23T18:37:01+00:00\" \/>\n<meta property=\"og:image\" content=\"https:\/\/static.africa-press.net\/benin\/sites\/46\/2022\/08\/postQueueImg_30-63051e38a1451.jpg\" \/>\n\t<meta property=\"og:image:width\" content=\"1200\" \/>\n\t<meta property=\"og:image:height\" content=\"800\" \/>\n\t<meta property=\"og:image:type\" content=\"image\/jpeg\" \/>\n<meta name=\"author\" content=\"cfeditorfr\" \/>\n<meta name=\"twitter:card\" content=\"summary_large_image\" \/>\n<meta name=\"twitter:label1\" content=\"\u00c9crit par\" \/>\n\t<meta name=\"twitter:data1\" content=\"cfeditorfr\" \/>\n\t<meta name=\"twitter:label2\" content=\"Dur\u00e9e de lecture estim\u00e9e\" \/>\n\t<meta name=\"twitter:data2\" content=\"2 minutes\" \/>\n<script type=\"application\/ld+json\" class=\"yoast-schema-graph\">{\"@context\":\"https:\/\/schema.org\",\"@graph\":[{\"@type\":\"Article\",\"@id\":\"https:\/\/www.africa-press.net\/benin\/politique\/lutte-anti-terroriste-le-burkina-et-le-niger-veulent-travailler-avec-le-benin#article\",\"isPartOf\":{\"@id\":\"https:\/\/www.africa-press.net\/benin\/politique\/lutte-anti-terroriste-le-burkina-et-le-niger-veulent-travailler-avec-le-benin\"},\"author\":{\"name\":\"cfeditorfr\",\"@id\":\"https:\/\/www.africa-press.net\/benin\/#\/schema\/person\/2b1cf3cd81a31e3cd26889ca66d677f1\"},\"headline\":\"Lutte anti-terroriste: le Burkina et le Niger veulent travailler avec le B\u00e9nin\",\"datePublished\":\"2022-08-23T18:14:48+00:00\",\"dateModified\":\"2022-08-23T18:37:01+00:00\",\"mainEntityOfPage\":{\"@id\":\"https:\/\/www.africa-press.net\/benin\/politique\/lutte-anti-terroriste-le-burkina-et-le-niger-veulent-travailler-avec-le-benin\"},\"wordCount\":420,\"commentCount\":0,\"image\":{\"@id\":\"https:\/\/www.africa-press.net\/benin\/politique\/lutte-anti-terroriste-le-burkina-et-le-niger-veulent-travailler-avec-le-benin#primaryimage\"},\"thumbnailUrl\":\"https:\/\/static.africa-press.net\/benin\/sites\/46\/2022\/08\/postQueueImg_30-63051e38a1451.jpg\",\"keywords\":[\"Africa Press\",\"Africa Press-Benin\",\"B\u00e9nin\"],\"articleSection\":[\"homepage-french\",\"Politique\",\"Toutes les actualit\u00e9s\"],\"inLanguage\":\"fr-FR\",\"potentialAction\":[{\"@type\":\"CommentAction\",\"name\":\"Comment\",\"target\":[\"https:\/\/www.africa-press.net\/benin\/politique\/lutte-anti-terroriste-le-burkina-et-le-niger-veulent-travailler-avec-le-benin#respond\"]}]},{\"@type\":\"WebPage\",\"@id\":\"https:\/\/www.africa-press.net\/benin\/politique\/lutte-anti-terroriste-le-burkina-et-le-niger-veulent-travailler-avec-le-benin\",\"url\":\"https:\/\/www.africa-press.net\/benin\/politique\/lutte-anti-terroriste-le-burkina-et-le-niger-veulent-travailler-avec-le-benin\",\"name\":\"Lutte anti-terroriste: le Burkina et le Niger veulent travailler avec le B\u00e9nin - B\u00e9nin\",\"isPartOf\":{\"@id\":\"https:\/\/www.africa-press.net\/benin\/#website\"},\"primaryImageOfPage\":{\"@id\":\"https:\/\/www.africa-press.net\/benin\/politique\/lutte-anti-terroriste-le-burkina-et-le-niger-veulent-travailler-avec-le-benin#primaryimage\"},\"image\":{\"@id\":\"https:\/\/www.africa-press.net\/benin\/politique\/lutte-anti-terroriste-le-burkina-et-le-niger-veulent-travailler-avec-le-benin#primaryimage\"},\"thumbnailUrl\":\"https:\/\/static.africa-press.net\/benin\/sites\/46\/2022\/08\/postQueueImg_30-63051e38a1451.jpg\",\"datePublished\":\"2022-08-23T18:14:48+00:00\",\"dateModified\":\"2022-08-23T18:37:01+00:00\",\"author\":{\"@id\":\"https:\/\/www.africa-press.net\/benin\/#\/schema\/person\/2b1cf3cd81a31e3cd26889ca66d677f1\"},\"description\":\"Le Burkina Faso et le Niger se sont convenus lundi, de la n\u00e9cessit\u00e9 d\u2019agir ensemble dans la r\u00e9gion ouest-africaine pour ...\",\"breadcrumb\":{\"@id\":\"https:\/\/www.africa-press.net\/benin\/politique\/lutte-anti-terroriste-le-burkina-et-le-niger-veulent-travailler-avec-le-benin#breadcrumb\"},\"inLanguage\":\"fr-FR\",\"potentialAction\":[{\"@type\":\"ReadAction\",\"target\":[\"https:\/\/www.africa-press.net\/benin\/politique\/lutte-anti-terroriste-le-burkina-et-le-niger-veulent-travailler-avec-le-benin\"]}]},{\"@type\":\"ImageObject\",\"inLanguage\":\"fr-FR\",\"@id\":\"https:\/\/www.africa-press.net\/benin\/politique\/lutte-anti-terroriste-le-burkina-et-le-niger-veulent-travailler-avec-le-benin#primaryimage\",\"url\":\"https:\/\/static.africa-press.net\/benin\/sites\/46\/2022\/08\/postQueueImg_30-63051e38a1451.jpg\",\"contentUrl\":\"https:\/\/static.africa-press.net\/benin\/sites\/46\/2022\/08\/postQueueImg_30-63051e38a1451.jpg\",\"width\":1200,\"height\":800,\"caption\":\"Lutte anti-terroriste: le Burkina et le Niger veulent travailler avec le B\u00e9nin\"},{\"@type\":\"BreadcrumbList\",\"@id\":\"https:\/\/www.africa-press.net\/benin\/politique\/lutte-anti-terroriste-le-burkina-et-le-niger-veulent-travailler-avec-le-benin#breadcrumb\",\"itemListElement\":[{\"@type\":\"ListItem\",\"position\":1,\"name\":\"Accueil\",\"item\":\"https:\/\/www.africa-press.net\/benin\/\"},{\"@type\":\"ListItem\",\"position\":2,\"name\":\"Lutte anti-terroriste: le Burkina et le Niger veulent travailler avec le B\u00e9nin\"}]},{\"@type\":\"WebSite\",\"@id\":\"https:\/\/www.africa-press.net\/benin\/#website\",\"url\":\"https:\/\/www.africa-press.net\/benin\/\",\"name\":\"B\u00e9nin\",\"description\":\"Just another Africa News Agency Sites site\",\"potentialAction\":[{\"@type\":\"SearchAction\",\"target\":{\"@type\":\"EntryPoint\",\"urlTemplate\":\"https:\/\/www.africa-press.net\/benin\/?s={search_term_string}\"},\"query-input\":{\"@type\":\"PropertyValueSpecification\",\"valueRequired\":true,\"valueName\":\"search_term_string\"}}],\"inLanguage\":\"fr-FR\"},{\"@type\":\"Person\",\"@id\":\"https:\/\/www.africa-press.net\/benin\/#\/schema\/person\/2b1cf3cd81a31e3cd26889ca66d677f1\",\"name\":\"cfeditorfr\"}]}<\/script>\n<!-- \/ Yoast SEO Premium plugin. -->","yoast_head_json":{"title":"Lutte anti-terroriste: le Burkina et le Niger veulent travailler avec le B\u00e9nin - B\u00e9nin","description":"Le Burkina Faso et le Niger se sont convenus lundi, de la n\u00e9cessit\u00e9 d\u2019agir ensemble dans la r\u00e9gion ouest-africaine pour ...","robots":{"index":"index","follow":"follow","max-snippet":"max-snippet:-1","max-image-preview":"max-image-preview:large","max-video-preview":"max-video-preview:-1"},"canonical":"https:\/\/www.africa-press.net\/benin\/politique\/lutte-anti-terroriste-le-burkina-et-le-niger-veulent-travailler-avec-le-benin","og_locale":"fr_FR","og_type":"article","og_title":"Lutte anti-terroriste: le Burkina et le Niger veulent travailler avec le B\u00e9nin","og_description":"Le Burkina Faso et le Niger se sont convenus lundi, de la n\u00e9cessit\u00e9 d\u2019agir ensemble dans la r\u00e9gion ouest-africaine pour ...","og_url":"https:\/\/www.africa-press.net\/benin\/politique\/lutte-anti-terroriste-le-burkina-et-le-niger-veulent-travailler-avec-le-benin","og_site_name":"B\u00e9nin","article_published_time":"2022-08-23T18:14:48+00:00","article_modified_time":"2022-08-23T18:37:01+00:00","og_image":[{"width":1200,"height":800,"url":"https:\/\/static.africa-press.net\/benin\/sites\/46\/2022\/08\/postQueueImg_30-63051e38a1451.jpg","type":"image\/jpeg"}],"author":"cfeditorfr","twitter_card":"summary_large_image","twitter_misc":{"\u00c9crit par":"cfeditorfr","Dur\u00e9e de lecture estim\u00e9e":"2 minutes"},"schema":{"@context":"https:\/\/schema.org","@graph":[{"@type":"Article","@id":"https:\/\/www.africa-press.net\/benin\/politique\/lutte-anti-terroriste-le-burkina-et-le-niger-veulent-travailler-avec-le-benin#article","isPartOf":{"@id":"https:\/\/www.africa-press.net\/benin\/politique\/lutte-anti-terroriste-le-burkina-et-le-niger-veulent-travailler-avec-le-benin"},"author":{"name":"cfeditorfr","@id":"https:\/\/www.africa-press.net\/benin\/#\/schema\/person\/2b1cf3cd81a31e3cd26889ca66d677f1"},"headline":"Lutte anti-terroriste: le Burkina et le Niger veulent travailler avec le B\u00e9nin","datePublished":"2022-08-23T18:14:48+00:00","dateModified":"2022-08-23T18:37:01+00:00","mainEntityOfPage":{"@id":"https:\/\/www.africa-press.net\/benin\/politique\/lutte-anti-terroriste-le-burkina-et-le-niger-veulent-travailler-avec-le-benin"},"wordCount":420,"commentCount":0,"image":{"@id":"https:\/\/www.africa-press.net\/benin\/politique\/lutte-anti-terroriste-le-burkina-et-le-niger-veulent-travailler-avec-le-benin#primaryimage"},"thumbnailUrl":"https:\/\/static.africa-press.net\/benin\/sites\/46\/2022\/08\/postQueueImg_30-63051e38a1451.jpg","keywords":["Africa Press","Africa Press-Benin","B\u00e9nin"],"articleSection":["homepage-french","Politique","Toutes les actualit\u00e9s"],"inLanguage":"fr-FR","potentialAction":[{"@type":"CommentAction","name":"Comment","target":["https:\/\/www.africa-press.net\/benin\/politique\/lutte-anti-terroriste-le-burkina-et-le-niger-veulent-travailler-avec-le-benin#respond"]}]},{"@type":"WebPage","@id":"https:\/\/www.africa-press.net\/benin\/politique\/lutte-anti-terroriste-le-burkina-et-le-niger-veulent-travailler-avec-le-benin","url":"https:\/\/www.africa-press.net\/benin\/politique\/lutte-anti-terroriste-le-burkina-et-le-niger-veulent-travailler-avec-le-benin","name":"Lutte anti-terroriste: le Burkina et le Niger veulent travailler avec le B\u00e9nin - B\u00e9nin","isPartOf":{"@id":"https:\/\/www.africa-press.net\/benin\/#website"},"primaryImageOfPage":{"@id":"https:\/\/www.africa-press.net\/benin\/politique\/lutte-anti-terroriste-le-burkina-et-le-niger-veulent-travailler-avec-le-benin#primaryimage"},"image":{"@id":"https:\/\/www.africa-press.net\/benin\/politique\/lutte-anti-terroriste-le-burkina-et-le-niger-veulent-travailler-avec-le-benin#primaryimage"},"thumbnailUrl":"https:\/\/static.africa-press.net\/benin\/sites\/46\/2022\/08\/postQueueImg_30-63051e38a1451.jpg","datePublished":"2022-08-23T18:14:48+00:00","dateModified":"2022-08-23T18:37:01+00:00","author":{"@id":"https:\/\/www.africa-press.net\/benin\/#\/schema\/person\/2b1cf3cd81a31e3cd26889ca66d677f1"},"description":"Le Burkina Faso et le Niger se sont convenus lundi, de la n\u00e9cessit\u00e9 d\u2019agir ensemble dans la r\u00e9gion ouest-africaine pour ...","breadcrumb":{"@id":"https:\/\/www.africa-press.net\/benin\/politique\/lutte-anti-terroriste-le-burkina-et-le-niger-veulent-travailler-avec-le-benin#breadcrumb"},"inLanguage":"fr-FR","potentialAction":[{"@type":"ReadAction","target":["https:\/\/www.africa-press.net\/benin\/politique\/lutte-anti-terroriste-le-burkina-et-le-niger-veulent-travailler-avec-le-benin"]}]},{"@type":"ImageObject","inLanguage":"fr-FR","@id":"https:\/\/www.africa-press.net\/benin\/politique\/lutte-anti-terroriste-le-burkina-et-le-niger-veulent-travailler-avec-le-benin#primaryimage","url":"https:\/\/static.africa-press.net\/benin\/sites\/46\/2022\/08\/postQueueImg_30-63051e38a1451.jpg","contentUrl":"https:\/\/static.africa-press.net\/benin\/sites\/46\/2022\/08\/postQueueImg_30-63051e38a1451.jpg","width":1200,"height":800,"caption":"Lutte anti-terroriste: le Burkina et le Niger veulent travailler avec le B\u00e9nin"},{"@type":"BreadcrumbList","@id":"https:\/\/www.africa-press.net\/benin\/politique\/lutte-anti-terroriste-le-burkina-et-le-niger-veulent-travailler-avec-le-benin#breadcrumb","itemListElement":[{"@type":"ListItem","position":1,"name":"Accueil","item":"https:\/\/www.africa-press.net\/benin\/"},{"@type":"ListItem","position":2,"name":"Lutte anti-terroriste: le Burkina et le Niger veulent travailler avec le B\u00e9nin"}]},{"@type":"WebSite","@id":"https:\/\/www.africa-press.net\/benin\/#website","url":"https:\/\/www.africa-press.net\/benin\/","name":"B\u00e9nin","description":"Just another Africa News Agency Sites site","potentialAction":[{"@type":"SearchAction","target":{"@type":"EntryPoint","urlTemplate":"https:\/\/www.africa-press.net\/benin\/?s={search_term_string}"},"query-input":{"@type":"PropertyValueSpecification","valueRequired":true,"valueName":"search_term_string"}}],"inLanguage":"fr-FR"},{"@type":"Person","@id":"https:\/\/www.africa-press.net\/benin\/#\/schema\/person\/2b1cf3cd81a31e3cd26889ca66d677f1","name":"cfeditorfr"}]}},"_links":{"self":[{"href":"https:\/\/www.africa-press.net\/benin\/wp-json\/wp\/v2\/posts\/8172","targetHints":{"allow":["GET"]}}],"collection":[{"href":"https:\/\/www.africa-press.net\/benin\/wp-json\/wp\/v2\/posts"}],"about":[{"href":"https:\/\/www.africa-press.net\/benin\/wp-json\/wp\/v2\/types\/post"}],"author":[{"embeddable":true,"href":"https:\/\/www.africa-press.net\/benin\/wp-json\/wp\/v2\/users\/82"}],"replies":[{"embeddable":true,"href":"https:\/\/www.africa-press.net\/benin\/wp-json\/wp\/v2\/comments?post=8172"}],"version-history":[{"count":0,"href":"https:\/\/www.africa-press.net\/benin\/wp-json\/wp\/v2\/posts\/8172\/revisions"}],"wp:featuredmedia":[{"embeddable":true,"href":"https:\/\/www.africa-press.net\/benin\/wp-json\/wp\/v2\/media\/8171"}],"wp:attachment":[{"href":"https:\/\/www.africa-press.net\/benin\/wp-json\/wp\/v2\/media?parent=8172"}],"wp:term":[{"taxonomy":"category","embeddable":true,"href":"https:\/\/www.africa-press.net\/benin\/wp-json\/wp\/v2\/categories?post=8172"},{"taxonomy":"post_tag","embeddable":true,"href":"https:\/\/www.africa-press.net\/benin\/wp-json\/wp\/v2\/tags?post=8172"}],"curies":[{"name":"wp","href":"https:\/\/api.w.org\/{rel}","templated":true}]}}