{"id":8175,"date":"2022-08-23T18:14:57","date_gmt":"2022-08-23T18:14:57","guid":{"rendered":"https:\/\/www.africa-press.net\/benin\/politique\/benin-distel-amoussou-condamne-a-18-mois-de-prison-dont-2-ferme"},"modified":"2022-08-23T18:37:29","modified_gmt":"2022-08-23T18:37:29","slug":"benin-distel-amoussou-condamne-a-18-mois-de-prison-dont-2-ferme","status":"publish","type":"post","link":"https:\/\/www.africa-press.net\/benin\/toutes-les-actualites\/benin-distel-amoussou-condamne-a-18-mois-de-prison-dont-2-ferme","title":{"rendered":"B\u00e9nin: Distel Amoussou condamn\u00e9 \u00e0 18 mois de prison dont 2 ferme"},"content":{"rendered":"<p><span style=\"color: #ff6600\"><strong>Africa-Press &#8211; Benin. <\/strong><\/span>Distel Amoussou a \u00e9t\u00e9 condamn\u00e9 ce mardi 23 ao\u00fbt 2022 dans une affaire de pr\u00eat opposant deux membres d\u2019une famille.<\/p>\n<p>Il est reproch\u00e9 \u00e0 Distel Amoussou d\u2019avoir fait des publications sur les r\u00e9seaux sociaux contre le d\u00e9biteur. Ce dernier a donc d\u00e9pos\u00e9 une plainte qui a conduit \u00e0 la condamnation du chroniqueur, pour \u00ab harc\u00e8lement par moyen \u00e9lectronique \u00bb.<\/p>\n<p>Le tribunal de Cotonou l\u2019a condamn\u00e9 \u00e0 18 mois de prison dont 02 ferme et 500 mille francs CFA d\u2019amende. Il faut notifier que malgr\u00e9 cette condamnation, Distel Amoussou est toujours libre de ses mouvements. Le juge n\u2019a pas d\u00e9cern\u00e9 un mandat de d\u00e9p\u00f4t contre lui.<\/p>\n<p>Cette condamnation intervient au lendemain de son annonce sur la sc\u00e8ne politique. Apr\u00e8s plusieurs ann\u00e9es d\u2019exp\u00e9riences dans le journalisme et la communication politique, Distel Amoussou a d\u00e9cid\u00e9 d\u2019\u00eatre acteur actif et militant dans l\u2019ar\u00e8ne politique.<\/p>\n<p><strong>Pour plus d&rsquo;informations et d&rsquo;analyses sur la <a href=\"https:\/\/www.africa-press.net\/benin\">Benin<\/a>, suivez <a href=\"https:\/\/www.africa-press.net\/\">Africa-Press<\/a><\/strong><\/p>\n","protected":false},"excerpt":{"rendered":"<p>Africa-Press &#8211; Benin. Distel Amoussou a \u00e9t\u00e9 condamn\u00e9 ce mardi 23 ao\u00fbt 2022 dans une affaire de pr\u00eat opposant deux membres d\u2019une famille. Il est reproch\u00e9 \u00e0 Distel Amoussou d\u2019avoir fait des publications sur les r\u00e9seaux sociaux contre le d\u00e9biteur. Ce dernier a donc d\u00e9pos\u00e9 une plainte qui a conduit \u00e0 la condamnation du chroniqueur, [&hellip;]<\/p>\n","protected":false},"author":82,"featured_media":8174,"comment_status":"open","ping_status":"closed","sticky":false,"template":"","format":"standard","meta":{"footnotes":""},"categories":[21,11,10],"tags":[36,50,45],"class_list":["post-8175","post","type-post","status-publish","format-standard","has-post-thumbnail","hentry","category-communaute","category-homepage-french","category-toutes-les-actualites","tag-africa-press","tag-africa-press-benin","tag-benin"],"yoast_head":"<!-- This site is optimized with the Yoast SEO Premium plugin v26.1 (Yoast SEO v27.0) - https:\/\/yoast.com\/product\/yoast-seo-premium-wordpress\/ -->\n<title>B\u00e9nin: Distel Amoussou condamn\u00e9 \u00e0 18 mois de prison dont 2 ferme - B\u00e9nin<\/title>\n<meta name=\"description\" content=\"Distel Amoussou a \u00e9t\u00e9 condamn\u00e9 ce mardi 23 ao\u00fbt 2022 dans une affaire de pr\u00eat opposant deux membres d\u2019une famille. Il e ...\" \/>\n<meta name=\"robots\" content=\"index, follow, max-snippet:-1, max-image-preview:large, max-video-preview:-1\" \/>\n<link rel=\"canonical\" href=\"https:\/\/www.africa-press.net\/benin\/toutes-les-actualites\/benin-distel-amoussou-condamne-a-18-mois-de-prison-dont-2-ferme\" \/>\n<meta property=\"og:locale\" content=\"fr_FR\" \/>\n<meta property=\"og:type\" content=\"article\" \/>\n<meta property=\"og:title\" content=\"B\u00e9nin: Distel Amoussou condamn\u00e9 \u00e0 18 mois de prison dont 2 ferme\" \/>\n<meta property=\"og:description\" content=\"Distel Amoussou a \u00e9t\u00e9 condamn\u00e9 ce mardi 23 ao\u00fbt 2022 dans une affaire de pr\u00eat opposant deux membres d\u2019une famille. Il e ...\" \/>\n<meta property=\"og:url\" content=\"https:\/\/www.africa-press.net\/benin\/toutes-les-actualites\/benin-distel-amoussou-condamne-a-18-mois-de-prison-dont-2-ferme\" \/>\n<meta property=\"og:site_name\" content=\"B\u00e9nin\" \/>\n<meta property=\"article:published_time\" content=\"2022-08-23T18:14:57+00:00\" \/>\n<meta property=\"article:modified_time\" content=\"2022-08-23T18:37:29+00:00\" \/>\n<meta property=\"og:image\" content=\"https:\/\/static.africa-press.net\/benin\/sites\/46\/2022\/08\/postQueueImg_31-63051e53387fc.jpg\" \/>\n\t<meta property=\"og:image:width\" content=\"1200\" \/>\n\t<meta property=\"og:image:height\" content=\"949\" \/>\n\t<meta property=\"og:image:type\" content=\"image\/jpeg\" \/>\n<meta name=\"author\" content=\"cfeditorfr\" \/>\n<meta name=\"twitter:card\" content=\"summary_large_image\" \/>\n<meta name=\"twitter:label1\" content=\"\u00c9crit par\" \/>\n\t<meta name=\"twitter:data1\" content=\"cfeditorfr\" \/>\n\t<meta name=\"twitter:label2\" content=\"Dur\u00e9e de lecture estim\u00e9e\" \/>\n\t<meta name=\"twitter:data2\" content=\"1 minute\" \/>\n<script type=\"application\/ld+json\" class=\"yoast-schema-graph\">{\"@context\":\"https:\/\/schema.org\",\"@graph\":[{\"@type\":\"Article\",\"@id\":\"https:\/\/www.africa-press.net\/benin\/toutes-les-actualites\/benin-distel-amoussou-condamne-a-18-mois-de-prison-dont-2-ferme#article\",\"isPartOf\":{\"@id\":\"https:\/\/www.africa-press.net\/benin\/toutes-les-actualites\/benin-distel-amoussou-condamne-a-18-mois-de-prison-dont-2-ferme\"},\"author\":{\"name\":\"cfeditorfr\",\"@id\":\"https:\/\/www.africa-press.net\/benin\/#\/schema\/person\/2b1cf3cd81a31e3cd26889ca66d677f1\"},\"headline\":\"B\u00e9nin: Distel Amoussou condamn\u00e9 \u00e0 18 mois de prison dont 2 ferme\",\"datePublished\":\"2022-08-23T18:14:57+00:00\",\"dateModified\":\"2022-08-23T18:37:29+00:00\",\"mainEntityOfPage\":{\"@id\":\"https:\/\/www.africa-press.net\/benin\/toutes-les-actualites\/benin-distel-amoussou-condamne-a-18-mois-de-prison-dont-2-ferme\"},\"wordCount\":178,\"commentCount\":0,\"image\":{\"@id\":\"https:\/\/www.africa-press.net\/benin\/toutes-les-actualites\/benin-distel-amoussou-condamne-a-18-mois-de-prison-dont-2-ferme#primaryimage\"},\"thumbnailUrl\":\"https:\/\/static.africa-press.net\/benin\/sites\/46\/2022\/08\/postQueueImg_31-63051e53387fc.jpg\",\"keywords\":[\"Africa Press\",\"Africa Press-Benin\",\"B\u00e9nin\"],\"articleSection\":[\"Communaut\u00e9\",\"homepage-french\",\"Toutes les actualit\u00e9s\"],\"inLanguage\":\"fr-FR\",\"potentialAction\":[{\"@type\":\"CommentAction\",\"name\":\"Comment\",\"target\":[\"https:\/\/www.africa-press.net\/benin\/toutes-les-actualites\/benin-distel-amoussou-condamne-a-18-mois-de-prison-dont-2-ferme#respond\"]}]},{\"@type\":\"WebPage\",\"@id\":\"https:\/\/www.africa-press.net\/benin\/toutes-les-actualites\/benin-distel-amoussou-condamne-a-18-mois-de-prison-dont-2-ferme\",\"url\":\"https:\/\/www.africa-press.net\/benin\/toutes-les-actualites\/benin-distel-amoussou-condamne-a-18-mois-de-prison-dont-2-ferme\",\"name\":\"B\u00e9nin: Distel Amoussou condamn\u00e9 \u00e0 18 mois de prison dont 2 ferme - B\u00e9nin\",\"isPartOf\":{\"@id\":\"https:\/\/www.africa-press.net\/benin\/#website\"},\"primaryImageOfPage\":{\"@id\":\"https:\/\/www.africa-press.net\/benin\/toutes-les-actualites\/benin-distel-amoussou-condamne-a-18-mois-de-prison-dont-2-ferme#primaryimage\"},\"image\":{\"@id\":\"https:\/\/www.africa-press.net\/benin\/toutes-les-actualites\/benin-distel-amoussou-condamne-a-18-mois-de-prison-dont-2-ferme#primaryimage\"},\"thumbnailUrl\":\"https:\/\/static.africa-press.net\/benin\/sites\/46\/2022\/08\/postQueueImg_31-63051e53387fc.jpg\",\"datePublished\":\"2022-08-23T18:14:57+00:00\",\"dateModified\":\"2022-08-23T18:37:29+00:00\",\"author\":{\"@id\":\"https:\/\/www.africa-press.net\/benin\/#\/schema\/person\/2b1cf3cd81a31e3cd26889ca66d677f1\"},\"description\":\"Distel Amoussou a \u00e9t\u00e9 condamn\u00e9 ce mardi 23 ao\u00fbt 2022 dans une affaire de pr\u00eat opposant deux membres d\u2019une famille. Il e ...\",\"breadcrumb\":{\"@id\":\"https:\/\/www.africa-press.net\/benin\/toutes-les-actualites\/benin-distel-amoussou-condamne-a-18-mois-de-prison-dont-2-ferme#breadcrumb\"},\"inLanguage\":\"fr-FR\",\"potentialAction\":[{\"@type\":\"ReadAction\",\"target\":[\"https:\/\/www.africa-press.net\/benin\/toutes-les-actualites\/benin-distel-amoussou-condamne-a-18-mois-de-prison-dont-2-ferme\"]}]},{\"@type\":\"ImageObject\",\"inLanguage\":\"fr-FR\",\"@id\":\"https:\/\/www.africa-press.net\/benin\/toutes-les-actualites\/benin-distel-amoussou-condamne-a-18-mois-de-prison-dont-2-ferme#primaryimage\",\"url\":\"https:\/\/static.africa-press.net\/benin\/sites\/46\/2022\/08\/postQueueImg_31-63051e53387fc.jpg\",\"contentUrl\":\"https:\/\/static.africa-press.net\/benin\/sites\/46\/2022\/08\/postQueueImg_31-63051e53387fc.jpg\",\"width\":1200,\"height\":949,\"caption\":\"B\u00e9nin: Distel Amoussou condamn\u00e9 \u00e0 18 mois de prison dont 2 ferme\"},{\"@type\":\"BreadcrumbList\",\"@id\":\"https:\/\/www.africa-press.net\/benin\/toutes-les-actualites\/benin-distel-amoussou-condamne-a-18-mois-de-prison-dont-2-ferme#breadcrumb\",\"itemListElement\":[{\"@type\":\"ListItem\",\"position\":1,\"name\":\"Accueil\",\"item\":\"https:\/\/www.africa-press.net\/benin\/\"},{\"@type\":\"ListItem\",\"position\":2,\"name\":\"B\u00e9nin: Distel Amoussou condamn\u00e9 \u00e0 18 mois de prison dont 2 ferme\"}]},{\"@type\":\"WebSite\",\"@id\":\"https:\/\/www.africa-press.net\/benin\/#website\",\"url\":\"https:\/\/www.africa-press.net\/benin\/\",\"name\":\"B\u00e9nin\",\"description\":\"Just another Africa News Agency Sites site\",\"potentialAction\":[{\"@type\":\"SearchAction\",\"target\":{\"@type\":\"EntryPoint\",\"urlTemplate\":\"https:\/\/www.africa-press.net\/benin\/?s={search_term_string}\"},\"query-input\":{\"@type\":\"PropertyValueSpecification\",\"valueRequired\":true,\"valueName\":\"search_term_string\"}}],\"inLanguage\":\"fr-FR\"},{\"@type\":\"Person\",\"@id\":\"https:\/\/www.africa-press.net\/benin\/#\/schema\/person\/2b1cf3cd81a31e3cd26889ca66d677f1\",\"name\":\"cfeditorfr\"}]}<\/script>\n<!-- \/ Yoast SEO Premium plugin. -->","yoast_head_json":{"title":"B\u00e9nin: Distel Amoussou condamn\u00e9 \u00e0 18 mois de prison dont 2 ferme - B\u00e9nin","description":"Distel Amoussou a \u00e9t\u00e9 condamn\u00e9 ce mardi 23 ao\u00fbt 2022 dans une affaire de pr\u00eat opposant deux membres d\u2019une famille. Il e ...","robots":{"index":"index","follow":"follow","max-snippet":"max-snippet:-1","max-image-preview":"max-image-preview:large","max-video-preview":"max-video-preview:-1"},"canonical":"https:\/\/www.africa-press.net\/benin\/toutes-les-actualites\/benin-distel-amoussou-condamne-a-18-mois-de-prison-dont-2-ferme","og_locale":"fr_FR","og_type":"article","og_title":"B\u00e9nin: Distel Amoussou condamn\u00e9 \u00e0 18 mois de prison dont 2 ferme","og_description":"Distel Amoussou a \u00e9t\u00e9 condamn\u00e9 ce mardi 23 ao\u00fbt 2022 dans une affaire de pr\u00eat opposant deux membres d\u2019une famille. Il e ...","og_url":"https:\/\/www.africa-press.net\/benin\/toutes-les-actualites\/benin-distel-amoussou-condamne-a-18-mois-de-prison-dont-2-ferme","og_site_name":"B\u00e9nin","article_published_time":"2022-08-23T18:14:57+00:00","article_modified_time":"2022-08-23T18:37:29+00:00","og_image":[{"width":1200,"height":949,"url":"https:\/\/static.africa-press.net\/benin\/sites\/46\/2022\/08\/postQueueImg_31-63051e53387fc.jpg","type":"image\/jpeg"}],"author":"cfeditorfr","twitter_card":"summary_large_image","twitter_misc":{"\u00c9crit par":"cfeditorfr","Dur\u00e9e de lecture estim\u00e9e":"1 minute"},"schema":{"@context":"https:\/\/schema.org","@graph":[{"@type":"Article","@id":"https:\/\/www.africa-press.net\/benin\/toutes-les-actualites\/benin-distel-amoussou-condamne-a-18-mois-de-prison-dont-2-ferme#article","isPartOf":{"@id":"https:\/\/www.africa-press.net\/benin\/toutes-les-actualites\/benin-distel-amoussou-condamne-a-18-mois-de-prison-dont-2-ferme"},"author":{"name":"cfeditorfr","@id":"https:\/\/www.africa-press.net\/benin\/#\/schema\/person\/2b1cf3cd81a31e3cd26889ca66d677f1"},"headline":"B\u00e9nin: Distel Amoussou condamn\u00e9 \u00e0 18 mois de prison dont 2 ferme","datePublished":"2022-08-23T18:14:57+00:00","dateModified":"2022-08-23T18:37:29+00:00","mainEntityOfPage":{"@id":"https:\/\/www.africa-press.net\/benin\/toutes-les-actualites\/benin-distel-amoussou-condamne-a-18-mois-de-prison-dont-2-ferme"},"wordCount":178,"commentCount":0,"image":{"@id":"https:\/\/www.africa-press.net\/benin\/toutes-les-actualites\/benin-distel-amoussou-condamne-a-18-mois-de-prison-dont-2-ferme#primaryimage"},"thumbnailUrl":"https:\/\/static.africa-press.net\/benin\/sites\/46\/2022\/08\/postQueueImg_31-63051e53387fc.jpg","keywords":["Africa Press","Africa Press-Benin","B\u00e9nin"],"articleSection":["Communaut\u00e9","homepage-french","Toutes les actualit\u00e9s"],"inLanguage":"fr-FR","potentialAction":[{"@type":"CommentAction","name":"Comment","target":["https:\/\/www.africa-press.net\/benin\/toutes-les-actualites\/benin-distel-amoussou-condamne-a-18-mois-de-prison-dont-2-ferme#respond"]}]},{"@type":"WebPage","@id":"https:\/\/www.africa-press.net\/benin\/toutes-les-actualites\/benin-distel-amoussou-condamne-a-18-mois-de-prison-dont-2-ferme","url":"https:\/\/www.africa-press.net\/benin\/toutes-les-actualites\/benin-distel-amoussou-condamne-a-18-mois-de-prison-dont-2-ferme","name":"B\u00e9nin: Distel Amoussou condamn\u00e9 \u00e0 18 mois de prison dont 2 ferme - B\u00e9nin","isPartOf":{"@id":"https:\/\/www.africa-press.net\/benin\/#website"},"primaryImageOfPage":{"@id":"https:\/\/www.africa-press.net\/benin\/toutes-les-actualites\/benin-distel-amoussou-condamne-a-18-mois-de-prison-dont-2-ferme#primaryimage"},"image":{"@id":"https:\/\/www.africa-press.net\/benin\/toutes-les-actualites\/benin-distel-amoussou-condamne-a-18-mois-de-prison-dont-2-ferme#primaryimage"},"thumbnailUrl":"https:\/\/static.africa-press.net\/benin\/sites\/46\/2022\/08\/postQueueImg_31-63051e53387fc.jpg","datePublished":"2022-08-23T18:14:57+00:00","dateModified":"2022-08-23T18:37:29+00:00","author":{"@id":"https:\/\/www.africa-press.net\/benin\/#\/schema\/person\/2b1cf3cd81a31e3cd26889ca66d677f1"},"description":"Distel Amoussou a \u00e9t\u00e9 condamn\u00e9 ce mardi 23 ao\u00fbt 2022 dans une affaire de pr\u00eat opposant deux membres d\u2019une famille. Il e ...","breadcrumb":{"@id":"https:\/\/www.africa-press.net\/benin\/toutes-les-actualites\/benin-distel-amoussou-condamne-a-18-mois-de-prison-dont-2-ferme#breadcrumb"},"inLanguage":"fr-FR","potentialAction":[{"@type":"ReadAction","target":["https:\/\/www.africa-press.net\/benin\/toutes-les-actualites\/benin-distel-amoussou-condamne-a-18-mois-de-prison-dont-2-ferme"]}]},{"@type":"ImageObject","inLanguage":"fr-FR","@id":"https:\/\/www.africa-press.net\/benin\/toutes-les-actualites\/benin-distel-amoussou-condamne-a-18-mois-de-prison-dont-2-ferme#primaryimage","url":"https:\/\/static.africa-press.net\/benin\/sites\/46\/2022\/08\/postQueueImg_31-63051e53387fc.jpg","contentUrl":"https:\/\/static.africa-press.net\/benin\/sites\/46\/2022\/08\/postQueueImg_31-63051e53387fc.jpg","width":1200,"height":949,"caption":"B\u00e9nin: Distel Amoussou condamn\u00e9 \u00e0 18 mois de prison dont 2 ferme"},{"@type":"BreadcrumbList","@id":"https:\/\/www.africa-press.net\/benin\/toutes-les-actualites\/benin-distel-amoussou-condamne-a-18-mois-de-prison-dont-2-ferme#breadcrumb","itemListElement":[{"@type":"ListItem","position":1,"name":"Accueil","item":"https:\/\/www.africa-press.net\/benin\/"},{"@type":"ListItem","position":2,"name":"B\u00e9nin: Distel Amoussou condamn\u00e9 \u00e0 18 mois de prison dont 2 ferme"}]},{"@type":"WebSite","@id":"https:\/\/www.africa-press.net\/benin\/#website","url":"https:\/\/www.africa-press.net\/benin\/","name":"B\u00e9nin","description":"Just another Africa News Agency Sites site","potentialAction":[{"@type":"SearchAction","target":{"@type":"EntryPoint","urlTemplate":"https:\/\/www.africa-press.net\/benin\/?s={search_term_string}"},"query-input":{"@type":"PropertyValueSpecification","valueRequired":true,"valueName":"search_term_string"}}],"inLanguage":"fr-FR"},{"@type":"Person","@id":"https:\/\/www.africa-press.net\/benin\/#\/schema\/person\/2b1cf3cd81a31e3cd26889ca66d677f1","name":"cfeditorfr"}]}},"_links":{"self":[{"href":"https:\/\/www.africa-press.net\/benin\/wp-json\/wp\/v2\/posts\/8175","targetHints":{"allow":["GET"]}}],"collection":[{"href":"https:\/\/www.africa-press.net\/benin\/wp-json\/wp\/v2\/posts"}],"about":[{"href":"https:\/\/www.africa-press.net\/benin\/wp-json\/wp\/v2\/types\/post"}],"author":[{"embeddable":true,"href":"https:\/\/www.africa-press.net\/benin\/wp-json\/wp\/v2\/users\/82"}],"replies":[{"embeddable":true,"href":"https:\/\/www.africa-press.net\/benin\/wp-json\/wp\/v2\/comments?post=8175"}],"version-history":[{"count":0,"href":"https:\/\/www.africa-press.net\/benin\/wp-json\/wp\/v2\/posts\/8175\/revisions"}],"wp:featuredmedia":[{"embeddable":true,"href":"https:\/\/www.africa-press.net\/benin\/wp-json\/wp\/v2\/media\/8174"}],"wp:attachment":[{"href":"https:\/\/www.africa-press.net\/benin\/wp-json\/wp\/v2\/media?parent=8175"}],"wp:term":[{"taxonomy":"category","embeddable":true,"href":"https:\/\/www.africa-press.net\/benin\/wp-json\/wp\/v2\/categories?post=8175"},{"taxonomy":"post_tag","embeddable":true,"href":"https:\/\/www.africa-press.net\/benin\/wp-json\/wp\/v2\/tags?post=8175"}],"curies":[{"name":"wp","href":"https:\/\/api.w.org\/{rel}","templated":true}]}}