{"id":8178,"date":"2022-08-23T18:15:08","date_gmt":"2022-08-23T18:15:08","guid":{"rendered":"https:\/\/www.africa-press.net\/benin\/politique\/benin-malgre-sa-condamnation-distel-amoussou-recu-par-paul-hounkpe"},"modified":"2022-08-23T18:37:56","modified_gmt":"2022-08-23T18:37:56","slug":"benin-malgre-sa-condamnation-distel-amoussou-recu-par-paul-hounkpe","status":"publish","type":"post","link":"https:\/\/www.africa-press.net\/benin\/politique\/benin-malgre-sa-condamnation-distel-amoussou-recu-par-paul-hounkpe","title":{"rendered":"B\u00e9nin: malgr\u00e9 sa condamnation, Distel Amoussou re\u00e7u par Paul Hounkp\u00e8"},"content":{"rendered":"<p><span style=\"color: #ff6600\"><strong>Africa-Press &#8211; Benin. <\/strong><\/span>Distel Amoussou poursuit la prise de contact avec les responsables de partis politiques. En attendant sa rencontre annonc\u00e9e avec le Secr\u00e9taire g\u00e9n\u00e9ral national du Bloc R\u00e9publicain, Abdoulaye Bio Tchan\u00e9, l\u2019ancien journaliste a \u00e9chang\u00e9 avec Paul Hounkp\u00e8 ce mardi, quelques heures apr\u00e8s sa condamnation au tribunal de Cotonou.<\/p>\n<p>Comme annonc\u00e9, Distel Amoussou a \u00e9t\u00e9 re\u00e7u ce mardi 23 ao\u00fbt 2022 par le Chef de file de l\u2019opposition, Secr\u00e9taire ex\u00e9cutif national de la FCBE, Paul Hounkp\u00e8. L\u2019homme est all\u00e9 exposer son souhait de descendre dans l\u2019ar\u00e8ne politique. Il n\u2019a pas encore pr\u00e9cis\u00e9 sa destination, mais la tourn\u00e9e en cours dans les \u00e9tats-majors des formations politiques le situera tr\u00e8s probablement.<\/p>\n<p>Distel Amoussou admire Paul Hounkp\u00e8 pour son calme. C\u2019est d\u2019ailleurs ce qui l\u2019a motiv\u00e9 \u00e0 susciter cette audience. \u00ab J\u2019ai tenu \u00e0 voir Paul Hounkp\u00e8 parce que j\u2019admire son calme et sa s\u00e9r\u00e9nit\u00e9. D\u2019autres personnes \u00e0 sa place, Chef de file de l\u2019opposition, seraient sur les r\u00e9seaux sociaux, la t\u00e9l\u00e9vision de fa\u00e7on intempestive, les d\u00e9clarations \u00e0 outrance. Mais voil\u00e0 un monsieur pond\u00e9r\u00e9 qui assur\u00e9ment mesure la vitesse du vent \u00bb, a-t-il justifi\u00e9.<\/p>\n<p>L\u2019h\u00f4te du Chef de file de l\u2019opposition n\u2019a pas manqu\u00e9 de faire allusion \u00e0 sa condamnation \u00e0 18 mois de prison dont 2 ferme et 500 mille francs CFA d\u2019amende, intervenue ce matin. \u00ab J\u2019ai failli ne pas \u00eatre ici ce soir. J\u2019ai re\u00e7u mon bapt\u00eame de feu parce que je me suis annonc\u00e9 en politique. Mais voil\u00e0, je suis l\u00e0 \u00bb, a-t-il dit.<\/p>\n<p><strong>Pour plus d&rsquo;informations et d&rsquo;analyses sur la <a href=\"https:\/\/www.africa-press.net\/benin\">Benin<\/a>, suivez <a href=\"https:\/\/www.africa-press.net\/\">Africa-Press<\/a><\/strong><\/p>\n","protected":false},"excerpt":{"rendered":"<p>Africa-Press &#8211; Benin. Distel Amoussou poursuit la prise de contact avec les responsables de partis politiques. En attendant sa rencontre annonc\u00e9e avec le Secr\u00e9taire g\u00e9n\u00e9ral national du Bloc R\u00e9publicain, Abdoulaye Bio Tchan\u00e9, l\u2019ancien journaliste a \u00e9chang\u00e9 avec Paul Hounkp\u00e8 ce mardi, quelques heures apr\u00e8s sa condamnation au tribunal de Cotonou. Comme annonc\u00e9, Distel Amoussou a [&hellip;]<\/p>\n","protected":false},"author":82,"featured_media":8177,"comment_status":"open","ping_status":"closed","sticky":false,"template":"","format":"standard","meta":{"footnotes":""},"categories":[11,2,10],"tags":[36,50,45],"class_list":["post-8178","post","type-post","status-publish","format-standard","has-post-thumbnail","hentry","category-homepage-french","category-politique","category-toutes-les-actualites","tag-africa-press","tag-africa-press-benin","tag-benin"],"yoast_head":"<!-- This site is optimized with the Yoast SEO Premium plugin v26.1 (Yoast SEO v27.0) - https:\/\/yoast.com\/product\/yoast-seo-premium-wordpress\/ -->\n<title>B\u00e9nin: malgr\u00e9 sa condamnation, Distel Amoussou re\u00e7u par Paul Hounkp\u00e8 - B\u00e9nin<\/title>\n<meta name=\"description\" content=\"Distel Amoussou poursuit la prise de contact avec les responsables de partis politiques. En attendant sa rencontre annon ...\" \/>\n<meta name=\"robots\" content=\"index, follow, max-snippet:-1, max-image-preview:large, max-video-preview:-1\" \/>\n<link rel=\"canonical\" href=\"https:\/\/www.africa-press.net\/benin\/politique\/benin-malgre-sa-condamnation-distel-amoussou-recu-par-paul-hounkpe\" \/>\n<meta property=\"og:locale\" content=\"fr_FR\" \/>\n<meta property=\"og:type\" content=\"article\" \/>\n<meta property=\"og:title\" content=\"B\u00e9nin: malgr\u00e9 sa condamnation, Distel Amoussou re\u00e7u par Paul Hounkp\u00e8\" \/>\n<meta property=\"og:description\" content=\"Distel Amoussou poursuit la prise de contact avec les responsables de partis politiques. En attendant sa rencontre annon ...\" \/>\n<meta property=\"og:url\" content=\"https:\/\/www.africa-press.net\/benin\/politique\/benin-malgre-sa-condamnation-distel-amoussou-recu-par-paul-hounkpe\" \/>\n<meta property=\"og:site_name\" content=\"B\u00e9nin\" \/>\n<meta property=\"article:published_time\" content=\"2022-08-23T18:15:08+00:00\" \/>\n<meta property=\"article:modified_time\" content=\"2022-08-23T18:37:56+00:00\" \/>\n<meta property=\"og:image\" content=\"https:\/\/static.africa-press.net\/benin\/sites\/46\/2022\/08\/postQueueImg_32-63051e6e65946.jpg\" \/>\n\t<meta property=\"og:image:width\" content=\"1200\" \/>\n\t<meta property=\"og:image:height\" content=\"901\" \/>\n\t<meta property=\"og:image:type\" content=\"image\/jpeg\" \/>\n<meta name=\"author\" content=\"cfeditorfr\" \/>\n<meta name=\"twitter:card\" content=\"summary_large_image\" \/>\n<meta name=\"twitter:label1\" content=\"\u00c9crit par\" \/>\n\t<meta name=\"twitter:data1\" content=\"cfeditorfr\" \/>\n\t<meta name=\"twitter:label2\" content=\"Dur\u00e9e de lecture estim\u00e9e\" \/>\n\t<meta name=\"twitter:data2\" content=\"2 minutes\" \/>\n<script type=\"application\/ld+json\" class=\"yoast-schema-graph\">{\"@context\":\"https:\/\/schema.org\",\"@graph\":[{\"@type\":\"Article\",\"@id\":\"https:\/\/www.africa-press.net\/benin\/politique\/benin-malgre-sa-condamnation-distel-amoussou-recu-par-paul-hounkpe#article\",\"isPartOf\":{\"@id\":\"https:\/\/www.africa-press.net\/benin\/politique\/benin-malgre-sa-condamnation-distel-amoussou-recu-par-paul-hounkpe\"},\"author\":{\"name\":\"cfeditorfr\",\"@id\":\"https:\/\/www.africa-press.net\/benin\/#\/schema\/person\/2b1cf3cd81a31e3cd26889ca66d677f1\"},\"headline\":\"B\u00e9nin: malgr\u00e9 sa condamnation, Distel Amoussou re\u00e7u par Paul Hounkp\u00e8\",\"datePublished\":\"2022-08-23T18:15:08+00:00\",\"dateModified\":\"2022-08-23T18:37:56+00:00\",\"mainEntityOfPage\":{\"@id\":\"https:\/\/www.africa-press.net\/benin\/politique\/benin-malgre-sa-condamnation-distel-amoussou-recu-par-paul-hounkpe\"},\"wordCount\":299,\"commentCount\":0,\"image\":{\"@id\":\"https:\/\/www.africa-press.net\/benin\/politique\/benin-malgre-sa-condamnation-distel-amoussou-recu-par-paul-hounkpe#primaryimage\"},\"thumbnailUrl\":\"https:\/\/static.africa-press.net\/benin\/sites\/46\/2022\/08\/postQueueImg_32-63051e6e65946.jpg\",\"keywords\":[\"Africa Press\",\"Africa Press-Benin\",\"B\u00e9nin\"],\"articleSection\":[\"homepage-french\",\"Politique\",\"Toutes les actualit\u00e9s\"],\"inLanguage\":\"fr-FR\",\"potentialAction\":[{\"@type\":\"CommentAction\",\"name\":\"Comment\",\"target\":[\"https:\/\/www.africa-press.net\/benin\/politique\/benin-malgre-sa-condamnation-distel-amoussou-recu-par-paul-hounkpe#respond\"]}]},{\"@type\":\"WebPage\",\"@id\":\"https:\/\/www.africa-press.net\/benin\/politique\/benin-malgre-sa-condamnation-distel-amoussou-recu-par-paul-hounkpe\",\"url\":\"https:\/\/www.africa-press.net\/benin\/politique\/benin-malgre-sa-condamnation-distel-amoussou-recu-par-paul-hounkpe\",\"name\":\"B\u00e9nin: malgr\u00e9 sa condamnation, Distel Amoussou re\u00e7u par Paul Hounkp\u00e8 - B\u00e9nin\",\"isPartOf\":{\"@id\":\"https:\/\/www.africa-press.net\/benin\/#website\"},\"primaryImageOfPage\":{\"@id\":\"https:\/\/www.africa-press.net\/benin\/politique\/benin-malgre-sa-condamnation-distel-amoussou-recu-par-paul-hounkpe#primaryimage\"},\"image\":{\"@id\":\"https:\/\/www.africa-press.net\/benin\/politique\/benin-malgre-sa-condamnation-distel-amoussou-recu-par-paul-hounkpe#primaryimage\"},\"thumbnailUrl\":\"https:\/\/static.africa-press.net\/benin\/sites\/46\/2022\/08\/postQueueImg_32-63051e6e65946.jpg\",\"datePublished\":\"2022-08-23T18:15:08+00:00\",\"dateModified\":\"2022-08-23T18:37:56+00:00\",\"author\":{\"@id\":\"https:\/\/www.africa-press.net\/benin\/#\/schema\/person\/2b1cf3cd81a31e3cd26889ca66d677f1\"},\"description\":\"Distel Amoussou poursuit la prise de contact avec les responsables de partis politiques. En attendant sa rencontre annon ...\",\"breadcrumb\":{\"@id\":\"https:\/\/www.africa-press.net\/benin\/politique\/benin-malgre-sa-condamnation-distel-amoussou-recu-par-paul-hounkpe#breadcrumb\"},\"inLanguage\":\"fr-FR\",\"potentialAction\":[{\"@type\":\"ReadAction\",\"target\":[\"https:\/\/www.africa-press.net\/benin\/politique\/benin-malgre-sa-condamnation-distel-amoussou-recu-par-paul-hounkpe\"]}]},{\"@type\":\"ImageObject\",\"inLanguage\":\"fr-FR\",\"@id\":\"https:\/\/www.africa-press.net\/benin\/politique\/benin-malgre-sa-condamnation-distel-amoussou-recu-par-paul-hounkpe#primaryimage\",\"url\":\"https:\/\/static.africa-press.net\/benin\/sites\/46\/2022\/08\/postQueueImg_32-63051e6e65946.jpg\",\"contentUrl\":\"https:\/\/static.africa-press.net\/benin\/sites\/46\/2022\/08\/postQueueImg_32-63051e6e65946.jpg\",\"width\":1200,\"height\":901,\"caption\":\"B\u00e9nin: malgr\u00e9 sa condamnation, Distel Amoussou re\u00e7u par Paul Hounkp\u00e8\"},{\"@type\":\"BreadcrumbList\",\"@id\":\"https:\/\/www.africa-press.net\/benin\/politique\/benin-malgre-sa-condamnation-distel-amoussou-recu-par-paul-hounkpe#breadcrumb\",\"itemListElement\":[{\"@type\":\"ListItem\",\"position\":1,\"name\":\"Accueil\",\"item\":\"https:\/\/www.africa-press.net\/benin\/\"},{\"@type\":\"ListItem\",\"position\":2,\"name\":\"B\u00e9nin: malgr\u00e9 sa condamnation, Distel Amoussou re\u00e7u par Paul Hounkp\u00e8\"}]},{\"@type\":\"WebSite\",\"@id\":\"https:\/\/www.africa-press.net\/benin\/#website\",\"url\":\"https:\/\/www.africa-press.net\/benin\/\",\"name\":\"B\u00e9nin\",\"description\":\"Just another Africa News Agency Sites site\",\"potentialAction\":[{\"@type\":\"SearchAction\",\"target\":{\"@type\":\"EntryPoint\",\"urlTemplate\":\"https:\/\/www.africa-press.net\/benin\/?s={search_term_string}\"},\"query-input\":{\"@type\":\"PropertyValueSpecification\",\"valueRequired\":true,\"valueName\":\"search_term_string\"}}],\"inLanguage\":\"fr-FR\"},{\"@type\":\"Person\",\"@id\":\"https:\/\/www.africa-press.net\/benin\/#\/schema\/person\/2b1cf3cd81a31e3cd26889ca66d677f1\",\"name\":\"cfeditorfr\"}]}<\/script>\n<!-- \/ Yoast SEO Premium plugin. -->","yoast_head_json":{"title":"B\u00e9nin: malgr\u00e9 sa condamnation, Distel Amoussou re\u00e7u par Paul Hounkp\u00e8 - B\u00e9nin","description":"Distel Amoussou poursuit la prise de contact avec les responsables de partis politiques. En attendant sa rencontre annon ...","robots":{"index":"index","follow":"follow","max-snippet":"max-snippet:-1","max-image-preview":"max-image-preview:large","max-video-preview":"max-video-preview:-1"},"canonical":"https:\/\/www.africa-press.net\/benin\/politique\/benin-malgre-sa-condamnation-distel-amoussou-recu-par-paul-hounkpe","og_locale":"fr_FR","og_type":"article","og_title":"B\u00e9nin: malgr\u00e9 sa condamnation, Distel Amoussou re\u00e7u par Paul Hounkp\u00e8","og_description":"Distel Amoussou poursuit la prise de contact avec les responsables de partis politiques. En attendant sa rencontre annon ...","og_url":"https:\/\/www.africa-press.net\/benin\/politique\/benin-malgre-sa-condamnation-distel-amoussou-recu-par-paul-hounkpe","og_site_name":"B\u00e9nin","article_published_time":"2022-08-23T18:15:08+00:00","article_modified_time":"2022-08-23T18:37:56+00:00","og_image":[{"width":1200,"height":901,"url":"https:\/\/static.africa-press.net\/benin\/sites\/46\/2022\/08\/postQueueImg_32-63051e6e65946.jpg","type":"image\/jpeg"}],"author":"cfeditorfr","twitter_card":"summary_large_image","twitter_misc":{"\u00c9crit par":"cfeditorfr","Dur\u00e9e de lecture estim\u00e9e":"2 minutes"},"schema":{"@context":"https:\/\/schema.org","@graph":[{"@type":"Article","@id":"https:\/\/www.africa-press.net\/benin\/politique\/benin-malgre-sa-condamnation-distel-amoussou-recu-par-paul-hounkpe#article","isPartOf":{"@id":"https:\/\/www.africa-press.net\/benin\/politique\/benin-malgre-sa-condamnation-distel-amoussou-recu-par-paul-hounkpe"},"author":{"name":"cfeditorfr","@id":"https:\/\/www.africa-press.net\/benin\/#\/schema\/person\/2b1cf3cd81a31e3cd26889ca66d677f1"},"headline":"B\u00e9nin: malgr\u00e9 sa condamnation, Distel Amoussou re\u00e7u par Paul Hounkp\u00e8","datePublished":"2022-08-23T18:15:08+00:00","dateModified":"2022-08-23T18:37:56+00:00","mainEntityOfPage":{"@id":"https:\/\/www.africa-press.net\/benin\/politique\/benin-malgre-sa-condamnation-distel-amoussou-recu-par-paul-hounkpe"},"wordCount":299,"commentCount":0,"image":{"@id":"https:\/\/www.africa-press.net\/benin\/politique\/benin-malgre-sa-condamnation-distel-amoussou-recu-par-paul-hounkpe#primaryimage"},"thumbnailUrl":"https:\/\/static.africa-press.net\/benin\/sites\/46\/2022\/08\/postQueueImg_32-63051e6e65946.jpg","keywords":["Africa Press","Africa Press-Benin","B\u00e9nin"],"articleSection":["homepage-french","Politique","Toutes les actualit\u00e9s"],"inLanguage":"fr-FR","potentialAction":[{"@type":"CommentAction","name":"Comment","target":["https:\/\/www.africa-press.net\/benin\/politique\/benin-malgre-sa-condamnation-distel-amoussou-recu-par-paul-hounkpe#respond"]}]},{"@type":"WebPage","@id":"https:\/\/www.africa-press.net\/benin\/politique\/benin-malgre-sa-condamnation-distel-amoussou-recu-par-paul-hounkpe","url":"https:\/\/www.africa-press.net\/benin\/politique\/benin-malgre-sa-condamnation-distel-amoussou-recu-par-paul-hounkpe","name":"B\u00e9nin: malgr\u00e9 sa condamnation, Distel Amoussou re\u00e7u par Paul Hounkp\u00e8 - B\u00e9nin","isPartOf":{"@id":"https:\/\/www.africa-press.net\/benin\/#website"},"primaryImageOfPage":{"@id":"https:\/\/www.africa-press.net\/benin\/politique\/benin-malgre-sa-condamnation-distel-amoussou-recu-par-paul-hounkpe#primaryimage"},"image":{"@id":"https:\/\/www.africa-press.net\/benin\/politique\/benin-malgre-sa-condamnation-distel-amoussou-recu-par-paul-hounkpe#primaryimage"},"thumbnailUrl":"https:\/\/static.africa-press.net\/benin\/sites\/46\/2022\/08\/postQueueImg_32-63051e6e65946.jpg","datePublished":"2022-08-23T18:15:08+00:00","dateModified":"2022-08-23T18:37:56+00:00","author":{"@id":"https:\/\/www.africa-press.net\/benin\/#\/schema\/person\/2b1cf3cd81a31e3cd26889ca66d677f1"},"description":"Distel Amoussou poursuit la prise de contact avec les responsables de partis politiques. En attendant sa rencontre annon ...","breadcrumb":{"@id":"https:\/\/www.africa-press.net\/benin\/politique\/benin-malgre-sa-condamnation-distel-amoussou-recu-par-paul-hounkpe#breadcrumb"},"inLanguage":"fr-FR","potentialAction":[{"@type":"ReadAction","target":["https:\/\/www.africa-press.net\/benin\/politique\/benin-malgre-sa-condamnation-distel-amoussou-recu-par-paul-hounkpe"]}]},{"@type":"ImageObject","inLanguage":"fr-FR","@id":"https:\/\/www.africa-press.net\/benin\/politique\/benin-malgre-sa-condamnation-distel-amoussou-recu-par-paul-hounkpe#primaryimage","url":"https:\/\/static.africa-press.net\/benin\/sites\/46\/2022\/08\/postQueueImg_32-63051e6e65946.jpg","contentUrl":"https:\/\/static.africa-press.net\/benin\/sites\/46\/2022\/08\/postQueueImg_32-63051e6e65946.jpg","width":1200,"height":901,"caption":"B\u00e9nin: malgr\u00e9 sa condamnation, Distel Amoussou re\u00e7u par Paul Hounkp\u00e8"},{"@type":"BreadcrumbList","@id":"https:\/\/www.africa-press.net\/benin\/politique\/benin-malgre-sa-condamnation-distel-amoussou-recu-par-paul-hounkpe#breadcrumb","itemListElement":[{"@type":"ListItem","position":1,"name":"Accueil","item":"https:\/\/www.africa-press.net\/benin\/"},{"@type":"ListItem","position":2,"name":"B\u00e9nin: malgr\u00e9 sa condamnation, Distel Amoussou re\u00e7u par Paul Hounkp\u00e8"}]},{"@type":"WebSite","@id":"https:\/\/www.africa-press.net\/benin\/#website","url":"https:\/\/www.africa-press.net\/benin\/","name":"B\u00e9nin","description":"Just another Africa News Agency Sites site","potentialAction":[{"@type":"SearchAction","target":{"@type":"EntryPoint","urlTemplate":"https:\/\/www.africa-press.net\/benin\/?s={search_term_string}"},"query-input":{"@type":"PropertyValueSpecification","valueRequired":true,"valueName":"search_term_string"}}],"inLanguage":"fr-FR"},{"@type":"Person","@id":"https:\/\/www.africa-press.net\/benin\/#\/schema\/person\/2b1cf3cd81a31e3cd26889ca66d677f1","name":"cfeditorfr"}]}},"_links":{"self":[{"href":"https:\/\/www.africa-press.net\/benin\/wp-json\/wp\/v2\/posts\/8178","targetHints":{"allow":["GET"]}}],"collection":[{"href":"https:\/\/www.africa-press.net\/benin\/wp-json\/wp\/v2\/posts"}],"about":[{"href":"https:\/\/www.africa-press.net\/benin\/wp-json\/wp\/v2\/types\/post"}],"author":[{"embeddable":true,"href":"https:\/\/www.africa-press.net\/benin\/wp-json\/wp\/v2\/users\/82"}],"replies":[{"embeddable":true,"href":"https:\/\/www.africa-press.net\/benin\/wp-json\/wp\/v2\/comments?post=8178"}],"version-history":[{"count":0,"href":"https:\/\/www.africa-press.net\/benin\/wp-json\/wp\/v2\/posts\/8178\/revisions"}],"wp:featuredmedia":[{"embeddable":true,"href":"https:\/\/www.africa-press.net\/benin\/wp-json\/wp\/v2\/media\/8177"}],"wp:attachment":[{"href":"https:\/\/www.africa-press.net\/benin\/wp-json\/wp\/v2\/media?parent=8178"}],"wp:term":[{"taxonomy":"category","embeddable":true,"href":"https:\/\/www.africa-press.net\/benin\/wp-json\/wp\/v2\/categories?post=8178"},{"taxonomy":"post_tag","embeddable":true,"href":"https:\/\/www.africa-press.net\/benin\/wp-json\/wp\/v2\/tags?post=8178"}],"curies":[{"name":"wp","href":"https:\/\/api.w.org\/{rel}","templated":true}]}}