{"id":8186,"date":"2022-08-24T17:49:38","date_gmt":"2022-08-24T17:49:38","guid":{"rendered":"https:\/\/www.africa-press.net\/benin\/politique\/benin-details-sur-la-raison-de-la-condamnation-de-distel-amoussou"},"modified":"2022-08-24T18:17:03","modified_gmt":"2022-08-24T18:17:03","slug":"benin-details-sur-la-raison-de-la-condamnation-de-distel-amoussou","status":"publish","type":"post","link":"https:\/\/www.africa-press.net\/benin\/toutes-les-actualites\/benin-details-sur-la-raison-de-la-condamnation-de-distel-amoussou","title":{"rendered":"B\u00e9nin: d\u00e9tails sur la raison de la condamnation de Distel Amoussou"},"content":{"rendered":"<p><span style=\"color: #ff6600\"><strong>Africa-Press &#8211; Benin. <\/strong><\/span>Distel Amoussou a \u00e9t\u00e9 condamn\u00e9 ce mardi 23 ao\u00fbt 2022 par le tribunal de premi\u00e8re instance de Cotonou, \u00e0 18 mois de prison dont 2 ferme. Il est poursuivi pour \u00ab harc\u00e8lement par moyen \u00e9lectronique \u00bb dans une affaire de pr\u00eat de 30 millions FCFA opposant deux membres de la m\u00eame famille.<\/p>\n<p>Une affaire de 30 millions FCFA opposant les fr\u00e8res Saka a conduit \u00e0 la condamnation du journaliste, chroniqueur politique, Distel Amoussou. L\u2019homme s\u2019\u00e9tait propos\u00e9 de faire la m\u00e9diation entre les deux protagonistes, mais les choses ont mal tourn\u00e9.<\/p>\n<p>En effet, dame N. Saka a confi\u00e9 \u00e0 Distel Amoussou, que son fr\u00e8re Razack lui doit une somme de 30 millions de francs CFA. Elle r\u00e9clamait \u00e9galement sa part de b\u00e9n\u00e9fice sur l\u2019exploitation d\u2019une soci\u00e9t\u00e9 dont ils sont h\u00e9ritiers.<\/p>\n<p>Distel Amoussou dans une d\u00e9marche de m\u00e9diation<\/p>\n<p>Apr\u00e8s avoir \u00e9cout\u00e9 les plaintes de dame N. Saka, Distel Amoussou a d\u00e9cid\u00e9 de faire rembourser le suppos\u00e9 d\u00e9biteur. Il a, dans ce cadre, initi\u00e9 une rencontre avec ce dernier, le sieur Razack.<\/p>\n<p>Lors de la rencontre tenue au bureau de Razack, Distel Amoussou n\u2019a pas eu gain de cause. Razack et son fr\u00e8re Moussa qui \u00e9tait aussi l\u00e0 se sont oppos\u00e9s \u00e0 la d\u00e9marche du m\u00e9diateur auto-proclam\u00e9. Pour eux, ils doivent rien \u00e0 leur s\u0153ur, et donc ne voient pas l\u2019opportunit\u00e9 d\u2019une telle d\u00e9marche.<\/p>\n<p>Selon les dires du sieur Razack, Distel Amoussou avait r\u00e9clam\u00e9 du caf\u00e9. Il croyait qu\u2019il fallait le lui pr\u00e9parer, mais son fr\u00e8re Moussa avait compris que c\u2019\u00e9tait un langage cod\u00e9 et qu\u2019en r\u00e9alit\u00e9 le visiteur demandait de l\u2019argent.<b> \u00ab Razack dit lui avoir remis la somme de 50.000 FCFA suivant les conseils de son fr\u00e8re Moussa \u00bb<\/b>, a rapport\u00e9 La Voix de la Justice.<\/p>\n<p><b>Comment Distel Amoussou va s\u2019attirer la col\u00e8re de Razack <\/b><\/p>\n<p>Apr\u00e8s l\u2019\u00e9chec de sa d\u00e9marche, Distel Amoussou a contact\u00e9 le sieur Razack lui demandant de verser les 30 millions, auquel cas l\u2019affaire sera mise sur les r\u00e9seaux sociaux. Le lendemain, il a mis sa menace \u00e0 l\u2019ex\u00e9cution en signant un article qui n\u2019a pas \u00e9t\u00e9 du go\u00fbt de Razack.<\/p>\n<p>L\u2019article avait pour titre : \u00ab Les Gones de la d\u00e9linquance p\u00e9troli\u00e8re, Une Op\u00e9ration fiscale frauduleuse \u00bb. Relay\u00e9 sur les r\u00e9seaux sociaux, le texte comportait des informations sur des difficult\u00e9s que les fr\u00e8res Saka rencontrent dans leurs affaires.<\/p>\n<p>Cet agissement de Distel a attis\u00e9 la col\u00e8re de Razack qui n\u2019a pas h\u00e9sit\u00e9 \u00e0 porter plainte. Mis en cause dans la plainte, Distel Amoussou a \u00e9t\u00e9 convoqu\u00e9 \u00e0 compara\u00eetre en flagrant d\u00e9lit. Apr\u00e8s un premier report, l\u2019audience s\u2019est tenue ce mardi.<\/p>\n<p><b>Distel Amoussou plong\u00e9 par dame N. Saka ?<\/b><\/p>\n<p>A la barre, N. Saka fait savoir que ses fr\u00e8res lui avaient d\u00e9j\u00e0 rembours\u00e9 les fameux 30 millions de francs. Mais elle r\u00e9clamait les b\u00e9n\u00e9fices que la somme aurait g\u00e9n\u00e9r\u00e9s. Par ailleurs, elle a reconnu avoir fourni des informations concernant ses fr\u00e8res, \u00e0 Distel, mais ne savait pas que ce dernier allait les exploiter dans un article.<\/p>\n<p>Face aux accusations, Distel Amoussou a expliqu\u00e9 que son article n\u2019avait nullement pour but de mettre la pression \u00e0 Razack. Il a reconnu avoir men\u00e9 des d\u00e9marches pour un r\u00e8glement \u00e0 l\u2019amiable de l\u2019affaire.<\/p>\n<p><strong>Pour plus d&rsquo;informations et d&rsquo;analyses sur la <a href=\"https:\/\/www.africa-press.net\/benin\">Benin<\/a>, suivez <a href=\"https:\/\/www.africa-press.net\/\">Africa-Press<\/a><\/strong><\/p>\n","protected":false},"excerpt":{"rendered":"<p>Africa-Press &#8211; Benin. Distel Amoussou a \u00e9t\u00e9 condamn\u00e9 ce mardi 23 ao\u00fbt 2022 par le tribunal de premi\u00e8re instance de Cotonou, \u00e0 18 mois de prison dont 2 ferme. Il est poursuivi pour \u00ab harc\u00e8lement par moyen \u00e9lectronique \u00bb dans une affaire de pr\u00eat de 30 millions FCFA opposant deux membres de la m\u00eame famille. [&hellip;]<\/p>\n","protected":false},"author":82,"featured_media":8185,"comment_status":"open","ping_status":"closed","sticky":false,"template":"","format":"standard","meta":{"footnotes":""},"categories":[21,11,10],"tags":[36,50,45],"class_list":["post-8186","post","type-post","status-publish","format-standard","has-post-thumbnail","hentry","category-communaute","category-homepage-french","category-toutes-les-actualites","tag-africa-press","tag-africa-press-benin","tag-benin"],"yoast_head":"<!-- This site is optimized with the Yoast SEO Premium plugin v26.1 (Yoast SEO v27.0) - https:\/\/yoast.com\/product\/yoast-seo-premium-wordpress\/ -->\n<title>B\u00e9nin: d\u00e9tails sur la raison de la condamnation de Distel Amoussou - B\u00e9nin<\/title>\n<meta name=\"description\" content=\"Distel Amoussou a \u00e9t\u00e9 condamn\u00e9 ce mardi 23 ao\u00fbt 2022 par le tribunal de premi\u00e8re instance de Cotonou, \u00e0 18 mois de priso ...\" \/>\n<meta name=\"robots\" content=\"index, follow, max-snippet:-1, max-image-preview:large, max-video-preview:-1\" \/>\n<link rel=\"canonical\" href=\"https:\/\/www.africa-press.net\/benin\/toutes-les-actualites\/benin-details-sur-la-raison-de-la-condamnation-de-distel-amoussou\" \/>\n<meta property=\"og:locale\" content=\"fr_FR\" \/>\n<meta property=\"og:type\" content=\"article\" \/>\n<meta property=\"og:title\" content=\"B\u00e9nin: d\u00e9tails sur la raison de la condamnation de Distel Amoussou\" \/>\n<meta property=\"og:description\" content=\"Distel Amoussou a \u00e9t\u00e9 condamn\u00e9 ce mardi 23 ao\u00fbt 2022 par le tribunal de premi\u00e8re instance de Cotonou, \u00e0 18 mois de priso ...\" \/>\n<meta property=\"og:url\" content=\"https:\/\/www.africa-press.net\/benin\/toutes-les-actualites\/benin-details-sur-la-raison-de-la-condamnation-de-distel-amoussou\" \/>\n<meta property=\"og:site_name\" content=\"B\u00e9nin\" \/>\n<meta property=\"article:published_time\" content=\"2022-08-24T17:49:38+00:00\" \/>\n<meta property=\"article:modified_time\" content=\"2022-08-24T18:17:03+00:00\" \/>\n<meta property=\"og:image\" content=\"https:\/\/static.africa-press.net\/benin\/sites\/46\/2022\/08\/postQueueImg_18-63066ae95deaa.jpg\" \/>\n\t<meta property=\"og:image:width\" content=\"1200\" \/>\n\t<meta property=\"og:image:height\" content=\"949\" \/>\n\t<meta property=\"og:image:type\" content=\"image\/jpeg\" \/>\n<meta name=\"author\" content=\"cfeditorfr\" \/>\n<meta name=\"twitter:card\" content=\"summary_large_image\" \/>\n<meta name=\"twitter:label1\" content=\"\u00c9crit par\" \/>\n\t<meta name=\"twitter:data1\" content=\"cfeditorfr\" \/>\n\t<meta name=\"twitter:label2\" content=\"Dur\u00e9e de lecture estim\u00e9e\" \/>\n\t<meta name=\"twitter:data2\" content=\"3 minutes\" \/>\n<script type=\"application\/ld+json\" class=\"yoast-schema-graph\">{\"@context\":\"https:\/\/schema.org\",\"@graph\":[{\"@type\":\"Article\",\"@id\":\"https:\/\/www.africa-press.net\/benin\/toutes-les-actualites\/benin-details-sur-la-raison-de-la-condamnation-de-distel-amoussou#article\",\"isPartOf\":{\"@id\":\"https:\/\/www.africa-press.net\/benin\/toutes-les-actualites\/benin-details-sur-la-raison-de-la-condamnation-de-distel-amoussou\"},\"author\":{\"name\":\"cfeditorfr\",\"@id\":\"https:\/\/www.africa-press.net\/benin\/#\/schema\/person\/2b1cf3cd81a31e3cd26889ca66d677f1\"},\"headline\":\"B\u00e9nin: d\u00e9tails sur la raison de la condamnation de Distel Amoussou\",\"datePublished\":\"2022-08-24T17:49:38+00:00\",\"dateModified\":\"2022-08-24T18:17:03+00:00\",\"mainEntityOfPage\":{\"@id\":\"https:\/\/www.africa-press.net\/benin\/toutes-les-actualites\/benin-details-sur-la-raison-de-la-condamnation-de-distel-amoussou\"},\"wordCount\":602,\"commentCount\":0,\"image\":{\"@id\":\"https:\/\/www.africa-press.net\/benin\/toutes-les-actualites\/benin-details-sur-la-raison-de-la-condamnation-de-distel-amoussou#primaryimage\"},\"thumbnailUrl\":\"https:\/\/static.africa-press.net\/benin\/sites\/46\/2022\/08\/postQueueImg_18-63066ae95deaa.jpg\",\"keywords\":[\"Africa Press\",\"Africa Press-Benin\",\"B\u00e9nin\"],\"articleSection\":[\"Communaut\u00e9\",\"homepage-french\",\"Toutes les actualit\u00e9s\"],\"inLanguage\":\"fr-FR\",\"potentialAction\":[{\"@type\":\"CommentAction\",\"name\":\"Comment\",\"target\":[\"https:\/\/www.africa-press.net\/benin\/toutes-les-actualites\/benin-details-sur-la-raison-de-la-condamnation-de-distel-amoussou#respond\"]}]},{\"@type\":\"WebPage\",\"@id\":\"https:\/\/www.africa-press.net\/benin\/toutes-les-actualites\/benin-details-sur-la-raison-de-la-condamnation-de-distel-amoussou\",\"url\":\"https:\/\/www.africa-press.net\/benin\/toutes-les-actualites\/benin-details-sur-la-raison-de-la-condamnation-de-distel-amoussou\",\"name\":\"B\u00e9nin: d\u00e9tails sur la raison de la condamnation de Distel Amoussou - B\u00e9nin\",\"isPartOf\":{\"@id\":\"https:\/\/www.africa-press.net\/benin\/#website\"},\"primaryImageOfPage\":{\"@id\":\"https:\/\/www.africa-press.net\/benin\/toutes-les-actualites\/benin-details-sur-la-raison-de-la-condamnation-de-distel-amoussou#primaryimage\"},\"image\":{\"@id\":\"https:\/\/www.africa-press.net\/benin\/toutes-les-actualites\/benin-details-sur-la-raison-de-la-condamnation-de-distel-amoussou#primaryimage\"},\"thumbnailUrl\":\"https:\/\/static.africa-press.net\/benin\/sites\/46\/2022\/08\/postQueueImg_18-63066ae95deaa.jpg\",\"datePublished\":\"2022-08-24T17:49:38+00:00\",\"dateModified\":\"2022-08-24T18:17:03+00:00\",\"author\":{\"@id\":\"https:\/\/www.africa-press.net\/benin\/#\/schema\/person\/2b1cf3cd81a31e3cd26889ca66d677f1\"},\"description\":\"Distel Amoussou a \u00e9t\u00e9 condamn\u00e9 ce mardi 23 ao\u00fbt 2022 par le tribunal de premi\u00e8re instance de Cotonou, \u00e0 18 mois de priso ...\",\"breadcrumb\":{\"@id\":\"https:\/\/www.africa-press.net\/benin\/toutes-les-actualites\/benin-details-sur-la-raison-de-la-condamnation-de-distel-amoussou#breadcrumb\"},\"inLanguage\":\"fr-FR\",\"potentialAction\":[{\"@type\":\"ReadAction\",\"target\":[\"https:\/\/www.africa-press.net\/benin\/toutes-les-actualites\/benin-details-sur-la-raison-de-la-condamnation-de-distel-amoussou\"]}]},{\"@type\":\"ImageObject\",\"inLanguage\":\"fr-FR\",\"@id\":\"https:\/\/www.africa-press.net\/benin\/toutes-les-actualites\/benin-details-sur-la-raison-de-la-condamnation-de-distel-amoussou#primaryimage\",\"url\":\"https:\/\/static.africa-press.net\/benin\/sites\/46\/2022\/08\/postQueueImg_18-63066ae95deaa.jpg\",\"contentUrl\":\"https:\/\/static.africa-press.net\/benin\/sites\/46\/2022\/08\/postQueueImg_18-63066ae95deaa.jpg\",\"width\":1200,\"height\":949,\"caption\":\"B\u00e9nin: d\u00e9tails sur la raison de la condamnation de Distel Amoussou\"},{\"@type\":\"BreadcrumbList\",\"@id\":\"https:\/\/www.africa-press.net\/benin\/toutes-les-actualites\/benin-details-sur-la-raison-de-la-condamnation-de-distel-amoussou#breadcrumb\",\"itemListElement\":[{\"@type\":\"ListItem\",\"position\":1,\"name\":\"Accueil\",\"item\":\"https:\/\/www.africa-press.net\/benin\/\"},{\"@type\":\"ListItem\",\"position\":2,\"name\":\"B\u00e9nin: d\u00e9tails sur la raison de la condamnation de Distel Amoussou\"}]},{\"@type\":\"WebSite\",\"@id\":\"https:\/\/www.africa-press.net\/benin\/#website\",\"url\":\"https:\/\/www.africa-press.net\/benin\/\",\"name\":\"B\u00e9nin\",\"description\":\"Just another Africa News Agency Sites site\",\"potentialAction\":[{\"@type\":\"SearchAction\",\"target\":{\"@type\":\"EntryPoint\",\"urlTemplate\":\"https:\/\/www.africa-press.net\/benin\/?s={search_term_string}\"},\"query-input\":{\"@type\":\"PropertyValueSpecification\",\"valueRequired\":true,\"valueName\":\"search_term_string\"}}],\"inLanguage\":\"fr-FR\"},{\"@type\":\"Person\",\"@id\":\"https:\/\/www.africa-press.net\/benin\/#\/schema\/person\/2b1cf3cd81a31e3cd26889ca66d677f1\",\"name\":\"cfeditorfr\"}]}<\/script>\n<!-- \/ Yoast SEO Premium plugin. -->","yoast_head_json":{"title":"B\u00e9nin: d\u00e9tails sur la raison de la condamnation de Distel Amoussou - B\u00e9nin","description":"Distel Amoussou a \u00e9t\u00e9 condamn\u00e9 ce mardi 23 ao\u00fbt 2022 par le tribunal de premi\u00e8re instance de Cotonou, \u00e0 18 mois de priso ...","robots":{"index":"index","follow":"follow","max-snippet":"max-snippet:-1","max-image-preview":"max-image-preview:large","max-video-preview":"max-video-preview:-1"},"canonical":"https:\/\/www.africa-press.net\/benin\/toutes-les-actualites\/benin-details-sur-la-raison-de-la-condamnation-de-distel-amoussou","og_locale":"fr_FR","og_type":"article","og_title":"B\u00e9nin: d\u00e9tails sur la raison de la condamnation de Distel Amoussou","og_description":"Distel Amoussou a \u00e9t\u00e9 condamn\u00e9 ce mardi 23 ao\u00fbt 2022 par le tribunal de premi\u00e8re instance de Cotonou, \u00e0 18 mois de priso ...","og_url":"https:\/\/www.africa-press.net\/benin\/toutes-les-actualites\/benin-details-sur-la-raison-de-la-condamnation-de-distel-amoussou","og_site_name":"B\u00e9nin","article_published_time":"2022-08-24T17:49:38+00:00","article_modified_time":"2022-08-24T18:17:03+00:00","og_image":[{"width":1200,"height":949,"url":"https:\/\/static.africa-press.net\/benin\/sites\/46\/2022\/08\/postQueueImg_18-63066ae95deaa.jpg","type":"image\/jpeg"}],"author":"cfeditorfr","twitter_card":"summary_large_image","twitter_misc":{"\u00c9crit par":"cfeditorfr","Dur\u00e9e de lecture estim\u00e9e":"3 minutes"},"schema":{"@context":"https:\/\/schema.org","@graph":[{"@type":"Article","@id":"https:\/\/www.africa-press.net\/benin\/toutes-les-actualites\/benin-details-sur-la-raison-de-la-condamnation-de-distel-amoussou#article","isPartOf":{"@id":"https:\/\/www.africa-press.net\/benin\/toutes-les-actualites\/benin-details-sur-la-raison-de-la-condamnation-de-distel-amoussou"},"author":{"name":"cfeditorfr","@id":"https:\/\/www.africa-press.net\/benin\/#\/schema\/person\/2b1cf3cd81a31e3cd26889ca66d677f1"},"headline":"B\u00e9nin: d\u00e9tails sur la raison de la condamnation de Distel Amoussou","datePublished":"2022-08-24T17:49:38+00:00","dateModified":"2022-08-24T18:17:03+00:00","mainEntityOfPage":{"@id":"https:\/\/www.africa-press.net\/benin\/toutes-les-actualites\/benin-details-sur-la-raison-de-la-condamnation-de-distel-amoussou"},"wordCount":602,"commentCount":0,"image":{"@id":"https:\/\/www.africa-press.net\/benin\/toutes-les-actualites\/benin-details-sur-la-raison-de-la-condamnation-de-distel-amoussou#primaryimage"},"thumbnailUrl":"https:\/\/static.africa-press.net\/benin\/sites\/46\/2022\/08\/postQueueImg_18-63066ae95deaa.jpg","keywords":["Africa Press","Africa Press-Benin","B\u00e9nin"],"articleSection":["Communaut\u00e9","homepage-french","Toutes les actualit\u00e9s"],"inLanguage":"fr-FR","potentialAction":[{"@type":"CommentAction","name":"Comment","target":["https:\/\/www.africa-press.net\/benin\/toutes-les-actualites\/benin-details-sur-la-raison-de-la-condamnation-de-distel-amoussou#respond"]}]},{"@type":"WebPage","@id":"https:\/\/www.africa-press.net\/benin\/toutes-les-actualites\/benin-details-sur-la-raison-de-la-condamnation-de-distel-amoussou","url":"https:\/\/www.africa-press.net\/benin\/toutes-les-actualites\/benin-details-sur-la-raison-de-la-condamnation-de-distel-amoussou","name":"B\u00e9nin: d\u00e9tails sur la raison de la condamnation de Distel Amoussou - B\u00e9nin","isPartOf":{"@id":"https:\/\/www.africa-press.net\/benin\/#website"},"primaryImageOfPage":{"@id":"https:\/\/www.africa-press.net\/benin\/toutes-les-actualites\/benin-details-sur-la-raison-de-la-condamnation-de-distel-amoussou#primaryimage"},"image":{"@id":"https:\/\/www.africa-press.net\/benin\/toutes-les-actualites\/benin-details-sur-la-raison-de-la-condamnation-de-distel-amoussou#primaryimage"},"thumbnailUrl":"https:\/\/static.africa-press.net\/benin\/sites\/46\/2022\/08\/postQueueImg_18-63066ae95deaa.jpg","datePublished":"2022-08-24T17:49:38+00:00","dateModified":"2022-08-24T18:17:03+00:00","author":{"@id":"https:\/\/www.africa-press.net\/benin\/#\/schema\/person\/2b1cf3cd81a31e3cd26889ca66d677f1"},"description":"Distel Amoussou a \u00e9t\u00e9 condamn\u00e9 ce mardi 23 ao\u00fbt 2022 par le tribunal de premi\u00e8re instance de Cotonou, \u00e0 18 mois de priso ...","breadcrumb":{"@id":"https:\/\/www.africa-press.net\/benin\/toutes-les-actualites\/benin-details-sur-la-raison-de-la-condamnation-de-distel-amoussou#breadcrumb"},"inLanguage":"fr-FR","potentialAction":[{"@type":"ReadAction","target":["https:\/\/www.africa-press.net\/benin\/toutes-les-actualites\/benin-details-sur-la-raison-de-la-condamnation-de-distel-amoussou"]}]},{"@type":"ImageObject","inLanguage":"fr-FR","@id":"https:\/\/www.africa-press.net\/benin\/toutes-les-actualites\/benin-details-sur-la-raison-de-la-condamnation-de-distel-amoussou#primaryimage","url":"https:\/\/static.africa-press.net\/benin\/sites\/46\/2022\/08\/postQueueImg_18-63066ae95deaa.jpg","contentUrl":"https:\/\/static.africa-press.net\/benin\/sites\/46\/2022\/08\/postQueueImg_18-63066ae95deaa.jpg","width":1200,"height":949,"caption":"B\u00e9nin: d\u00e9tails sur la raison de la condamnation de Distel Amoussou"},{"@type":"BreadcrumbList","@id":"https:\/\/www.africa-press.net\/benin\/toutes-les-actualites\/benin-details-sur-la-raison-de-la-condamnation-de-distel-amoussou#breadcrumb","itemListElement":[{"@type":"ListItem","position":1,"name":"Accueil","item":"https:\/\/www.africa-press.net\/benin\/"},{"@type":"ListItem","position":2,"name":"B\u00e9nin: d\u00e9tails sur la raison de la condamnation de Distel Amoussou"}]},{"@type":"WebSite","@id":"https:\/\/www.africa-press.net\/benin\/#website","url":"https:\/\/www.africa-press.net\/benin\/","name":"B\u00e9nin","description":"Just another Africa News Agency Sites site","potentialAction":[{"@type":"SearchAction","target":{"@type":"EntryPoint","urlTemplate":"https:\/\/www.africa-press.net\/benin\/?s={search_term_string}"},"query-input":{"@type":"PropertyValueSpecification","valueRequired":true,"valueName":"search_term_string"}}],"inLanguage":"fr-FR"},{"@type":"Person","@id":"https:\/\/www.africa-press.net\/benin\/#\/schema\/person\/2b1cf3cd81a31e3cd26889ca66d677f1","name":"cfeditorfr"}]}},"_links":{"self":[{"href":"https:\/\/www.africa-press.net\/benin\/wp-json\/wp\/v2\/posts\/8186","targetHints":{"allow":["GET"]}}],"collection":[{"href":"https:\/\/www.africa-press.net\/benin\/wp-json\/wp\/v2\/posts"}],"about":[{"href":"https:\/\/www.africa-press.net\/benin\/wp-json\/wp\/v2\/types\/post"}],"author":[{"embeddable":true,"href":"https:\/\/www.africa-press.net\/benin\/wp-json\/wp\/v2\/users\/82"}],"replies":[{"embeddable":true,"href":"https:\/\/www.africa-press.net\/benin\/wp-json\/wp\/v2\/comments?post=8186"}],"version-history":[{"count":0,"href":"https:\/\/www.africa-press.net\/benin\/wp-json\/wp\/v2\/posts\/8186\/revisions"}],"wp:featuredmedia":[{"embeddable":true,"href":"https:\/\/www.africa-press.net\/benin\/wp-json\/wp\/v2\/media\/8185"}],"wp:attachment":[{"href":"https:\/\/www.africa-press.net\/benin\/wp-json\/wp\/v2\/media?parent=8186"}],"wp:term":[{"taxonomy":"category","embeddable":true,"href":"https:\/\/www.africa-press.net\/benin\/wp-json\/wp\/v2\/categories?post=8186"},{"taxonomy":"post_tag","embeddable":true,"href":"https:\/\/www.africa-press.net\/benin\/wp-json\/wp\/v2\/tags?post=8186"}],"curies":[{"name":"wp","href":"https:\/\/api.w.org\/{rel}","templated":true}]}}