{"id":8189,"date":"2022-08-24T17:49:52","date_gmt":"2022-08-24T17:49:52","guid":{"rendered":"https:\/\/www.africa-press.net\/benin\/politique\/benin-noel-chadare-evoque-les-urgences-a-regler-avant-la-rentree"},"modified":"2022-08-24T18:17:58","modified_gmt":"2022-08-24T18:17:58","slug":"benin-noel-chadare-evoque-les-urgences-a-regler-avant-la-rentree","status":"publish","type":"post","link":"https:\/\/www.africa-press.net\/benin\/toutes-les-actualites\/benin-noel-chadare-evoque-les-urgences-a-regler-avant-la-rentree","title":{"rendered":"B\u00e9nin: No\u00ebl Chadar\u00e9 \u00e9voque les urgences \u00e0 r\u00e9gler avant la rentr\u00e9e"},"content":{"rendered":"<p><span style=\"color: #ff6600\"><strong>Africa-Press &#8211; Benin. <\/strong><\/span>Selon le calendrier scolaire, les \u00e9coles ouvriront leurs portes d\u00e8s le 19 Septembre prochain. En pr\u00e9lude \u00e0 cette rentr\u00e9e des classes, le secr\u00e9taire g\u00e9n\u00e9ral de la cosi-B\u00e9nin, No\u00ebl Chadar\u00e9 rappelle au gouvernement, les conditions d\u2019une bonne rentr\u00e9e scolaire 2022-2023.<\/p>\n<p>Les vacances tirent progressivement vers leur fin. Bient\u00f4t enseignants et apprenants reprendront le chemin des classes. Pour une bonne ann\u00e9e scolaire et acad\u00e9mique 2022-2023, le secr\u00e9taire g\u00e9n\u00e9ral de la conf\u00e9d\u00e9ration des organisations syndicales ind\u00e9pendantes du B\u00e9nin (Cosi-B\u00e9nin) a rappel\u00e9 au gouvernement, les urgences \u00e0 r\u00e9gler pour permettre une bonne reprise des cours.<\/p>\n<p>Re\u00e7u ce mardi 23 Ao\u00fbt 2022 dans l\u2019\u00e9mission \u00ab Actu Matin \u00bb de canal 3 B\u00e9nin, No\u00ebl Chadar\u00e9 a \u00e9voqu\u00e9 comme premi\u00e8re urgence \u00e0 laquelle l\u2019Etat doit faire face est l\u2019\u00e9vacuation des dossiers des probl\u00e8mes d\u2019acte administratif et de carri\u00e8re des travailleurs.<\/p>\n<p>En dehors des probl\u00e8mes d\u2019actes administratifs des travailleurs, le secr\u00e9taire g\u00e9n\u00e9ral de la conf\u00e9d\u00e9ration des organisations syndicales ind\u00e9pendantes du B\u00e9nin (cosi-B\u00e9nin) invite le gouvernement \u00e0 faire par ailleurs l\u2019effort pour r\u00e9gler le probl\u00e8me des enseignants qui gagnent le m\u00eame salaire de 2008 avec la chert\u00e9 de la vie.<\/p>\n<p>La situation des aspirants \u00e0 la fonction enseignante n\u2019a pas \u00e9t\u00e9 omise par le secr\u00e9taire g\u00e9n\u00e9ral No\u00ebl Chadar\u00e9. Son souhait est de voir se revaloriser leur salaire. Son chagrin est de voir cette cat\u00e9gorie d\u2019enseignant reprendre le chemin de l\u2019\u00e9cole le 19 Septembre dans de tr\u00e8s mauvaises conditions.<\/p>\n<p>Il lance un cri de c\u0153ur \u00e0 l\u2019endroit du pr\u00e9sident de la R\u00e9publique afin qu\u2019il fasse un petit effort en autorisant le payement de deux ou trois salaires \u00e0 ces enseignants qui n\u2019ont pas de prime de rentr\u00e9e afin qu\u2019ils pr\u00e9parent la rentr\u00e9e comme leurs autres coll\u00e8gues.<\/p>\n<p>A croire No\u00ebl Chadar\u00e9, les enseignants ne demandent pas grand chose. Il invite le gouvernement \u00e0 faire les diligences pour r\u00e9gler le peu qu\u2019ils demandent pour permettre une rentr\u00e9e scolaire apais\u00e9e. Il invite par ailleurs le gouvernement \u00e0 ouvrir les n\u00e9gociations pour solutionner les probl\u00e8mes en instance.<\/p>\n<p><strong>Pour plus d&rsquo;informations et d&rsquo;analyses sur la <a href=\"https:\/\/www.africa-press.net\/benin\">Benin<\/a>, suivez <a href=\"https:\/\/www.africa-press.net\/\">Africa-Press<\/a><\/strong><\/p>\n","protected":false},"excerpt":{"rendered":"<p>Africa-Press &#8211; Benin. Selon le calendrier scolaire, les \u00e9coles ouvriront leurs portes d\u00e8s le 19 Septembre prochain. En pr\u00e9lude \u00e0 cette rentr\u00e9e des classes, le secr\u00e9taire g\u00e9n\u00e9ral de la cosi-B\u00e9nin, No\u00ebl Chadar\u00e9 rappelle au gouvernement, les conditions d\u2019une bonne rentr\u00e9e scolaire 2022-2023. Les vacances tirent progressivement vers leur fin. Bient\u00f4t enseignants et apprenants reprendront le [&hellip;]<\/p>\n","protected":false},"author":82,"featured_media":8188,"comment_status":"open","ping_status":"closed","sticky":false,"template":"","format":"standard","meta":{"footnotes":""},"categories":[21,11,10],"tags":[36,50,45],"class_list":["post-8189","post","type-post","status-publish","format-standard","has-post-thumbnail","hentry","category-communaute","category-homepage-french","category-toutes-les-actualites","tag-africa-press","tag-africa-press-benin","tag-benin"],"yoast_head":"<!-- This site is optimized with the Yoast SEO Premium plugin v26.1 (Yoast SEO v27.0) - https:\/\/yoast.com\/product\/yoast-seo-premium-wordpress\/ -->\n<title>B\u00e9nin: No\u00ebl Chadar\u00e9 \u00e9voque les urgences \u00e0 r\u00e9gler avant la rentr\u00e9e - B\u00e9nin<\/title>\n<meta name=\"description\" content=\"Selon le calendrier scolaire, les \u00e9coles ouvriront leurs portes d\u00e8s le 19 Septembre prochain. En pr\u00e9lude \u00e0 cette rentr\u00e9e ...\" \/>\n<meta name=\"robots\" content=\"index, follow, max-snippet:-1, max-image-preview:large, max-video-preview:-1\" \/>\n<link rel=\"canonical\" href=\"https:\/\/www.africa-press.net\/benin\/toutes-les-actualites\/benin-noel-chadare-evoque-les-urgences-a-regler-avant-la-rentree\" \/>\n<meta property=\"og:locale\" content=\"fr_FR\" \/>\n<meta property=\"og:type\" content=\"article\" \/>\n<meta property=\"og:title\" content=\"B\u00e9nin: No\u00ebl Chadar\u00e9 \u00e9voque les urgences \u00e0 r\u00e9gler avant la rentr\u00e9e\" \/>\n<meta property=\"og:description\" content=\"Selon le calendrier scolaire, les \u00e9coles ouvriront leurs portes d\u00e8s le 19 Septembre prochain. En pr\u00e9lude \u00e0 cette rentr\u00e9e ...\" \/>\n<meta property=\"og:url\" content=\"https:\/\/www.africa-press.net\/benin\/toutes-les-actualites\/benin-noel-chadare-evoque-les-urgences-a-regler-avant-la-rentree\" \/>\n<meta property=\"og:site_name\" content=\"B\u00e9nin\" \/>\n<meta property=\"article:published_time\" content=\"2022-08-24T17:49:52+00:00\" \/>\n<meta property=\"article:modified_time\" content=\"2022-08-24T18:17:58+00:00\" \/>\n<meta property=\"og:image\" content=\"https:\/\/static.africa-press.net\/benin\/sites\/46\/2022\/08\/postQueueImg_19-63066b2678b83.jpg\" \/>\n\t<meta property=\"og:image:width\" content=\"1200\" \/>\n\t<meta property=\"og:image:height\" content=\"675\" \/>\n\t<meta property=\"og:image:type\" content=\"image\/jpeg\" \/>\n<meta name=\"author\" content=\"cfeditorfr\" \/>\n<meta name=\"twitter:card\" content=\"summary_large_image\" \/>\n<meta name=\"twitter:label1\" content=\"\u00c9crit par\" \/>\n\t<meta name=\"twitter:data1\" content=\"cfeditorfr\" \/>\n\t<meta name=\"twitter:label2\" content=\"Dur\u00e9e de lecture estim\u00e9e\" \/>\n\t<meta name=\"twitter:data2\" content=\"2 minutes\" \/>\n<script type=\"application\/ld+json\" class=\"yoast-schema-graph\">{\"@context\":\"https:\/\/schema.org\",\"@graph\":[{\"@type\":\"Article\",\"@id\":\"https:\/\/www.africa-press.net\/benin\/toutes-les-actualites\/benin-noel-chadare-evoque-les-urgences-a-regler-avant-la-rentree#article\",\"isPartOf\":{\"@id\":\"https:\/\/www.africa-press.net\/benin\/toutes-les-actualites\/benin-noel-chadare-evoque-les-urgences-a-regler-avant-la-rentree\"},\"author\":{\"name\":\"cfeditorfr\",\"@id\":\"https:\/\/www.africa-press.net\/benin\/#\/schema\/person\/2b1cf3cd81a31e3cd26889ca66d677f1\"},\"headline\":\"B\u00e9nin: No\u00ebl Chadar\u00e9 \u00e9voque les urgences \u00e0 r\u00e9gler avant la rentr\u00e9e\",\"datePublished\":\"2022-08-24T17:49:52+00:00\",\"dateModified\":\"2022-08-24T18:17:58+00:00\",\"mainEntityOfPage\":{\"@id\":\"https:\/\/www.africa-press.net\/benin\/toutes-les-actualites\/benin-noel-chadare-evoque-les-urgences-a-regler-avant-la-rentree\"},\"wordCount\":409,\"commentCount\":0,\"image\":{\"@id\":\"https:\/\/www.africa-press.net\/benin\/toutes-les-actualites\/benin-noel-chadare-evoque-les-urgences-a-regler-avant-la-rentree#primaryimage\"},\"thumbnailUrl\":\"https:\/\/static.africa-press.net\/benin\/sites\/46\/2022\/08\/postQueueImg_19-63066b2678b83.jpg\",\"keywords\":[\"Africa Press\",\"Africa Press-Benin\",\"B\u00e9nin\"],\"articleSection\":[\"Communaut\u00e9\",\"homepage-french\",\"Toutes les actualit\u00e9s\"],\"inLanguage\":\"fr-FR\",\"potentialAction\":[{\"@type\":\"CommentAction\",\"name\":\"Comment\",\"target\":[\"https:\/\/www.africa-press.net\/benin\/toutes-les-actualites\/benin-noel-chadare-evoque-les-urgences-a-regler-avant-la-rentree#respond\"]}]},{\"@type\":\"WebPage\",\"@id\":\"https:\/\/www.africa-press.net\/benin\/toutes-les-actualites\/benin-noel-chadare-evoque-les-urgences-a-regler-avant-la-rentree\",\"url\":\"https:\/\/www.africa-press.net\/benin\/toutes-les-actualites\/benin-noel-chadare-evoque-les-urgences-a-regler-avant-la-rentree\",\"name\":\"B\u00e9nin: No\u00ebl Chadar\u00e9 \u00e9voque les urgences \u00e0 r\u00e9gler avant la rentr\u00e9e - B\u00e9nin\",\"isPartOf\":{\"@id\":\"https:\/\/www.africa-press.net\/benin\/#website\"},\"primaryImageOfPage\":{\"@id\":\"https:\/\/www.africa-press.net\/benin\/toutes-les-actualites\/benin-noel-chadare-evoque-les-urgences-a-regler-avant-la-rentree#primaryimage\"},\"image\":{\"@id\":\"https:\/\/www.africa-press.net\/benin\/toutes-les-actualites\/benin-noel-chadare-evoque-les-urgences-a-regler-avant-la-rentree#primaryimage\"},\"thumbnailUrl\":\"https:\/\/static.africa-press.net\/benin\/sites\/46\/2022\/08\/postQueueImg_19-63066b2678b83.jpg\",\"datePublished\":\"2022-08-24T17:49:52+00:00\",\"dateModified\":\"2022-08-24T18:17:58+00:00\",\"author\":{\"@id\":\"https:\/\/www.africa-press.net\/benin\/#\/schema\/person\/2b1cf3cd81a31e3cd26889ca66d677f1\"},\"description\":\"Selon le calendrier scolaire, les \u00e9coles ouvriront leurs portes d\u00e8s le 19 Septembre prochain. En pr\u00e9lude \u00e0 cette rentr\u00e9e ...\",\"breadcrumb\":{\"@id\":\"https:\/\/www.africa-press.net\/benin\/toutes-les-actualites\/benin-noel-chadare-evoque-les-urgences-a-regler-avant-la-rentree#breadcrumb\"},\"inLanguage\":\"fr-FR\",\"potentialAction\":[{\"@type\":\"ReadAction\",\"target\":[\"https:\/\/www.africa-press.net\/benin\/toutes-les-actualites\/benin-noel-chadare-evoque-les-urgences-a-regler-avant-la-rentree\"]}]},{\"@type\":\"ImageObject\",\"inLanguage\":\"fr-FR\",\"@id\":\"https:\/\/www.africa-press.net\/benin\/toutes-les-actualites\/benin-noel-chadare-evoque-les-urgences-a-regler-avant-la-rentree#primaryimage\",\"url\":\"https:\/\/static.africa-press.net\/benin\/sites\/46\/2022\/08\/postQueueImg_19-63066b2678b83.jpg\",\"contentUrl\":\"https:\/\/static.africa-press.net\/benin\/sites\/46\/2022\/08\/postQueueImg_19-63066b2678b83.jpg\",\"width\":1200,\"height\":675,\"caption\":\"B\u00e9nin: No\u00ebl Chadar\u00e9 \u00e9voque les urgences \u00e0 r\u00e9gler avant la rentr\u00e9e\"},{\"@type\":\"BreadcrumbList\",\"@id\":\"https:\/\/www.africa-press.net\/benin\/toutes-les-actualites\/benin-noel-chadare-evoque-les-urgences-a-regler-avant-la-rentree#breadcrumb\",\"itemListElement\":[{\"@type\":\"ListItem\",\"position\":1,\"name\":\"Accueil\",\"item\":\"https:\/\/www.africa-press.net\/benin\/\"},{\"@type\":\"ListItem\",\"position\":2,\"name\":\"B\u00e9nin: No\u00ebl Chadar\u00e9 \u00e9voque les urgences \u00e0 r\u00e9gler avant la rentr\u00e9e\"}]},{\"@type\":\"WebSite\",\"@id\":\"https:\/\/www.africa-press.net\/benin\/#website\",\"url\":\"https:\/\/www.africa-press.net\/benin\/\",\"name\":\"B\u00e9nin\",\"description\":\"Just another Africa News Agency Sites site\",\"potentialAction\":[{\"@type\":\"SearchAction\",\"target\":{\"@type\":\"EntryPoint\",\"urlTemplate\":\"https:\/\/www.africa-press.net\/benin\/?s={search_term_string}\"},\"query-input\":{\"@type\":\"PropertyValueSpecification\",\"valueRequired\":true,\"valueName\":\"search_term_string\"}}],\"inLanguage\":\"fr-FR\"},{\"@type\":\"Person\",\"@id\":\"https:\/\/www.africa-press.net\/benin\/#\/schema\/person\/2b1cf3cd81a31e3cd26889ca66d677f1\",\"name\":\"cfeditorfr\"}]}<\/script>\n<!-- \/ Yoast SEO Premium plugin. -->","yoast_head_json":{"title":"B\u00e9nin: No\u00ebl Chadar\u00e9 \u00e9voque les urgences \u00e0 r\u00e9gler avant la rentr\u00e9e - B\u00e9nin","description":"Selon le calendrier scolaire, les \u00e9coles ouvriront leurs portes d\u00e8s le 19 Septembre prochain. En pr\u00e9lude \u00e0 cette rentr\u00e9e ...","robots":{"index":"index","follow":"follow","max-snippet":"max-snippet:-1","max-image-preview":"max-image-preview:large","max-video-preview":"max-video-preview:-1"},"canonical":"https:\/\/www.africa-press.net\/benin\/toutes-les-actualites\/benin-noel-chadare-evoque-les-urgences-a-regler-avant-la-rentree","og_locale":"fr_FR","og_type":"article","og_title":"B\u00e9nin: No\u00ebl Chadar\u00e9 \u00e9voque les urgences \u00e0 r\u00e9gler avant la rentr\u00e9e","og_description":"Selon le calendrier scolaire, les \u00e9coles ouvriront leurs portes d\u00e8s le 19 Septembre prochain. En pr\u00e9lude \u00e0 cette rentr\u00e9e ...","og_url":"https:\/\/www.africa-press.net\/benin\/toutes-les-actualites\/benin-noel-chadare-evoque-les-urgences-a-regler-avant-la-rentree","og_site_name":"B\u00e9nin","article_published_time":"2022-08-24T17:49:52+00:00","article_modified_time":"2022-08-24T18:17:58+00:00","og_image":[{"width":1200,"height":675,"url":"https:\/\/static.africa-press.net\/benin\/sites\/46\/2022\/08\/postQueueImg_19-63066b2678b83.jpg","type":"image\/jpeg"}],"author":"cfeditorfr","twitter_card":"summary_large_image","twitter_misc":{"\u00c9crit par":"cfeditorfr","Dur\u00e9e de lecture estim\u00e9e":"2 minutes"},"schema":{"@context":"https:\/\/schema.org","@graph":[{"@type":"Article","@id":"https:\/\/www.africa-press.net\/benin\/toutes-les-actualites\/benin-noel-chadare-evoque-les-urgences-a-regler-avant-la-rentree#article","isPartOf":{"@id":"https:\/\/www.africa-press.net\/benin\/toutes-les-actualites\/benin-noel-chadare-evoque-les-urgences-a-regler-avant-la-rentree"},"author":{"name":"cfeditorfr","@id":"https:\/\/www.africa-press.net\/benin\/#\/schema\/person\/2b1cf3cd81a31e3cd26889ca66d677f1"},"headline":"B\u00e9nin: No\u00ebl Chadar\u00e9 \u00e9voque les urgences \u00e0 r\u00e9gler avant la rentr\u00e9e","datePublished":"2022-08-24T17:49:52+00:00","dateModified":"2022-08-24T18:17:58+00:00","mainEntityOfPage":{"@id":"https:\/\/www.africa-press.net\/benin\/toutes-les-actualites\/benin-noel-chadare-evoque-les-urgences-a-regler-avant-la-rentree"},"wordCount":409,"commentCount":0,"image":{"@id":"https:\/\/www.africa-press.net\/benin\/toutes-les-actualites\/benin-noel-chadare-evoque-les-urgences-a-regler-avant-la-rentree#primaryimage"},"thumbnailUrl":"https:\/\/static.africa-press.net\/benin\/sites\/46\/2022\/08\/postQueueImg_19-63066b2678b83.jpg","keywords":["Africa Press","Africa Press-Benin","B\u00e9nin"],"articleSection":["Communaut\u00e9","homepage-french","Toutes les actualit\u00e9s"],"inLanguage":"fr-FR","potentialAction":[{"@type":"CommentAction","name":"Comment","target":["https:\/\/www.africa-press.net\/benin\/toutes-les-actualites\/benin-noel-chadare-evoque-les-urgences-a-regler-avant-la-rentree#respond"]}]},{"@type":"WebPage","@id":"https:\/\/www.africa-press.net\/benin\/toutes-les-actualites\/benin-noel-chadare-evoque-les-urgences-a-regler-avant-la-rentree","url":"https:\/\/www.africa-press.net\/benin\/toutes-les-actualites\/benin-noel-chadare-evoque-les-urgences-a-regler-avant-la-rentree","name":"B\u00e9nin: No\u00ebl Chadar\u00e9 \u00e9voque les urgences \u00e0 r\u00e9gler avant la rentr\u00e9e - B\u00e9nin","isPartOf":{"@id":"https:\/\/www.africa-press.net\/benin\/#website"},"primaryImageOfPage":{"@id":"https:\/\/www.africa-press.net\/benin\/toutes-les-actualites\/benin-noel-chadare-evoque-les-urgences-a-regler-avant-la-rentree#primaryimage"},"image":{"@id":"https:\/\/www.africa-press.net\/benin\/toutes-les-actualites\/benin-noel-chadare-evoque-les-urgences-a-regler-avant-la-rentree#primaryimage"},"thumbnailUrl":"https:\/\/static.africa-press.net\/benin\/sites\/46\/2022\/08\/postQueueImg_19-63066b2678b83.jpg","datePublished":"2022-08-24T17:49:52+00:00","dateModified":"2022-08-24T18:17:58+00:00","author":{"@id":"https:\/\/www.africa-press.net\/benin\/#\/schema\/person\/2b1cf3cd81a31e3cd26889ca66d677f1"},"description":"Selon le calendrier scolaire, les \u00e9coles ouvriront leurs portes d\u00e8s le 19 Septembre prochain. En pr\u00e9lude \u00e0 cette rentr\u00e9e ...","breadcrumb":{"@id":"https:\/\/www.africa-press.net\/benin\/toutes-les-actualites\/benin-noel-chadare-evoque-les-urgences-a-regler-avant-la-rentree#breadcrumb"},"inLanguage":"fr-FR","potentialAction":[{"@type":"ReadAction","target":["https:\/\/www.africa-press.net\/benin\/toutes-les-actualites\/benin-noel-chadare-evoque-les-urgences-a-regler-avant-la-rentree"]}]},{"@type":"ImageObject","inLanguage":"fr-FR","@id":"https:\/\/www.africa-press.net\/benin\/toutes-les-actualites\/benin-noel-chadare-evoque-les-urgences-a-regler-avant-la-rentree#primaryimage","url":"https:\/\/static.africa-press.net\/benin\/sites\/46\/2022\/08\/postQueueImg_19-63066b2678b83.jpg","contentUrl":"https:\/\/static.africa-press.net\/benin\/sites\/46\/2022\/08\/postQueueImg_19-63066b2678b83.jpg","width":1200,"height":675,"caption":"B\u00e9nin: No\u00ebl Chadar\u00e9 \u00e9voque les urgences \u00e0 r\u00e9gler avant la rentr\u00e9e"},{"@type":"BreadcrumbList","@id":"https:\/\/www.africa-press.net\/benin\/toutes-les-actualites\/benin-noel-chadare-evoque-les-urgences-a-regler-avant-la-rentree#breadcrumb","itemListElement":[{"@type":"ListItem","position":1,"name":"Accueil","item":"https:\/\/www.africa-press.net\/benin\/"},{"@type":"ListItem","position":2,"name":"B\u00e9nin: No\u00ebl Chadar\u00e9 \u00e9voque les urgences \u00e0 r\u00e9gler avant la rentr\u00e9e"}]},{"@type":"WebSite","@id":"https:\/\/www.africa-press.net\/benin\/#website","url":"https:\/\/www.africa-press.net\/benin\/","name":"B\u00e9nin","description":"Just another Africa News Agency Sites site","potentialAction":[{"@type":"SearchAction","target":{"@type":"EntryPoint","urlTemplate":"https:\/\/www.africa-press.net\/benin\/?s={search_term_string}"},"query-input":{"@type":"PropertyValueSpecification","valueRequired":true,"valueName":"search_term_string"}}],"inLanguage":"fr-FR"},{"@type":"Person","@id":"https:\/\/www.africa-press.net\/benin\/#\/schema\/person\/2b1cf3cd81a31e3cd26889ca66d677f1","name":"cfeditorfr"}]}},"_links":{"self":[{"href":"https:\/\/www.africa-press.net\/benin\/wp-json\/wp\/v2\/posts\/8189","targetHints":{"allow":["GET"]}}],"collection":[{"href":"https:\/\/www.africa-press.net\/benin\/wp-json\/wp\/v2\/posts"}],"about":[{"href":"https:\/\/www.africa-press.net\/benin\/wp-json\/wp\/v2\/types\/post"}],"author":[{"embeddable":true,"href":"https:\/\/www.africa-press.net\/benin\/wp-json\/wp\/v2\/users\/82"}],"replies":[{"embeddable":true,"href":"https:\/\/www.africa-press.net\/benin\/wp-json\/wp\/v2\/comments?post=8189"}],"version-history":[{"count":0,"href":"https:\/\/www.africa-press.net\/benin\/wp-json\/wp\/v2\/posts\/8189\/revisions"}],"wp:featuredmedia":[{"embeddable":true,"href":"https:\/\/www.africa-press.net\/benin\/wp-json\/wp\/v2\/media\/8188"}],"wp:attachment":[{"href":"https:\/\/www.africa-press.net\/benin\/wp-json\/wp\/v2\/media?parent=8189"}],"wp:term":[{"taxonomy":"category","embeddable":true,"href":"https:\/\/www.africa-press.net\/benin\/wp-json\/wp\/v2\/categories?post=8189"},{"taxonomy":"post_tag","embeddable":true,"href":"https:\/\/www.africa-press.net\/benin\/wp-json\/wp\/v2\/tags?post=8189"}],"curies":[{"name":"wp","href":"https:\/\/api.w.org\/{rel}","templated":true}]}}