{"id":8192,"date":"2022-08-24T17:50:03","date_gmt":"2022-08-24T17:50:03","guid":{"rendered":"https:\/\/www.africa-press.net\/benin\/politique\/benin-il-ecope-de-5-ans-de-prison-ferme-pour-avoir-abuse-dune-handicapee"},"modified":"2022-08-24T18:18:42","modified_gmt":"2022-08-24T18:18:42","slug":"benin-il-ecope-de-5-ans-de-prison-ferme-pour-avoir-abuse-dune-handicapee","status":"publish","type":"post","link":"https:\/\/www.africa-press.net\/benin\/toutes-les-actualites\/benin-il-ecope-de-5-ans-de-prison-ferme-pour-avoir-abuse-dune-handicapee","title":{"rendered":"B\u00e9nin: il \u00e9cope de 5 ans de prison ferme pour avoir abus\u00e9 d\u2019une handicap\u00e9e"},"content":{"rendered":"<p><span style=\"color: #ff6600\"><strong>Africa-Press &#8211; Benin. <\/strong><\/span>Apr\u00e8s quelques semaines de d\u00e9tention provisoire, le pr\u00e9sident d\u2019une organisation de la soci\u00e9t\u00e9 civile poursuivi pour viol sur une femme handicap\u00e9e en \u00e9tat d\u2019ivresse \u00e9cope de 5 ans de prison ferme.<\/p>\n<p>L\u2019handicap\u00e9e motrice qui a port\u00e9 plainte en Juillet dernier contre le pr\u00e9sident nouvellement investi d\u2019une organisation pour viol, vient d\u2019avoir gain de cause. En effet, ce mardi 23 Ao\u00fbt 2022, le tribunal de premi\u00e8re instance de premi\u00e8re classe de Cotonou a vid\u00e9 le dossier et le principal accus\u00e9 condamn\u00e9 \u00e0 5 ans de prison ferme.<\/p>\n<p>Il est \u00e9galement condamn\u00e9 \u00e0 payer \u00e0 la victime une amende de 200.000 francs cfa et deux millions de francs cfa comme dommage-int\u00e9r\u00eat. En d\u00e9tention provisoire depuis la survenance de l\u2019acte de viol, ce jeune pr\u00e9sident d\u2019une organisation de jeunes poursuit son s\u00e9jour carc\u00e9ral.<\/p>\n<p>Retour sur les faits \u2026<\/p>\n<p>Les faits se sont d\u00e9roul\u00e9s le samedi 16 Juillet dernier \u00e0 Akpakpa Dodomey dans le quatri\u00e8me arrondissement de Cotonou. Selon les informations de \u00ab 24haub\u00e9nin \u00bb, le pr\u00e9sum\u00e9 violeur \u00e9tait d\u00e9sign\u00e9 par ses pairs pour pr\u00e9sider la destin\u00e9e d\u2019une organisation.<\/p>\n<p>Ce samedi 16 Juillet, il devait donc \u00eatre investi dans ses nouvelles charges. La c\u00e9r\u00e9monie de passation de charge a eu lieu au cours d\u2019une soir\u00e9e de Gala qui devait durer toute la nuit. C\u2019est \u00e0 l\u2019issue de cette soir\u00e9e de Gala que les faits de viol se sont produits. La plupart des participants de cette soir\u00e9e de Gala devait passer la nuit sur les lieux puisque les \u00e9v\u00e8nements vont prendre fin tr\u00e8s tard dans la nuit.<\/p>\n<p>La victime est une jeune fille handicap\u00e9e motrice qui avait particip\u00e9 \u00e0 la soir\u00e9e de Gala. Alors qu\u2019elle s\u2019est r\u00e9veill\u00e9e un peu apr\u00e8s 5 heures du matin pour aller aux toilettes, elle est toute surprise de se voir en tenue d\u2019Adam dans la chambre du nouveau pr\u00e9sident investi qui \u00e9tait aussi \u00e0 moiti\u00e9 nu.<\/p>\n<p>Pass\u00e9e les moments de surprise, elle s\u2019est rapidement habill\u00e9e, aid\u00e9e par le jeune pr\u00e9sident de l\u2019organisation. Mais une fois aux toilettes, elle constate que son intimit\u00e9 a \u00e9t\u00e9 visit\u00e9e.<\/p>\n<p>La jeune femme handicap\u00e9 a alors saisi les responsables au niveau national de l\u2019organisation. N\u2019ayant pas eu gain de cause, elle d\u00e9posa une plainte au niveau de la brigade des m\u0153urs le dimanche 17 Juillet.<\/p>\n<p>Le pr\u00e9sum\u00e9 violeur a \u00e9t\u00e9 arr\u00eat\u00e9 et gard\u00e9 \u00e0 vu. Interrog\u00e9 sur les faits, il a totalement ni\u00e9 avoir touch\u00e9 la jeune femme handicap\u00e9e motrice. Pr\u00e9sent\u00e9 le 21 Juillet au procureur de la R\u00e9publique pr\u00e8s le tribunal de premi\u00e8re instance de Cotonou, le jeune pr\u00e9sident n\u2019a pas chang\u00e9 de version. Mais il fut plac\u00e9 en d\u00e9tention provisoire. Ce mardi 23 Ao\u00fbt 2022, il a \u00e9t\u00e9 condamn\u00e9 \u00e0 5 ans de prison ferme.<\/p>\n<p><strong>Pour plus d&rsquo;informations et d&rsquo;analyses sur la <a href=\"https:\/\/www.africa-press.net\/benin\">Benin<\/a>, suivez <a href=\"https:\/\/www.africa-press.net\/\">Africa-Press<\/a><\/strong><\/p>\n","protected":false},"excerpt":{"rendered":"<p>Africa-Press &#8211; Benin. Apr\u00e8s quelques semaines de d\u00e9tention provisoire, le pr\u00e9sident d\u2019une organisation de la soci\u00e9t\u00e9 civile poursuivi pour viol sur une femme handicap\u00e9e en \u00e9tat d\u2019ivresse \u00e9cope de 5 ans de prison ferme. L\u2019handicap\u00e9e motrice qui a port\u00e9 plainte en Juillet dernier contre le pr\u00e9sident nouvellement investi d\u2019une organisation pour viol, vient d\u2019avoir gain [&hellip;]<\/p>\n","protected":false},"author":82,"featured_media":8191,"comment_status":"open","ping_status":"closed","sticky":false,"template":"","format":"standard","meta":{"footnotes":""},"categories":[21,11,10],"tags":[36,50,45],"class_list":["post-8192","post","type-post","status-publish","format-standard","has-post-thumbnail","hentry","category-communaute","category-homepage-french","category-toutes-les-actualites","tag-africa-press","tag-africa-press-benin","tag-benin"],"yoast_head":"<!-- This site is optimized with the Yoast SEO Premium plugin v26.1 (Yoast SEO v27.0) - https:\/\/yoast.com\/product\/yoast-seo-premium-wordpress\/ -->\n<title>B\u00e9nin: il \u00e9cope de 5 ans de prison ferme pour avoir abus\u00e9 d\u2019une handicap\u00e9e - B\u00e9nin<\/title>\n<meta name=\"description\" content=\"Apr\u00e8s quelques semaines de d\u00e9tention provisoire, le pr\u00e9sident d\u2019une organisation de la soci\u00e9t\u00e9 civile poursuivi pour vio ...\" \/>\n<meta name=\"robots\" content=\"index, follow, max-snippet:-1, max-image-preview:large, max-video-preview:-1\" \/>\n<link rel=\"canonical\" href=\"https:\/\/www.africa-press.net\/benin\/toutes-les-actualites\/benin-il-ecope-de-5-ans-de-prison-ferme-pour-avoir-abuse-dune-handicapee\" \/>\n<meta property=\"og:locale\" content=\"fr_FR\" \/>\n<meta property=\"og:type\" content=\"article\" \/>\n<meta property=\"og:title\" content=\"B\u00e9nin: il \u00e9cope de 5 ans de prison ferme pour avoir abus\u00e9 d\u2019une handicap\u00e9e\" \/>\n<meta property=\"og:description\" content=\"Apr\u00e8s quelques semaines de d\u00e9tention provisoire, le pr\u00e9sident d\u2019une organisation de la soci\u00e9t\u00e9 civile poursuivi pour vio ...\" \/>\n<meta property=\"og:url\" content=\"https:\/\/www.africa-press.net\/benin\/toutes-les-actualites\/benin-il-ecope-de-5-ans-de-prison-ferme-pour-avoir-abuse-dune-handicapee\" \/>\n<meta property=\"og:site_name\" content=\"B\u00e9nin\" \/>\n<meta property=\"article:published_time\" content=\"2022-08-24T17:50:03+00:00\" \/>\n<meta property=\"article:modified_time\" content=\"2022-08-24T18:18:42+00:00\" \/>\n<meta property=\"og:image\" content=\"https:\/\/static.africa-press.net\/benin\/sites\/46\/2022\/08\/postQueueImg_20-63066b5a94984.jpg\" \/>\n\t<meta property=\"og:image:width\" content=\"1280\" \/>\n\t<meta property=\"og:image:height\" content=\"720\" \/>\n\t<meta property=\"og:image:type\" content=\"image\/jpeg\" \/>\n<meta name=\"author\" content=\"cfeditorfr\" \/>\n<meta name=\"twitter:card\" content=\"summary_large_image\" \/>\n<meta name=\"twitter:label1\" content=\"\u00c9crit par\" \/>\n\t<meta name=\"twitter:data1\" content=\"cfeditorfr\" \/>\n\t<meta name=\"twitter:label2\" content=\"Dur\u00e9e de lecture estim\u00e9e\" \/>\n\t<meta name=\"twitter:data2\" content=\"3 minutes\" \/>\n<script type=\"application\/ld+json\" class=\"yoast-schema-graph\">{\"@context\":\"https:\/\/schema.org\",\"@graph\":[{\"@type\":\"Article\",\"@id\":\"https:\/\/www.africa-press.net\/benin\/toutes-les-actualites\/benin-il-ecope-de-5-ans-de-prison-ferme-pour-avoir-abuse-dune-handicapee#article\",\"isPartOf\":{\"@id\":\"https:\/\/www.africa-press.net\/benin\/toutes-les-actualites\/benin-il-ecope-de-5-ans-de-prison-ferme-pour-avoir-abuse-dune-handicapee\"},\"author\":{\"name\":\"cfeditorfr\",\"@id\":\"https:\/\/www.africa-press.net\/benin\/#\/schema\/person\/2b1cf3cd81a31e3cd26889ca66d677f1\"},\"headline\":\"B\u00e9nin: il \u00e9cope de 5 ans de prison ferme pour avoir abus\u00e9 d\u2019une handicap\u00e9e\",\"datePublished\":\"2022-08-24T17:50:03+00:00\",\"dateModified\":\"2022-08-24T18:18:42+00:00\",\"mainEntityOfPage\":{\"@id\":\"https:\/\/www.africa-press.net\/benin\/toutes-les-actualites\/benin-il-ecope-de-5-ans-de-prison-ferme-pour-avoir-abuse-dune-handicapee\"},\"wordCount\":521,\"commentCount\":0,\"image\":{\"@id\":\"https:\/\/www.africa-press.net\/benin\/toutes-les-actualites\/benin-il-ecope-de-5-ans-de-prison-ferme-pour-avoir-abuse-dune-handicapee#primaryimage\"},\"thumbnailUrl\":\"https:\/\/static.africa-press.net\/benin\/sites\/46\/2022\/08\/postQueueImg_20-63066b5a94984.jpg\",\"keywords\":[\"Africa Press\",\"Africa Press-Benin\",\"B\u00e9nin\"],\"articleSection\":[\"Communaut\u00e9\",\"homepage-french\",\"Toutes les actualit\u00e9s\"],\"inLanguage\":\"fr-FR\",\"potentialAction\":[{\"@type\":\"CommentAction\",\"name\":\"Comment\",\"target\":[\"https:\/\/www.africa-press.net\/benin\/toutes-les-actualites\/benin-il-ecope-de-5-ans-de-prison-ferme-pour-avoir-abuse-dune-handicapee#respond\"]}]},{\"@type\":\"WebPage\",\"@id\":\"https:\/\/www.africa-press.net\/benin\/toutes-les-actualites\/benin-il-ecope-de-5-ans-de-prison-ferme-pour-avoir-abuse-dune-handicapee\",\"url\":\"https:\/\/www.africa-press.net\/benin\/toutes-les-actualites\/benin-il-ecope-de-5-ans-de-prison-ferme-pour-avoir-abuse-dune-handicapee\",\"name\":\"B\u00e9nin: il \u00e9cope de 5 ans de prison ferme pour avoir abus\u00e9 d\u2019une handicap\u00e9e - B\u00e9nin\",\"isPartOf\":{\"@id\":\"https:\/\/www.africa-press.net\/benin\/#website\"},\"primaryImageOfPage\":{\"@id\":\"https:\/\/www.africa-press.net\/benin\/toutes-les-actualites\/benin-il-ecope-de-5-ans-de-prison-ferme-pour-avoir-abuse-dune-handicapee#primaryimage\"},\"image\":{\"@id\":\"https:\/\/www.africa-press.net\/benin\/toutes-les-actualites\/benin-il-ecope-de-5-ans-de-prison-ferme-pour-avoir-abuse-dune-handicapee#primaryimage\"},\"thumbnailUrl\":\"https:\/\/static.africa-press.net\/benin\/sites\/46\/2022\/08\/postQueueImg_20-63066b5a94984.jpg\",\"datePublished\":\"2022-08-24T17:50:03+00:00\",\"dateModified\":\"2022-08-24T18:18:42+00:00\",\"author\":{\"@id\":\"https:\/\/www.africa-press.net\/benin\/#\/schema\/person\/2b1cf3cd81a31e3cd26889ca66d677f1\"},\"description\":\"Apr\u00e8s quelques semaines de d\u00e9tention provisoire, le pr\u00e9sident d\u2019une organisation de la soci\u00e9t\u00e9 civile poursuivi pour vio ...\",\"breadcrumb\":{\"@id\":\"https:\/\/www.africa-press.net\/benin\/toutes-les-actualites\/benin-il-ecope-de-5-ans-de-prison-ferme-pour-avoir-abuse-dune-handicapee#breadcrumb\"},\"inLanguage\":\"fr-FR\",\"potentialAction\":[{\"@type\":\"ReadAction\",\"target\":[\"https:\/\/www.africa-press.net\/benin\/toutes-les-actualites\/benin-il-ecope-de-5-ans-de-prison-ferme-pour-avoir-abuse-dune-handicapee\"]}]},{\"@type\":\"ImageObject\",\"inLanguage\":\"fr-FR\",\"@id\":\"https:\/\/www.africa-press.net\/benin\/toutes-les-actualites\/benin-il-ecope-de-5-ans-de-prison-ferme-pour-avoir-abuse-dune-handicapee#primaryimage\",\"url\":\"https:\/\/static.africa-press.net\/benin\/sites\/46\/2022\/08\/postQueueImg_20-63066b5a94984.jpg\",\"contentUrl\":\"https:\/\/static.africa-press.net\/benin\/sites\/46\/2022\/08\/postQueueImg_20-63066b5a94984.jpg\",\"width\":1280,\"height\":720,\"caption\":\"B\u00e9nin: il \u00e9cope de 5 ans de prison ferme pour avoir abus\u00e9 d\u2019une handicap\u00e9e\"},{\"@type\":\"BreadcrumbList\",\"@id\":\"https:\/\/www.africa-press.net\/benin\/toutes-les-actualites\/benin-il-ecope-de-5-ans-de-prison-ferme-pour-avoir-abuse-dune-handicapee#breadcrumb\",\"itemListElement\":[{\"@type\":\"ListItem\",\"position\":1,\"name\":\"Accueil\",\"item\":\"https:\/\/www.africa-press.net\/benin\/\"},{\"@type\":\"ListItem\",\"position\":2,\"name\":\"B\u00e9nin: il \u00e9cope de 5 ans de prison ferme pour avoir abus\u00e9 d\u2019une handicap\u00e9e\"}]},{\"@type\":\"WebSite\",\"@id\":\"https:\/\/www.africa-press.net\/benin\/#website\",\"url\":\"https:\/\/www.africa-press.net\/benin\/\",\"name\":\"B\u00e9nin\",\"description\":\"Just another Africa News Agency Sites site\",\"potentialAction\":[{\"@type\":\"SearchAction\",\"target\":{\"@type\":\"EntryPoint\",\"urlTemplate\":\"https:\/\/www.africa-press.net\/benin\/?s={search_term_string}\"},\"query-input\":{\"@type\":\"PropertyValueSpecification\",\"valueRequired\":true,\"valueName\":\"search_term_string\"}}],\"inLanguage\":\"fr-FR\"},{\"@type\":\"Person\",\"@id\":\"https:\/\/www.africa-press.net\/benin\/#\/schema\/person\/2b1cf3cd81a31e3cd26889ca66d677f1\",\"name\":\"cfeditorfr\"}]}<\/script>\n<!-- \/ Yoast SEO Premium plugin. -->","yoast_head_json":{"title":"B\u00e9nin: il \u00e9cope de 5 ans de prison ferme pour avoir abus\u00e9 d\u2019une handicap\u00e9e - B\u00e9nin","description":"Apr\u00e8s quelques semaines de d\u00e9tention provisoire, le pr\u00e9sident d\u2019une organisation de la soci\u00e9t\u00e9 civile poursuivi pour vio ...","robots":{"index":"index","follow":"follow","max-snippet":"max-snippet:-1","max-image-preview":"max-image-preview:large","max-video-preview":"max-video-preview:-1"},"canonical":"https:\/\/www.africa-press.net\/benin\/toutes-les-actualites\/benin-il-ecope-de-5-ans-de-prison-ferme-pour-avoir-abuse-dune-handicapee","og_locale":"fr_FR","og_type":"article","og_title":"B\u00e9nin: il \u00e9cope de 5 ans de prison ferme pour avoir abus\u00e9 d\u2019une handicap\u00e9e","og_description":"Apr\u00e8s quelques semaines de d\u00e9tention provisoire, le pr\u00e9sident d\u2019une organisation de la soci\u00e9t\u00e9 civile poursuivi pour vio ...","og_url":"https:\/\/www.africa-press.net\/benin\/toutes-les-actualites\/benin-il-ecope-de-5-ans-de-prison-ferme-pour-avoir-abuse-dune-handicapee","og_site_name":"B\u00e9nin","article_published_time":"2022-08-24T17:50:03+00:00","article_modified_time":"2022-08-24T18:18:42+00:00","og_image":[{"width":1280,"height":720,"url":"https:\/\/static.africa-press.net\/benin\/sites\/46\/2022\/08\/postQueueImg_20-63066b5a94984.jpg","type":"image\/jpeg"}],"author":"cfeditorfr","twitter_card":"summary_large_image","twitter_misc":{"\u00c9crit par":"cfeditorfr","Dur\u00e9e de lecture estim\u00e9e":"3 minutes"},"schema":{"@context":"https:\/\/schema.org","@graph":[{"@type":"Article","@id":"https:\/\/www.africa-press.net\/benin\/toutes-les-actualites\/benin-il-ecope-de-5-ans-de-prison-ferme-pour-avoir-abuse-dune-handicapee#article","isPartOf":{"@id":"https:\/\/www.africa-press.net\/benin\/toutes-les-actualites\/benin-il-ecope-de-5-ans-de-prison-ferme-pour-avoir-abuse-dune-handicapee"},"author":{"name":"cfeditorfr","@id":"https:\/\/www.africa-press.net\/benin\/#\/schema\/person\/2b1cf3cd81a31e3cd26889ca66d677f1"},"headline":"B\u00e9nin: il \u00e9cope de 5 ans de prison ferme pour avoir abus\u00e9 d\u2019une handicap\u00e9e","datePublished":"2022-08-24T17:50:03+00:00","dateModified":"2022-08-24T18:18:42+00:00","mainEntityOfPage":{"@id":"https:\/\/www.africa-press.net\/benin\/toutes-les-actualites\/benin-il-ecope-de-5-ans-de-prison-ferme-pour-avoir-abuse-dune-handicapee"},"wordCount":521,"commentCount":0,"image":{"@id":"https:\/\/www.africa-press.net\/benin\/toutes-les-actualites\/benin-il-ecope-de-5-ans-de-prison-ferme-pour-avoir-abuse-dune-handicapee#primaryimage"},"thumbnailUrl":"https:\/\/static.africa-press.net\/benin\/sites\/46\/2022\/08\/postQueueImg_20-63066b5a94984.jpg","keywords":["Africa Press","Africa Press-Benin","B\u00e9nin"],"articleSection":["Communaut\u00e9","homepage-french","Toutes les actualit\u00e9s"],"inLanguage":"fr-FR","potentialAction":[{"@type":"CommentAction","name":"Comment","target":["https:\/\/www.africa-press.net\/benin\/toutes-les-actualites\/benin-il-ecope-de-5-ans-de-prison-ferme-pour-avoir-abuse-dune-handicapee#respond"]}]},{"@type":"WebPage","@id":"https:\/\/www.africa-press.net\/benin\/toutes-les-actualites\/benin-il-ecope-de-5-ans-de-prison-ferme-pour-avoir-abuse-dune-handicapee","url":"https:\/\/www.africa-press.net\/benin\/toutes-les-actualites\/benin-il-ecope-de-5-ans-de-prison-ferme-pour-avoir-abuse-dune-handicapee","name":"B\u00e9nin: il \u00e9cope de 5 ans de prison ferme pour avoir abus\u00e9 d\u2019une handicap\u00e9e - B\u00e9nin","isPartOf":{"@id":"https:\/\/www.africa-press.net\/benin\/#website"},"primaryImageOfPage":{"@id":"https:\/\/www.africa-press.net\/benin\/toutes-les-actualites\/benin-il-ecope-de-5-ans-de-prison-ferme-pour-avoir-abuse-dune-handicapee#primaryimage"},"image":{"@id":"https:\/\/www.africa-press.net\/benin\/toutes-les-actualites\/benin-il-ecope-de-5-ans-de-prison-ferme-pour-avoir-abuse-dune-handicapee#primaryimage"},"thumbnailUrl":"https:\/\/static.africa-press.net\/benin\/sites\/46\/2022\/08\/postQueueImg_20-63066b5a94984.jpg","datePublished":"2022-08-24T17:50:03+00:00","dateModified":"2022-08-24T18:18:42+00:00","author":{"@id":"https:\/\/www.africa-press.net\/benin\/#\/schema\/person\/2b1cf3cd81a31e3cd26889ca66d677f1"},"description":"Apr\u00e8s quelques semaines de d\u00e9tention provisoire, le pr\u00e9sident d\u2019une organisation de la soci\u00e9t\u00e9 civile poursuivi pour vio ...","breadcrumb":{"@id":"https:\/\/www.africa-press.net\/benin\/toutes-les-actualites\/benin-il-ecope-de-5-ans-de-prison-ferme-pour-avoir-abuse-dune-handicapee#breadcrumb"},"inLanguage":"fr-FR","potentialAction":[{"@type":"ReadAction","target":["https:\/\/www.africa-press.net\/benin\/toutes-les-actualites\/benin-il-ecope-de-5-ans-de-prison-ferme-pour-avoir-abuse-dune-handicapee"]}]},{"@type":"ImageObject","inLanguage":"fr-FR","@id":"https:\/\/www.africa-press.net\/benin\/toutes-les-actualites\/benin-il-ecope-de-5-ans-de-prison-ferme-pour-avoir-abuse-dune-handicapee#primaryimage","url":"https:\/\/static.africa-press.net\/benin\/sites\/46\/2022\/08\/postQueueImg_20-63066b5a94984.jpg","contentUrl":"https:\/\/static.africa-press.net\/benin\/sites\/46\/2022\/08\/postQueueImg_20-63066b5a94984.jpg","width":1280,"height":720,"caption":"B\u00e9nin: il \u00e9cope de 5 ans de prison ferme pour avoir abus\u00e9 d\u2019une handicap\u00e9e"},{"@type":"BreadcrumbList","@id":"https:\/\/www.africa-press.net\/benin\/toutes-les-actualites\/benin-il-ecope-de-5-ans-de-prison-ferme-pour-avoir-abuse-dune-handicapee#breadcrumb","itemListElement":[{"@type":"ListItem","position":1,"name":"Accueil","item":"https:\/\/www.africa-press.net\/benin\/"},{"@type":"ListItem","position":2,"name":"B\u00e9nin: il \u00e9cope de 5 ans de prison ferme pour avoir abus\u00e9 d\u2019une handicap\u00e9e"}]},{"@type":"WebSite","@id":"https:\/\/www.africa-press.net\/benin\/#website","url":"https:\/\/www.africa-press.net\/benin\/","name":"B\u00e9nin","description":"Just another Africa News Agency Sites site","potentialAction":[{"@type":"SearchAction","target":{"@type":"EntryPoint","urlTemplate":"https:\/\/www.africa-press.net\/benin\/?s={search_term_string}"},"query-input":{"@type":"PropertyValueSpecification","valueRequired":true,"valueName":"search_term_string"}}],"inLanguage":"fr-FR"},{"@type":"Person","@id":"https:\/\/www.africa-press.net\/benin\/#\/schema\/person\/2b1cf3cd81a31e3cd26889ca66d677f1","name":"cfeditorfr"}]}},"_links":{"self":[{"href":"https:\/\/www.africa-press.net\/benin\/wp-json\/wp\/v2\/posts\/8192","targetHints":{"allow":["GET"]}}],"collection":[{"href":"https:\/\/www.africa-press.net\/benin\/wp-json\/wp\/v2\/posts"}],"about":[{"href":"https:\/\/www.africa-press.net\/benin\/wp-json\/wp\/v2\/types\/post"}],"author":[{"embeddable":true,"href":"https:\/\/www.africa-press.net\/benin\/wp-json\/wp\/v2\/users\/82"}],"replies":[{"embeddable":true,"href":"https:\/\/www.africa-press.net\/benin\/wp-json\/wp\/v2\/comments?post=8192"}],"version-history":[{"count":0,"href":"https:\/\/www.africa-press.net\/benin\/wp-json\/wp\/v2\/posts\/8192\/revisions"}],"wp:featuredmedia":[{"embeddable":true,"href":"https:\/\/www.africa-press.net\/benin\/wp-json\/wp\/v2\/media\/8191"}],"wp:attachment":[{"href":"https:\/\/www.africa-press.net\/benin\/wp-json\/wp\/v2\/media?parent=8192"}],"wp:term":[{"taxonomy":"category","embeddable":true,"href":"https:\/\/www.africa-press.net\/benin\/wp-json\/wp\/v2\/categories?post=8192"},{"taxonomy":"post_tag","embeddable":true,"href":"https:\/\/www.africa-press.net\/benin\/wp-json\/wp\/v2\/tags?post=8192"}],"curies":[{"name":"wp","href":"https:\/\/api.w.org\/{rel}","templated":true}]}}