{"id":8198,"date":"2022-08-24T17:50:34","date_gmt":"2022-08-24T17:50:34","guid":{"rendered":"https:\/\/www.africa-press.net\/benin\/politique\/benin-dossier-metongnon-programme-en-audience-a-la-cour-supreme-le-pcb-inquiet"},"modified":"2022-08-24T18:20:17","modified_gmt":"2022-08-24T18:20:17","slug":"benin-dossier-metongnon-programme-en-audience-a-la-cour-supreme-le-pcb-inquiet","status":"publish","type":"post","link":"https:\/\/www.africa-press.net\/benin\/toutes-les-actualites\/benin-dossier-metongnon-programme-en-audience-a-la-cour-supreme-le-pcb-inquiet","title":{"rendered":"B\u00e9nin: dossier M\u00e8tongnon programm\u00e9 en audience \u00e0 la Cour supr\u00eame, le PCB inquiet"},"content":{"rendered":"<p><span style=\"color: #ff6600\"><strong>Africa-Press &#8211; Benin. <\/strong><\/span>L\u2019affaire impliquant Laurent M\u00e8tongnon, Romain Boko et Cie, est le troisi\u00e8me dossier inscrit au r\u00f4le de l\u2019audience du vendredi 26 ao\u00fbt 2022 de la Chambre judiciaire de la Cour supr\u00eame. Ce nouveau rebondissement dans le dossier, \u00e0 quelques mois de la sortie de prison des int\u00e9ress\u00e9s, inqui\u00e8te le Parti Communiste du B\u00e9nin (PCB).<\/p>\n<p>La Cour supr\u00eame va enfin examiner la demande de pourvoi en cassation du proc\u00e8s en appel de l\u2019affaire CNSS\/BIBE. Le pourvoi en cassation est formul\u00e9 contre l\u2019arr\u00eat n\u00b021\/CRIET\/2C.COR. rendu le 24 juin 2019 par la Chambre correctionnelle de la Cour de r\u00e9pression des infractions \u00e9conomiques et du terrorisme (Criet).<\/p>\n<p>\u00ab Cette demande a \u00e9t\u00e9 faite depuis pr\u00e8s de deux ans, apr\u00e8s la parodie de proc\u00e8s en appel par les m\u00eames juges \u00e0 ordre de la premi\u00e8re instance \u00bb, a indiqu\u00e9 le PCB dont est membre le principal accus\u00e9 Laurent M\u00e8tongnon. Le parti se pose des questions et soup\u00e7onne un complot. \u00ab Les juges de la Cour supr\u00eame ajouteront-ils eux aussi un forfait \u00e0 la longue et triste liste des forfaitures et des complots ourdis contre Laurent M\u00e8tongnon et ses co-accus\u00e9s ? \u00bb, s\u2019interroge le PCB.<\/p>\n<p>Pour les camarades de l\u2019ancien syndicaliste, \u00ab il est clair que toute justice \u00e0 rendre \u00e0 Laurent M\u00e8tongnon et ses co-accus\u00e9s, c\u2019est leur lib\u00e9ration imm\u00e9diate et leur indemnisation pour toute la torture et l\u2019arbitraire subis \u00bb.<\/p>\n<p>Laurent M\u00e8tognon condamn\u00e9 dans une affaire de r\u00e9trocommissions<\/p>\n<p>Pr\u00e9sident du Conseil d\u2019administration de la Caisse Nationale de S\u00e9curit\u00e9 Sociale (CNSS) au moment des faits, Laurent M\u00e8tongnon a \u00e9t\u00e9 interpell\u00e9 et d\u00e9pos\u00e9 en prison depuis le 17 novembre 2017. Il lui est reproch\u00e9 d\u2019avoir op\u00e9r\u00e9 un placement de 17 milliards de francs CFA \u00e0 la Banque internationale du B\u00e9nin (BIBE) contre des r\u00e9tro-commissions, alors que la banque serait en faillite.<\/p>\n<p>Il a \u00e9t\u00e9 condamn\u00e9 \u00e0 5 ans de prison ferme et une amende d\u2019un million de francs CFA en premi\u00e8re instance au tribunal de Cotonou. En juin 2019, ce verdict a \u00e9t\u00e9 confirm\u00e9 en appel \u00e0 la Cour de r\u00e9pression des infractions \u00e9conomiques et du terrorisme (Criet). Laurent M\u00e8tongnon devrait donc sortir de prison dans trois mois, soit en novembre 2022.<\/p>\n<p><strong>Pour plus d&rsquo;informations et d&rsquo;analyses sur la <a href=\"https:\/\/www.africa-press.net\/benin\">Benin<\/a>, suivez <a href=\"https:\/\/www.africa-press.net\/\">Africa-Press<\/a><\/strong><\/p>\n","protected":false},"excerpt":{"rendered":"<p>Africa-Press &#8211; Benin. L\u2019affaire impliquant Laurent M\u00e8tongnon, Romain Boko et Cie, est le troisi\u00e8me dossier inscrit au r\u00f4le de l\u2019audience du vendredi 26 ao\u00fbt 2022 de la Chambre judiciaire de la Cour supr\u00eame. Ce nouveau rebondissement dans le dossier, \u00e0 quelques mois de la sortie de prison des int\u00e9ress\u00e9s, inqui\u00e8te le Parti Communiste du B\u00e9nin [&hellip;]<\/p>\n","protected":false},"author":82,"featured_media":8197,"comment_status":"open","ping_status":"closed","sticky":false,"template":"","format":"standard","meta":{"footnotes":""},"categories":[21,11,10],"tags":[36,50,45],"class_list":["post-8198","post","type-post","status-publish","format-standard","has-post-thumbnail","hentry","category-communaute","category-homepage-french","category-toutes-les-actualites","tag-africa-press","tag-africa-press-benin","tag-benin"],"yoast_head":"<!-- This site is optimized with the Yoast SEO Premium plugin v26.1 (Yoast SEO v27.0) - https:\/\/yoast.com\/product\/yoast-seo-premium-wordpress\/ -->\n<title>B\u00e9nin: dossier M\u00e8tongnon programm\u00e9 en audience \u00e0 la Cour supr\u00eame, le PCB inquiet - B\u00e9nin<\/title>\n<meta name=\"description\" content=\"L\u2019affaire impliquant Laurent M\u00e8tongnon, Romain Boko et Cie, est le troisi\u00e8me dossier inscrit au r\u00f4le de l\u2019audience du ve ...\" \/>\n<meta name=\"robots\" content=\"index, follow, max-snippet:-1, max-image-preview:large, max-video-preview:-1\" \/>\n<link rel=\"canonical\" href=\"https:\/\/www.africa-press.net\/benin\/toutes-les-actualites\/benin-dossier-metongnon-programme-en-audience-a-la-cour-supreme-le-pcb-inquiet\" \/>\n<meta property=\"og:locale\" content=\"fr_FR\" \/>\n<meta property=\"og:type\" content=\"article\" \/>\n<meta property=\"og:title\" content=\"B\u00e9nin: dossier M\u00e8tongnon programm\u00e9 en audience \u00e0 la Cour supr\u00eame, le PCB inquiet\" \/>\n<meta property=\"og:description\" content=\"L\u2019affaire impliquant Laurent M\u00e8tongnon, Romain Boko et Cie, est le troisi\u00e8me dossier inscrit au r\u00f4le de l\u2019audience du ve ...\" \/>\n<meta property=\"og:url\" content=\"https:\/\/www.africa-press.net\/benin\/toutes-les-actualites\/benin-dossier-metongnon-programme-en-audience-a-la-cour-supreme-le-pcb-inquiet\" \/>\n<meta property=\"og:site_name\" content=\"B\u00e9nin\" \/>\n<meta property=\"article:published_time\" content=\"2022-08-24T17:50:34+00:00\" \/>\n<meta property=\"article:modified_time\" content=\"2022-08-24T18:20:17+00:00\" \/>\n<meta property=\"og:image\" content=\"https:\/\/static.africa-press.net\/benin\/sites\/46\/2022\/08\/postQueueImg_22-63066bb28a0ca.jpg\" \/>\n\t<meta property=\"og:image:width\" content=\"1200\" \/>\n\t<meta property=\"og:image:height\" content=\"684\" \/>\n\t<meta property=\"og:image:type\" content=\"image\/jpeg\" \/>\n<meta name=\"author\" content=\"cfeditorfr\" \/>\n<meta name=\"twitter:card\" content=\"summary_large_image\" \/>\n<meta name=\"twitter:label1\" content=\"\u00c9crit par\" \/>\n\t<meta name=\"twitter:data1\" content=\"cfeditorfr\" \/>\n\t<meta name=\"twitter:label2\" content=\"Dur\u00e9e de lecture estim\u00e9e\" \/>\n\t<meta name=\"twitter:data2\" content=\"2 minutes\" \/>\n<script type=\"application\/ld+json\" class=\"yoast-schema-graph\">{\"@context\":\"https:\/\/schema.org\",\"@graph\":[{\"@type\":\"Article\",\"@id\":\"https:\/\/www.africa-press.net\/benin\/toutes-les-actualites\/benin-dossier-metongnon-programme-en-audience-a-la-cour-supreme-le-pcb-inquiet#article\",\"isPartOf\":{\"@id\":\"https:\/\/www.africa-press.net\/benin\/toutes-les-actualites\/benin-dossier-metongnon-programme-en-audience-a-la-cour-supreme-le-pcb-inquiet\"},\"author\":{\"name\":\"cfeditorfr\",\"@id\":\"https:\/\/www.africa-press.net\/benin\/#\/schema\/person\/2b1cf3cd81a31e3cd26889ca66d677f1\"},\"headline\":\"B\u00e9nin: dossier M\u00e8tongnon programm\u00e9 en audience \u00e0 la Cour supr\u00eame, le PCB inquiet\",\"datePublished\":\"2022-08-24T17:50:34+00:00\",\"dateModified\":\"2022-08-24T18:20:17+00:00\",\"mainEntityOfPage\":{\"@id\":\"https:\/\/www.africa-press.net\/benin\/toutes-les-actualites\/benin-dossier-metongnon-programme-en-audience-a-la-cour-supreme-le-pcb-inquiet\"},\"wordCount\":413,\"commentCount\":0,\"image\":{\"@id\":\"https:\/\/www.africa-press.net\/benin\/toutes-les-actualites\/benin-dossier-metongnon-programme-en-audience-a-la-cour-supreme-le-pcb-inquiet#primaryimage\"},\"thumbnailUrl\":\"https:\/\/static.africa-press.net\/benin\/sites\/46\/2022\/08\/postQueueImg_22-63066bb28a0ca.jpg\",\"keywords\":[\"Africa Press\",\"Africa Press-Benin\",\"B\u00e9nin\"],\"articleSection\":[\"Communaut\u00e9\",\"homepage-french\",\"Toutes les actualit\u00e9s\"],\"inLanguage\":\"fr-FR\",\"potentialAction\":[{\"@type\":\"CommentAction\",\"name\":\"Comment\",\"target\":[\"https:\/\/www.africa-press.net\/benin\/toutes-les-actualites\/benin-dossier-metongnon-programme-en-audience-a-la-cour-supreme-le-pcb-inquiet#respond\"]}]},{\"@type\":\"WebPage\",\"@id\":\"https:\/\/www.africa-press.net\/benin\/toutes-les-actualites\/benin-dossier-metongnon-programme-en-audience-a-la-cour-supreme-le-pcb-inquiet\",\"url\":\"https:\/\/www.africa-press.net\/benin\/toutes-les-actualites\/benin-dossier-metongnon-programme-en-audience-a-la-cour-supreme-le-pcb-inquiet\",\"name\":\"B\u00e9nin: dossier M\u00e8tongnon programm\u00e9 en audience \u00e0 la Cour supr\u00eame, le PCB inquiet - B\u00e9nin\",\"isPartOf\":{\"@id\":\"https:\/\/www.africa-press.net\/benin\/#website\"},\"primaryImageOfPage\":{\"@id\":\"https:\/\/www.africa-press.net\/benin\/toutes-les-actualites\/benin-dossier-metongnon-programme-en-audience-a-la-cour-supreme-le-pcb-inquiet#primaryimage\"},\"image\":{\"@id\":\"https:\/\/www.africa-press.net\/benin\/toutes-les-actualites\/benin-dossier-metongnon-programme-en-audience-a-la-cour-supreme-le-pcb-inquiet#primaryimage\"},\"thumbnailUrl\":\"https:\/\/static.africa-press.net\/benin\/sites\/46\/2022\/08\/postQueueImg_22-63066bb28a0ca.jpg\",\"datePublished\":\"2022-08-24T17:50:34+00:00\",\"dateModified\":\"2022-08-24T18:20:17+00:00\",\"author\":{\"@id\":\"https:\/\/www.africa-press.net\/benin\/#\/schema\/person\/2b1cf3cd81a31e3cd26889ca66d677f1\"},\"description\":\"L\u2019affaire impliquant Laurent M\u00e8tongnon, Romain Boko et Cie, est le troisi\u00e8me dossier inscrit au r\u00f4le de l\u2019audience du ve ...\",\"breadcrumb\":{\"@id\":\"https:\/\/www.africa-press.net\/benin\/toutes-les-actualites\/benin-dossier-metongnon-programme-en-audience-a-la-cour-supreme-le-pcb-inquiet#breadcrumb\"},\"inLanguage\":\"fr-FR\",\"potentialAction\":[{\"@type\":\"ReadAction\",\"target\":[\"https:\/\/www.africa-press.net\/benin\/toutes-les-actualites\/benin-dossier-metongnon-programme-en-audience-a-la-cour-supreme-le-pcb-inquiet\"]}]},{\"@type\":\"ImageObject\",\"inLanguage\":\"fr-FR\",\"@id\":\"https:\/\/www.africa-press.net\/benin\/toutes-les-actualites\/benin-dossier-metongnon-programme-en-audience-a-la-cour-supreme-le-pcb-inquiet#primaryimage\",\"url\":\"https:\/\/static.africa-press.net\/benin\/sites\/46\/2022\/08\/postQueueImg_22-63066bb28a0ca.jpg\",\"contentUrl\":\"https:\/\/static.africa-press.net\/benin\/sites\/46\/2022\/08\/postQueueImg_22-63066bb28a0ca.jpg\",\"width\":1200,\"height\":684,\"caption\":\"B\u00e9nin: dossier M\u00e8tongnon programm\u00e9 en audience \u00e0 la Cour supr\u00eame, le PCB inquiet\"},{\"@type\":\"BreadcrumbList\",\"@id\":\"https:\/\/www.africa-press.net\/benin\/toutes-les-actualites\/benin-dossier-metongnon-programme-en-audience-a-la-cour-supreme-le-pcb-inquiet#breadcrumb\",\"itemListElement\":[{\"@type\":\"ListItem\",\"position\":1,\"name\":\"Accueil\",\"item\":\"https:\/\/www.africa-press.net\/benin\/\"},{\"@type\":\"ListItem\",\"position\":2,\"name\":\"B\u00e9nin: dossier M\u00e8tongnon programm\u00e9 en audience \u00e0 la Cour supr\u00eame, le PCB inquiet\"}]},{\"@type\":\"WebSite\",\"@id\":\"https:\/\/www.africa-press.net\/benin\/#website\",\"url\":\"https:\/\/www.africa-press.net\/benin\/\",\"name\":\"B\u00e9nin\",\"description\":\"Just another Africa News Agency Sites site\",\"potentialAction\":[{\"@type\":\"SearchAction\",\"target\":{\"@type\":\"EntryPoint\",\"urlTemplate\":\"https:\/\/www.africa-press.net\/benin\/?s={search_term_string}\"},\"query-input\":{\"@type\":\"PropertyValueSpecification\",\"valueRequired\":true,\"valueName\":\"search_term_string\"}}],\"inLanguage\":\"fr-FR\"},{\"@type\":\"Person\",\"@id\":\"https:\/\/www.africa-press.net\/benin\/#\/schema\/person\/2b1cf3cd81a31e3cd26889ca66d677f1\",\"name\":\"cfeditorfr\"}]}<\/script>\n<!-- \/ Yoast SEO Premium plugin. -->","yoast_head_json":{"title":"B\u00e9nin: dossier M\u00e8tongnon programm\u00e9 en audience \u00e0 la Cour supr\u00eame, le PCB inquiet - B\u00e9nin","description":"L\u2019affaire impliquant Laurent M\u00e8tongnon, Romain Boko et Cie, est le troisi\u00e8me dossier inscrit au r\u00f4le de l\u2019audience du ve ...","robots":{"index":"index","follow":"follow","max-snippet":"max-snippet:-1","max-image-preview":"max-image-preview:large","max-video-preview":"max-video-preview:-1"},"canonical":"https:\/\/www.africa-press.net\/benin\/toutes-les-actualites\/benin-dossier-metongnon-programme-en-audience-a-la-cour-supreme-le-pcb-inquiet","og_locale":"fr_FR","og_type":"article","og_title":"B\u00e9nin: dossier M\u00e8tongnon programm\u00e9 en audience \u00e0 la Cour supr\u00eame, le PCB inquiet","og_description":"L\u2019affaire impliquant Laurent M\u00e8tongnon, Romain Boko et Cie, est le troisi\u00e8me dossier inscrit au r\u00f4le de l\u2019audience du ve ...","og_url":"https:\/\/www.africa-press.net\/benin\/toutes-les-actualites\/benin-dossier-metongnon-programme-en-audience-a-la-cour-supreme-le-pcb-inquiet","og_site_name":"B\u00e9nin","article_published_time":"2022-08-24T17:50:34+00:00","article_modified_time":"2022-08-24T18:20:17+00:00","og_image":[{"width":1200,"height":684,"url":"https:\/\/static.africa-press.net\/benin\/sites\/46\/2022\/08\/postQueueImg_22-63066bb28a0ca.jpg","type":"image\/jpeg"}],"author":"cfeditorfr","twitter_card":"summary_large_image","twitter_misc":{"\u00c9crit par":"cfeditorfr","Dur\u00e9e de lecture estim\u00e9e":"2 minutes"},"schema":{"@context":"https:\/\/schema.org","@graph":[{"@type":"Article","@id":"https:\/\/www.africa-press.net\/benin\/toutes-les-actualites\/benin-dossier-metongnon-programme-en-audience-a-la-cour-supreme-le-pcb-inquiet#article","isPartOf":{"@id":"https:\/\/www.africa-press.net\/benin\/toutes-les-actualites\/benin-dossier-metongnon-programme-en-audience-a-la-cour-supreme-le-pcb-inquiet"},"author":{"name":"cfeditorfr","@id":"https:\/\/www.africa-press.net\/benin\/#\/schema\/person\/2b1cf3cd81a31e3cd26889ca66d677f1"},"headline":"B\u00e9nin: dossier M\u00e8tongnon programm\u00e9 en audience \u00e0 la Cour supr\u00eame, le PCB inquiet","datePublished":"2022-08-24T17:50:34+00:00","dateModified":"2022-08-24T18:20:17+00:00","mainEntityOfPage":{"@id":"https:\/\/www.africa-press.net\/benin\/toutes-les-actualites\/benin-dossier-metongnon-programme-en-audience-a-la-cour-supreme-le-pcb-inquiet"},"wordCount":413,"commentCount":0,"image":{"@id":"https:\/\/www.africa-press.net\/benin\/toutes-les-actualites\/benin-dossier-metongnon-programme-en-audience-a-la-cour-supreme-le-pcb-inquiet#primaryimage"},"thumbnailUrl":"https:\/\/static.africa-press.net\/benin\/sites\/46\/2022\/08\/postQueueImg_22-63066bb28a0ca.jpg","keywords":["Africa Press","Africa Press-Benin","B\u00e9nin"],"articleSection":["Communaut\u00e9","homepage-french","Toutes les actualit\u00e9s"],"inLanguage":"fr-FR","potentialAction":[{"@type":"CommentAction","name":"Comment","target":["https:\/\/www.africa-press.net\/benin\/toutes-les-actualites\/benin-dossier-metongnon-programme-en-audience-a-la-cour-supreme-le-pcb-inquiet#respond"]}]},{"@type":"WebPage","@id":"https:\/\/www.africa-press.net\/benin\/toutes-les-actualites\/benin-dossier-metongnon-programme-en-audience-a-la-cour-supreme-le-pcb-inquiet","url":"https:\/\/www.africa-press.net\/benin\/toutes-les-actualites\/benin-dossier-metongnon-programme-en-audience-a-la-cour-supreme-le-pcb-inquiet","name":"B\u00e9nin: dossier M\u00e8tongnon programm\u00e9 en audience \u00e0 la Cour supr\u00eame, le PCB inquiet - B\u00e9nin","isPartOf":{"@id":"https:\/\/www.africa-press.net\/benin\/#website"},"primaryImageOfPage":{"@id":"https:\/\/www.africa-press.net\/benin\/toutes-les-actualites\/benin-dossier-metongnon-programme-en-audience-a-la-cour-supreme-le-pcb-inquiet#primaryimage"},"image":{"@id":"https:\/\/www.africa-press.net\/benin\/toutes-les-actualites\/benin-dossier-metongnon-programme-en-audience-a-la-cour-supreme-le-pcb-inquiet#primaryimage"},"thumbnailUrl":"https:\/\/static.africa-press.net\/benin\/sites\/46\/2022\/08\/postQueueImg_22-63066bb28a0ca.jpg","datePublished":"2022-08-24T17:50:34+00:00","dateModified":"2022-08-24T18:20:17+00:00","author":{"@id":"https:\/\/www.africa-press.net\/benin\/#\/schema\/person\/2b1cf3cd81a31e3cd26889ca66d677f1"},"description":"L\u2019affaire impliquant Laurent M\u00e8tongnon, Romain Boko et Cie, est le troisi\u00e8me dossier inscrit au r\u00f4le de l\u2019audience du ve ...","breadcrumb":{"@id":"https:\/\/www.africa-press.net\/benin\/toutes-les-actualites\/benin-dossier-metongnon-programme-en-audience-a-la-cour-supreme-le-pcb-inquiet#breadcrumb"},"inLanguage":"fr-FR","potentialAction":[{"@type":"ReadAction","target":["https:\/\/www.africa-press.net\/benin\/toutes-les-actualites\/benin-dossier-metongnon-programme-en-audience-a-la-cour-supreme-le-pcb-inquiet"]}]},{"@type":"ImageObject","inLanguage":"fr-FR","@id":"https:\/\/www.africa-press.net\/benin\/toutes-les-actualites\/benin-dossier-metongnon-programme-en-audience-a-la-cour-supreme-le-pcb-inquiet#primaryimage","url":"https:\/\/static.africa-press.net\/benin\/sites\/46\/2022\/08\/postQueueImg_22-63066bb28a0ca.jpg","contentUrl":"https:\/\/static.africa-press.net\/benin\/sites\/46\/2022\/08\/postQueueImg_22-63066bb28a0ca.jpg","width":1200,"height":684,"caption":"B\u00e9nin: dossier M\u00e8tongnon programm\u00e9 en audience \u00e0 la Cour supr\u00eame, le PCB inquiet"},{"@type":"BreadcrumbList","@id":"https:\/\/www.africa-press.net\/benin\/toutes-les-actualites\/benin-dossier-metongnon-programme-en-audience-a-la-cour-supreme-le-pcb-inquiet#breadcrumb","itemListElement":[{"@type":"ListItem","position":1,"name":"Accueil","item":"https:\/\/www.africa-press.net\/benin\/"},{"@type":"ListItem","position":2,"name":"B\u00e9nin: dossier M\u00e8tongnon programm\u00e9 en audience \u00e0 la Cour supr\u00eame, le PCB inquiet"}]},{"@type":"WebSite","@id":"https:\/\/www.africa-press.net\/benin\/#website","url":"https:\/\/www.africa-press.net\/benin\/","name":"B\u00e9nin","description":"Just another Africa News Agency Sites site","potentialAction":[{"@type":"SearchAction","target":{"@type":"EntryPoint","urlTemplate":"https:\/\/www.africa-press.net\/benin\/?s={search_term_string}"},"query-input":{"@type":"PropertyValueSpecification","valueRequired":true,"valueName":"search_term_string"}}],"inLanguage":"fr-FR"},{"@type":"Person","@id":"https:\/\/www.africa-press.net\/benin\/#\/schema\/person\/2b1cf3cd81a31e3cd26889ca66d677f1","name":"cfeditorfr"}]}},"_links":{"self":[{"href":"https:\/\/www.africa-press.net\/benin\/wp-json\/wp\/v2\/posts\/8198","targetHints":{"allow":["GET"]}}],"collection":[{"href":"https:\/\/www.africa-press.net\/benin\/wp-json\/wp\/v2\/posts"}],"about":[{"href":"https:\/\/www.africa-press.net\/benin\/wp-json\/wp\/v2\/types\/post"}],"author":[{"embeddable":true,"href":"https:\/\/www.africa-press.net\/benin\/wp-json\/wp\/v2\/users\/82"}],"replies":[{"embeddable":true,"href":"https:\/\/www.africa-press.net\/benin\/wp-json\/wp\/v2\/comments?post=8198"}],"version-history":[{"count":0,"href":"https:\/\/www.africa-press.net\/benin\/wp-json\/wp\/v2\/posts\/8198\/revisions"}],"wp:featuredmedia":[{"embeddable":true,"href":"https:\/\/www.africa-press.net\/benin\/wp-json\/wp\/v2\/media\/8197"}],"wp:attachment":[{"href":"https:\/\/www.africa-press.net\/benin\/wp-json\/wp\/v2\/media?parent=8198"}],"wp:term":[{"taxonomy":"category","embeddable":true,"href":"https:\/\/www.africa-press.net\/benin\/wp-json\/wp\/v2\/categories?post=8198"},{"taxonomy":"post_tag","embeddable":true,"href":"https:\/\/www.africa-press.net\/benin\/wp-json\/wp\/v2\/tags?post=8198"}],"curies":[{"name":"wp","href":"https:\/\/api.w.org\/{rel}","templated":true}]}}