{"id":8201,"date":"2022-08-24T17:50:49","date_gmt":"2022-08-24T17:50:49","guid":{"rendered":"https:\/\/www.africa-press.net\/benin\/politique\/benin-pas-de-projet-de-fusion-chez-les-democrates-le-parti-sexplique"},"modified":"2022-08-24T18:21:10","modified_gmt":"2022-08-24T18:21:10","slug":"benin-pas-de-projet-de-fusion-chez-les-democrates-le-parti-sexplique","status":"publish","type":"post","link":"https:\/\/www.africa-press.net\/benin\/politique\/benin-pas-de-projet-de-fusion-chez-les-democrates-le-parti-sexplique","title":{"rendered":"B\u00e9nin: pas de projet de fusion chez les d\u00e9mocrates, le parti s\u2019explique"},"content":{"rendered":"<p><span style=\"color: #ff6600\"><strong>Africa-Press &#8211; Benin. <\/strong><\/span>A quelques mois des \u00e9lections l\u00e9gislatives de 2023, on note un regain d\u2019activit\u00e9s au niveau des \u00e9tats majors des partis politiques qui travaillent \u00e0 se mettre ensemble pour mieux aborder le scrutin. Mais chez les d\u00e9mocrates, pas de projet de fusion possible avec d\u2019autres partis politiques.<\/p>\n<p>Depuis quelques jours, l\u2019opposition au r\u00e9gime de la rupture est en discussion dans un cadre de concertation. L\u2019objectif est d\u2019unir leurs forces et de d\u00e9finir des strat\u00e9gies communes pour aborder ces \u00e9lections en rang serr\u00e9. Alors que certains leaders politiques comme le pr\u00e9sident du parti la nouvelle alliance, Th\u00e9ophile Yarou, envisage une fusion, le parti \u00ab Les D\u00e9mocrates \u00bb reste ferm\u00e9 \u00e0 cette option.<\/p>\n<p>En effet, interrog\u00e9 sur la possibilit\u00e9 pour l\u2019opposition d\u2019adopter le m\u00eame sch\u00e9ma que l\u2019union progressiste et le parti du renouveau d\u00e9mocratique qui ont fusionn\u00e9 pour cr\u00e9er le parti union progressiste le renouveau, le secr\u00e9taire administratif du parti \u00ab Les D\u00e9mocrates \u00bb, Kamar Wassangari a totalement exclu cette hypoth\u00e8se.<\/p>\n<p>Pour ce responsable des d\u00e9mocrates, c\u2019est se pi\u00e9ger soit m\u00eame que d\u2019envisager la voie de la fusion au sein de l\u2019opposition. A le croire, c\u2019est donner la possibilit\u00e9 \u00e0 l\u2019adversaire de vous exclure \u00e0 nouveau comme c\u2019est le cas en 2019.<\/p>\n<p>\u00ab <b>Les difficult\u00e9s rencontr\u00e9es par les formations politiques de l\u2019opposition en 2019 dans le processus de mise en conformit\u00e9, la prudence de ces formations de l\u2019opposition comme \u00ab Les D\u00e9mocrates \u00bb, am\u00e8nent aujourd\u2019hui \u00e0 ne pas engager un processus de fusion parce que \u00e7a serait une porte ouverte qui pourrait \u00eatre utilis\u00e9e comme en 2019<\/b>\u00ab , confie Kamar Wassangari au micro de Frissons radio.<\/p>\n<p>Pour lui, le parti du renouveau d\u00e9mocratique tout comme le parti union progressiste sont tous de la mouvance au pouvoir et peuvent donc b\u00e9n\u00e9ficier des appuis au minist\u00e8re de l\u2019int\u00e9rieur pour obtenir facilement le r\u00e9c\u00e9piss\u00e9 au nouveau parti politique issu de leur fusion.<\/p>\n<p>\u00ab <b>Ceux qui engagent ce projet de fusion \u00e0 deux mois du d\u00e9p\u00f4t des dossiers de candidature, c\u2019est ceux qui sont s\u00fbrs que le ministre de l\u2019int\u00e9rieur pourrait leur d\u00e9livrer s\u00e9ance tenante tout document pour se porter candidat aux prochaines l\u00e9gislatives<\/b>\u00ab , a laiss\u00e9 entendre Kamar Wassangari pour justifier son opposition \u00e0 toute tentative de fusion entre partis politiques de l\u2019opposition.<\/p>\n<p>Fusion r\u00e9ussie pour le PRD et l\u2019UP<\/p>\n<p>Si l\u2019opposition au pouvoir de Cotonou est frileuse \u00e0 toute id\u00e9e de fusion en vue des l\u00e9gislatives de 2023, ce n\u2019est pas le cas du parti du renouveau d\u00e9mocratique de Me Adrien Houngb\u00e9dji et de l\u2019union progressiste du professeur Joseph Djogb\u00e9nou qui ont convol\u00e9 en justes noces le dimanche 21 Ao\u00fbt dernier. Un mariage qui a donn\u00e9 naissance \u00e0 l\u2019union progressiste le renouveau.<\/p>\n<p>N\u00e9 de la fusion du PRD et de l\u2019UP, l\u2019union progressiste le renouveau a \u00e9t\u00e9 mis sur les fonts baptismaux le weekend dernier au stade Charles De Gaule de Porto Novo.<\/p>\n<p>Le logo du nouveau parti est compos\u00e9 du baobab de l\u2019UP et l\u2019arc-en-ciel du PRD. Sur l\u2019image indiquant le logo, on voit le baobab couvert par l\u2019arc-en-ciel avec la d\u00e9nomination \u00ab l\u2019UP Le Renouveau \u00bb inscrit au pied du baobab. Le si\u00e8ge du parti est situ\u00e9 \u00e0 Houinm\u00e8, dans la ville de Porto-Novo.<\/p>\n<p><strong>Pour plus d&rsquo;informations et d&rsquo;analyses sur la <a href=\"https:\/\/www.africa-press.net\/benin\">Benin<\/a>, suivez <a href=\"https:\/\/www.africa-press.net\/\">Africa-Press<\/a><\/strong><\/p>\n","protected":false},"excerpt":{"rendered":"<p>Africa-Press &#8211; Benin. A quelques mois des \u00e9lections l\u00e9gislatives de 2023, on note un regain d\u2019activit\u00e9s au niveau des \u00e9tats majors des partis politiques qui travaillent \u00e0 se mettre ensemble pour mieux aborder le scrutin. Mais chez les d\u00e9mocrates, pas de projet de fusion possible avec d\u2019autres partis politiques. Depuis quelques jours, l\u2019opposition au r\u00e9gime [&hellip;]<\/p>\n","protected":false},"author":82,"featured_media":8200,"comment_status":"open","ping_status":"closed","sticky":false,"template":"","format":"standard","meta":{"footnotes":""},"categories":[11,2,10],"tags":[36,50,45],"class_list":["post-8201","post","type-post","status-publish","format-standard","has-post-thumbnail","hentry","category-homepage-french","category-politique","category-toutes-les-actualites","tag-africa-press","tag-africa-press-benin","tag-benin"],"yoast_head":"<!-- This site is optimized with the Yoast SEO Premium plugin v26.1 (Yoast SEO v27.0) - https:\/\/yoast.com\/product\/yoast-seo-premium-wordpress\/ -->\n<title>B\u00e9nin: pas de projet de fusion chez les d\u00e9mocrates, le parti s\u2019explique - B\u00e9nin<\/title>\n<meta name=\"description\" content=\"A quelques mois des \u00e9lections l\u00e9gislatives de 2023, on note un regain d\u2019activit\u00e9s au niveau des \u00e9tats majors des partis ...\" \/>\n<meta name=\"robots\" content=\"index, follow, max-snippet:-1, max-image-preview:large, max-video-preview:-1\" \/>\n<link rel=\"canonical\" href=\"https:\/\/www.africa-press.net\/benin\/politique\/benin-pas-de-projet-de-fusion-chez-les-democrates-le-parti-sexplique\" \/>\n<meta property=\"og:locale\" content=\"fr_FR\" \/>\n<meta property=\"og:type\" content=\"article\" \/>\n<meta property=\"og:title\" content=\"B\u00e9nin: pas de projet de fusion chez les d\u00e9mocrates, le parti s\u2019explique\" \/>\n<meta property=\"og:description\" content=\"A quelques mois des \u00e9lections l\u00e9gislatives de 2023, on note un regain d\u2019activit\u00e9s au niveau des \u00e9tats majors des partis ...\" \/>\n<meta property=\"og:url\" content=\"https:\/\/www.africa-press.net\/benin\/politique\/benin-pas-de-projet-de-fusion-chez-les-democrates-le-parti-sexplique\" \/>\n<meta property=\"og:site_name\" content=\"B\u00e9nin\" \/>\n<meta property=\"article:published_time\" content=\"2022-08-24T17:50:49+00:00\" \/>\n<meta property=\"article:modified_time\" content=\"2022-08-24T18:21:10+00:00\" \/>\n<meta property=\"og:image\" content=\"https:\/\/static.africa-press.net\/benin\/sites\/46\/2022\/08\/postQueueImg_23-63066be674642.jpg\" \/>\n\t<meta property=\"og:image:width\" content=\"1500\" \/>\n\t<meta property=\"og:image:height\" content=\"800\" \/>\n\t<meta property=\"og:image:type\" content=\"image\/jpeg\" \/>\n<meta name=\"author\" content=\"cfeditorfr\" \/>\n<meta name=\"twitter:card\" content=\"summary_large_image\" \/>\n<meta name=\"twitter:label1\" content=\"\u00c9crit par\" \/>\n\t<meta name=\"twitter:data1\" content=\"cfeditorfr\" \/>\n\t<meta name=\"twitter:label2\" content=\"Dur\u00e9e de lecture estim\u00e9e\" \/>\n\t<meta name=\"twitter:data2\" content=\"3 minutes\" \/>\n<script type=\"application\/ld+json\" class=\"yoast-schema-graph\">{\"@context\":\"https:\/\/schema.org\",\"@graph\":[{\"@type\":\"Article\",\"@id\":\"https:\/\/www.africa-press.net\/benin\/politique\/benin-pas-de-projet-de-fusion-chez-les-democrates-le-parti-sexplique#article\",\"isPartOf\":{\"@id\":\"https:\/\/www.africa-press.net\/benin\/politique\/benin-pas-de-projet-de-fusion-chez-les-democrates-le-parti-sexplique\"},\"author\":{\"name\":\"cfeditorfr\",\"@id\":\"https:\/\/www.africa-press.net\/benin\/#\/schema\/person\/2b1cf3cd81a31e3cd26889ca66d677f1\"},\"headline\":\"B\u00e9nin: pas de projet de fusion chez les d\u00e9mocrates, le parti s\u2019explique\",\"datePublished\":\"2022-08-24T17:50:49+00:00\",\"dateModified\":\"2022-08-24T18:21:10+00:00\",\"mainEntityOfPage\":{\"@id\":\"https:\/\/www.africa-press.net\/benin\/politique\/benin-pas-de-projet-de-fusion-chez-les-democrates-le-parti-sexplique\"},\"wordCount\":603,\"commentCount\":0,\"image\":{\"@id\":\"https:\/\/www.africa-press.net\/benin\/politique\/benin-pas-de-projet-de-fusion-chez-les-democrates-le-parti-sexplique#primaryimage\"},\"thumbnailUrl\":\"https:\/\/static.africa-press.net\/benin\/sites\/46\/2022\/08\/postQueueImg_23-63066be674642.jpg\",\"keywords\":[\"Africa Press\",\"Africa Press-Benin\",\"B\u00e9nin\"],\"articleSection\":[\"homepage-french\",\"Politique\",\"Toutes les actualit\u00e9s\"],\"inLanguage\":\"fr-FR\",\"potentialAction\":[{\"@type\":\"CommentAction\",\"name\":\"Comment\",\"target\":[\"https:\/\/www.africa-press.net\/benin\/politique\/benin-pas-de-projet-de-fusion-chez-les-democrates-le-parti-sexplique#respond\"]}]},{\"@type\":\"WebPage\",\"@id\":\"https:\/\/www.africa-press.net\/benin\/politique\/benin-pas-de-projet-de-fusion-chez-les-democrates-le-parti-sexplique\",\"url\":\"https:\/\/www.africa-press.net\/benin\/politique\/benin-pas-de-projet-de-fusion-chez-les-democrates-le-parti-sexplique\",\"name\":\"B\u00e9nin: pas de projet de fusion chez les d\u00e9mocrates, le parti s\u2019explique - B\u00e9nin\",\"isPartOf\":{\"@id\":\"https:\/\/www.africa-press.net\/benin\/#website\"},\"primaryImageOfPage\":{\"@id\":\"https:\/\/www.africa-press.net\/benin\/politique\/benin-pas-de-projet-de-fusion-chez-les-democrates-le-parti-sexplique#primaryimage\"},\"image\":{\"@id\":\"https:\/\/www.africa-press.net\/benin\/politique\/benin-pas-de-projet-de-fusion-chez-les-democrates-le-parti-sexplique#primaryimage\"},\"thumbnailUrl\":\"https:\/\/static.africa-press.net\/benin\/sites\/46\/2022\/08\/postQueueImg_23-63066be674642.jpg\",\"datePublished\":\"2022-08-24T17:50:49+00:00\",\"dateModified\":\"2022-08-24T18:21:10+00:00\",\"author\":{\"@id\":\"https:\/\/www.africa-press.net\/benin\/#\/schema\/person\/2b1cf3cd81a31e3cd26889ca66d677f1\"},\"description\":\"A quelques mois des \u00e9lections l\u00e9gislatives de 2023, on note un regain d\u2019activit\u00e9s au niveau des \u00e9tats majors des partis ...\",\"breadcrumb\":{\"@id\":\"https:\/\/www.africa-press.net\/benin\/politique\/benin-pas-de-projet-de-fusion-chez-les-democrates-le-parti-sexplique#breadcrumb\"},\"inLanguage\":\"fr-FR\",\"potentialAction\":[{\"@type\":\"ReadAction\",\"target\":[\"https:\/\/www.africa-press.net\/benin\/politique\/benin-pas-de-projet-de-fusion-chez-les-democrates-le-parti-sexplique\"]}]},{\"@type\":\"ImageObject\",\"inLanguage\":\"fr-FR\",\"@id\":\"https:\/\/www.africa-press.net\/benin\/politique\/benin-pas-de-projet-de-fusion-chez-les-democrates-le-parti-sexplique#primaryimage\",\"url\":\"https:\/\/static.africa-press.net\/benin\/sites\/46\/2022\/08\/postQueueImg_23-63066be674642.jpg\",\"contentUrl\":\"https:\/\/static.africa-press.net\/benin\/sites\/46\/2022\/08\/postQueueImg_23-63066be674642.jpg\",\"width\":1500,\"height\":800,\"caption\":\"B\u00e9nin: pas de projet de fusion chez les d\u00e9mocrates, le parti s\u2019explique\"},{\"@type\":\"BreadcrumbList\",\"@id\":\"https:\/\/www.africa-press.net\/benin\/politique\/benin-pas-de-projet-de-fusion-chez-les-democrates-le-parti-sexplique#breadcrumb\",\"itemListElement\":[{\"@type\":\"ListItem\",\"position\":1,\"name\":\"Accueil\",\"item\":\"https:\/\/www.africa-press.net\/benin\/\"},{\"@type\":\"ListItem\",\"position\":2,\"name\":\"B\u00e9nin: pas de projet de fusion chez les d\u00e9mocrates, le parti s\u2019explique\"}]},{\"@type\":\"WebSite\",\"@id\":\"https:\/\/www.africa-press.net\/benin\/#website\",\"url\":\"https:\/\/www.africa-press.net\/benin\/\",\"name\":\"B\u00e9nin\",\"description\":\"Just another Africa News Agency Sites site\",\"potentialAction\":[{\"@type\":\"SearchAction\",\"target\":{\"@type\":\"EntryPoint\",\"urlTemplate\":\"https:\/\/www.africa-press.net\/benin\/?s={search_term_string}\"},\"query-input\":{\"@type\":\"PropertyValueSpecification\",\"valueRequired\":true,\"valueName\":\"search_term_string\"}}],\"inLanguage\":\"fr-FR\"},{\"@type\":\"Person\",\"@id\":\"https:\/\/www.africa-press.net\/benin\/#\/schema\/person\/2b1cf3cd81a31e3cd26889ca66d677f1\",\"name\":\"cfeditorfr\"}]}<\/script>\n<!-- \/ Yoast SEO Premium plugin. -->","yoast_head_json":{"title":"B\u00e9nin: pas de projet de fusion chez les d\u00e9mocrates, le parti s\u2019explique - B\u00e9nin","description":"A quelques mois des \u00e9lections l\u00e9gislatives de 2023, on note un regain d\u2019activit\u00e9s au niveau des \u00e9tats majors des partis ...","robots":{"index":"index","follow":"follow","max-snippet":"max-snippet:-1","max-image-preview":"max-image-preview:large","max-video-preview":"max-video-preview:-1"},"canonical":"https:\/\/www.africa-press.net\/benin\/politique\/benin-pas-de-projet-de-fusion-chez-les-democrates-le-parti-sexplique","og_locale":"fr_FR","og_type":"article","og_title":"B\u00e9nin: pas de projet de fusion chez les d\u00e9mocrates, le parti s\u2019explique","og_description":"A quelques mois des \u00e9lections l\u00e9gislatives de 2023, on note un regain d\u2019activit\u00e9s au niveau des \u00e9tats majors des partis ...","og_url":"https:\/\/www.africa-press.net\/benin\/politique\/benin-pas-de-projet-de-fusion-chez-les-democrates-le-parti-sexplique","og_site_name":"B\u00e9nin","article_published_time":"2022-08-24T17:50:49+00:00","article_modified_time":"2022-08-24T18:21:10+00:00","og_image":[{"width":1500,"height":800,"url":"https:\/\/static.africa-press.net\/benin\/sites\/46\/2022\/08\/postQueueImg_23-63066be674642.jpg","type":"image\/jpeg"}],"author":"cfeditorfr","twitter_card":"summary_large_image","twitter_misc":{"\u00c9crit par":"cfeditorfr","Dur\u00e9e de lecture estim\u00e9e":"3 minutes"},"schema":{"@context":"https:\/\/schema.org","@graph":[{"@type":"Article","@id":"https:\/\/www.africa-press.net\/benin\/politique\/benin-pas-de-projet-de-fusion-chez-les-democrates-le-parti-sexplique#article","isPartOf":{"@id":"https:\/\/www.africa-press.net\/benin\/politique\/benin-pas-de-projet-de-fusion-chez-les-democrates-le-parti-sexplique"},"author":{"name":"cfeditorfr","@id":"https:\/\/www.africa-press.net\/benin\/#\/schema\/person\/2b1cf3cd81a31e3cd26889ca66d677f1"},"headline":"B\u00e9nin: pas de projet de fusion chez les d\u00e9mocrates, le parti s\u2019explique","datePublished":"2022-08-24T17:50:49+00:00","dateModified":"2022-08-24T18:21:10+00:00","mainEntityOfPage":{"@id":"https:\/\/www.africa-press.net\/benin\/politique\/benin-pas-de-projet-de-fusion-chez-les-democrates-le-parti-sexplique"},"wordCount":603,"commentCount":0,"image":{"@id":"https:\/\/www.africa-press.net\/benin\/politique\/benin-pas-de-projet-de-fusion-chez-les-democrates-le-parti-sexplique#primaryimage"},"thumbnailUrl":"https:\/\/static.africa-press.net\/benin\/sites\/46\/2022\/08\/postQueueImg_23-63066be674642.jpg","keywords":["Africa Press","Africa Press-Benin","B\u00e9nin"],"articleSection":["homepage-french","Politique","Toutes les actualit\u00e9s"],"inLanguage":"fr-FR","potentialAction":[{"@type":"CommentAction","name":"Comment","target":["https:\/\/www.africa-press.net\/benin\/politique\/benin-pas-de-projet-de-fusion-chez-les-democrates-le-parti-sexplique#respond"]}]},{"@type":"WebPage","@id":"https:\/\/www.africa-press.net\/benin\/politique\/benin-pas-de-projet-de-fusion-chez-les-democrates-le-parti-sexplique","url":"https:\/\/www.africa-press.net\/benin\/politique\/benin-pas-de-projet-de-fusion-chez-les-democrates-le-parti-sexplique","name":"B\u00e9nin: pas de projet de fusion chez les d\u00e9mocrates, le parti s\u2019explique - B\u00e9nin","isPartOf":{"@id":"https:\/\/www.africa-press.net\/benin\/#website"},"primaryImageOfPage":{"@id":"https:\/\/www.africa-press.net\/benin\/politique\/benin-pas-de-projet-de-fusion-chez-les-democrates-le-parti-sexplique#primaryimage"},"image":{"@id":"https:\/\/www.africa-press.net\/benin\/politique\/benin-pas-de-projet-de-fusion-chez-les-democrates-le-parti-sexplique#primaryimage"},"thumbnailUrl":"https:\/\/static.africa-press.net\/benin\/sites\/46\/2022\/08\/postQueueImg_23-63066be674642.jpg","datePublished":"2022-08-24T17:50:49+00:00","dateModified":"2022-08-24T18:21:10+00:00","author":{"@id":"https:\/\/www.africa-press.net\/benin\/#\/schema\/person\/2b1cf3cd81a31e3cd26889ca66d677f1"},"description":"A quelques mois des \u00e9lections l\u00e9gislatives de 2023, on note un regain d\u2019activit\u00e9s au niveau des \u00e9tats majors des partis ...","breadcrumb":{"@id":"https:\/\/www.africa-press.net\/benin\/politique\/benin-pas-de-projet-de-fusion-chez-les-democrates-le-parti-sexplique#breadcrumb"},"inLanguage":"fr-FR","potentialAction":[{"@type":"ReadAction","target":["https:\/\/www.africa-press.net\/benin\/politique\/benin-pas-de-projet-de-fusion-chez-les-democrates-le-parti-sexplique"]}]},{"@type":"ImageObject","inLanguage":"fr-FR","@id":"https:\/\/www.africa-press.net\/benin\/politique\/benin-pas-de-projet-de-fusion-chez-les-democrates-le-parti-sexplique#primaryimage","url":"https:\/\/static.africa-press.net\/benin\/sites\/46\/2022\/08\/postQueueImg_23-63066be674642.jpg","contentUrl":"https:\/\/static.africa-press.net\/benin\/sites\/46\/2022\/08\/postQueueImg_23-63066be674642.jpg","width":1500,"height":800,"caption":"B\u00e9nin: pas de projet de fusion chez les d\u00e9mocrates, le parti s\u2019explique"},{"@type":"BreadcrumbList","@id":"https:\/\/www.africa-press.net\/benin\/politique\/benin-pas-de-projet-de-fusion-chez-les-democrates-le-parti-sexplique#breadcrumb","itemListElement":[{"@type":"ListItem","position":1,"name":"Accueil","item":"https:\/\/www.africa-press.net\/benin\/"},{"@type":"ListItem","position":2,"name":"B\u00e9nin: pas de projet de fusion chez les d\u00e9mocrates, le parti s\u2019explique"}]},{"@type":"WebSite","@id":"https:\/\/www.africa-press.net\/benin\/#website","url":"https:\/\/www.africa-press.net\/benin\/","name":"B\u00e9nin","description":"Just another Africa News Agency Sites site","potentialAction":[{"@type":"SearchAction","target":{"@type":"EntryPoint","urlTemplate":"https:\/\/www.africa-press.net\/benin\/?s={search_term_string}"},"query-input":{"@type":"PropertyValueSpecification","valueRequired":true,"valueName":"search_term_string"}}],"inLanguage":"fr-FR"},{"@type":"Person","@id":"https:\/\/www.africa-press.net\/benin\/#\/schema\/person\/2b1cf3cd81a31e3cd26889ca66d677f1","name":"cfeditorfr"}]}},"_links":{"self":[{"href":"https:\/\/www.africa-press.net\/benin\/wp-json\/wp\/v2\/posts\/8201","targetHints":{"allow":["GET"]}}],"collection":[{"href":"https:\/\/www.africa-press.net\/benin\/wp-json\/wp\/v2\/posts"}],"about":[{"href":"https:\/\/www.africa-press.net\/benin\/wp-json\/wp\/v2\/types\/post"}],"author":[{"embeddable":true,"href":"https:\/\/www.africa-press.net\/benin\/wp-json\/wp\/v2\/users\/82"}],"replies":[{"embeddable":true,"href":"https:\/\/www.africa-press.net\/benin\/wp-json\/wp\/v2\/comments?post=8201"}],"version-history":[{"count":0,"href":"https:\/\/www.africa-press.net\/benin\/wp-json\/wp\/v2\/posts\/8201\/revisions"}],"wp:featuredmedia":[{"embeddable":true,"href":"https:\/\/www.africa-press.net\/benin\/wp-json\/wp\/v2\/media\/8200"}],"wp:attachment":[{"href":"https:\/\/www.africa-press.net\/benin\/wp-json\/wp\/v2\/media?parent=8201"}],"wp:term":[{"taxonomy":"category","embeddable":true,"href":"https:\/\/www.africa-press.net\/benin\/wp-json\/wp\/v2\/categories?post=8201"},{"taxonomy":"post_tag","embeddable":true,"href":"https:\/\/www.africa-press.net\/benin\/wp-json\/wp\/v2\/tags?post=8201"}],"curies":[{"name":"wp","href":"https:\/\/api.w.org\/{rel}","templated":true}]}}