{"id":8222,"date":"2022-08-25T18:50:02","date_gmt":"2022-08-25T18:50:02","guid":{"rendered":"https:\/\/www.africa-press.net\/benin\/politique\/benin-dossier-metongnon-a-la-cour-supreme-les-deux-issues-possibles"},"modified":"2022-08-25T19:16:10","modified_gmt":"2022-08-25T19:16:10","slug":"benin-dossier-metongnon-a-la-cour-supreme-les-deux-issues-possibles","status":"publish","type":"post","link":"https:\/\/www.africa-press.net\/benin\/toutes-les-actualites\/benin-dossier-metongnon-a-la-cour-supreme-les-deux-issues-possibles","title":{"rendered":"B\u00e9nin: dossier M\u00e8tongnon \u00e0 la Cour supr\u00eame, les deux issues possibles"},"content":{"rendered":"<p><span style=\"color: #ff6600\"><strong>Africa-Press &#8211; Benin. <\/strong><\/span>La Chambre judiciaire de la Cour supr\u00eame se prononce sur le dossier de Laurent M\u00e8tongnon ce vendredi 26 ao\u00fbt 2022. Le dossier est programm\u00e9 \u00e0 l\u2019audience suite \u00e0 la demande de pourvoi en cassation contre l\u2019arr\u00eat n\u00b021\/CRIET\/2C.COR., formul\u00e9 depuis plus de 2 ans par la d\u00e9fense des int\u00e9ress\u00e9s.<\/p>\n<p>Apr\u00e8s le proc\u00e8s en appel \u00e0 la Cour de r\u00e9pression des infractions \u00e9conomiques et du terrorisme (Criet) qui a confirm\u00e9 le verdict du tribunal de Cotonou, Laurent M\u00e8tongnon et Cie ont saisi la Cour supr\u00eame via un pourvoi en cassation. Cet ultime recours peut aboutir \u00e0 deux issues possibles. La Cour supr\u00eame peut casser l\u2019arr\u00eat et renvoyer le dossier devant la Chambre d\u2019appel de la Criet. La seconde hypoth\u00e8se, c\u2019est qu\u2019elle peut rejeter totalement le recours.<\/p>\n<p>Dans le premier cas, Me Aboubakar Baparap\u00e9 explique que la Cour, apr\u00e8s avoir d\u00e9cid\u00e9 du renvoi, doit ordonner la reprise du proc\u00e8s devant la Cour d\u2019appel de la Criet. Mais dans le second cas, cela voudrait dire que \u00ab <b>toutes les voies de recours sont \u00e9puis\u00e9es \u00bb<\/b>, a clarifi\u00e9 l\u2019avocat.<\/p>\n<p>Dans le dossier CNSS\/BIBE, Laurent M\u00e8tongnon et ses co-accus\u00e9s ont toujours clam\u00e9 leur innocence. Depuis le verdict rendu en premi\u00e8re instance au tribunal de Cotonou, les pr\u00e9venus se sont engag\u00e9s \u00e0 user de toutes les voies de recours possibles pour se faire blanchir par la justice.<\/p>\n<p>Laurent M\u00e8tognon condamn\u00e9 dans une affaire de r\u00e9trocommissions<\/p>\n<p>Pr\u00e9sident du Conseil d\u2019administration de la Caisse Nationale de S\u00e9curit\u00e9 Sociale (CNSS) au moment des faits, Laurent M\u00e8tongnon a \u00e9t\u00e9 interpell\u00e9 et d\u00e9pos\u00e9 en prison depuis le 17 novembre 2017. Il lui est reproch\u00e9 d\u2019avoir op\u00e9r\u00e9 un placement de 17 milliards de francs CFA \u00e0 la Banque internationale du B\u00e9nin (BIBE) contre des r\u00e9tro-commissions, alors que la banque serait en faillite.<\/p>\n<p>Il a \u00e9t\u00e9 condamn\u00e9 \u00e0 5 ans de prison ferme et au payement d\u2019une amende d\u2019un million de francs CFA en premi\u00e8re instance au tribunal de Cotonou. En juin 2019, ce verdict a \u00e9t\u00e9 confirm\u00e9 en appel \u00e0 la Cour de r\u00e9pression des infractions \u00e9conomiques et du terrorisme (Criet). Laurent M\u00e8tongnon devrait donc sortir de prison dans trois mois, soit en novembre 2022.<\/p>\n<p><strong>Pour plus d&rsquo;informations et d&rsquo;analyses sur la <a href=\"https:\/\/www.africa-press.net\/benin\">Benin<\/a>, suivez <a href=\"https:\/\/www.africa-press.net\/\">Africa-Press<\/a><\/strong><\/p>\n","protected":false},"excerpt":{"rendered":"<p>Africa-Press &#8211; Benin. La Chambre judiciaire de la Cour supr\u00eame se prononce sur le dossier de Laurent M\u00e8tongnon ce vendredi 26 ao\u00fbt 2022. Le dossier est programm\u00e9 \u00e0 l\u2019audience suite \u00e0 la demande de pourvoi en cassation contre l\u2019arr\u00eat n\u00b021\/CRIET\/2C.COR., formul\u00e9 depuis plus de 2 ans par la d\u00e9fense des int\u00e9ress\u00e9s. Apr\u00e8s le proc\u00e8s en [&hellip;]<\/p>\n","protected":false},"author":82,"featured_media":8221,"comment_status":"open","ping_status":"closed","sticky":false,"template":"","format":"standard","meta":{"footnotes":""},"categories":[21,11,10],"tags":[36,50,45],"class_list":["post-8222","post","type-post","status-publish","format-standard","has-post-thumbnail","hentry","category-communaute","category-homepage-french","category-toutes-les-actualites","tag-africa-press","tag-africa-press-benin","tag-benin"],"yoast_head":"<!-- This site is optimized with the Yoast SEO Premium plugin v26.1 (Yoast SEO v27.0) - https:\/\/yoast.com\/product\/yoast-seo-premium-wordpress\/ -->\n<title>B\u00e9nin: dossier M\u00e8tongnon \u00e0 la Cour supr\u00eame, les deux issues possibles - B\u00e9nin<\/title>\n<meta name=\"description\" content=\"La Chambre judiciaire de la Cour supr\u00eame se prononce sur le dossier de Laurent M\u00e8tongnon ce vendredi 26 ao\u00fbt 2022. Le do ...\" \/>\n<meta name=\"robots\" content=\"index, follow, max-snippet:-1, max-image-preview:large, max-video-preview:-1\" \/>\n<link rel=\"canonical\" href=\"https:\/\/www.africa-press.net\/benin\/toutes-les-actualites\/benin-dossier-metongnon-a-la-cour-supreme-les-deux-issues-possibles\" \/>\n<meta property=\"og:locale\" content=\"fr_FR\" \/>\n<meta property=\"og:type\" content=\"article\" \/>\n<meta property=\"og:title\" content=\"B\u00e9nin: dossier M\u00e8tongnon \u00e0 la Cour supr\u00eame, les deux issues possibles\" \/>\n<meta property=\"og:description\" content=\"La Chambre judiciaire de la Cour supr\u00eame se prononce sur le dossier de Laurent M\u00e8tongnon ce vendredi 26 ao\u00fbt 2022. Le do ...\" \/>\n<meta property=\"og:url\" content=\"https:\/\/www.africa-press.net\/benin\/toutes-les-actualites\/benin-dossier-metongnon-a-la-cour-supreme-les-deux-issues-possibles\" \/>\n<meta property=\"og:site_name\" content=\"B\u00e9nin\" \/>\n<meta property=\"article:published_time\" content=\"2022-08-25T18:50:02+00:00\" \/>\n<meta property=\"article:modified_time\" content=\"2022-08-25T19:16:10+00:00\" \/>\n<meta property=\"og:image\" content=\"https:\/\/static.africa-press.net\/benin\/sites\/46\/2022\/08\/postQueueImg_25-6307ca629628f.jpg\" \/>\n\t<meta property=\"og:image:width\" content=\"1200\" \/>\n\t<meta property=\"og:image:height\" content=\"684\" \/>\n\t<meta property=\"og:image:type\" content=\"image\/jpeg\" \/>\n<meta name=\"author\" content=\"cfeditorfr\" \/>\n<meta name=\"twitter:card\" content=\"summary_large_image\" \/>\n<meta name=\"twitter:label1\" content=\"\u00c9crit par\" \/>\n\t<meta name=\"twitter:data1\" content=\"cfeditorfr\" \/>\n\t<meta name=\"twitter:label2\" content=\"Dur\u00e9e de lecture estim\u00e9e\" \/>\n\t<meta name=\"twitter:data2\" content=\"2 minutes\" \/>\n<script type=\"application\/ld+json\" class=\"yoast-schema-graph\">{\"@context\":\"https:\/\/schema.org\",\"@graph\":[{\"@type\":\"Article\",\"@id\":\"https:\/\/www.africa-press.net\/benin\/toutes-les-actualites\/benin-dossier-metongnon-a-la-cour-supreme-les-deux-issues-possibles#article\",\"isPartOf\":{\"@id\":\"https:\/\/www.africa-press.net\/benin\/toutes-les-actualites\/benin-dossier-metongnon-a-la-cour-supreme-les-deux-issues-possibles\"},\"author\":{\"name\":\"cfeditorfr\",\"@id\":\"https:\/\/www.africa-press.net\/benin\/#\/schema\/person\/2b1cf3cd81a31e3cd26889ca66d677f1\"},\"headline\":\"B\u00e9nin: dossier M\u00e8tongnon \u00e0 la Cour supr\u00eame, les deux issues possibles\",\"datePublished\":\"2022-08-25T18:50:02+00:00\",\"dateModified\":\"2022-08-25T19:16:10+00:00\",\"mainEntityOfPage\":{\"@id\":\"https:\/\/www.africa-press.net\/benin\/toutes-les-actualites\/benin-dossier-metongnon-a-la-cour-supreme-les-deux-issues-possibles\"},\"wordCount\":413,\"commentCount\":0,\"image\":{\"@id\":\"https:\/\/www.africa-press.net\/benin\/toutes-les-actualites\/benin-dossier-metongnon-a-la-cour-supreme-les-deux-issues-possibles#primaryimage\"},\"thumbnailUrl\":\"https:\/\/static.africa-press.net\/benin\/sites\/46\/2022\/08\/postQueueImg_25-6307ca629628f.jpg\",\"keywords\":[\"Africa Press\",\"Africa Press-Benin\",\"B\u00e9nin\"],\"articleSection\":[\"Communaut\u00e9\",\"homepage-french\",\"Toutes les actualit\u00e9s\"],\"inLanguage\":\"fr-FR\",\"potentialAction\":[{\"@type\":\"CommentAction\",\"name\":\"Comment\",\"target\":[\"https:\/\/www.africa-press.net\/benin\/toutes-les-actualites\/benin-dossier-metongnon-a-la-cour-supreme-les-deux-issues-possibles#respond\"]}]},{\"@type\":\"WebPage\",\"@id\":\"https:\/\/www.africa-press.net\/benin\/toutes-les-actualites\/benin-dossier-metongnon-a-la-cour-supreme-les-deux-issues-possibles\",\"url\":\"https:\/\/www.africa-press.net\/benin\/toutes-les-actualites\/benin-dossier-metongnon-a-la-cour-supreme-les-deux-issues-possibles\",\"name\":\"B\u00e9nin: dossier M\u00e8tongnon \u00e0 la Cour supr\u00eame, les deux issues possibles - B\u00e9nin\",\"isPartOf\":{\"@id\":\"https:\/\/www.africa-press.net\/benin\/#website\"},\"primaryImageOfPage\":{\"@id\":\"https:\/\/www.africa-press.net\/benin\/toutes-les-actualites\/benin-dossier-metongnon-a-la-cour-supreme-les-deux-issues-possibles#primaryimage\"},\"image\":{\"@id\":\"https:\/\/www.africa-press.net\/benin\/toutes-les-actualites\/benin-dossier-metongnon-a-la-cour-supreme-les-deux-issues-possibles#primaryimage\"},\"thumbnailUrl\":\"https:\/\/static.africa-press.net\/benin\/sites\/46\/2022\/08\/postQueueImg_25-6307ca629628f.jpg\",\"datePublished\":\"2022-08-25T18:50:02+00:00\",\"dateModified\":\"2022-08-25T19:16:10+00:00\",\"author\":{\"@id\":\"https:\/\/www.africa-press.net\/benin\/#\/schema\/person\/2b1cf3cd81a31e3cd26889ca66d677f1\"},\"description\":\"La Chambre judiciaire de la Cour supr\u00eame se prononce sur le dossier de Laurent M\u00e8tongnon ce vendredi 26 ao\u00fbt 2022. Le do ...\",\"breadcrumb\":{\"@id\":\"https:\/\/www.africa-press.net\/benin\/toutes-les-actualites\/benin-dossier-metongnon-a-la-cour-supreme-les-deux-issues-possibles#breadcrumb\"},\"inLanguage\":\"fr-FR\",\"potentialAction\":[{\"@type\":\"ReadAction\",\"target\":[\"https:\/\/www.africa-press.net\/benin\/toutes-les-actualites\/benin-dossier-metongnon-a-la-cour-supreme-les-deux-issues-possibles\"]}]},{\"@type\":\"ImageObject\",\"inLanguage\":\"fr-FR\",\"@id\":\"https:\/\/www.africa-press.net\/benin\/toutes-les-actualites\/benin-dossier-metongnon-a-la-cour-supreme-les-deux-issues-possibles#primaryimage\",\"url\":\"https:\/\/static.africa-press.net\/benin\/sites\/46\/2022\/08\/postQueueImg_25-6307ca629628f.jpg\",\"contentUrl\":\"https:\/\/static.africa-press.net\/benin\/sites\/46\/2022\/08\/postQueueImg_25-6307ca629628f.jpg\",\"width\":1200,\"height\":684,\"caption\":\"B\u00e9nin: dossier M\u00e8tongnon \u00e0 la Cour supr\u00eame, les deux issues possibles\"},{\"@type\":\"BreadcrumbList\",\"@id\":\"https:\/\/www.africa-press.net\/benin\/toutes-les-actualites\/benin-dossier-metongnon-a-la-cour-supreme-les-deux-issues-possibles#breadcrumb\",\"itemListElement\":[{\"@type\":\"ListItem\",\"position\":1,\"name\":\"Accueil\",\"item\":\"https:\/\/www.africa-press.net\/benin\/\"},{\"@type\":\"ListItem\",\"position\":2,\"name\":\"B\u00e9nin: dossier M\u00e8tongnon \u00e0 la Cour supr\u00eame, les deux issues possibles\"}]},{\"@type\":\"WebSite\",\"@id\":\"https:\/\/www.africa-press.net\/benin\/#website\",\"url\":\"https:\/\/www.africa-press.net\/benin\/\",\"name\":\"B\u00e9nin\",\"description\":\"Just another Africa News Agency Sites site\",\"potentialAction\":[{\"@type\":\"SearchAction\",\"target\":{\"@type\":\"EntryPoint\",\"urlTemplate\":\"https:\/\/www.africa-press.net\/benin\/?s={search_term_string}\"},\"query-input\":{\"@type\":\"PropertyValueSpecification\",\"valueRequired\":true,\"valueName\":\"search_term_string\"}}],\"inLanguage\":\"fr-FR\"},{\"@type\":\"Person\",\"@id\":\"https:\/\/www.africa-press.net\/benin\/#\/schema\/person\/2b1cf3cd81a31e3cd26889ca66d677f1\",\"name\":\"cfeditorfr\"}]}<\/script>\n<!-- \/ Yoast SEO Premium plugin. -->","yoast_head_json":{"title":"B\u00e9nin: dossier M\u00e8tongnon \u00e0 la Cour supr\u00eame, les deux issues possibles - B\u00e9nin","description":"La Chambre judiciaire de la Cour supr\u00eame se prononce sur le dossier de Laurent M\u00e8tongnon ce vendredi 26 ao\u00fbt 2022. Le do ...","robots":{"index":"index","follow":"follow","max-snippet":"max-snippet:-1","max-image-preview":"max-image-preview:large","max-video-preview":"max-video-preview:-1"},"canonical":"https:\/\/www.africa-press.net\/benin\/toutes-les-actualites\/benin-dossier-metongnon-a-la-cour-supreme-les-deux-issues-possibles","og_locale":"fr_FR","og_type":"article","og_title":"B\u00e9nin: dossier M\u00e8tongnon \u00e0 la Cour supr\u00eame, les deux issues possibles","og_description":"La Chambre judiciaire de la Cour supr\u00eame se prononce sur le dossier de Laurent M\u00e8tongnon ce vendredi 26 ao\u00fbt 2022. Le do ...","og_url":"https:\/\/www.africa-press.net\/benin\/toutes-les-actualites\/benin-dossier-metongnon-a-la-cour-supreme-les-deux-issues-possibles","og_site_name":"B\u00e9nin","article_published_time":"2022-08-25T18:50:02+00:00","article_modified_time":"2022-08-25T19:16:10+00:00","og_image":[{"width":1200,"height":684,"url":"https:\/\/static.africa-press.net\/benin\/sites\/46\/2022\/08\/postQueueImg_25-6307ca629628f.jpg","type":"image\/jpeg"}],"author":"cfeditorfr","twitter_card":"summary_large_image","twitter_misc":{"\u00c9crit par":"cfeditorfr","Dur\u00e9e de lecture estim\u00e9e":"2 minutes"},"schema":{"@context":"https:\/\/schema.org","@graph":[{"@type":"Article","@id":"https:\/\/www.africa-press.net\/benin\/toutes-les-actualites\/benin-dossier-metongnon-a-la-cour-supreme-les-deux-issues-possibles#article","isPartOf":{"@id":"https:\/\/www.africa-press.net\/benin\/toutes-les-actualites\/benin-dossier-metongnon-a-la-cour-supreme-les-deux-issues-possibles"},"author":{"name":"cfeditorfr","@id":"https:\/\/www.africa-press.net\/benin\/#\/schema\/person\/2b1cf3cd81a31e3cd26889ca66d677f1"},"headline":"B\u00e9nin: dossier M\u00e8tongnon \u00e0 la Cour supr\u00eame, les deux issues possibles","datePublished":"2022-08-25T18:50:02+00:00","dateModified":"2022-08-25T19:16:10+00:00","mainEntityOfPage":{"@id":"https:\/\/www.africa-press.net\/benin\/toutes-les-actualites\/benin-dossier-metongnon-a-la-cour-supreme-les-deux-issues-possibles"},"wordCount":413,"commentCount":0,"image":{"@id":"https:\/\/www.africa-press.net\/benin\/toutes-les-actualites\/benin-dossier-metongnon-a-la-cour-supreme-les-deux-issues-possibles#primaryimage"},"thumbnailUrl":"https:\/\/static.africa-press.net\/benin\/sites\/46\/2022\/08\/postQueueImg_25-6307ca629628f.jpg","keywords":["Africa Press","Africa Press-Benin","B\u00e9nin"],"articleSection":["Communaut\u00e9","homepage-french","Toutes les actualit\u00e9s"],"inLanguage":"fr-FR","potentialAction":[{"@type":"CommentAction","name":"Comment","target":["https:\/\/www.africa-press.net\/benin\/toutes-les-actualites\/benin-dossier-metongnon-a-la-cour-supreme-les-deux-issues-possibles#respond"]}]},{"@type":"WebPage","@id":"https:\/\/www.africa-press.net\/benin\/toutes-les-actualites\/benin-dossier-metongnon-a-la-cour-supreme-les-deux-issues-possibles","url":"https:\/\/www.africa-press.net\/benin\/toutes-les-actualites\/benin-dossier-metongnon-a-la-cour-supreme-les-deux-issues-possibles","name":"B\u00e9nin: dossier M\u00e8tongnon \u00e0 la Cour supr\u00eame, les deux issues possibles - B\u00e9nin","isPartOf":{"@id":"https:\/\/www.africa-press.net\/benin\/#website"},"primaryImageOfPage":{"@id":"https:\/\/www.africa-press.net\/benin\/toutes-les-actualites\/benin-dossier-metongnon-a-la-cour-supreme-les-deux-issues-possibles#primaryimage"},"image":{"@id":"https:\/\/www.africa-press.net\/benin\/toutes-les-actualites\/benin-dossier-metongnon-a-la-cour-supreme-les-deux-issues-possibles#primaryimage"},"thumbnailUrl":"https:\/\/static.africa-press.net\/benin\/sites\/46\/2022\/08\/postQueueImg_25-6307ca629628f.jpg","datePublished":"2022-08-25T18:50:02+00:00","dateModified":"2022-08-25T19:16:10+00:00","author":{"@id":"https:\/\/www.africa-press.net\/benin\/#\/schema\/person\/2b1cf3cd81a31e3cd26889ca66d677f1"},"description":"La Chambre judiciaire de la Cour supr\u00eame se prononce sur le dossier de Laurent M\u00e8tongnon ce vendredi 26 ao\u00fbt 2022. Le do ...","breadcrumb":{"@id":"https:\/\/www.africa-press.net\/benin\/toutes-les-actualites\/benin-dossier-metongnon-a-la-cour-supreme-les-deux-issues-possibles#breadcrumb"},"inLanguage":"fr-FR","potentialAction":[{"@type":"ReadAction","target":["https:\/\/www.africa-press.net\/benin\/toutes-les-actualites\/benin-dossier-metongnon-a-la-cour-supreme-les-deux-issues-possibles"]}]},{"@type":"ImageObject","inLanguage":"fr-FR","@id":"https:\/\/www.africa-press.net\/benin\/toutes-les-actualites\/benin-dossier-metongnon-a-la-cour-supreme-les-deux-issues-possibles#primaryimage","url":"https:\/\/static.africa-press.net\/benin\/sites\/46\/2022\/08\/postQueueImg_25-6307ca629628f.jpg","contentUrl":"https:\/\/static.africa-press.net\/benin\/sites\/46\/2022\/08\/postQueueImg_25-6307ca629628f.jpg","width":1200,"height":684,"caption":"B\u00e9nin: dossier M\u00e8tongnon \u00e0 la Cour supr\u00eame, les deux issues possibles"},{"@type":"BreadcrumbList","@id":"https:\/\/www.africa-press.net\/benin\/toutes-les-actualites\/benin-dossier-metongnon-a-la-cour-supreme-les-deux-issues-possibles#breadcrumb","itemListElement":[{"@type":"ListItem","position":1,"name":"Accueil","item":"https:\/\/www.africa-press.net\/benin\/"},{"@type":"ListItem","position":2,"name":"B\u00e9nin: dossier M\u00e8tongnon \u00e0 la Cour supr\u00eame, les deux issues possibles"}]},{"@type":"WebSite","@id":"https:\/\/www.africa-press.net\/benin\/#website","url":"https:\/\/www.africa-press.net\/benin\/","name":"B\u00e9nin","description":"Just another Africa News Agency Sites site","potentialAction":[{"@type":"SearchAction","target":{"@type":"EntryPoint","urlTemplate":"https:\/\/www.africa-press.net\/benin\/?s={search_term_string}"},"query-input":{"@type":"PropertyValueSpecification","valueRequired":true,"valueName":"search_term_string"}}],"inLanguage":"fr-FR"},{"@type":"Person","@id":"https:\/\/www.africa-press.net\/benin\/#\/schema\/person\/2b1cf3cd81a31e3cd26889ca66d677f1","name":"cfeditorfr"}]}},"_links":{"self":[{"href":"https:\/\/www.africa-press.net\/benin\/wp-json\/wp\/v2\/posts\/8222","targetHints":{"allow":["GET"]}}],"collection":[{"href":"https:\/\/www.africa-press.net\/benin\/wp-json\/wp\/v2\/posts"}],"about":[{"href":"https:\/\/www.africa-press.net\/benin\/wp-json\/wp\/v2\/types\/post"}],"author":[{"embeddable":true,"href":"https:\/\/www.africa-press.net\/benin\/wp-json\/wp\/v2\/users\/82"}],"replies":[{"embeddable":true,"href":"https:\/\/www.africa-press.net\/benin\/wp-json\/wp\/v2\/comments?post=8222"}],"version-history":[{"count":0,"href":"https:\/\/www.africa-press.net\/benin\/wp-json\/wp\/v2\/posts\/8222\/revisions"}],"wp:featuredmedia":[{"embeddable":true,"href":"https:\/\/www.africa-press.net\/benin\/wp-json\/wp\/v2\/media\/8221"}],"wp:attachment":[{"href":"https:\/\/www.africa-press.net\/benin\/wp-json\/wp\/v2\/media?parent=8222"}],"wp:term":[{"taxonomy":"category","embeddable":true,"href":"https:\/\/www.africa-press.net\/benin\/wp-json\/wp\/v2\/categories?post=8222"},{"taxonomy":"post_tag","embeddable":true,"href":"https:\/\/www.africa-press.net\/benin\/wp-json\/wp\/v2\/tags?post=8222"}],"curies":[{"name":"wp","href":"https:\/\/api.w.org\/{rel}","templated":true}]}}