{"id":8225,"date":"2022-08-25T18:50:18","date_gmt":"2022-08-25T18:50:18","guid":{"rendered":"https:\/\/www.africa-press.net\/benin\/politique\/demarrage-de-la-rentree-2022-2023-un-seminaire-pour-une-bonne-preparation"},"modified":"2022-08-25T19:16:39","modified_gmt":"2022-08-25T19:16:39","slug":"demarrage-de-la-rentree-2022-2023-un-seminaire-pour-une-bonne-preparation","status":"publish","type":"post","link":"https:\/\/www.africa-press.net\/benin\/toutes-les-actualites\/demarrage-de-la-rentree-2022-2023-un-seminaire-pour-une-bonne-preparation","title":{"rendered":"D\u00e9marrage de la rentr\u00e9e 2022-2023: un s\u00e9minaire pour une bonne pr\u00e9paration"},"content":{"rendered":"<p><span style=\"color: #ff6600\"><strong>Africa-Press &#8211; Benin. <\/strong><\/span>La r\u00e9ussite d\u2019une ann\u00e9e scolaire et acad\u00e9mique d\u00e9pend en grande partie de sa pr\u00e9paration. C\u2019est dans ce cadre qu\u2019un s\u00e9minaire a \u00e9t\u00e9 organis\u00e9 les 23 et 24 Ao\u00fbt 2022 par les acteurs du secteur de l\u2019\u00e9ducation pour plus de succ\u00e8s au cours de la rentr\u00e9e qui s\u2019annonce.<\/p>\n<p><b>\u201cLes r\u00e9formes dans le secteur de l\u2019\u00e9ducation : Point de mise en \u0153uvre, difficult\u00e9s et perspectives\u201d.<\/b> Tel est le th\u00e8me de la deuxi\u00e8me \u00e9dition du s\u00e9minaire organis\u00e9 les 23 et 24 ao\u00fbt 2022, \u00e0 l\u2019h\u00f4tel Golden Tulip Le Diplomate de Cotonou pour pr\u00e9parer la rentr\u00e9e scolaire et acad\u00e9mique 2022-2023.<\/p>\n<p>Initi\u00e9 par le Conseil National de l\u2019\u00c9ducation, en collaboration avec les trois Minist\u00e8res en charge de l\u2019\u00e9ducation au B\u00e9nin, le s\u00e9minaire de 48 heures qui a pris fin ce mercredi 24 Ao\u00fbt 2022 vise \u00e0 faire le point des performances des r\u00e9formes en cours dans les trois sous secteurs de l\u2019\u00e9ducation et de faire des projections pour la nouvelle ann\u00e9e scolaire et universitaire qui commence le 19 Septembre prochain.<\/p>\n<p>\u00ab <b>C\u2019est le moment de faire le bilan des actions prescrites par le s\u00e9minaire de l\u2019ann\u00e9e scolaire et universitaire \u00e9coul\u00e9 et de planifier celles de l\u2019ann\u00e9e qui s\u2019annonce. La feuille de route que vous nous avez confi\u00e9 et les recommandations que vous nous avez prescrites ont \u00e9t\u00e9 rigoureusement mise en oeuvre et r\u00e9guli\u00e8rement \u00e9valu\u00e9es sous le leadership \u00e9clair\u00e9 du pr\u00e9sident du CNE<\/b>\u00ab , a confi\u00e9 le ministre en charge des Enseignements Maternel et Primaire Salimane KARIMOU.<\/p>\n<p>L\u2019autorit\u00e9 a fait savoir que le suivi de ces directives a permis les r\u00e9sultats satisfaisants obtenus au cours de l\u2019ann\u00e9e scolaire et acad\u00e9mique \u00e9coul\u00e9e lors de l\u2019\u00e9valuation de tous les apprenants.<\/p>\n<p>C\u2019est donc pour perp\u00e9tuer cette exp\u00e9rience porteuse et cette approche du gouvernement que la deuxi\u00e8me \u00e9dition de ce s\u00e9minaire a \u00e9t\u00e9 organis\u00e9 pour une bonne pr\u00e9paration de la prochaine rentr\u00e9e des classes.<\/p>\n<p><strong>Pour plus d&rsquo;informations et d&rsquo;analyses sur la <a href=\"https:\/\/www.africa-press.net\/benin\">Benin<\/a>, suivez <a href=\"https:\/\/www.africa-press.net\/\">Africa-Press<\/a><\/strong><\/p>\n","protected":false},"excerpt":{"rendered":"<p>Africa-Press &#8211; Benin. La r\u00e9ussite d\u2019une ann\u00e9e scolaire et acad\u00e9mique d\u00e9pend en grande partie de sa pr\u00e9paration. C\u2019est dans ce cadre qu\u2019un s\u00e9minaire a \u00e9t\u00e9 organis\u00e9 les 23 et 24 Ao\u00fbt 2022 par les acteurs du secteur de l\u2019\u00e9ducation pour plus de succ\u00e8s au cours de la rentr\u00e9e qui s\u2019annonce. \u201cLes r\u00e9formes dans le secteur [&hellip;]<\/p>\n","protected":false},"author":82,"featured_media":8224,"comment_status":"open","ping_status":"closed","sticky":false,"template":"","format":"standard","meta":{"footnotes":""},"categories":[21,11,10],"tags":[36,50,45],"class_list":["post-8225","post","type-post","status-publish","format-standard","has-post-thumbnail","hentry","category-communaute","category-homepage-french","category-toutes-les-actualites","tag-africa-press","tag-africa-press-benin","tag-benin"],"yoast_head":"<!-- This site is optimized with the Yoast SEO Premium plugin v26.1 (Yoast SEO v27.0) - https:\/\/yoast.com\/product\/yoast-seo-premium-wordpress\/ -->\n<title>D\u00e9marrage de la rentr\u00e9e 2022-2023: un s\u00e9minaire pour une bonne pr\u00e9paration - B\u00e9nin<\/title>\n<meta name=\"description\" content=\"La r\u00e9ussite d\u2019une ann\u00e9e scolaire et acad\u00e9mique d\u00e9pend en grande partie de sa pr\u00e9paration. C\u2019est dans ce cadre qu\u2019un s\u00e9mi ...\" \/>\n<meta name=\"robots\" content=\"index, follow, max-snippet:-1, max-image-preview:large, max-video-preview:-1\" \/>\n<link rel=\"canonical\" href=\"https:\/\/www.africa-press.net\/benin\/toutes-les-actualites\/demarrage-de-la-rentree-2022-2023-un-seminaire-pour-une-bonne-preparation\" \/>\n<meta property=\"og:locale\" content=\"fr_FR\" \/>\n<meta property=\"og:type\" content=\"article\" \/>\n<meta property=\"og:title\" content=\"D\u00e9marrage de la rentr\u00e9e 2022-2023: un s\u00e9minaire pour une bonne pr\u00e9paration\" \/>\n<meta property=\"og:description\" content=\"La r\u00e9ussite d\u2019une ann\u00e9e scolaire et acad\u00e9mique d\u00e9pend en grande partie de sa pr\u00e9paration. C\u2019est dans ce cadre qu\u2019un s\u00e9mi ...\" \/>\n<meta property=\"og:url\" content=\"https:\/\/www.africa-press.net\/benin\/toutes-les-actualites\/demarrage-de-la-rentree-2022-2023-un-seminaire-pour-une-bonne-preparation\" \/>\n<meta property=\"og:site_name\" content=\"B\u00e9nin\" \/>\n<meta property=\"article:published_time\" content=\"2022-08-25T18:50:18+00:00\" \/>\n<meta property=\"article:modified_time\" content=\"2022-08-25T19:16:39+00:00\" \/>\n<meta property=\"og:image\" content=\"https:\/\/static.africa-press.net\/benin\/sites\/46\/2022\/08\/postQueueImg_26-6307ca813c453.jpg\" \/>\n\t<meta property=\"og:image:width\" content=\"1280\" \/>\n\t<meta property=\"og:image:height\" content=\"720\" \/>\n\t<meta property=\"og:image:type\" content=\"image\/jpeg\" \/>\n<meta name=\"author\" content=\"cfeditorfr\" \/>\n<meta name=\"twitter:card\" content=\"summary_large_image\" \/>\n<meta name=\"twitter:label1\" content=\"\u00c9crit par\" \/>\n\t<meta name=\"twitter:data1\" content=\"cfeditorfr\" \/>\n\t<meta name=\"twitter:label2\" content=\"Dur\u00e9e de lecture estim\u00e9e\" \/>\n\t<meta name=\"twitter:data2\" content=\"2 minutes\" \/>\n<script type=\"application\/ld+json\" class=\"yoast-schema-graph\">{\"@context\":\"https:\/\/schema.org\",\"@graph\":[{\"@type\":\"Article\",\"@id\":\"https:\/\/www.africa-press.net\/benin\/toutes-les-actualites\/demarrage-de-la-rentree-2022-2023-un-seminaire-pour-une-bonne-preparation#article\",\"isPartOf\":{\"@id\":\"https:\/\/www.africa-press.net\/benin\/toutes-les-actualites\/demarrage-de-la-rentree-2022-2023-un-seminaire-pour-une-bonne-preparation\"},\"author\":{\"name\":\"cfeditorfr\",\"@id\":\"https:\/\/www.africa-press.net\/benin\/#\/schema\/person\/2b1cf3cd81a31e3cd26889ca66d677f1\"},\"headline\":\"D\u00e9marrage de la rentr\u00e9e 2022-2023: un s\u00e9minaire pour une bonne pr\u00e9paration\",\"datePublished\":\"2022-08-25T18:50:18+00:00\",\"dateModified\":\"2022-08-25T19:16:39+00:00\",\"mainEntityOfPage\":{\"@id\":\"https:\/\/www.africa-press.net\/benin\/toutes-les-actualites\/demarrage-de-la-rentree-2022-2023-un-seminaire-pour-une-bonne-preparation\"},\"wordCount\":379,\"commentCount\":0,\"image\":{\"@id\":\"https:\/\/www.africa-press.net\/benin\/toutes-les-actualites\/demarrage-de-la-rentree-2022-2023-un-seminaire-pour-une-bonne-preparation#primaryimage\"},\"thumbnailUrl\":\"https:\/\/static.africa-press.net\/benin\/sites\/46\/2022\/08\/postQueueImg_26-6307ca813c453.jpg\",\"keywords\":[\"Africa Press\",\"Africa Press-Benin\",\"B\u00e9nin\"],\"articleSection\":[\"Communaut\u00e9\",\"homepage-french\",\"Toutes les actualit\u00e9s\"],\"inLanguage\":\"fr-FR\",\"potentialAction\":[{\"@type\":\"CommentAction\",\"name\":\"Comment\",\"target\":[\"https:\/\/www.africa-press.net\/benin\/toutes-les-actualites\/demarrage-de-la-rentree-2022-2023-un-seminaire-pour-une-bonne-preparation#respond\"]}]},{\"@type\":\"WebPage\",\"@id\":\"https:\/\/www.africa-press.net\/benin\/toutes-les-actualites\/demarrage-de-la-rentree-2022-2023-un-seminaire-pour-une-bonne-preparation\",\"url\":\"https:\/\/www.africa-press.net\/benin\/toutes-les-actualites\/demarrage-de-la-rentree-2022-2023-un-seminaire-pour-une-bonne-preparation\",\"name\":\"D\u00e9marrage de la rentr\u00e9e 2022-2023: un s\u00e9minaire pour une bonne pr\u00e9paration - B\u00e9nin\",\"isPartOf\":{\"@id\":\"https:\/\/www.africa-press.net\/benin\/#website\"},\"primaryImageOfPage\":{\"@id\":\"https:\/\/www.africa-press.net\/benin\/toutes-les-actualites\/demarrage-de-la-rentree-2022-2023-un-seminaire-pour-une-bonne-preparation#primaryimage\"},\"image\":{\"@id\":\"https:\/\/www.africa-press.net\/benin\/toutes-les-actualites\/demarrage-de-la-rentree-2022-2023-un-seminaire-pour-une-bonne-preparation#primaryimage\"},\"thumbnailUrl\":\"https:\/\/static.africa-press.net\/benin\/sites\/46\/2022\/08\/postQueueImg_26-6307ca813c453.jpg\",\"datePublished\":\"2022-08-25T18:50:18+00:00\",\"dateModified\":\"2022-08-25T19:16:39+00:00\",\"author\":{\"@id\":\"https:\/\/www.africa-press.net\/benin\/#\/schema\/person\/2b1cf3cd81a31e3cd26889ca66d677f1\"},\"description\":\"La r\u00e9ussite d\u2019une ann\u00e9e scolaire et acad\u00e9mique d\u00e9pend en grande partie de sa pr\u00e9paration. C\u2019est dans ce cadre qu\u2019un s\u00e9mi ...\",\"breadcrumb\":{\"@id\":\"https:\/\/www.africa-press.net\/benin\/toutes-les-actualites\/demarrage-de-la-rentree-2022-2023-un-seminaire-pour-une-bonne-preparation#breadcrumb\"},\"inLanguage\":\"fr-FR\",\"potentialAction\":[{\"@type\":\"ReadAction\",\"target\":[\"https:\/\/www.africa-press.net\/benin\/toutes-les-actualites\/demarrage-de-la-rentree-2022-2023-un-seminaire-pour-une-bonne-preparation\"]}]},{\"@type\":\"ImageObject\",\"inLanguage\":\"fr-FR\",\"@id\":\"https:\/\/www.africa-press.net\/benin\/toutes-les-actualites\/demarrage-de-la-rentree-2022-2023-un-seminaire-pour-une-bonne-preparation#primaryimage\",\"url\":\"https:\/\/static.africa-press.net\/benin\/sites\/46\/2022\/08\/postQueueImg_26-6307ca813c453.jpg\",\"contentUrl\":\"https:\/\/static.africa-press.net\/benin\/sites\/46\/2022\/08\/postQueueImg_26-6307ca813c453.jpg\",\"width\":1280,\"height\":720,\"caption\":\"D\u00e9marrage de la rentr\u00e9e 2022-2023: un s\u00e9minaire pour une bonne pr\u00e9paration\"},{\"@type\":\"BreadcrumbList\",\"@id\":\"https:\/\/www.africa-press.net\/benin\/toutes-les-actualites\/demarrage-de-la-rentree-2022-2023-un-seminaire-pour-une-bonne-preparation#breadcrumb\",\"itemListElement\":[{\"@type\":\"ListItem\",\"position\":1,\"name\":\"Accueil\",\"item\":\"https:\/\/www.africa-press.net\/benin\/\"},{\"@type\":\"ListItem\",\"position\":2,\"name\":\"D\u00e9marrage de la rentr\u00e9e 2022-2023: un s\u00e9minaire pour une bonne pr\u00e9paration\"}]},{\"@type\":\"WebSite\",\"@id\":\"https:\/\/www.africa-press.net\/benin\/#website\",\"url\":\"https:\/\/www.africa-press.net\/benin\/\",\"name\":\"B\u00e9nin\",\"description\":\"Just another Africa News Agency Sites site\",\"potentialAction\":[{\"@type\":\"SearchAction\",\"target\":{\"@type\":\"EntryPoint\",\"urlTemplate\":\"https:\/\/www.africa-press.net\/benin\/?s={search_term_string}\"},\"query-input\":{\"@type\":\"PropertyValueSpecification\",\"valueRequired\":true,\"valueName\":\"search_term_string\"}}],\"inLanguage\":\"fr-FR\"},{\"@type\":\"Person\",\"@id\":\"https:\/\/www.africa-press.net\/benin\/#\/schema\/person\/2b1cf3cd81a31e3cd26889ca66d677f1\",\"name\":\"cfeditorfr\"}]}<\/script>\n<!-- \/ Yoast SEO Premium plugin. -->","yoast_head_json":{"title":"D\u00e9marrage de la rentr\u00e9e 2022-2023: un s\u00e9minaire pour une bonne pr\u00e9paration - B\u00e9nin","description":"La r\u00e9ussite d\u2019une ann\u00e9e scolaire et acad\u00e9mique d\u00e9pend en grande partie de sa pr\u00e9paration. C\u2019est dans ce cadre qu\u2019un s\u00e9mi ...","robots":{"index":"index","follow":"follow","max-snippet":"max-snippet:-1","max-image-preview":"max-image-preview:large","max-video-preview":"max-video-preview:-1"},"canonical":"https:\/\/www.africa-press.net\/benin\/toutes-les-actualites\/demarrage-de-la-rentree-2022-2023-un-seminaire-pour-une-bonne-preparation","og_locale":"fr_FR","og_type":"article","og_title":"D\u00e9marrage de la rentr\u00e9e 2022-2023: un s\u00e9minaire pour une bonne pr\u00e9paration","og_description":"La r\u00e9ussite d\u2019une ann\u00e9e scolaire et acad\u00e9mique d\u00e9pend en grande partie de sa pr\u00e9paration. C\u2019est dans ce cadre qu\u2019un s\u00e9mi ...","og_url":"https:\/\/www.africa-press.net\/benin\/toutes-les-actualites\/demarrage-de-la-rentree-2022-2023-un-seminaire-pour-une-bonne-preparation","og_site_name":"B\u00e9nin","article_published_time":"2022-08-25T18:50:18+00:00","article_modified_time":"2022-08-25T19:16:39+00:00","og_image":[{"width":1280,"height":720,"url":"https:\/\/static.africa-press.net\/benin\/sites\/46\/2022\/08\/postQueueImg_26-6307ca813c453.jpg","type":"image\/jpeg"}],"author":"cfeditorfr","twitter_card":"summary_large_image","twitter_misc":{"\u00c9crit par":"cfeditorfr","Dur\u00e9e de lecture estim\u00e9e":"2 minutes"},"schema":{"@context":"https:\/\/schema.org","@graph":[{"@type":"Article","@id":"https:\/\/www.africa-press.net\/benin\/toutes-les-actualites\/demarrage-de-la-rentree-2022-2023-un-seminaire-pour-une-bonne-preparation#article","isPartOf":{"@id":"https:\/\/www.africa-press.net\/benin\/toutes-les-actualites\/demarrage-de-la-rentree-2022-2023-un-seminaire-pour-une-bonne-preparation"},"author":{"name":"cfeditorfr","@id":"https:\/\/www.africa-press.net\/benin\/#\/schema\/person\/2b1cf3cd81a31e3cd26889ca66d677f1"},"headline":"D\u00e9marrage de la rentr\u00e9e 2022-2023: un s\u00e9minaire pour une bonne pr\u00e9paration","datePublished":"2022-08-25T18:50:18+00:00","dateModified":"2022-08-25T19:16:39+00:00","mainEntityOfPage":{"@id":"https:\/\/www.africa-press.net\/benin\/toutes-les-actualites\/demarrage-de-la-rentree-2022-2023-un-seminaire-pour-une-bonne-preparation"},"wordCount":379,"commentCount":0,"image":{"@id":"https:\/\/www.africa-press.net\/benin\/toutes-les-actualites\/demarrage-de-la-rentree-2022-2023-un-seminaire-pour-une-bonne-preparation#primaryimage"},"thumbnailUrl":"https:\/\/static.africa-press.net\/benin\/sites\/46\/2022\/08\/postQueueImg_26-6307ca813c453.jpg","keywords":["Africa Press","Africa Press-Benin","B\u00e9nin"],"articleSection":["Communaut\u00e9","homepage-french","Toutes les actualit\u00e9s"],"inLanguage":"fr-FR","potentialAction":[{"@type":"CommentAction","name":"Comment","target":["https:\/\/www.africa-press.net\/benin\/toutes-les-actualites\/demarrage-de-la-rentree-2022-2023-un-seminaire-pour-une-bonne-preparation#respond"]}]},{"@type":"WebPage","@id":"https:\/\/www.africa-press.net\/benin\/toutes-les-actualites\/demarrage-de-la-rentree-2022-2023-un-seminaire-pour-une-bonne-preparation","url":"https:\/\/www.africa-press.net\/benin\/toutes-les-actualites\/demarrage-de-la-rentree-2022-2023-un-seminaire-pour-une-bonne-preparation","name":"D\u00e9marrage de la rentr\u00e9e 2022-2023: un s\u00e9minaire pour une bonne pr\u00e9paration - B\u00e9nin","isPartOf":{"@id":"https:\/\/www.africa-press.net\/benin\/#website"},"primaryImageOfPage":{"@id":"https:\/\/www.africa-press.net\/benin\/toutes-les-actualites\/demarrage-de-la-rentree-2022-2023-un-seminaire-pour-une-bonne-preparation#primaryimage"},"image":{"@id":"https:\/\/www.africa-press.net\/benin\/toutes-les-actualites\/demarrage-de-la-rentree-2022-2023-un-seminaire-pour-une-bonne-preparation#primaryimage"},"thumbnailUrl":"https:\/\/static.africa-press.net\/benin\/sites\/46\/2022\/08\/postQueueImg_26-6307ca813c453.jpg","datePublished":"2022-08-25T18:50:18+00:00","dateModified":"2022-08-25T19:16:39+00:00","author":{"@id":"https:\/\/www.africa-press.net\/benin\/#\/schema\/person\/2b1cf3cd81a31e3cd26889ca66d677f1"},"description":"La r\u00e9ussite d\u2019une ann\u00e9e scolaire et acad\u00e9mique d\u00e9pend en grande partie de sa pr\u00e9paration. C\u2019est dans ce cadre qu\u2019un s\u00e9mi ...","breadcrumb":{"@id":"https:\/\/www.africa-press.net\/benin\/toutes-les-actualites\/demarrage-de-la-rentree-2022-2023-un-seminaire-pour-une-bonne-preparation#breadcrumb"},"inLanguage":"fr-FR","potentialAction":[{"@type":"ReadAction","target":["https:\/\/www.africa-press.net\/benin\/toutes-les-actualites\/demarrage-de-la-rentree-2022-2023-un-seminaire-pour-une-bonne-preparation"]}]},{"@type":"ImageObject","inLanguage":"fr-FR","@id":"https:\/\/www.africa-press.net\/benin\/toutes-les-actualites\/demarrage-de-la-rentree-2022-2023-un-seminaire-pour-une-bonne-preparation#primaryimage","url":"https:\/\/static.africa-press.net\/benin\/sites\/46\/2022\/08\/postQueueImg_26-6307ca813c453.jpg","contentUrl":"https:\/\/static.africa-press.net\/benin\/sites\/46\/2022\/08\/postQueueImg_26-6307ca813c453.jpg","width":1280,"height":720,"caption":"D\u00e9marrage de la rentr\u00e9e 2022-2023: un s\u00e9minaire pour une bonne pr\u00e9paration"},{"@type":"BreadcrumbList","@id":"https:\/\/www.africa-press.net\/benin\/toutes-les-actualites\/demarrage-de-la-rentree-2022-2023-un-seminaire-pour-une-bonne-preparation#breadcrumb","itemListElement":[{"@type":"ListItem","position":1,"name":"Accueil","item":"https:\/\/www.africa-press.net\/benin\/"},{"@type":"ListItem","position":2,"name":"D\u00e9marrage de la rentr\u00e9e 2022-2023: un s\u00e9minaire pour une bonne pr\u00e9paration"}]},{"@type":"WebSite","@id":"https:\/\/www.africa-press.net\/benin\/#website","url":"https:\/\/www.africa-press.net\/benin\/","name":"B\u00e9nin","description":"Just another Africa News Agency Sites site","potentialAction":[{"@type":"SearchAction","target":{"@type":"EntryPoint","urlTemplate":"https:\/\/www.africa-press.net\/benin\/?s={search_term_string}"},"query-input":{"@type":"PropertyValueSpecification","valueRequired":true,"valueName":"search_term_string"}}],"inLanguage":"fr-FR"},{"@type":"Person","@id":"https:\/\/www.africa-press.net\/benin\/#\/schema\/person\/2b1cf3cd81a31e3cd26889ca66d677f1","name":"cfeditorfr"}]}},"_links":{"self":[{"href":"https:\/\/www.africa-press.net\/benin\/wp-json\/wp\/v2\/posts\/8225","targetHints":{"allow":["GET"]}}],"collection":[{"href":"https:\/\/www.africa-press.net\/benin\/wp-json\/wp\/v2\/posts"}],"about":[{"href":"https:\/\/www.africa-press.net\/benin\/wp-json\/wp\/v2\/types\/post"}],"author":[{"embeddable":true,"href":"https:\/\/www.africa-press.net\/benin\/wp-json\/wp\/v2\/users\/82"}],"replies":[{"embeddable":true,"href":"https:\/\/www.africa-press.net\/benin\/wp-json\/wp\/v2\/comments?post=8225"}],"version-history":[{"count":0,"href":"https:\/\/www.africa-press.net\/benin\/wp-json\/wp\/v2\/posts\/8225\/revisions"}],"wp:featuredmedia":[{"embeddable":true,"href":"https:\/\/www.africa-press.net\/benin\/wp-json\/wp\/v2\/media\/8224"}],"wp:attachment":[{"href":"https:\/\/www.africa-press.net\/benin\/wp-json\/wp\/v2\/media?parent=8225"}],"wp:term":[{"taxonomy":"category","embeddable":true,"href":"https:\/\/www.africa-press.net\/benin\/wp-json\/wp\/v2\/categories?post=8225"},{"taxonomy":"post_tag","embeddable":true,"href":"https:\/\/www.africa-press.net\/benin\/wp-json\/wp\/v2\/tags?post=8225"}],"curies":[{"name":"wp","href":"https:\/\/api.w.org\/{rel}","templated":true}]}}