{"id":8231,"date":"2022-08-25T18:50:41","date_gmt":"2022-08-25T18:50:41","guid":{"rendered":"https:\/\/www.africa-press.net\/benin\/politique\/benin-la-perennisation-des-reformes-au-coeur-des-echanges-entre-djogbenou-et-distel-amoussou"},"modified":"2022-08-25T19:17:35","modified_gmt":"2022-08-25T19:17:35","slug":"benin-la-perennisation-des-reformes-au-coeur-des-echanges-entre-djogbenou-et-distel-amoussou","status":"publish","type":"post","link":"https:\/\/www.africa-press.net\/benin\/politique\/benin-la-perennisation-des-reformes-au-coeur-des-echanges-entre-djogbenou-et-distel-amoussou","title":{"rendered":"B\u00e9nin: la p\u00e9rennisation des r\u00e9formes au c\u0153ur des \u00e9changes entre Djogb\u00e9nou et Distel Amoussou"},"content":{"rendered":"<p><span style=\"color: #ff6600\"><strong>Africa-Press &#8211; Benin. <\/strong><\/span>Apr\u00e8s ses \u00e9changes avec le chef de fil de l\u2019opposition et le secr\u00e9taire ex\u00e9cutif national du parti Bloc R\u00e9publicain, le journaliste Distel Amoussou qui a saut\u00e9 les deux pieds joints dans la politique, a \u00e9t\u00e9 re\u00e7u le mercredi 24 Ao\u00fbt 2022 par le professeur Joseph Djogb\u00e9nou, pr\u00e9sident du parti union progressiste le renouveau.<\/p>\n<p>L\u2019ancien journaliste et consultant en communication, Distel Amoussou continue son p\u00e9riple de prise de contact avec les leaders politiques. Apr\u00e8s les \u00e9changes qu\u2019il a eus avec Monsieur Paul Hounkp\u00e8, chef de fil de l\u2019opposition et sa suite et ensuite avec t le num\u00e9ro 1 du parti Bloc R\u00e9publicain, il a \u00e9t\u00e9 re\u00e7u dans l\u2019apr\u00e8s-midi de ce mercredi 24 Ao\u00fbt 2022 par le professeur Joseph Djogb\u00e9nou, pr\u00e9sident du nouveau parti n\u00e9 de la fusion du PRD et de l\u2019UP.<\/p>\n<p>Au c\u0153ur des \u00e9changes, les r\u00e9formes initi\u00e9es par le r\u00e9gime de la rupture. L\u2019ancien journaliste est venu expos\u00e9 \u00e0 l\u2019ancien pr\u00e9sident de la cour constitutionnelle, son inqui\u00e9tude sur la p\u00e9rennisation des r\u00e9formes. Distel Amoussou craint simplement que des r\u00e9formes aussi porteuses d\u2019espoir soient remises en cause \u00e0 la fin du mandat du pr\u00e9sident Patrice Talon.<\/p>\n<p>Le communicateur a \u00e9voqu\u00e9 avec son h\u00f4te sur les m\u00e9canismes \u00e0 mettre en oeuvre pour que chaque b\u00e9ninoise et chaque b\u00e9ninois puissent s\u2019approprier des r\u00e9formes initi\u00e9es par le chantre de la rupture comme des r\u00e9formes de tous les b\u00e9ninois et non celles du pr\u00e9sident Patrice Talon.<\/p>\n<p>Des inqui\u00e9tudes vite dissip\u00e9es par le pr\u00e9sident du parti union progressiste le renouveau, le professeur Joseph Djogb\u00e9nou qui compte bien jouer sa partition pour la s\u00e9curisation des ces r\u00e9formes qui offrent au pays une base institutionnelle solide pour amorcer un d\u00e9veloppement durable.<\/p>\n<p>Apr\u00e8s le pr\u00e9sident du parti union progressiste le renouveau , Distel Amoussou va \u00e9changer les jours \u00e0 venir avec d\u2019autres acteurs de la vie politique du B\u00e9nin. Une tourn\u00e9e qui en r\u00e9alit\u00e9 constitue une prise de contact avec les a\u00een\u00e9s qui ont capitalis\u00e9 plusieurs ann\u00e9es d\u2019exp\u00e9riences politiques.<\/p>\n<p><strong>Pour plus d&rsquo;informations et d&rsquo;analyses sur la <a href=\"https:\/\/www.africa-press.net\/benin\">Benin<\/a>, suivez <a href=\"https:\/\/www.africa-press.net\/\">Africa-Press<\/a><\/strong><\/p>\n","protected":false},"excerpt":{"rendered":"<p>Africa-Press &#8211; Benin. Apr\u00e8s ses \u00e9changes avec le chef de fil de l\u2019opposition et le secr\u00e9taire ex\u00e9cutif national du parti Bloc R\u00e9publicain, le journaliste Distel Amoussou qui a saut\u00e9 les deux pieds joints dans la politique, a \u00e9t\u00e9 re\u00e7u le mercredi 24 Ao\u00fbt 2022 par le professeur Joseph Djogb\u00e9nou, pr\u00e9sident du parti union progressiste le [&hellip;]<\/p>\n","protected":false},"author":82,"featured_media":8230,"comment_status":"open","ping_status":"closed","sticky":false,"template":"","format":"standard","meta":{"footnotes":""},"categories":[11,2,10],"tags":[36,50,45],"class_list":["post-8231","post","type-post","status-publish","format-standard","has-post-thumbnail","hentry","category-homepage-french","category-politique","category-toutes-les-actualites","tag-africa-press","tag-africa-press-benin","tag-benin"],"yoast_head":"<!-- This site is optimized with the Yoast SEO Premium plugin v26.1 (Yoast SEO v27.0) - https:\/\/yoast.com\/product\/yoast-seo-premium-wordpress\/ -->\n<title>B\u00e9nin: la p\u00e9rennisation des r\u00e9formes au c\u0153ur des \u00e9changes entre Djogb\u00e9nou et Distel Amoussou - B\u00e9nin<\/title>\n<meta name=\"description\" content=\"Apr\u00e8s ses \u00e9changes avec le chef de fil de l\u2019opposition et le secr\u00e9taire ex\u00e9cutif national du parti Bloc R\u00e9publicain, le ...\" \/>\n<meta name=\"robots\" content=\"index, follow, max-snippet:-1, max-image-preview:large, max-video-preview:-1\" \/>\n<link rel=\"canonical\" href=\"https:\/\/www.africa-press.net\/benin\/politique\/benin-la-perennisation-des-reformes-au-coeur-des-echanges-entre-djogbenou-et-distel-amoussou\" \/>\n<meta property=\"og:locale\" content=\"fr_FR\" \/>\n<meta property=\"og:type\" content=\"article\" \/>\n<meta property=\"og:title\" content=\"B\u00e9nin: la p\u00e9rennisation des r\u00e9formes au c\u0153ur des \u00e9changes entre Djogb\u00e9nou et Distel Amoussou\" \/>\n<meta property=\"og:description\" content=\"Apr\u00e8s ses \u00e9changes avec le chef de fil de l\u2019opposition et le secr\u00e9taire ex\u00e9cutif national du parti Bloc R\u00e9publicain, le ...\" \/>\n<meta property=\"og:url\" content=\"https:\/\/www.africa-press.net\/benin\/politique\/benin-la-perennisation-des-reformes-au-coeur-des-echanges-entre-djogbenou-et-distel-amoussou\" \/>\n<meta property=\"og:site_name\" content=\"B\u00e9nin\" \/>\n<meta property=\"article:published_time\" content=\"2022-08-25T18:50:41+00:00\" \/>\n<meta property=\"article:modified_time\" content=\"2022-08-25T19:17:35+00:00\" \/>\n<meta property=\"og:image\" content=\"https:\/\/static.africa-press.net\/benin\/sites\/46\/2022\/08\/postQueueImg_28-6307cab9c7998.jpg\" \/>\n\t<meta property=\"og:image:width\" content=\"1200\" \/>\n\t<meta property=\"og:image:height\" content=\"949\" \/>\n\t<meta property=\"og:image:type\" content=\"image\/jpeg\" \/>\n<meta name=\"author\" content=\"cfeditorfr\" \/>\n<meta name=\"twitter:card\" content=\"summary_large_image\" \/>\n<meta name=\"twitter:label1\" content=\"\u00c9crit par\" \/>\n\t<meta name=\"twitter:data1\" content=\"cfeditorfr\" \/>\n\t<meta name=\"twitter:label2\" content=\"Dur\u00e9e de lecture estim\u00e9e\" \/>\n\t<meta name=\"twitter:data2\" content=\"2 minutes\" \/>\n<script type=\"application\/ld+json\" class=\"yoast-schema-graph\">{\"@context\":\"https:\/\/schema.org\",\"@graph\":[{\"@type\":\"Article\",\"@id\":\"https:\/\/www.africa-press.net\/benin\/politique\/benin-la-perennisation-des-reformes-au-coeur-des-echanges-entre-djogbenou-et-distel-amoussou#article\",\"isPartOf\":{\"@id\":\"https:\/\/www.africa-press.net\/benin\/politique\/benin-la-perennisation-des-reformes-au-coeur-des-echanges-entre-djogbenou-et-distel-amoussou\"},\"author\":{\"name\":\"cfeditorfr\",\"@id\":\"https:\/\/www.africa-press.net\/benin\/#\/schema\/person\/2b1cf3cd81a31e3cd26889ca66d677f1\"},\"headline\":\"B\u00e9nin: la p\u00e9rennisation des r\u00e9formes au c\u0153ur des \u00e9changes entre Djogb\u00e9nou et Distel Amoussou\",\"datePublished\":\"2022-08-25T18:50:41+00:00\",\"dateModified\":\"2022-08-25T19:17:35+00:00\",\"mainEntityOfPage\":{\"@id\":\"https:\/\/www.africa-press.net\/benin\/politique\/benin-la-perennisation-des-reformes-au-coeur-des-echanges-entre-djogbenou-et-distel-amoussou\"},\"wordCount\":409,\"commentCount\":0,\"image\":{\"@id\":\"https:\/\/www.africa-press.net\/benin\/politique\/benin-la-perennisation-des-reformes-au-coeur-des-echanges-entre-djogbenou-et-distel-amoussou#primaryimage\"},\"thumbnailUrl\":\"https:\/\/static.africa-press.net\/benin\/sites\/46\/2022\/08\/postQueueImg_28-6307cab9c7998.jpg\",\"keywords\":[\"Africa Press\",\"Africa Press-Benin\",\"B\u00e9nin\"],\"articleSection\":[\"homepage-french\",\"Politique\",\"Toutes les actualit\u00e9s\"],\"inLanguage\":\"fr-FR\",\"potentialAction\":[{\"@type\":\"CommentAction\",\"name\":\"Comment\",\"target\":[\"https:\/\/www.africa-press.net\/benin\/politique\/benin-la-perennisation-des-reformes-au-coeur-des-echanges-entre-djogbenou-et-distel-amoussou#respond\"]}]},{\"@type\":\"WebPage\",\"@id\":\"https:\/\/www.africa-press.net\/benin\/politique\/benin-la-perennisation-des-reformes-au-coeur-des-echanges-entre-djogbenou-et-distel-amoussou\",\"url\":\"https:\/\/www.africa-press.net\/benin\/politique\/benin-la-perennisation-des-reformes-au-coeur-des-echanges-entre-djogbenou-et-distel-amoussou\",\"name\":\"B\u00e9nin: la p\u00e9rennisation des r\u00e9formes au c\u0153ur des \u00e9changes entre Djogb\u00e9nou et Distel Amoussou - B\u00e9nin\",\"isPartOf\":{\"@id\":\"https:\/\/www.africa-press.net\/benin\/#website\"},\"primaryImageOfPage\":{\"@id\":\"https:\/\/www.africa-press.net\/benin\/politique\/benin-la-perennisation-des-reformes-au-coeur-des-echanges-entre-djogbenou-et-distel-amoussou#primaryimage\"},\"image\":{\"@id\":\"https:\/\/www.africa-press.net\/benin\/politique\/benin-la-perennisation-des-reformes-au-coeur-des-echanges-entre-djogbenou-et-distel-amoussou#primaryimage\"},\"thumbnailUrl\":\"https:\/\/static.africa-press.net\/benin\/sites\/46\/2022\/08\/postQueueImg_28-6307cab9c7998.jpg\",\"datePublished\":\"2022-08-25T18:50:41+00:00\",\"dateModified\":\"2022-08-25T19:17:35+00:00\",\"author\":{\"@id\":\"https:\/\/www.africa-press.net\/benin\/#\/schema\/person\/2b1cf3cd81a31e3cd26889ca66d677f1\"},\"description\":\"Apr\u00e8s ses \u00e9changes avec le chef de fil de l\u2019opposition et le secr\u00e9taire ex\u00e9cutif national du parti Bloc R\u00e9publicain, le ...\",\"breadcrumb\":{\"@id\":\"https:\/\/www.africa-press.net\/benin\/politique\/benin-la-perennisation-des-reformes-au-coeur-des-echanges-entre-djogbenou-et-distel-amoussou#breadcrumb\"},\"inLanguage\":\"fr-FR\",\"potentialAction\":[{\"@type\":\"ReadAction\",\"target\":[\"https:\/\/www.africa-press.net\/benin\/politique\/benin-la-perennisation-des-reformes-au-coeur-des-echanges-entre-djogbenou-et-distel-amoussou\"]}]},{\"@type\":\"ImageObject\",\"inLanguage\":\"fr-FR\",\"@id\":\"https:\/\/www.africa-press.net\/benin\/politique\/benin-la-perennisation-des-reformes-au-coeur-des-echanges-entre-djogbenou-et-distel-amoussou#primaryimage\",\"url\":\"https:\/\/static.africa-press.net\/benin\/sites\/46\/2022\/08\/postQueueImg_28-6307cab9c7998.jpg\",\"contentUrl\":\"https:\/\/static.africa-press.net\/benin\/sites\/46\/2022\/08\/postQueueImg_28-6307cab9c7998.jpg\",\"width\":1200,\"height\":949,\"caption\":\"B\u00e9nin: la p\u00e9rennisation des r\u00e9formes au c\u0153ur des \u00e9changes entre Djogb\u00e9nou et Distel Amoussou\"},{\"@type\":\"BreadcrumbList\",\"@id\":\"https:\/\/www.africa-press.net\/benin\/politique\/benin-la-perennisation-des-reformes-au-coeur-des-echanges-entre-djogbenou-et-distel-amoussou#breadcrumb\",\"itemListElement\":[{\"@type\":\"ListItem\",\"position\":1,\"name\":\"Accueil\",\"item\":\"https:\/\/www.africa-press.net\/benin\/\"},{\"@type\":\"ListItem\",\"position\":2,\"name\":\"B\u00e9nin: la p\u00e9rennisation des r\u00e9formes au c\u0153ur des \u00e9changes entre Djogb\u00e9nou et Distel Amoussou\"}]},{\"@type\":\"WebSite\",\"@id\":\"https:\/\/www.africa-press.net\/benin\/#website\",\"url\":\"https:\/\/www.africa-press.net\/benin\/\",\"name\":\"B\u00e9nin\",\"description\":\"Just another Africa News Agency Sites site\",\"potentialAction\":[{\"@type\":\"SearchAction\",\"target\":{\"@type\":\"EntryPoint\",\"urlTemplate\":\"https:\/\/www.africa-press.net\/benin\/?s={search_term_string}\"},\"query-input\":{\"@type\":\"PropertyValueSpecification\",\"valueRequired\":true,\"valueName\":\"search_term_string\"}}],\"inLanguage\":\"fr-FR\"},{\"@type\":\"Person\",\"@id\":\"https:\/\/www.africa-press.net\/benin\/#\/schema\/person\/2b1cf3cd81a31e3cd26889ca66d677f1\",\"name\":\"cfeditorfr\"}]}<\/script>\n<!-- \/ Yoast SEO Premium plugin. -->","yoast_head_json":{"title":"B\u00e9nin: la p\u00e9rennisation des r\u00e9formes au c\u0153ur des \u00e9changes entre Djogb\u00e9nou et Distel Amoussou - B\u00e9nin","description":"Apr\u00e8s ses \u00e9changes avec le chef de fil de l\u2019opposition et le secr\u00e9taire ex\u00e9cutif national du parti Bloc R\u00e9publicain, le ...","robots":{"index":"index","follow":"follow","max-snippet":"max-snippet:-1","max-image-preview":"max-image-preview:large","max-video-preview":"max-video-preview:-1"},"canonical":"https:\/\/www.africa-press.net\/benin\/politique\/benin-la-perennisation-des-reformes-au-coeur-des-echanges-entre-djogbenou-et-distel-amoussou","og_locale":"fr_FR","og_type":"article","og_title":"B\u00e9nin: la p\u00e9rennisation des r\u00e9formes au c\u0153ur des \u00e9changes entre Djogb\u00e9nou et Distel Amoussou","og_description":"Apr\u00e8s ses \u00e9changes avec le chef de fil de l\u2019opposition et le secr\u00e9taire ex\u00e9cutif national du parti Bloc R\u00e9publicain, le ...","og_url":"https:\/\/www.africa-press.net\/benin\/politique\/benin-la-perennisation-des-reformes-au-coeur-des-echanges-entre-djogbenou-et-distel-amoussou","og_site_name":"B\u00e9nin","article_published_time":"2022-08-25T18:50:41+00:00","article_modified_time":"2022-08-25T19:17:35+00:00","og_image":[{"width":1200,"height":949,"url":"https:\/\/static.africa-press.net\/benin\/sites\/46\/2022\/08\/postQueueImg_28-6307cab9c7998.jpg","type":"image\/jpeg"}],"author":"cfeditorfr","twitter_card":"summary_large_image","twitter_misc":{"\u00c9crit par":"cfeditorfr","Dur\u00e9e de lecture estim\u00e9e":"2 minutes"},"schema":{"@context":"https:\/\/schema.org","@graph":[{"@type":"Article","@id":"https:\/\/www.africa-press.net\/benin\/politique\/benin-la-perennisation-des-reformes-au-coeur-des-echanges-entre-djogbenou-et-distel-amoussou#article","isPartOf":{"@id":"https:\/\/www.africa-press.net\/benin\/politique\/benin-la-perennisation-des-reformes-au-coeur-des-echanges-entre-djogbenou-et-distel-amoussou"},"author":{"name":"cfeditorfr","@id":"https:\/\/www.africa-press.net\/benin\/#\/schema\/person\/2b1cf3cd81a31e3cd26889ca66d677f1"},"headline":"B\u00e9nin: la p\u00e9rennisation des r\u00e9formes au c\u0153ur des \u00e9changes entre Djogb\u00e9nou et Distel Amoussou","datePublished":"2022-08-25T18:50:41+00:00","dateModified":"2022-08-25T19:17:35+00:00","mainEntityOfPage":{"@id":"https:\/\/www.africa-press.net\/benin\/politique\/benin-la-perennisation-des-reformes-au-coeur-des-echanges-entre-djogbenou-et-distel-amoussou"},"wordCount":409,"commentCount":0,"image":{"@id":"https:\/\/www.africa-press.net\/benin\/politique\/benin-la-perennisation-des-reformes-au-coeur-des-echanges-entre-djogbenou-et-distel-amoussou#primaryimage"},"thumbnailUrl":"https:\/\/static.africa-press.net\/benin\/sites\/46\/2022\/08\/postQueueImg_28-6307cab9c7998.jpg","keywords":["Africa Press","Africa Press-Benin","B\u00e9nin"],"articleSection":["homepage-french","Politique","Toutes les actualit\u00e9s"],"inLanguage":"fr-FR","potentialAction":[{"@type":"CommentAction","name":"Comment","target":["https:\/\/www.africa-press.net\/benin\/politique\/benin-la-perennisation-des-reformes-au-coeur-des-echanges-entre-djogbenou-et-distel-amoussou#respond"]}]},{"@type":"WebPage","@id":"https:\/\/www.africa-press.net\/benin\/politique\/benin-la-perennisation-des-reformes-au-coeur-des-echanges-entre-djogbenou-et-distel-amoussou","url":"https:\/\/www.africa-press.net\/benin\/politique\/benin-la-perennisation-des-reformes-au-coeur-des-echanges-entre-djogbenou-et-distel-amoussou","name":"B\u00e9nin: la p\u00e9rennisation des r\u00e9formes au c\u0153ur des \u00e9changes entre Djogb\u00e9nou et Distel Amoussou - B\u00e9nin","isPartOf":{"@id":"https:\/\/www.africa-press.net\/benin\/#website"},"primaryImageOfPage":{"@id":"https:\/\/www.africa-press.net\/benin\/politique\/benin-la-perennisation-des-reformes-au-coeur-des-echanges-entre-djogbenou-et-distel-amoussou#primaryimage"},"image":{"@id":"https:\/\/www.africa-press.net\/benin\/politique\/benin-la-perennisation-des-reformes-au-coeur-des-echanges-entre-djogbenou-et-distel-amoussou#primaryimage"},"thumbnailUrl":"https:\/\/static.africa-press.net\/benin\/sites\/46\/2022\/08\/postQueueImg_28-6307cab9c7998.jpg","datePublished":"2022-08-25T18:50:41+00:00","dateModified":"2022-08-25T19:17:35+00:00","author":{"@id":"https:\/\/www.africa-press.net\/benin\/#\/schema\/person\/2b1cf3cd81a31e3cd26889ca66d677f1"},"description":"Apr\u00e8s ses \u00e9changes avec le chef de fil de l\u2019opposition et le secr\u00e9taire ex\u00e9cutif national du parti Bloc R\u00e9publicain, le ...","breadcrumb":{"@id":"https:\/\/www.africa-press.net\/benin\/politique\/benin-la-perennisation-des-reformes-au-coeur-des-echanges-entre-djogbenou-et-distel-amoussou#breadcrumb"},"inLanguage":"fr-FR","potentialAction":[{"@type":"ReadAction","target":["https:\/\/www.africa-press.net\/benin\/politique\/benin-la-perennisation-des-reformes-au-coeur-des-echanges-entre-djogbenou-et-distel-amoussou"]}]},{"@type":"ImageObject","inLanguage":"fr-FR","@id":"https:\/\/www.africa-press.net\/benin\/politique\/benin-la-perennisation-des-reformes-au-coeur-des-echanges-entre-djogbenou-et-distel-amoussou#primaryimage","url":"https:\/\/static.africa-press.net\/benin\/sites\/46\/2022\/08\/postQueueImg_28-6307cab9c7998.jpg","contentUrl":"https:\/\/static.africa-press.net\/benin\/sites\/46\/2022\/08\/postQueueImg_28-6307cab9c7998.jpg","width":1200,"height":949,"caption":"B\u00e9nin: la p\u00e9rennisation des r\u00e9formes au c\u0153ur des \u00e9changes entre Djogb\u00e9nou et Distel Amoussou"},{"@type":"BreadcrumbList","@id":"https:\/\/www.africa-press.net\/benin\/politique\/benin-la-perennisation-des-reformes-au-coeur-des-echanges-entre-djogbenou-et-distel-amoussou#breadcrumb","itemListElement":[{"@type":"ListItem","position":1,"name":"Accueil","item":"https:\/\/www.africa-press.net\/benin\/"},{"@type":"ListItem","position":2,"name":"B\u00e9nin: la p\u00e9rennisation des r\u00e9formes au c\u0153ur des \u00e9changes entre Djogb\u00e9nou et Distel Amoussou"}]},{"@type":"WebSite","@id":"https:\/\/www.africa-press.net\/benin\/#website","url":"https:\/\/www.africa-press.net\/benin\/","name":"B\u00e9nin","description":"Just another Africa News Agency Sites site","potentialAction":[{"@type":"SearchAction","target":{"@type":"EntryPoint","urlTemplate":"https:\/\/www.africa-press.net\/benin\/?s={search_term_string}"},"query-input":{"@type":"PropertyValueSpecification","valueRequired":true,"valueName":"search_term_string"}}],"inLanguage":"fr-FR"},{"@type":"Person","@id":"https:\/\/www.africa-press.net\/benin\/#\/schema\/person\/2b1cf3cd81a31e3cd26889ca66d677f1","name":"cfeditorfr"}]}},"_links":{"self":[{"href":"https:\/\/www.africa-press.net\/benin\/wp-json\/wp\/v2\/posts\/8231","targetHints":{"allow":["GET"]}}],"collection":[{"href":"https:\/\/www.africa-press.net\/benin\/wp-json\/wp\/v2\/posts"}],"about":[{"href":"https:\/\/www.africa-press.net\/benin\/wp-json\/wp\/v2\/types\/post"}],"author":[{"embeddable":true,"href":"https:\/\/www.africa-press.net\/benin\/wp-json\/wp\/v2\/users\/82"}],"replies":[{"embeddable":true,"href":"https:\/\/www.africa-press.net\/benin\/wp-json\/wp\/v2\/comments?post=8231"}],"version-history":[{"count":0,"href":"https:\/\/www.africa-press.net\/benin\/wp-json\/wp\/v2\/posts\/8231\/revisions"}],"wp:featuredmedia":[{"embeddable":true,"href":"https:\/\/www.africa-press.net\/benin\/wp-json\/wp\/v2\/media\/8230"}],"wp:attachment":[{"href":"https:\/\/www.africa-press.net\/benin\/wp-json\/wp\/v2\/media?parent=8231"}],"wp:term":[{"taxonomy":"category","embeddable":true,"href":"https:\/\/www.africa-press.net\/benin\/wp-json\/wp\/v2\/categories?post=8231"},{"taxonomy":"post_tag","embeddable":true,"href":"https:\/\/www.africa-press.net\/benin\/wp-json\/wp\/v2\/tags?post=8231"}],"curies":[{"name":"wp","href":"https:\/\/api.w.org\/{rel}","templated":true}]}}