{"id":8234,"date":"2022-08-25T18:50:48","date_gmt":"2022-08-25T18:50:48","guid":{"rendered":"https:\/\/www.africa-press.net\/benin\/politique\/benin-la-fcbe-persona-non-grata-au-sein-de-lopposition"},"modified":"2022-08-25T19:18:05","modified_gmt":"2022-08-25T19:18:05","slug":"benin-la-fcbe-persona-non-grata-au-sein-de-lopposition","status":"publish","type":"post","link":"https:\/\/www.africa-press.net\/benin\/politique\/benin-la-fcbe-persona-non-grata-au-sein-de-lopposition","title":{"rendered":"B\u00e9nin: la FCBE, persona non grata au sein de l\u2019opposition ?"},"content":{"rendered":"<p><span style=\"color: #ff6600\"><strong>Africa-Press &#8211; Benin. <\/strong><\/span>Le calme apparent qui r\u00e9gnait au sein de l\u2019opposition n\u2019\u00e9tait visiblement que l\u2019arbre qui cachait la for\u00eat. Depuis quelques jours, les langues se sont d\u00e9li\u00e9es et on sait d\u00e9sormais \u00e0 quoi ressemble le rapport entre les partis se r\u00e9clamant de l\u2019opposition. A la lumi\u00e8re des derniers d\u00e9veloppements de l\u2019actualit\u00e9, il appara\u00eet clairement que la Force Cauris pour un B\u00e9nin \u00c9mergent (FCBE) n\u2019est pas la bienvenue aux c\u00f4t\u00e9s des autres formations politiques.<\/p>\n<p>Le poste de chef de file de l\u2019opposition accord\u00e9 \u00e0 la FCBE conform\u00e9ment au statut de l\u2019opposition, n\u2019a visiblement pas suffi pour qu\u2019elle s\u2019impose au sein de l\u2019opposition. Paul Hounkp\u00e8 n\u2019est pas arriv\u00e9 \u00e0 f\u00e9d\u00e9rer les forces autour de lui. Les rencontres tenues avec les responsables des partis d\u2019opposition se sont r\u00e9v\u00e9l\u00e9es, jusque-l\u00e0, infructueuses.<\/p>\n<p>L\u2019ancien ministre de Boni Yayi et ses acolytes sont accus\u00e9s de sabotage et de trouble-f\u00eate, ayant emp\u00each\u00e9 une premi\u00e8re tentative de mise en place d\u2019un cadre de concertation entre opposants. D\u00e9sormais, la FCBE est isol\u00e9e et \u00e9cart\u00e9e des initiatives de coh\u00e9sion entre partis de l\u2019opposition. Selon Exp\u00e9rience T\u00e8b\u00e8, pr\u00e9sident du Mouvement Populaire de Lib\u00e9ration (MPL), certains partis n\u2019\u00e9taient plus d\u2019accord \u00e0 voir la FCBE autour de la table de discussions.<\/p>\n<p>Une crise de confiance sans surprise<\/p>\n<p>Le difficile rapport qu\u2019entretient la FCBE de Paul Hounkp\u00e8 avec les autres formations politiques de l\u2019opposition ne devrait \u00e9tonner personne. Le processus d\u2019obtention du r\u00e9c\u00e9piss\u00e9 d\u2019enregistrement de la FCBE, sa pr\u00e9sence au fameux dialogue politique d\u2019octobre 2019 et sa participation aux communales de 2020, avaient d\u00e9j\u00e0 pos\u00e9 les jalons de cette m\u00e9fiance nourrie envers les cauris.<\/p>\n<p>La participation du parti \u00e0 l\u2019\u00e9lection pr\u00e9sidentielle d\u2019avril 2021 a accentu\u00e9 cette m\u00e9fiance des opposants qui accusaient d\u00e9j\u00e0 Paul Hounkp\u00e8 et Cie de taupes. La FCBE et son chef ont \u00e9t\u00e9 toujours cibl\u00e9s par des critiques acerbes de l\u2019opposition \u00ab radicale \u00bb qui qualifie leur attitude avec le pouvoir, de \u00ab complaisance \u00bb et m\u00eame de \u00ab complicit\u00e9 \u00bb.<\/p>\n<p>Le chef de file de l\u2019opposition se retrouvent au sein de l\u2019opposition avec d\u2019anciens camarades, dont il s\u2019\u00e9tait s\u00e9par\u00e9 pendant la crise qui avait secou\u00e9 la FCBE originale. Ces anciens camarades ont d\u00e9cid\u00e9 de rester autour de Boni Yayi, ancien pr\u00e9sident d\u2019honneur de la FCBE, pour cr\u00e9er le parti \u00ab Les D\u00e9mocrates \u00bb. Aujourd\u2019hui, ces deux partis sont dans un duel presque visible dans l\u2019opposition.<\/p>\n<p><b>Un chef de file de l\u2019opposition contest\u00e9 <\/b><\/p>\n<p>M\u00eame s\u2019il remplit les conditions indiqu\u00e9es par la loi portant statut de l\u2019opposition, la d\u00e9signation de Paul Hounkp\u00e8 comme chef de file de l\u2019opposition n\u2019avait pas \u00e9t\u00e9 bien accueillie par ses pairs. Chez \u00ab Les D\u00e9mocrates \u00bb, cette d\u00e9signation avait \u00e9t\u00e9 consid\u00e9r\u00e9e comme un non-\u00e9v\u00e9nement.<\/p>\n<p>Selon Eug\u00e8ne Azatassou, membre fondateur du parti \u00ab les D\u00e9mocrates \u00bb, le pr\u00e9sident Patrice Talon avait <b>\u00ab cr\u00e9\u00e9 sa propre opposition pour l\u2019accompagner \u00e0 la pr\u00e9sidentielle de 2021 et c\u2019est dans cette m\u00eame logique que Paul Hounkp\u00e8 a \u00e9t\u00e9 d\u00e9sign\u00e9 \u00bb<\/b>.<\/p>\n<p>Exp\u00e9rience T\u00e8b\u00e8, pr\u00e9sident du MPL, avait, quant \u00e0 lui, soulev\u00e9 un probl\u00e8me de l\u00e9gitimit\u00e9. <b>\u00ab M\u00eame si Paul Hounkp\u00e8 b\u00e9n\u00e9ficie d\u2019une certaine l\u00e9galit\u00e9, nous savons tous que la l\u00e9gitimit\u00e9 n\u2019y est pas. Qu\u2019est-ce qui lui a permis d\u2019\u00eatre nomm\u00e9 chef de file de l\u2019opposition ? Est-ce que l\u2019opposition a r\u00e9ellement \u00e9t\u00e9 aux derni\u00e8res \u00e9lections ? C\u2019est des r\u00e9ponses que nous connaissons, mais pour nous, il est inutile de nous attarder sur ces questions parce qu\u2019elles ne nous apporteront rien \u00bb<\/b>, avait-il d\u00e9clar\u00e9.<\/p>\n<p><b>L\u2019opposition s\u2019organise sans la FCBE <\/b><\/p>\n<p>Face \u00e0 la machine de la mouvance qui s\u2019active, l\u2019opposition ne croise pas les bras. Les partis s\u2019organisent pour la cr\u00e9ation d\u2019un creuset formel de discussions pouvant aboutir \u00e0 une strat\u00e9gie commune. L\u2019objectif n\u2019est pas d\u2019aller \u00e0 une fusion, encore moins de retenir une liste unique, mais trouver les moyens pour remporter les l\u00e9gislatives du 08 janvier 2023.<\/p>\n<p>Cette initiative, actuellement en cours, se fait sans la Force Cauris pour un B\u00e9nin \u00c9mergent (FCBE). Mais le parti ne compte pas rester dans son coin. Il a \u00e9galement entrepris des \u00e9changes avec d\u2019autres partis dans le cadre des prochaines \u00e9lections.<\/p>\n<p><strong>Pour plus d&rsquo;informations et d&rsquo;analyses sur la <a href=\"https:\/\/www.africa-press.net\/benin\">Benin<\/a>, suivez <a href=\"https:\/\/www.africa-press.net\/\">Africa-Press<\/a><\/strong><\/p>\n","protected":false},"excerpt":{"rendered":"<p>Africa-Press &#8211; Benin. Le calme apparent qui r\u00e9gnait au sein de l\u2019opposition n\u2019\u00e9tait visiblement que l\u2019arbre qui cachait la for\u00eat. Depuis quelques jours, les langues se sont d\u00e9li\u00e9es et on sait d\u00e9sormais \u00e0 quoi ressemble le rapport entre les partis se r\u00e9clamant de l\u2019opposition. A la lumi\u00e8re des derniers d\u00e9veloppements de l\u2019actualit\u00e9, il appara\u00eet clairement [&hellip;]<\/p>\n","protected":false},"author":82,"featured_media":8233,"comment_status":"open","ping_status":"closed","sticky":false,"template":"","format":"standard","meta":{"footnotes":""},"categories":[11,2,10],"tags":[36,50,45],"class_list":["post-8234","post","type-post","status-publish","format-standard","has-post-thumbnail","hentry","category-homepage-french","category-politique","category-toutes-les-actualites","tag-africa-press","tag-africa-press-benin","tag-benin"],"yoast_head":"<!-- This site is optimized with the Yoast SEO Premium plugin v26.1 (Yoast SEO v27.0) - https:\/\/yoast.com\/product\/yoast-seo-premium-wordpress\/ -->\n<title>B\u00e9nin: la FCBE, persona non grata au sein de l\u2019opposition ? - B\u00e9nin<\/title>\n<meta name=\"description\" content=\"Le calme apparent qui r\u00e9gnait au sein de l\u2019opposition n\u2019\u00e9tait visiblement que l\u2019arbre qui cachait la for\u00eat. Depuis quelq ...\" \/>\n<meta name=\"robots\" content=\"index, follow, max-snippet:-1, max-image-preview:large, max-video-preview:-1\" \/>\n<link rel=\"canonical\" href=\"https:\/\/www.africa-press.net\/benin\/politique\/benin-la-fcbe-persona-non-grata-au-sein-de-lopposition\" \/>\n<meta property=\"og:locale\" content=\"fr_FR\" \/>\n<meta property=\"og:type\" content=\"article\" \/>\n<meta property=\"og:title\" content=\"B\u00e9nin: la FCBE, persona non grata au sein de l\u2019opposition ?\" \/>\n<meta property=\"og:description\" content=\"Le calme apparent qui r\u00e9gnait au sein de l\u2019opposition n\u2019\u00e9tait visiblement que l\u2019arbre qui cachait la for\u00eat. Depuis quelq ...\" \/>\n<meta property=\"og:url\" content=\"https:\/\/www.africa-press.net\/benin\/politique\/benin-la-fcbe-persona-non-grata-au-sein-de-lopposition\" \/>\n<meta property=\"og:site_name\" content=\"B\u00e9nin\" \/>\n<meta property=\"article:published_time\" content=\"2022-08-25T18:50:48+00:00\" \/>\n<meta property=\"article:modified_time\" content=\"2022-08-25T19:18:05+00:00\" \/>\n<meta property=\"og:image\" content=\"https:\/\/static.africa-press.net\/benin\/sites\/46\/2022\/08\/postQueueImg_29-6307cad541edf.jpg\" \/>\n\t<meta property=\"og:image:width\" content=\"1200\" \/>\n\t<meta property=\"og:image:height\" content=\"675\" \/>\n\t<meta property=\"og:image:type\" content=\"image\/jpeg\" \/>\n<meta name=\"author\" content=\"cfeditorfr\" \/>\n<meta name=\"twitter:card\" content=\"summary_large_image\" \/>\n<meta name=\"twitter:label1\" content=\"\u00c9crit par\" \/>\n\t<meta name=\"twitter:data1\" content=\"cfeditorfr\" \/>\n\t<meta name=\"twitter:label2\" content=\"Dur\u00e9e de lecture estim\u00e9e\" \/>\n\t<meta name=\"twitter:data2\" content=\"4 minutes\" \/>\n<script type=\"application\/ld+json\" class=\"yoast-schema-graph\">{\"@context\":\"https:\/\/schema.org\",\"@graph\":[{\"@type\":\"Article\",\"@id\":\"https:\/\/www.africa-press.net\/benin\/politique\/benin-la-fcbe-persona-non-grata-au-sein-de-lopposition#article\",\"isPartOf\":{\"@id\":\"https:\/\/www.africa-press.net\/benin\/politique\/benin-la-fcbe-persona-non-grata-au-sein-de-lopposition\"},\"author\":{\"name\":\"cfeditorfr\",\"@id\":\"https:\/\/www.africa-press.net\/benin\/#\/schema\/person\/2b1cf3cd81a31e3cd26889ca66d677f1\"},\"headline\":\"B\u00e9nin: la FCBE, persona non grata au sein de l\u2019opposition ?\",\"datePublished\":\"2022-08-25T18:50:48+00:00\",\"dateModified\":\"2022-08-25T19:18:05+00:00\",\"mainEntityOfPage\":{\"@id\":\"https:\/\/www.africa-press.net\/benin\/politique\/benin-la-fcbe-persona-non-grata-au-sein-de-lopposition\"},\"wordCount\":790,\"commentCount\":0,\"image\":{\"@id\":\"https:\/\/www.africa-press.net\/benin\/politique\/benin-la-fcbe-persona-non-grata-au-sein-de-lopposition#primaryimage\"},\"thumbnailUrl\":\"https:\/\/static.africa-press.net\/benin\/sites\/46\/2022\/08\/postQueueImg_29-6307cad541edf.jpg\",\"keywords\":[\"Africa Press\",\"Africa Press-Benin\",\"B\u00e9nin\"],\"articleSection\":[\"homepage-french\",\"Politique\",\"Toutes les actualit\u00e9s\"],\"inLanguage\":\"fr-FR\",\"potentialAction\":[{\"@type\":\"CommentAction\",\"name\":\"Comment\",\"target\":[\"https:\/\/www.africa-press.net\/benin\/politique\/benin-la-fcbe-persona-non-grata-au-sein-de-lopposition#respond\"]}]},{\"@type\":\"WebPage\",\"@id\":\"https:\/\/www.africa-press.net\/benin\/politique\/benin-la-fcbe-persona-non-grata-au-sein-de-lopposition\",\"url\":\"https:\/\/www.africa-press.net\/benin\/politique\/benin-la-fcbe-persona-non-grata-au-sein-de-lopposition\",\"name\":\"B\u00e9nin: la FCBE, persona non grata au sein de l\u2019opposition ? - B\u00e9nin\",\"isPartOf\":{\"@id\":\"https:\/\/www.africa-press.net\/benin\/#website\"},\"primaryImageOfPage\":{\"@id\":\"https:\/\/www.africa-press.net\/benin\/politique\/benin-la-fcbe-persona-non-grata-au-sein-de-lopposition#primaryimage\"},\"image\":{\"@id\":\"https:\/\/www.africa-press.net\/benin\/politique\/benin-la-fcbe-persona-non-grata-au-sein-de-lopposition#primaryimage\"},\"thumbnailUrl\":\"https:\/\/static.africa-press.net\/benin\/sites\/46\/2022\/08\/postQueueImg_29-6307cad541edf.jpg\",\"datePublished\":\"2022-08-25T18:50:48+00:00\",\"dateModified\":\"2022-08-25T19:18:05+00:00\",\"author\":{\"@id\":\"https:\/\/www.africa-press.net\/benin\/#\/schema\/person\/2b1cf3cd81a31e3cd26889ca66d677f1\"},\"description\":\"Le calme apparent qui r\u00e9gnait au sein de l\u2019opposition n\u2019\u00e9tait visiblement que l\u2019arbre qui cachait la for\u00eat. Depuis quelq ...\",\"breadcrumb\":{\"@id\":\"https:\/\/www.africa-press.net\/benin\/politique\/benin-la-fcbe-persona-non-grata-au-sein-de-lopposition#breadcrumb\"},\"inLanguage\":\"fr-FR\",\"potentialAction\":[{\"@type\":\"ReadAction\",\"target\":[\"https:\/\/www.africa-press.net\/benin\/politique\/benin-la-fcbe-persona-non-grata-au-sein-de-lopposition\"]}]},{\"@type\":\"ImageObject\",\"inLanguage\":\"fr-FR\",\"@id\":\"https:\/\/www.africa-press.net\/benin\/politique\/benin-la-fcbe-persona-non-grata-au-sein-de-lopposition#primaryimage\",\"url\":\"https:\/\/static.africa-press.net\/benin\/sites\/46\/2022\/08\/postQueueImg_29-6307cad541edf.jpg\",\"contentUrl\":\"https:\/\/static.africa-press.net\/benin\/sites\/46\/2022\/08\/postQueueImg_29-6307cad541edf.jpg\",\"width\":1200,\"height\":675,\"caption\":\"B\u00e9nin: la FCBE, persona non grata au sein de l\u2019opposition ?\"},{\"@type\":\"BreadcrumbList\",\"@id\":\"https:\/\/www.africa-press.net\/benin\/politique\/benin-la-fcbe-persona-non-grata-au-sein-de-lopposition#breadcrumb\",\"itemListElement\":[{\"@type\":\"ListItem\",\"position\":1,\"name\":\"Accueil\",\"item\":\"https:\/\/www.africa-press.net\/benin\/\"},{\"@type\":\"ListItem\",\"position\":2,\"name\":\"B\u00e9nin: la FCBE, persona non grata au sein de l\u2019opposition ?\"}]},{\"@type\":\"WebSite\",\"@id\":\"https:\/\/www.africa-press.net\/benin\/#website\",\"url\":\"https:\/\/www.africa-press.net\/benin\/\",\"name\":\"B\u00e9nin\",\"description\":\"Just another Africa News Agency Sites site\",\"potentialAction\":[{\"@type\":\"SearchAction\",\"target\":{\"@type\":\"EntryPoint\",\"urlTemplate\":\"https:\/\/www.africa-press.net\/benin\/?s={search_term_string}\"},\"query-input\":{\"@type\":\"PropertyValueSpecification\",\"valueRequired\":true,\"valueName\":\"search_term_string\"}}],\"inLanguage\":\"fr-FR\"},{\"@type\":\"Person\",\"@id\":\"https:\/\/www.africa-press.net\/benin\/#\/schema\/person\/2b1cf3cd81a31e3cd26889ca66d677f1\",\"name\":\"cfeditorfr\"}]}<\/script>\n<!-- \/ Yoast SEO Premium plugin. -->","yoast_head_json":{"title":"B\u00e9nin: la FCBE, persona non grata au sein de l\u2019opposition ? - B\u00e9nin","description":"Le calme apparent qui r\u00e9gnait au sein de l\u2019opposition n\u2019\u00e9tait visiblement que l\u2019arbre qui cachait la for\u00eat. Depuis quelq ...","robots":{"index":"index","follow":"follow","max-snippet":"max-snippet:-1","max-image-preview":"max-image-preview:large","max-video-preview":"max-video-preview:-1"},"canonical":"https:\/\/www.africa-press.net\/benin\/politique\/benin-la-fcbe-persona-non-grata-au-sein-de-lopposition","og_locale":"fr_FR","og_type":"article","og_title":"B\u00e9nin: la FCBE, persona non grata au sein de l\u2019opposition ?","og_description":"Le calme apparent qui r\u00e9gnait au sein de l\u2019opposition n\u2019\u00e9tait visiblement que l\u2019arbre qui cachait la for\u00eat. Depuis quelq ...","og_url":"https:\/\/www.africa-press.net\/benin\/politique\/benin-la-fcbe-persona-non-grata-au-sein-de-lopposition","og_site_name":"B\u00e9nin","article_published_time":"2022-08-25T18:50:48+00:00","article_modified_time":"2022-08-25T19:18:05+00:00","og_image":[{"width":1200,"height":675,"url":"https:\/\/static.africa-press.net\/benin\/sites\/46\/2022\/08\/postQueueImg_29-6307cad541edf.jpg","type":"image\/jpeg"}],"author":"cfeditorfr","twitter_card":"summary_large_image","twitter_misc":{"\u00c9crit par":"cfeditorfr","Dur\u00e9e de lecture estim\u00e9e":"4 minutes"},"schema":{"@context":"https:\/\/schema.org","@graph":[{"@type":"Article","@id":"https:\/\/www.africa-press.net\/benin\/politique\/benin-la-fcbe-persona-non-grata-au-sein-de-lopposition#article","isPartOf":{"@id":"https:\/\/www.africa-press.net\/benin\/politique\/benin-la-fcbe-persona-non-grata-au-sein-de-lopposition"},"author":{"name":"cfeditorfr","@id":"https:\/\/www.africa-press.net\/benin\/#\/schema\/person\/2b1cf3cd81a31e3cd26889ca66d677f1"},"headline":"B\u00e9nin: la FCBE, persona non grata au sein de l\u2019opposition ?","datePublished":"2022-08-25T18:50:48+00:00","dateModified":"2022-08-25T19:18:05+00:00","mainEntityOfPage":{"@id":"https:\/\/www.africa-press.net\/benin\/politique\/benin-la-fcbe-persona-non-grata-au-sein-de-lopposition"},"wordCount":790,"commentCount":0,"image":{"@id":"https:\/\/www.africa-press.net\/benin\/politique\/benin-la-fcbe-persona-non-grata-au-sein-de-lopposition#primaryimage"},"thumbnailUrl":"https:\/\/static.africa-press.net\/benin\/sites\/46\/2022\/08\/postQueueImg_29-6307cad541edf.jpg","keywords":["Africa Press","Africa Press-Benin","B\u00e9nin"],"articleSection":["homepage-french","Politique","Toutes les actualit\u00e9s"],"inLanguage":"fr-FR","potentialAction":[{"@type":"CommentAction","name":"Comment","target":["https:\/\/www.africa-press.net\/benin\/politique\/benin-la-fcbe-persona-non-grata-au-sein-de-lopposition#respond"]}]},{"@type":"WebPage","@id":"https:\/\/www.africa-press.net\/benin\/politique\/benin-la-fcbe-persona-non-grata-au-sein-de-lopposition","url":"https:\/\/www.africa-press.net\/benin\/politique\/benin-la-fcbe-persona-non-grata-au-sein-de-lopposition","name":"B\u00e9nin: la FCBE, persona non grata au sein de l\u2019opposition ? - B\u00e9nin","isPartOf":{"@id":"https:\/\/www.africa-press.net\/benin\/#website"},"primaryImageOfPage":{"@id":"https:\/\/www.africa-press.net\/benin\/politique\/benin-la-fcbe-persona-non-grata-au-sein-de-lopposition#primaryimage"},"image":{"@id":"https:\/\/www.africa-press.net\/benin\/politique\/benin-la-fcbe-persona-non-grata-au-sein-de-lopposition#primaryimage"},"thumbnailUrl":"https:\/\/static.africa-press.net\/benin\/sites\/46\/2022\/08\/postQueueImg_29-6307cad541edf.jpg","datePublished":"2022-08-25T18:50:48+00:00","dateModified":"2022-08-25T19:18:05+00:00","author":{"@id":"https:\/\/www.africa-press.net\/benin\/#\/schema\/person\/2b1cf3cd81a31e3cd26889ca66d677f1"},"description":"Le calme apparent qui r\u00e9gnait au sein de l\u2019opposition n\u2019\u00e9tait visiblement que l\u2019arbre qui cachait la for\u00eat. Depuis quelq ...","breadcrumb":{"@id":"https:\/\/www.africa-press.net\/benin\/politique\/benin-la-fcbe-persona-non-grata-au-sein-de-lopposition#breadcrumb"},"inLanguage":"fr-FR","potentialAction":[{"@type":"ReadAction","target":["https:\/\/www.africa-press.net\/benin\/politique\/benin-la-fcbe-persona-non-grata-au-sein-de-lopposition"]}]},{"@type":"ImageObject","inLanguage":"fr-FR","@id":"https:\/\/www.africa-press.net\/benin\/politique\/benin-la-fcbe-persona-non-grata-au-sein-de-lopposition#primaryimage","url":"https:\/\/static.africa-press.net\/benin\/sites\/46\/2022\/08\/postQueueImg_29-6307cad541edf.jpg","contentUrl":"https:\/\/static.africa-press.net\/benin\/sites\/46\/2022\/08\/postQueueImg_29-6307cad541edf.jpg","width":1200,"height":675,"caption":"B\u00e9nin: la FCBE, persona non grata au sein de l\u2019opposition ?"},{"@type":"BreadcrumbList","@id":"https:\/\/www.africa-press.net\/benin\/politique\/benin-la-fcbe-persona-non-grata-au-sein-de-lopposition#breadcrumb","itemListElement":[{"@type":"ListItem","position":1,"name":"Accueil","item":"https:\/\/www.africa-press.net\/benin\/"},{"@type":"ListItem","position":2,"name":"B\u00e9nin: la FCBE, persona non grata au sein de l\u2019opposition ?"}]},{"@type":"WebSite","@id":"https:\/\/www.africa-press.net\/benin\/#website","url":"https:\/\/www.africa-press.net\/benin\/","name":"B\u00e9nin","description":"Just another Africa News Agency Sites site","potentialAction":[{"@type":"SearchAction","target":{"@type":"EntryPoint","urlTemplate":"https:\/\/www.africa-press.net\/benin\/?s={search_term_string}"},"query-input":{"@type":"PropertyValueSpecification","valueRequired":true,"valueName":"search_term_string"}}],"inLanguage":"fr-FR"},{"@type":"Person","@id":"https:\/\/www.africa-press.net\/benin\/#\/schema\/person\/2b1cf3cd81a31e3cd26889ca66d677f1","name":"cfeditorfr"}]}},"_links":{"self":[{"href":"https:\/\/www.africa-press.net\/benin\/wp-json\/wp\/v2\/posts\/8234","targetHints":{"allow":["GET"]}}],"collection":[{"href":"https:\/\/www.africa-press.net\/benin\/wp-json\/wp\/v2\/posts"}],"about":[{"href":"https:\/\/www.africa-press.net\/benin\/wp-json\/wp\/v2\/types\/post"}],"author":[{"embeddable":true,"href":"https:\/\/www.africa-press.net\/benin\/wp-json\/wp\/v2\/users\/82"}],"replies":[{"embeddable":true,"href":"https:\/\/www.africa-press.net\/benin\/wp-json\/wp\/v2\/comments?post=8234"}],"version-history":[{"count":0,"href":"https:\/\/www.africa-press.net\/benin\/wp-json\/wp\/v2\/posts\/8234\/revisions"}],"wp:featuredmedia":[{"embeddable":true,"href":"https:\/\/www.africa-press.net\/benin\/wp-json\/wp\/v2\/media\/8233"}],"wp:attachment":[{"href":"https:\/\/www.africa-press.net\/benin\/wp-json\/wp\/v2\/media?parent=8234"}],"wp:term":[{"taxonomy":"category","embeddable":true,"href":"https:\/\/www.africa-press.net\/benin\/wp-json\/wp\/v2\/categories?post=8234"},{"taxonomy":"post_tag","embeddable":true,"href":"https:\/\/www.africa-press.net\/benin\/wp-json\/wp\/v2\/tags?post=8234"}],"curies":[{"name":"wp","href":"https:\/\/api.w.org\/{rel}","templated":true}]}}