{"id":8237,"date":"2022-08-25T18:50:56","date_gmt":"2022-08-25T18:50:56","guid":{"rendered":"https:\/\/www.africa-press.net\/benin\/politique\/concours-dentree-dans-les-let-matieres-et-calendrier-de-deroulement"},"modified":"2022-08-25T19:18:35","modified_gmt":"2022-08-25T19:18:35","slug":"concours-dentree-dans-les-let-matieres-et-calendrier-de-deroulement","status":"publish","type":"post","link":"https:\/\/www.africa-press.net\/benin\/toutes-les-actualites\/concours-dentree-dans-les-let-matieres-et-calendrier-de-deroulement","title":{"rendered":"Concours d\u2019entr\u00e9e dans les LET: mati\u00e8res et calendrier de d\u00e9roulement"},"content":{"rendered":"<p><span style=\"color: #ff6600\"><strong>Africa-Press &#8211; Benin. <\/strong><\/span>Encore quelques jours et les candidats aux concours d\u2019entr\u00e9e dans les lyc\u00e9es d\u2019enseignement technique (LET) vont affronter les \u00e9preuves. Le calendrier du d\u00e9roulement de ces concours a \u00e9t\u00e9 r\u00e9v\u00e9l\u00e9 par le directeur des examens et concours, Dr Roger Koudoadinou.<\/p>\n<p>Les candidats du niveau 1 aux concours d\u2019entr\u00e9e dans les lyc\u00e9es de l\u2019enseignement technique, (LET) sont d\u00e9sormais fix\u00e9s sur le calendrier de d\u00e9roulement desdits concours.<\/p>\n<p>En effet, les mati\u00e8res et calendrier de d\u00e9roulement de ces diff\u00e9rents concours ont \u00e9t\u00e9 rendus publics depuis le 22 Ao\u00fbt 2022 par le directeur de l\u2019examen et concours (DEC). Ainsi, d\u00e8s le 29 Aout prochain, les candidats feront face aux diff\u00e9rentes \u00e9preuves auxquelles ils seront soumis.<\/p>\n<p>Les candidats du niveau 1 et les candidats du niveau 2 titulaires du BEPC et inscrits pour les options F1, F2, F3 et F4 composeront le lundi 29 Ao\u00fbt 2022. Par contre, tous les autres candidats inscrits notamment en STI, T, IMI, producteur multim\u00e9dia, \u00e9lectronique appliqu\u00e9e, d\u00e9veloppeur web et mobile, G&amp;, G2 et G3, comptable mercaticien, EFS, HR et Tourisme composeront le mardi 30 Ao\u00fbt. Les candidats inscrits pour les concours d\u2019entr\u00e9e \u00e0 l\u2019\u00e9cole de formation m\u00e9dico-sociale (EFMS) vont composer le mercredi 31 Ao\u00fbt 2022.<\/p>\n<p>Il faut pr\u00e9ciser qu\u2019avec le probl\u00e8me d\u2019ad\u00e9quation formation-emploi avec son lot de sous emploi, le gouvernement encourage les apprenants \u00e0 aller vers des formations techniques. Dans ce cadre, le pr\u00e9sident Patrice Talon et ses collaborateurs envisagent la construction de centres de formation technique et professionnelle dans toutes les Communes.<\/p>\n<p><strong>Pour plus d&rsquo;informations et d&rsquo;analyses sur la <a href=\"https:\/\/www.africa-press.net\/benin\">Benin<\/a>, suivez <a href=\"https:\/\/www.africa-press.net\/\">Africa-Press<\/a><\/strong><\/p>\n","protected":false},"excerpt":{"rendered":"<p>Africa-Press &#8211; Benin. Encore quelques jours et les candidats aux concours d\u2019entr\u00e9e dans les lyc\u00e9es d\u2019enseignement technique (LET) vont affronter les \u00e9preuves. Le calendrier du d\u00e9roulement de ces concours a \u00e9t\u00e9 r\u00e9v\u00e9l\u00e9 par le directeur des examens et concours, Dr Roger Koudoadinou. Les candidats du niveau 1 aux concours d\u2019entr\u00e9e dans les lyc\u00e9es de l\u2019enseignement [&hellip;]<\/p>\n","protected":false},"author":82,"featured_media":8236,"comment_status":"open","ping_status":"closed","sticky":false,"template":"","format":"standard","meta":{"footnotes":""},"categories":[21,11,10],"tags":[36,50,45],"class_list":["post-8237","post","type-post","status-publish","format-standard","has-post-thumbnail","hentry","category-communaute","category-homepage-french","category-toutes-les-actualites","tag-africa-press","tag-africa-press-benin","tag-benin"],"yoast_head":"<!-- This site is optimized with the Yoast SEO Premium plugin v26.1 (Yoast SEO v27.0) - https:\/\/yoast.com\/product\/yoast-seo-premium-wordpress\/ -->\n<title>Concours d\u2019entr\u00e9e dans les LET: mati\u00e8res et calendrier de d\u00e9roulement - B\u00e9nin<\/title>\n<meta name=\"description\" content=\"Encore quelques jours et les candidats aux concours d\u2019entr\u00e9e dans les lyc\u00e9es d\u2019enseignement technique (LET) vont affront ...\" \/>\n<meta name=\"robots\" content=\"index, follow, max-snippet:-1, max-image-preview:large, max-video-preview:-1\" \/>\n<link rel=\"canonical\" href=\"https:\/\/www.africa-press.net\/benin\/toutes-les-actualites\/concours-dentree-dans-les-let-matieres-et-calendrier-de-deroulement\" \/>\n<meta property=\"og:locale\" content=\"fr_FR\" \/>\n<meta property=\"og:type\" content=\"article\" \/>\n<meta property=\"og:title\" content=\"Concours d\u2019entr\u00e9e dans les LET: mati\u00e8res et calendrier de d\u00e9roulement\" \/>\n<meta property=\"og:description\" content=\"Encore quelques jours et les candidats aux concours d\u2019entr\u00e9e dans les lyc\u00e9es d\u2019enseignement technique (LET) vont affront ...\" \/>\n<meta property=\"og:url\" content=\"https:\/\/www.africa-press.net\/benin\/toutes-les-actualites\/concours-dentree-dans-les-let-matieres-et-calendrier-de-deroulement\" \/>\n<meta property=\"og:site_name\" content=\"B\u00e9nin\" \/>\n<meta property=\"article:published_time\" content=\"2022-08-25T18:50:56+00:00\" \/>\n<meta property=\"article:modified_time\" content=\"2022-08-25T19:18:35+00:00\" \/>\n<meta property=\"og:image\" content=\"https:\/\/static.africa-press.net\/benin\/sites\/46\/2022\/08\/postQueueImg_30-6307caf42889e.jpg\" \/>\n\t<meta property=\"og:image:width\" content=\"1920\" \/>\n\t<meta property=\"og:image:height\" content=\"960\" \/>\n\t<meta property=\"og:image:type\" content=\"image\/jpeg\" \/>\n<meta name=\"author\" content=\"cfeditorfr\" \/>\n<meta name=\"twitter:card\" content=\"summary_large_image\" \/>\n<meta name=\"twitter:label1\" content=\"\u00c9crit par\" \/>\n\t<meta name=\"twitter:data1\" content=\"cfeditorfr\" \/>\n\t<meta name=\"twitter:label2\" content=\"Dur\u00e9e de lecture estim\u00e9e\" \/>\n\t<meta name=\"twitter:data2\" content=\"2 minutes\" \/>\n<script type=\"application\/ld+json\" class=\"yoast-schema-graph\">{\"@context\":\"https:\/\/schema.org\",\"@graph\":[{\"@type\":\"Article\",\"@id\":\"https:\/\/www.africa-press.net\/benin\/toutes-les-actualites\/concours-dentree-dans-les-let-matieres-et-calendrier-de-deroulement#article\",\"isPartOf\":{\"@id\":\"https:\/\/www.africa-press.net\/benin\/toutes-les-actualites\/concours-dentree-dans-les-let-matieres-et-calendrier-de-deroulement\"},\"author\":{\"name\":\"cfeditorfr\",\"@id\":\"https:\/\/www.africa-press.net\/benin\/#\/schema\/person\/2b1cf3cd81a31e3cd26889ca66d677f1\"},\"headline\":\"Concours d\u2019entr\u00e9e dans les LET: mati\u00e8res et calendrier de d\u00e9roulement\",\"datePublished\":\"2022-08-25T18:50:56+00:00\",\"dateModified\":\"2022-08-25T19:18:35+00:00\",\"mainEntityOfPage\":{\"@id\":\"https:\/\/www.africa-press.net\/benin\/toutes-les-actualites\/concours-dentree-dans-les-let-matieres-et-calendrier-de-deroulement\"},\"wordCount\":298,\"commentCount\":0,\"image\":{\"@id\":\"https:\/\/www.africa-press.net\/benin\/toutes-les-actualites\/concours-dentree-dans-les-let-matieres-et-calendrier-de-deroulement#primaryimage\"},\"thumbnailUrl\":\"https:\/\/static.africa-press.net\/benin\/sites\/46\/2022\/08\/postQueueImg_30-6307caf42889e.jpg\",\"keywords\":[\"Africa Press\",\"Africa Press-Benin\",\"B\u00e9nin\"],\"articleSection\":[\"Communaut\u00e9\",\"homepage-french\",\"Toutes les actualit\u00e9s\"],\"inLanguage\":\"fr-FR\",\"potentialAction\":[{\"@type\":\"CommentAction\",\"name\":\"Comment\",\"target\":[\"https:\/\/www.africa-press.net\/benin\/toutes-les-actualites\/concours-dentree-dans-les-let-matieres-et-calendrier-de-deroulement#respond\"]}]},{\"@type\":\"WebPage\",\"@id\":\"https:\/\/www.africa-press.net\/benin\/toutes-les-actualites\/concours-dentree-dans-les-let-matieres-et-calendrier-de-deroulement\",\"url\":\"https:\/\/www.africa-press.net\/benin\/toutes-les-actualites\/concours-dentree-dans-les-let-matieres-et-calendrier-de-deroulement\",\"name\":\"Concours d\u2019entr\u00e9e dans les LET: mati\u00e8res et calendrier de d\u00e9roulement - B\u00e9nin\",\"isPartOf\":{\"@id\":\"https:\/\/www.africa-press.net\/benin\/#website\"},\"primaryImageOfPage\":{\"@id\":\"https:\/\/www.africa-press.net\/benin\/toutes-les-actualites\/concours-dentree-dans-les-let-matieres-et-calendrier-de-deroulement#primaryimage\"},\"image\":{\"@id\":\"https:\/\/www.africa-press.net\/benin\/toutes-les-actualites\/concours-dentree-dans-les-let-matieres-et-calendrier-de-deroulement#primaryimage\"},\"thumbnailUrl\":\"https:\/\/static.africa-press.net\/benin\/sites\/46\/2022\/08\/postQueueImg_30-6307caf42889e.jpg\",\"datePublished\":\"2022-08-25T18:50:56+00:00\",\"dateModified\":\"2022-08-25T19:18:35+00:00\",\"author\":{\"@id\":\"https:\/\/www.africa-press.net\/benin\/#\/schema\/person\/2b1cf3cd81a31e3cd26889ca66d677f1\"},\"description\":\"Encore quelques jours et les candidats aux concours d\u2019entr\u00e9e dans les lyc\u00e9es d\u2019enseignement technique (LET) vont affront ...\",\"breadcrumb\":{\"@id\":\"https:\/\/www.africa-press.net\/benin\/toutes-les-actualites\/concours-dentree-dans-les-let-matieres-et-calendrier-de-deroulement#breadcrumb\"},\"inLanguage\":\"fr-FR\",\"potentialAction\":[{\"@type\":\"ReadAction\",\"target\":[\"https:\/\/www.africa-press.net\/benin\/toutes-les-actualites\/concours-dentree-dans-les-let-matieres-et-calendrier-de-deroulement\"]}]},{\"@type\":\"ImageObject\",\"inLanguage\":\"fr-FR\",\"@id\":\"https:\/\/www.africa-press.net\/benin\/toutes-les-actualites\/concours-dentree-dans-les-let-matieres-et-calendrier-de-deroulement#primaryimage\",\"url\":\"https:\/\/static.africa-press.net\/benin\/sites\/46\/2022\/08\/postQueueImg_30-6307caf42889e.jpg\",\"contentUrl\":\"https:\/\/static.africa-press.net\/benin\/sites\/46\/2022\/08\/postQueueImg_30-6307caf42889e.jpg\",\"width\":1920,\"height\":960,\"caption\":\"Concours d\u2019entr\u00e9e dans les LET: mati\u00e8res et calendrier de d\u00e9roulement\"},{\"@type\":\"BreadcrumbList\",\"@id\":\"https:\/\/www.africa-press.net\/benin\/toutes-les-actualites\/concours-dentree-dans-les-let-matieres-et-calendrier-de-deroulement#breadcrumb\",\"itemListElement\":[{\"@type\":\"ListItem\",\"position\":1,\"name\":\"Accueil\",\"item\":\"https:\/\/www.africa-press.net\/benin\/\"},{\"@type\":\"ListItem\",\"position\":2,\"name\":\"Concours d\u2019entr\u00e9e dans les LET: mati\u00e8res et calendrier de d\u00e9roulement\"}]},{\"@type\":\"WebSite\",\"@id\":\"https:\/\/www.africa-press.net\/benin\/#website\",\"url\":\"https:\/\/www.africa-press.net\/benin\/\",\"name\":\"B\u00e9nin\",\"description\":\"Just another Africa News Agency Sites site\",\"potentialAction\":[{\"@type\":\"SearchAction\",\"target\":{\"@type\":\"EntryPoint\",\"urlTemplate\":\"https:\/\/www.africa-press.net\/benin\/?s={search_term_string}\"},\"query-input\":{\"@type\":\"PropertyValueSpecification\",\"valueRequired\":true,\"valueName\":\"search_term_string\"}}],\"inLanguage\":\"fr-FR\"},{\"@type\":\"Person\",\"@id\":\"https:\/\/www.africa-press.net\/benin\/#\/schema\/person\/2b1cf3cd81a31e3cd26889ca66d677f1\",\"name\":\"cfeditorfr\"}]}<\/script>\n<!-- \/ Yoast SEO Premium plugin. -->","yoast_head_json":{"title":"Concours d\u2019entr\u00e9e dans les LET: mati\u00e8res et calendrier de d\u00e9roulement - B\u00e9nin","description":"Encore quelques jours et les candidats aux concours d\u2019entr\u00e9e dans les lyc\u00e9es d\u2019enseignement technique (LET) vont affront ...","robots":{"index":"index","follow":"follow","max-snippet":"max-snippet:-1","max-image-preview":"max-image-preview:large","max-video-preview":"max-video-preview:-1"},"canonical":"https:\/\/www.africa-press.net\/benin\/toutes-les-actualites\/concours-dentree-dans-les-let-matieres-et-calendrier-de-deroulement","og_locale":"fr_FR","og_type":"article","og_title":"Concours d\u2019entr\u00e9e dans les LET: mati\u00e8res et calendrier de d\u00e9roulement","og_description":"Encore quelques jours et les candidats aux concours d\u2019entr\u00e9e dans les lyc\u00e9es d\u2019enseignement technique (LET) vont affront ...","og_url":"https:\/\/www.africa-press.net\/benin\/toutes-les-actualites\/concours-dentree-dans-les-let-matieres-et-calendrier-de-deroulement","og_site_name":"B\u00e9nin","article_published_time":"2022-08-25T18:50:56+00:00","article_modified_time":"2022-08-25T19:18:35+00:00","og_image":[{"width":1920,"height":960,"url":"https:\/\/static.africa-press.net\/benin\/sites\/46\/2022\/08\/postQueueImg_30-6307caf42889e.jpg","type":"image\/jpeg"}],"author":"cfeditorfr","twitter_card":"summary_large_image","twitter_misc":{"\u00c9crit par":"cfeditorfr","Dur\u00e9e de lecture estim\u00e9e":"2 minutes"},"schema":{"@context":"https:\/\/schema.org","@graph":[{"@type":"Article","@id":"https:\/\/www.africa-press.net\/benin\/toutes-les-actualites\/concours-dentree-dans-les-let-matieres-et-calendrier-de-deroulement#article","isPartOf":{"@id":"https:\/\/www.africa-press.net\/benin\/toutes-les-actualites\/concours-dentree-dans-les-let-matieres-et-calendrier-de-deroulement"},"author":{"name":"cfeditorfr","@id":"https:\/\/www.africa-press.net\/benin\/#\/schema\/person\/2b1cf3cd81a31e3cd26889ca66d677f1"},"headline":"Concours d\u2019entr\u00e9e dans les LET: mati\u00e8res et calendrier de d\u00e9roulement","datePublished":"2022-08-25T18:50:56+00:00","dateModified":"2022-08-25T19:18:35+00:00","mainEntityOfPage":{"@id":"https:\/\/www.africa-press.net\/benin\/toutes-les-actualites\/concours-dentree-dans-les-let-matieres-et-calendrier-de-deroulement"},"wordCount":298,"commentCount":0,"image":{"@id":"https:\/\/www.africa-press.net\/benin\/toutes-les-actualites\/concours-dentree-dans-les-let-matieres-et-calendrier-de-deroulement#primaryimage"},"thumbnailUrl":"https:\/\/static.africa-press.net\/benin\/sites\/46\/2022\/08\/postQueueImg_30-6307caf42889e.jpg","keywords":["Africa Press","Africa Press-Benin","B\u00e9nin"],"articleSection":["Communaut\u00e9","homepage-french","Toutes les actualit\u00e9s"],"inLanguage":"fr-FR","potentialAction":[{"@type":"CommentAction","name":"Comment","target":["https:\/\/www.africa-press.net\/benin\/toutes-les-actualites\/concours-dentree-dans-les-let-matieres-et-calendrier-de-deroulement#respond"]}]},{"@type":"WebPage","@id":"https:\/\/www.africa-press.net\/benin\/toutes-les-actualites\/concours-dentree-dans-les-let-matieres-et-calendrier-de-deroulement","url":"https:\/\/www.africa-press.net\/benin\/toutes-les-actualites\/concours-dentree-dans-les-let-matieres-et-calendrier-de-deroulement","name":"Concours d\u2019entr\u00e9e dans les LET: mati\u00e8res et calendrier de d\u00e9roulement - B\u00e9nin","isPartOf":{"@id":"https:\/\/www.africa-press.net\/benin\/#website"},"primaryImageOfPage":{"@id":"https:\/\/www.africa-press.net\/benin\/toutes-les-actualites\/concours-dentree-dans-les-let-matieres-et-calendrier-de-deroulement#primaryimage"},"image":{"@id":"https:\/\/www.africa-press.net\/benin\/toutes-les-actualites\/concours-dentree-dans-les-let-matieres-et-calendrier-de-deroulement#primaryimage"},"thumbnailUrl":"https:\/\/static.africa-press.net\/benin\/sites\/46\/2022\/08\/postQueueImg_30-6307caf42889e.jpg","datePublished":"2022-08-25T18:50:56+00:00","dateModified":"2022-08-25T19:18:35+00:00","author":{"@id":"https:\/\/www.africa-press.net\/benin\/#\/schema\/person\/2b1cf3cd81a31e3cd26889ca66d677f1"},"description":"Encore quelques jours et les candidats aux concours d\u2019entr\u00e9e dans les lyc\u00e9es d\u2019enseignement technique (LET) vont affront ...","breadcrumb":{"@id":"https:\/\/www.africa-press.net\/benin\/toutes-les-actualites\/concours-dentree-dans-les-let-matieres-et-calendrier-de-deroulement#breadcrumb"},"inLanguage":"fr-FR","potentialAction":[{"@type":"ReadAction","target":["https:\/\/www.africa-press.net\/benin\/toutes-les-actualites\/concours-dentree-dans-les-let-matieres-et-calendrier-de-deroulement"]}]},{"@type":"ImageObject","inLanguage":"fr-FR","@id":"https:\/\/www.africa-press.net\/benin\/toutes-les-actualites\/concours-dentree-dans-les-let-matieres-et-calendrier-de-deroulement#primaryimage","url":"https:\/\/static.africa-press.net\/benin\/sites\/46\/2022\/08\/postQueueImg_30-6307caf42889e.jpg","contentUrl":"https:\/\/static.africa-press.net\/benin\/sites\/46\/2022\/08\/postQueueImg_30-6307caf42889e.jpg","width":1920,"height":960,"caption":"Concours d\u2019entr\u00e9e dans les LET: mati\u00e8res et calendrier de d\u00e9roulement"},{"@type":"BreadcrumbList","@id":"https:\/\/www.africa-press.net\/benin\/toutes-les-actualites\/concours-dentree-dans-les-let-matieres-et-calendrier-de-deroulement#breadcrumb","itemListElement":[{"@type":"ListItem","position":1,"name":"Accueil","item":"https:\/\/www.africa-press.net\/benin\/"},{"@type":"ListItem","position":2,"name":"Concours d\u2019entr\u00e9e dans les LET: mati\u00e8res et calendrier de d\u00e9roulement"}]},{"@type":"WebSite","@id":"https:\/\/www.africa-press.net\/benin\/#website","url":"https:\/\/www.africa-press.net\/benin\/","name":"B\u00e9nin","description":"Just another Africa News Agency Sites site","potentialAction":[{"@type":"SearchAction","target":{"@type":"EntryPoint","urlTemplate":"https:\/\/www.africa-press.net\/benin\/?s={search_term_string}"},"query-input":{"@type":"PropertyValueSpecification","valueRequired":true,"valueName":"search_term_string"}}],"inLanguage":"fr-FR"},{"@type":"Person","@id":"https:\/\/www.africa-press.net\/benin\/#\/schema\/person\/2b1cf3cd81a31e3cd26889ca66d677f1","name":"cfeditorfr"}]}},"_links":{"self":[{"href":"https:\/\/www.africa-press.net\/benin\/wp-json\/wp\/v2\/posts\/8237","targetHints":{"allow":["GET"]}}],"collection":[{"href":"https:\/\/www.africa-press.net\/benin\/wp-json\/wp\/v2\/posts"}],"about":[{"href":"https:\/\/www.africa-press.net\/benin\/wp-json\/wp\/v2\/types\/post"}],"author":[{"embeddable":true,"href":"https:\/\/www.africa-press.net\/benin\/wp-json\/wp\/v2\/users\/82"}],"replies":[{"embeddable":true,"href":"https:\/\/www.africa-press.net\/benin\/wp-json\/wp\/v2\/comments?post=8237"}],"version-history":[{"count":0,"href":"https:\/\/www.africa-press.net\/benin\/wp-json\/wp\/v2\/posts\/8237\/revisions"}],"wp:featuredmedia":[{"embeddable":true,"href":"https:\/\/www.africa-press.net\/benin\/wp-json\/wp\/v2\/media\/8236"}],"wp:attachment":[{"href":"https:\/\/www.africa-press.net\/benin\/wp-json\/wp\/v2\/media?parent=8237"}],"wp:term":[{"taxonomy":"category","embeddable":true,"href":"https:\/\/www.africa-press.net\/benin\/wp-json\/wp\/v2\/categories?post=8237"},{"taxonomy":"post_tag","embeddable":true,"href":"https:\/\/www.africa-press.net\/benin\/wp-json\/wp\/v2\/tags?post=8237"}],"curies":[{"name":"wp","href":"https:\/\/api.w.org\/{rel}","templated":true}]}}