{"id":8261,"date":"2022-08-26T17:46:18","date_gmt":"2022-08-26T17:46:18","guid":{"rendered":"https:\/\/www.africa-press.net\/benin\/politique\/benin-bertin-koovi-officialise-son-appartenance-au-parti-bloc-republicain"},"modified":"2022-08-26T18:00:44","modified_gmt":"2022-08-26T18:00:44","slug":"benin-bertin-koovi-officialise-son-appartenance-au-parti-bloc-republicain","status":"publish","type":"post","link":"https:\/\/www.africa-press.net\/benin\/politique\/benin-bertin-koovi-officialise-son-appartenance-au-parti-bloc-republicain","title":{"rendered":"B\u00e9nin: Bertin Koovi officialise son appartenance au parti Bloc R\u00e9publicain"},"content":{"rendered":"<p><span style=\"color: #ff6600\"><strong>Africa-Press &#8211; Benin. <\/strong><\/span>Le pr\u00e9sident de l\u2019Alliance Iroko, Bertin Koovi annonc\u00e9 il y a quelques mois au sein du parti Bloc R\u00e9publicain a finalement officialis\u00e9 son appartenance au parti pr\u00e9sid\u00e9 par le ministre d\u2019Etat Abdoulaye Bio Tchan\u00e9.<\/p>\n<p>L\u2019ancien candidat malheureux \u00e0 l\u2019\u00e9lection pr\u00e9sidentielle de 2016 et pr\u00e9sident de l\u2019Alliance Iroko, le professeur Bertin Koovi, pour ne pas le nommer a finalement formalis\u00e9 son appartenance au parti Bloc R\u00e9publicain, pr\u00e9sid\u00e9 par le ministre en charge du d\u00e9veloppement, de la prospective et de la coordination de l\u2019action gouvernementale.<\/p>\n<p>C\u2019est par une publication sur sa page Facebook, que le promoteur de l\u2019\u00e9conomie fondamentale a annonc\u00e9 qu\u2019il vient de rendre officiel son appartenance au parti de Abdoulaye Bio Tchan\u00e9.<\/p>\n<p>\u00ab <b>Ce jour, 25 ao\u00fbt 2022 \u00e0 13h45 mn, j\u2019ai franchi le Rubico. Je me suis inscrit officiellement au Bloc R\u00e9publicain, ceci afin d\u2019avoir le plein pouvoir de parler au nom du Bloc R\u00e9publicain et de d\u00e9fendre officiellement notre premier militant le Citoyen Patrice Talon, par ailleurs Pr\u00e9sident de la R\u00e9publique du B\u00e9nin<\/b>\u00ab , a publi\u00e9 Bertin Koovi.<\/p>\n<p>La fusion du parti union progressiste et le parti du renouveau d\u00e9mocratique qui a donn\u00e9 naissance au parti union progressiste le renouveau a sans doute provoqu\u00e9 le d\u00e9clic au niveau du pr\u00e9sident de l\u2019alliance Iroko qui a condamn\u00e9 ce mariage qu\u2019il qualifie de r\u00e9gionalisation de l\u2019espace politique.<\/p>\n<p>Ainsi, le mouvement politique l\u2019Alliance Iroko est d\u00e9sormais une entit\u00e9 politique d\u00e9sormais membre du parti Bloc R\u00e9publicain. Pr\u00eachant pour sa nouvelle paroisse, le pr\u00e9sident Bertin Koovi invite ses sympathisants \u00e0 faire le pas en prenant leur carte de membre.<\/p>\n<p><strong>Pour plus d&rsquo;informations et d&rsquo;analyses sur la <a href=\"https:\/\/www.africa-press.net\/benin\">Benin<\/a>, suivez <a href=\"https:\/\/www.africa-press.net\/\">Africa-Press<\/a><\/strong><\/p>\n","protected":false},"excerpt":{"rendered":"<p>Africa-Press &#8211; Benin. Le pr\u00e9sident de l\u2019Alliance Iroko, Bertin Koovi annonc\u00e9 il y a quelques mois au sein du parti Bloc R\u00e9publicain a finalement officialis\u00e9 son appartenance au parti pr\u00e9sid\u00e9 par le ministre d\u2019Etat Abdoulaye Bio Tchan\u00e9. L\u2019ancien candidat malheureux \u00e0 l\u2019\u00e9lection pr\u00e9sidentielle de 2016 et pr\u00e9sident de l\u2019Alliance Iroko, le professeur Bertin Koovi, pour [&hellip;]<\/p>\n","protected":false},"author":82,"featured_media":8260,"comment_status":"open","ping_status":"closed","sticky":false,"template":"","format":"standard","meta":{"footnotes":""},"categories":[11,2,10],"tags":[36,50,45],"class_list":["post-8261","post","type-post","status-publish","format-standard","has-post-thumbnail","hentry","category-homepage-french","category-politique","category-toutes-les-actualites","tag-africa-press","tag-africa-press-benin","tag-benin"],"yoast_head":"<!-- This site is optimized with the Yoast SEO Premium plugin v26.1 (Yoast SEO v27.0) - https:\/\/yoast.com\/product\/yoast-seo-premium-wordpress\/ -->\n<title>B\u00e9nin: Bertin Koovi officialise son appartenance au parti Bloc R\u00e9publicain - B\u00e9nin<\/title>\n<meta name=\"description\" content=\"Le pr\u00e9sident de l\u2019Alliance Iroko, Bertin Koovi annonc\u00e9 il y a quelques mois au sein du parti Bloc R\u00e9publicain a finaleme ...\" \/>\n<meta name=\"robots\" content=\"index, follow, max-snippet:-1, max-image-preview:large, max-video-preview:-1\" \/>\n<link rel=\"canonical\" href=\"https:\/\/www.africa-press.net\/benin\/politique\/benin-bertin-koovi-officialise-son-appartenance-au-parti-bloc-republicain\" \/>\n<meta property=\"og:locale\" content=\"fr_FR\" \/>\n<meta property=\"og:type\" content=\"article\" \/>\n<meta property=\"og:title\" content=\"B\u00e9nin: Bertin Koovi officialise son appartenance au parti Bloc R\u00e9publicain\" \/>\n<meta property=\"og:description\" content=\"Le pr\u00e9sident de l\u2019Alliance Iroko, Bertin Koovi annonc\u00e9 il y a quelques mois au sein du parti Bloc R\u00e9publicain a finaleme ...\" \/>\n<meta property=\"og:url\" content=\"https:\/\/www.africa-press.net\/benin\/politique\/benin-bertin-koovi-officialise-son-appartenance-au-parti-bloc-republicain\" \/>\n<meta property=\"og:site_name\" content=\"B\u00e9nin\" \/>\n<meta property=\"article:published_time\" content=\"2022-08-26T17:46:18+00:00\" \/>\n<meta property=\"article:modified_time\" content=\"2022-08-26T18:00:44+00:00\" \/>\n<meta property=\"og:image\" content=\"https:\/\/static.africa-press.net\/benin\/sites\/46\/2022\/08\/postQueueImg_21-63090a2d23915.jpg\" \/>\n\t<meta property=\"og:image:width\" content=\"1500\" \/>\n\t<meta property=\"og:image:height\" content=\"800\" \/>\n\t<meta property=\"og:image:type\" content=\"image\/jpeg\" \/>\n<meta name=\"author\" content=\"cfeditorfr\" \/>\n<meta name=\"twitter:card\" content=\"summary_large_image\" \/>\n<meta name=\"twitter:label1\" content=\"\u00c9crit par\" \/>\n\t<meta name=\"twitter:data1\" content=\"cfeditorfr\" \/>\n\t<meta name=\"twitter:label2\" content=\"Dur\u00e9e de lecture estim\u00e9e\" \/>\n\t<meta name=\"twitter:data2\" content=\"2 minutes\" \/>\n<script type=\"application\/ld+json\" class=\"yoast-schema-graph\">{\"@context\":\"https:\/\/schema.org\",\"@graph\":[{\"@type\":\"Article\",\"@id\":\"https:\/\/www.africa-press.net\/benin\/politique\/benin-bertin-koovi-officialise-son-appartenance-au-parti-bloc-republicain#article\",\"isPartOf\":{\"@id\":\"https:\/\/www.africa-press.net\/benin\/politique\/benin-bertin-koovi-officialise-son-appartenance-au-parti-bloc-republicain\"},\"author\":{\"name\":\"cfeditorfr\",\"@id\":\"https:\/\/www.africa-press.net\/benin\/#\/schema\/person\/2b1cf3cd81a31e3cd26889ca66d677f1\"},\"headline\":\"B\u00e9nin: Bertin Koovi officialise son appartenance au parti Bloc R\u00e9publicain\",\"datePublished\":\"2022-08-26T17:46:18+00:00\",\"dateModified\":\"2022-08-26T18:00:44+00:00\",\"mainEntityOfPage\":{\"@id\":\"https:\/\/www.africa-press.net\/benin\/politique\/benin-bertin-koovi-officialise-son-appartenance-au-parti-bloc-republicain\"},\"wordCount\":314,\"commentCount\":0,\"image\":{\"@id\":\"https:\/\/www.africa-press.net\/benin\/politique\/benin-bertin-koovi-officialise-son-appartenance-au-parti-bloc-republicain#primaryimage\"},\"thumbnailUrl\":\"https:\/\/static.africa-press.net\/benin\/sites\/46\/2022\/08\/postQueueImg_21-63090a2d23915.jpg\",\"keywords\":[\"Africa Press\",\"Africa Press-Benin\",\"B\u00e9nin\"],\"articleSection\":[\"homepage-french\",\"Politique\",\"Toutes les actualit\u00e9s\"],\"inLanguage\":\"fr-FR\",\"potentialAction\":[{\"@type\":\"CommentAction\",\"name\":\"Comment\",\"target\":[\"https:\/\/www.africa-press.net\/benin\/politique\/benin-bertin-koovi-officialise-son-appartenance-au-parti-bloc-republicain#respond\"]}]},{\"@type\":\"WebPage\",\"@id\":\"https:\/\/www.africa-press.net\/benin\/politique\/benin-bertin-koovi-officialise-son-appartenance-au-parti-bloc-republicain\",\"url\":\"https:\/\/www.africa-press.net\/benin\/politique\/benin-bertin-koovi-officialise-son-appartenance-au-parti-bloc-republicain\",\"name\":\"B\u00e9nin: Bertin Koovi officialise son appartenance au parti Bloc R\u00e9publicain - B\u00e9nin\",\"isPartOf\":{\"@id\":\"https:\/\/www.africa-press.net\/benin\/#website\"},\"primaryImageOfPage\":{\"@id\":\"https:\/\/www.africa-press.net\/benin\/politique\/benin-bertin-koovi-officialise-son-appartenance-au-parti-bloc-republicain#primaryimage\"},\"image\":{\"@id\":\"https:\/\/www.africa-press.net\/benin\/politique\/benin-bertin-koovi-officialise-son-appartenance-au-parti-bloc-republicain#primaryimage\"},\"thumbnailUrl\":\"https:\/\/static.africa-press.net\/benin\/sites\/46\/2022\/08\/postQueueImg_21-63090a2d23915.jpg\",\"datePublished\":\"2022-08-26T17:46:18+00:00\",\"dateModified\":\"2022-08-26T18:00:44+00:00\",\"author\":{\"@id\":\"https:\/\/www.africa-press.net\/benin\/#\/schema\/person\/2b1cf3cd81a31e3cd26889ca66d677f1\"},\"description\":\"Le pr\u00e9sident de l\u2019Alliance Iroko, Bertin Koovi annonc\u00e9 il y a quelques mois au sein du parti Bloc R\u00e9publicain a finaleme ...\",\"breadcrumb\":{\"@id\":\"https:\/\/www.africa-press.net\/benin\/politique\/benin-bertin-koovi-officialise-son-appartenance-au-parti-bloc-republicain#breadcrumb\"},\"inLanguage\":\"fr-FR\",\"potentialAction\":[{\"@type\":\"ReadAction\",\"target\":[\"https:\/\/www.africa-press.net\/benin\/politique\/benin-bertin-koovi-officialise-son-appartenance-au-parti-bloc-republicain\"]}]},{\"@type\":\"ImageObject\",\"inLanguage\":\"fr-FR\",\"@id\":\"https:\/\/www.africa-press.net\/benin\/politique\/benin-bertin-koovi-officialise-son-appartenance-au-parti-bloc-republicain#primaryimage\",\"url\":\"https:\/\/static.africa-press.net\/benin\/sites\/46\/2022\/08\/postQueueImg_21-63090a2d23915.jpg\",\"contentUrl\":\"https:\/\/static.africa-press.net\/benin\/sites\/46\/2022\/08\/postQueueImg_21-63090a2d23915.jpg\",\"width\":1500,\"height\":800,\"caption\":\"B\u00e9nin: Bertin Koovi officialise son appartenance au parti Bloc R\u00e9publicain\"},{\"@type\":\"BreadcrumbList\",\"@id\":\"https:\/\/www.africa-press.net\/benin\/politique\/benin-bertin-koovi-officialise-son-appartenance-au-parti-bloc-republicain#breadcrumb\",\"itemListElement\":[{\"@type\":\"ListItem\",\"position\":1,\"name\":\"Accueil\",\"item\":\"https:\/\/www.africa-press.net\/benin\/\"},{\"@type\":\"ListItem\",\"position\":2,\"name\":\"B\u00e9nin: Bertin Koovi officialise son appartenance au parti Bloc R\u00e9publicain\"}]},{\"@type\":\"WebSite\",\"@id\":\"https:\/\/www.africa-press.net\/benin\/#website\",\"url\":\"https:\/\/www.africa-press.net\/benin\/\",\"name\":\"B\u00e9nin\",\"description\":\"Just another Africa News Agency Sites site\",\"potentialAction\":[{\"@type\":\"SearchAction\",\"target\":{\"@type\":\"EntryPoint\",\"urlTemplate\":\"https:\/\/www.africa-press.net\/benin\/?s={search_term_string}\"},\"query-input\":{\"@type\":\"PropertyValueSpecification\",\"valueRequired\":true,\"valueName\":\"search_term_string\"}}],\"inLanguage\":\"fr-FR\"},{\"@type\":\"Person\",\"@id\":\"https:\/\/www.africa-press.net\/benin\/#\/schema\/person\/2b1cf3cd81a31e3cd26889ca66d677f1\",\"name\":\"cfeditorfr\"}]}<\/script>\n<!-- \/ Yoast SEO Premium plugin. -->","yoast_head_json":{"title":"B\u00e9nin: Bertin Koovi officialise son appartenance au parti Bloc R\u00e9publicain - B\u00e9nin","description":"Le pr\u00e9sident de l\u2019Alliance Iroko, Bertin Koovi annonc\u00e9 il y a quelques mois au sein du parti Bloc R\u00e9publicain a finaleme ...","robots":{"index":"index","follow":"follow","max-snippet":"max-snippet:-1","max-image-preview":"max-image-preview:large","max-video-preview":"max-video-preview:-1"},"canonical":"https:\/\/www.africa-press.net\/benin\/politique\/benin-bertin-koovi-officialise-son-appartenance-au-parti-bloc-republicain","og_locale":"fr_FR","og_type":"article","og_title":"B\u00e9nin: Bertin Koovi officialise son appartenance au parti Bloc R\u00e9publicain","og_description":"Le pr\u00e9sident de l\u2019Alliance Iroko, Bertin Koovi annonc\u00e9 il y a quelques mois au sein du parti Bloc R\u00e9publicain a finaleme ...","og_url":"https:\/\/www.africa-press.net\/benin\/politique\/benin-bertin-koovi-officialise-son-appartenance-au-parti-bloc-republicain","og_site_name":"B\u00e9nin","article_published_time":"2022-08-26T17:46:18+00:00","article_modified_time":"2022-08-26T18:00:44+00:00","og_image":[{"width":1500,"height":800,"url":"https:\/\/static.africa-press.net\/benin\/sites\/46\/2022\/08\/postQueueImg_21-63090a2d23915.jpg","type":"image\/jpeg"}],"author":"cfeditorfr","twitter_card":"summary_large_image","twitter_misc":{"\u00c9crit par":"cfeditorfr","Dur\u00e9e de lecture estim\u00e9e":"2 minutes"},"schema":{"@context":"https:\/\/schema.org","@graph":[{"@type":"Article","@id":"https:\/\/www.africa-press.net\/benin\/politique\/benin-bertin-koovi-officialise-son-appartenance-au-parti-bloc-republicain#article","isPartOf":{"@id":"https:\/\/www.africa-press.net\/benin\/politique\/benin-bertin-koovi-officialise-son-appartenance-au-parti-bloc-republicain"},"author":{"name":"cfeditorfr","@id":"https:\/\/www.africa-press.net\/benin\/#\/schema\/person\/2b1cf3cd81a31e3cd26889ca66d677f1"},"headline":"B\u00e9nin: Bertin Koovi officialise son appartenance au parti Bloc R\u00e9publicain","datePublished":"2022-08-26T17:46:18+00:00","dateModified":"2022-08-26T18:00:44+00:00","mainEntityOfPage":{"@id":"https:\/\/www.africa-press.net\/benin\/politique\/benin-bertin-koovi-officialise-son-appartenance-au-parti-bloc-republicain"},"wordCount":314,"commentCount":0,"image":{"@id":"https:\/\/www.africa-press.net\/benin\/politique\/benin-bertin-koovi-officialise-son-appartenance-au-parti-bloc-republicain#primaryimage"},"thumbnailUrl":"https:\/\/static.africa-press.net\/benin\/sites\/46\/2022\/08\/postQueueImg_21-63090a2d23915.jpg","keywords":["Africa Press","Africa Press-Benin","B\u00e9nin"],"articleSection":["homepage-french","Politique","Toutes les actualit\u00e9s"],"inLanguage":"fr-FR","potentialAction":[{"@type":"CommentAction","name":"Comment","target":["https:\/\/www.africa-press.net\/benin\/politique\/benin-bertin-koovi-officialise-son-appartenance-au-parti-bloc-republicain#respond"]}]},{"@type":"WebPage","@id":"https:\/\/www.africa-press.net\/benin\/politique\/benin-bertin-koovi-officialise-son-appartenance-au-parti-bloc-republicain","url":"https:\/\/www.africa-press.net\/benin\/politique\/benin-bertin-koovi-officialise-son-appartenance-au-parti-bloc-republicain","name":"B\u00e9nin: Bertin Koovi officialise son appartenance au parti Bloc R\u00e9publicain - B\u00e9nin","isPartOf":{"@id":"https:\/\/www.africa-press.net\/benin\/#website"},"primaryImageOfPage":{"@id":"https:\/\/www.africa-press.net\/benin\/politique\/benin-bertin-koovi-officialise-son-appartenance-au-parti-bloc-republicain#primaryimage"},"image":{"@id":"https:\/\/www.africa-press.net\/benin\/politique\/benin-bertin-koovi-officialise-son-appartenance-au-parti-bloc-republicain#primaryimage"},"thumbnailUrl":"https:\/\/static.africa-press.net\/benin\/sites\/46\/2022\/08\/postQueueImg_21-63090a2d23915.jpg","datePublished":"2022-08-26T17:46:18+00:00","dateModified":"2022-08-26T18:00:44+00:00","author":{"@id":"https:\/\/www.africa-press.net\/benin\/#\/schema\/person\/2b1cf3cd81a31e3cd26889ca66d677f1"},"description":"Le pr\u00e9sident de l\u2019Alliance Iroko, Bertin Koovi annonc\u00e9 il y a quelques mois au sein du parti Bloc R\u00e9publicain a finaleme ...","breadcrumb":{"@id":"https:\/\/www.africa-press.net\/benin\/politique\/benin-bertin-koovi-officialise-son-appartenance-au-parti-bloc-republicain#breadcrumb"},"inLanguage":"fr-FR","potentialAction":[{"@type":"ReadAction","target":["https:\/\/www.africa-press.net\/benin\/politique\/benin-bertin-koovi-officialise-son-appartenance-au-parti-bloc-republicain"]}]},{"@type":"ImageObject","inLanguage":"fr-FR","@id":"https:\/\/www.africa-press.net\/benin\/politique\/benin-bertin-koovi-officialise-son-appartenance-au-parti-bloc-republicain#primaryimage","url":"https:\/\/static.africa-press.net\/benin\/sites\/46\/2022\/08\/postQueueImg_21-63090a2d23915.jpg","contentUrl":"https:\/\/static.africa-press.net\/benin\/sites\/46\/2022\/08\/postQueueImg_21-63090a2d23915.jpg","width":1500,"height":800,"caption":"B\u00e9nin: Bertin Koovi officialise son appartenance au parti Bloc R\u00e9publicain"},{"@type":"BreadcrumbList","@id":"https:\/\/www.africa-press.net\/benin\/politique\/benin-bertin-koovi-officialise-son-appartenance-au-parti-bloc-republicain#breadcrumb","itemListElement":[{"@type":"ListItem","position":1,"name":"Accueil","item":"https:\/\/www.africa-press.net\/benin\/"},{"@type":"ListItem","position":2,"name":"B\u00e9nin: Bertin Koovi officialise son appartenance au parti Bloc R\u00e9publicain"}]},{"@type":"WebSite","@id":"https:\/\/www.africa-press.net\/benin\/#website","url":"https:\/\/www.africa-press.net\/benin\/","name":"B\u00e9nin","description":"Just another Africa News Agency Sites site","potentialAction":[{"@type":"SearchAction","target":{"@type":"EntryPoint","urlTemplate":"https:\/\/www.africa-press.net\/benin\/?s={search_term_string}"},"query-input":{"@type":"PropertyValueSpecification","valueRequired":true,"valueName":"search_term_string"}}],"inLanguage":"fr-FR"},{"@type":"Person","@id":"https:\/\/www.africa-press.net\/benin\/#\/schema\/person\/2b1cf3cd81a31e3cd26889ca66d677f1","name":"cfeditorfr"}]}},"_links":{"self":[{"href":"https:\/\/www.africa-press.net\/benin\/wp-json\/wp\/v2\/posts\/8261","targetHints":{"allow":["GET"]}}],"collection":[{"href":"https:\/\/www.africa-press.net\/benin\/wp-json\/wp\/v2\/posts"}],"about":[{"href":"https:\/\/www.africa-press.net\/benin\/wp-json\/wp\/v2\/types\/post"}],"author":[{"embeddable":true,"href":"https:\/\/www.africa-press.net\/benin\/wp-json\/wp\/v2\/users\/82"}],"replies":[{"embeddable":true,"href":"https:\/\/www.africa-press.net\/benin\/wp-json\/wp\/v2\/comments?post=8261"}],"version-history":[{"count":0,"href":"https:\/\/www.africa-press.net\/benin\/wp-json\/wp\/v2\/posts\/8261\/revisions"}],"wp:featuredmedia":[{"embeddable":true,"href":"https:\/\/www.africa-press.net\/benin\/wp-json\/wp\/v2\/media\/8260"}],"wp:attachment":[{"href":"https:\/\/www.africa-press.net\/benin\/wp-json\/wp\/v2\/media?parent=8261"}],"wp:term":[{"taxonomy":"category","embeddable":true,"href":"https:\/\/www.africa-press.net\/benin\/wp-json\/wp\/v2\/categories?post=8261"},{"taxonomy":"post_tag","embeddable":true,"href":"https:\/\/www.africa-press.net\/benin\/wp-json\/wp\/v2\/tags?post=8261"}],"curies":[{"name":"wp","href":"https:\/\/api.w.org\/{rel}","templated":true}]}}