{"id":8264,"date":"2022-08-26T17:46:26","date_gmt":"2022-08-26T17:46:26","guid":{"rendered":"https:\/\/www.africa-press.net\/benin\/politique\/benin-cette-demande-du-recteur-felicien-avlessi-au-mediateur-de-la-republique"},"modified":"2022-08-26T18:01:12","modified_gmt":"2022-08-26T18:01:12","slug":"benin-cette-demande-du-recteur-felicien-avlessi-au-mediateur-de-la-republique","status":"publish","type":"post","link":"https:\/\/www.africa-press.net\/benin\/politique\/benin-cette-demande-du-recteur-felicien-avlessi-au-mediateur-de-la-republique","title":{"rendered":"B\u00e9nin: cette demande du recteur F\u00e9licien Avl\u00e9ssi au m\u00e9diateur de la R\u00e9publique"},"content":{"rendered":"<p><span style=\"color: #ff6600\"><strong>Africa-Press &#8211; Benin. <\/strong><\/span>Le m\u00e9diateur de la R\u00e9publique a re\u00e7u ce jeudi 25 Ao\u00fbt 2022, le recteur de l\u2019universit\u00e9 d\u2019Abomey Calavi, le professeur F\u00e9licien Avl\u00e9ssi. A l\u2019issue de l\u2019audience, l\u2019autorit\u00e9 rectorale a plaid\u00e9 pour que l\u2019institution soit d\u00e9voil\u00e9e aux \u00e9tudiants.<\/p>\n<p>Le recteur de l\u2019universit\u00e9 d\u2019Abomey calavi s\u2019est rendu hier jeudi au cabinet du m\u00e9diateur de la R\u00e9publique, Pascal Essou. Des actions communes \u00e0 mener pour faire connaitre l\u2019institution aux \u00e9tudiants du campus universitaire d\u2019Abomey Calavi \u00e9taient au c\u0153ur des \u00e9changes.<\/p>\n<p>\u00ab <b>On a parl\u00e9 de l\u2019institution. Comment faire pour \u00e9tablir une relation, un accord de partenariat entre l\u2019institution et l\u2019universit\u00e9 d\u2019Abomey Calavi. Il a attir\u00e9 notre attention sur le fait que beaucoup ne connaissent pas l\u2019institution<\/b>\u00ab , a confi\u00e9 le professeur F\u00e9licien Avl\u00e9ssi au terme de l\u2019audience avec le m\u00e9diateur de la R\u00e9publique.<\/p>\n<p>Pour le recteur F\u00e9licien Avl\u00e9ssi, il est important que le m\u00e9diateur et une partie de son cabinet se d\u00e9placent vers la communaut\u00e9 universitaire pour des \u00e9changes de compr\u00e9hension mutuels afin que le r\u00f4le que joue l\u2019institution soit mieux per\u00e7u par les \u00e9tudiants.<\/p>\n<p>Le m\u00e9diateur de la R\u00e9publique a profit\u00e9 de l\u2019audience pour partager avec son h\u00f4te les conflits qui lui parviennent par moments du centre universitaire. Il s\u2019agit la plupart du temps, des conflits li\u00e9s au retard dans la d\u00e9livrance d\u2019une attestation ou d\u2019un dipl\u00f4me ou le retard de soutenance du fait des caprices d\u2019un enseignant.<\/p>\n<p>Cette rencontre entre le m\u00e9diateur de la R\u00e9publique et le recteur de l\u2019universit\u00e9 d\u2019Abomey Calavi va donc aboutir \u00e0 un accord qui permettra aux \u00e9tudiants d\u2019\u00eatre suffisamment \u00e9clair\u00e9s sur le r\u00f4le jou\u00e9 par cette institution au sein de la R\u00e9publique.<\/p>\n<p><strong>Pour plus d&rsquo;informations et d&rsquo;analyses sur la <a href=\"https:\/\/www.africa-press.net\/benin\">Benin<\/a>, suivez <a href=\"https:\/\/www.africa-press.net\/\">Africa-Press<\/a><\/strong><\/p>\n","protected":false},"excerpt":{"rendered":"<p>Africa-Press &#8211; Benin. Le m\u00e9diateur de la R\u00e9publique a re\u00e7u ce jeudi 25 Ao\u00fbt 2022, le recteur de l\u2019universit\u00e9 d\u2019Abomey Calavi, le professeur F\u00e9licien Avl\u00e9ssi. A l\u2019issue de l\u2019audience, l\u2019autorit\u00e9 rectorale a plaid\u00e9 pour que l\u2019institution soit d\u00e9voil\u00e9e aux \u00e9tudiants. Le recteur de l\u2019universit\u00e9 d\u2019Abomey calavi s\u2019est rendu hier jeudi au cabinet du m\u00e9diateur de [&hellip;]<\/p>\n","protected":false},"author":82,"featured_media":8263,"comment_status":"open","ping_status":"closed","sticky":false,"template":"","format":"standard","meta":{"footnotes":""},"categories":[11,2,10],"tags":[36,50,45],"class_list":["post-8264","post","type-post","status-publish","format-standard","has-post-thumbnail","hentry","category-homepage-french","category-politique","category-toutes-les-actualites","tag-africa-press","tag-africa-press-benin","tag-benin"],"yoast_head":"<!-- This site is optimized with the Yoast SEO Premium plugin v26.1 (Yoast SEO v27.0) - https:\/\/yoast.com\/product\/yoast-seo-premium-wordpress\/ -->\n<title>B\u00e9nin: cette demande du recteur F\u00e9licien Avl\u00e9ssi au m\u00e9diateur de la R\u00e9publique - B\u00e9nin<\/title>\n<meta name=\"description\" content=\"Le m\u00e9diateur de la R\u00e9publique a re\u00e7u ce jeudi 25 Ao\u00fbt 2022, le recteur de l\u2019universit\u00e9 d\u2019Abomey Calavi, le professeur F\u00e9 ...\" \/>\n<meta name=\"robots\" content=\"index, follow, max-snippet:-1, max-image-preview:large, max-video-preview:-1\" \/>\n<link rel=\"canonical\" href=\"https:\/\/www.africa-press.net\/benin\/politique\/benin-cette-demande-du-recteur-felicien-avlessi-au-mediateur-de-la-republique\" \/>\n<meta property=\"og:locale\" content=\"fr_FR\" \/>\n<meta property=\"og:type\" content=\"article\" \/>\n<meta property=\"og:title\" content=\"B\u00e9nin: cette demande du recteur F\u00e9licien Avl\u00e9ssi au m\u00e9diateur de la R\u00e9publique\" \/>\n<meta property=\"og:description\" content=\"Le m\u00e9diateur de la R\u00e9publique a re\u00e7u ce jeudi 25 Ao\u00fbt 2022, le recteur de l\u2019universit\u00e9 d\u2019Abomey Calavi, le professeur F\u00e9 ...\" \/>\n<meta property=\"og:url\" content=\"https:\/\/www.africa-press.net\/benin\/politique\/benin-cette-demande-du-recteur-felicien-avlessi-au-mediateur-de-la-republique\" \/>\n<meta property=\"og:site_name\" content=\"B\u00e9nin\" \/>\n<meta property=\"article:published_time\" content=\"2022-08-26T17:46:26+00:00\" \/>\n<meta property=\"article:modified_time\" content=\"2022-08-26T18:01:12+00:00\" \/>\n<meta property=\"og:image\" content=\"https:\/\/static.africa-press.net\/benin\/sites\/46\/2022\/08\/postQueueImg_22-63090a53024d4.jpg\" \/>\n\t<meta property=\"og:image:width\" content=\"1024\" \/>\n\t<meta property=\"og:image:height\" content=\"554\" \/>\n\t<meta property=\"og:image:type\" content=\"image\/jpeg\" \/>\n<meta name=\"author\" content=\"cfeditorfr\" \/>\n<meta name=\"twitter:card\" content=\"summary_large_image\" \/>\n<meta name=\"twitter:label1\" content=\"\u00c9crit par\" \/>\n\t<meta name=\"twitter:data1\" content=\"cfeditorfr\" \/>\n\t<meta name=\"twitter:label2\" content=\"Dur\u00e9e de lecture estim\u00e9e\" \/>\n\t<meta name=\"twitter:data2\" content=\"2 minutes\" \/>\n<script type=\"application\/ld+json\" class=\"yoast-schema-graph\">{\"@context\":\"https:\/\/schema.org\",\"@graph\":[{\"@type\":\"Article\",\"@id\":\"https:\/\/www.africa-press.net\/benin\/politique\/benin-cette-demande-du-recteur-felicien-avlessi-au-mediateur-de-la-republique#article\",\"isPartOf\":{\"@id\":\"https:\/\/www.africa-press.net\/benin\/politique\/benin-cette-demande-du-recteur-felicien-avlessi-au-mediateur-de-la-republique\"},\"author\":{\"name\":\"cfeditorfr\",\"@id\":\"https:\/\/www.africa-press.net\/benin\/#\/schema\/person\/2b1cf3cd81a31e3cd26889ca66d677f1\"},\"headline\":\"B\u00e9nin: cette demande du recteur F\u00e9licien Avl\u00e9ssi au m\u00e9diateur de la R\u00e9publique\",\"datePublished\":\"2022-08-26T17:46:26+00:00\",\"dateModified\":\"2022-08-26T18:01:12+00:00\",\"mainEntityOfPage\":{\"@id\":\"https:\/\/www.africa-press.net\/benin\/politique\/benin-cette-demande-du-recteur-felicien-avlessi-au-mediateur-de-la-republique\"},\"wordCount\":351,\"commentCount\":0,\"image\":{\"@id\":\"https:\/\/www.africa-press.net\/benin\/politique\/benin-cette-demande-du-recteur-felicien-avlessi-au-mediateur-de-la-republique#primaryimage\"},\"thumbnailUrl\":\"https:\/\/static.africa-press.net\/benin\/sites\/46\/2022\/08\/postQueueImg_22-63090a53024d4.jpg\",\"keywords\":[\"Africa Press\",\"Africa Press-Benin\",\"B\u00e9nin\"],\"articleSection\":[\"homepage-french\",\"Politique\",\"Toutes les actualit\u00e9s\"],\"inLanguage\":\"fr-FR\",\"potentialAction\":[{\"@type\":\"CommentAction\",\"name\":\"Comment\",\"target\":[\"https:\/\/www.africa-press.net\/benin\/politique\/benin-cette-demande-du-recteur-felicien-avlessi-au-mediateur-de-la-republique#respond\"]}]},{\"@type\":\"WebPage\",\"@id\":\"https:\/\/www.africa-press.net\/benin\/politique\/benin-cette-demande-du-recteur-felicien-avlessi-au-mediateur-de-la-republique\",\"url\":\"https:\/\/www.africa-press.net\/benin\/politique\/benin-cette-demande-du-recteur-felicien-avlessi-au-mediateur-de-la-republique\",\"name\":\"B\u00e9nin: cette demande du recteur F\u00e9licien Avl\u00e9ssi au m\u00e9diateur de la R\u00e9publique - B\u00e9nin\",\"isPartOf\":{\"@id\":\"https:\/\/www.africa-press.net\/benin\/#website\"},\"primaryImageOfPage\":{\"@id\":\"https:\/\/www.africa-press.net\/benin\/politique\/benin-cette-demande-du-recteur-felicien-avlessi-au-mediateur-de-la-republique#primaryimage\"},\"image\":{\"@id\":\"https:\/\/www.africa-press.net\/benin\/politique\/benin-cette-demande-du-recteur-felicien-avlessi-au-mediateur-de-la-republique#primaryimage\"},\"thumbnailUrl\":\"https:\/\/static.africa-press.net\/benin\/sites\/46\/2022\/08\/postQueueImg_22-63090a53024d4.jpg\",\"datePublished\":\"2022-08-26T17:46:26+00:00\",\"dateModified\":\"2022-08-26T18:01:12+00:00\",\"author\":{\"@id\":\"https:\/\/www.africa-press.net\/benin\/#\/schema\/person\/2b1cf3cd81a31e3cd26889ca66d677f1\"},\"description\":\"Le m\u00e9diateur de la R\u00e9publique a re\u00e7u ce jeudi 25 Ao\u00fbt 2022, le recteur de l\u2019universit\u00e9 d\u2019Abomey Calavi, le professeur F\u00e9 ...\",\"breadcrumb\":{\"@id\":\"https:\/\/www.africa-press.net\/benin\/politique\/benin-cette-demande-du-recteur-felicien-avlessi-au-mediateur-de-la-republique#breadcrumb\"},\"inLanguage\":\"fr-FR\",\"potentialAction\":[{\"@type\":\"ReadAction\",\"target\":[\"https:\/\/www.africa-press.net\/benin\/politique\/benin-cette-demande-du-recteur-felicien-avlessi-au-mediateur-de-la-republique\"]}]},{\"@type\":\"ImageObject\",\"inLanguage\":\"fr-FR\",\"@id\":\"https:\/\/www.africa-press.net\/benin\/politique\/benin-cette-demande-du-recteur-felicien-avlessi-au-mediateur-de-la-republique#primaryimage\",\"url\":\"https:\/\/static.africa-press.net\/benin\/sites\/46\/2022\/08\/postQueueImg_22-63090a53024d4.jpg\",\"contentUrl\":\"https:\/\/static.africa-press.net\/benin\/sites\/46\/2022\/08\/postQueueImg_22-63090a53024d4.jpg\",\"width\":1024,\"height\":554,\"caption\":\"B\u00e9nin: cette demande du recteur F\u00e9licien Avl\u00e9ssi au m\u00e9diateur de la R\u00e9publique\"},{\"@type\":\"BreadcrumbList\",\"@id\":\"https:\/\/www.africa-press.net\/benin\/politique\/benin-cette-demande-du-recteur-felicien-avlessi-au-mediateur-de-la-republique#breadcrumb\",\"itemListElement\":[{\"@type\":\"ListItem\",\"position\":1,\"name\":\"Accueil\",\"item\":\"https:\/\/www.africa-press.net\/benin\/\"},{\"@type\":\"ListItem\",\"position\":2,\"name\":\"B\u00e9nin: cette demande du recteur F\u00e9licien Avl\u00e9ssi au m\u00e9diateur de la R\u00e9publique\"}]},{\"@type\":\"WebSite\",\"@id\":\"https:\/\/www.africa-press.net\/benin\/#website\",\"url\":\"https:\/\/www.africa-press.net\/benin\/\",\"name\":\"B\u00e9nin\",\"description\":\"Just another Africa News Agency Sites site\",\"potentialAction\":[{\"@type\":\"SearchAction\",\"target\":{\"@type\":\"EntryPoint\",\"urlTemplate\":\"https:\/\/www.africa-press.net\/benin\/?s={search_term_string}\"},\"query-input\":{\"@type\":\"PropertyValueSpecification\",\"valueRequired\":true,\"valueName\":\"search_term_string\"}}],\"inLanguage\":\"fr-FR\"},{\"@type\":\"Person\",\"@id\":\"https:\/\/www.africa-press.net\/benin\/#\/schema\/person\/2b1cf3cd81a31e3cd26889ca66d677f1\",\"name\":\"cfeditorfr\"}]}<\/script>\n<!-- \/ Yoast SEO Premium plugin. -->","yoast_head_json":{"title":"B\u00e9nin: cette demande du recteur F\u00e9licien Avl\u00e9ssi au m\u00e9diateur de la R\u00e9publique - B\u00e9nin","description":"Le m\u00e9diateur de la R\u00e9publique a re\u00e7u ce jeudi 25 Ao\u00fbt 2022, le recteur de l\u2019universit\u00e9 d\u2019Abomey Calavi, le professeur F\u00e9 ...","robots":{"index":"index","follow":"follow","max-snippet":"max-snippet:-1","max-image-preview":"max-image-preview:large","max-video-preview":"max-video-preview:-1"},"canonical":"https:\/\/www.africa-press.net\/benin\/politique\/benin-cette-demande-du-recteur-felicien-avlessi-au-mediateur-de-la-republique","og_locale":"fr_FR","og_type":"article","og_title":"B\u00e9nin: cette demande du recteur F\u00e9licien Avl\u00e9ssi au m\u00e9diateur de la R\u00e9publique","og_description":"Le m\u00e9diateur de la R\u00e9publique a re\u00e7u ce jeudi 25 Ao\u00fbt 2022, le recteur de l\u2019universit\u00e9 d\u2019Abomey Calavi, le professeur F\u00e9 ...","og_url":"https:\/\/www.africa-press.net\/benin\/politique\/benin-cette-demande-du-recteur-felicien-avlessi-au-mediateur-de-la-republique","og_site_name":"B\u00e9nin","article_published_time":"2022-08-26T17:46:26+00:00","article_modified_time":"2022-08-26T18:01:12+00:00","og_image":[{"width":1024,"height":554,"url":"https:\/\/static.africa-press.net\/benin\/sites\/46\/2022\/08\/postQueueImg_22-63090a53024d4.jpg","type":"image\/jpeg"}],"author":"cfeditorfr","twitter_card":"summary_large_image","twitter_misc":{"\u00c9crit par":"cfeditorfr","Dur\u00e9e de lecture estim\u00e9e":"2 minutes"},"schema":{"@context":"https:\/\/schema.org","@graph":[{"@type":"Article","@id":"https:\/\/www.africa-press.net\/benin\/politique\/benin-cette-demande-du-recteur-felicien-avlessi-au-mediateur-de-la-republique#article","isPartOf":{"@id":"https:\/\/www.africa-press.net\/benin\/politique\/benin-cette-demande-du-recteur-felicien-avlessi-au-mediateur-de-la-republique"},"author":{"name":"cfeditorfr","@id":"https:\/\/www.africa-press.net\/benin\/#\/schema\/person\/2b1cf3cd81a31e3cd26889ca66d677f1"},"headline":"B\u00e9nin: cette demande du recteur F\u00e9licien Avl\u00e9ssi au m\u00e9diateur de la R\u00e9publique","datePublished":"2022-08-26T17:46:26+00:00","dateModified":"2022-08-26T18:01:12+00:00","mainEntityOfPage":{"@id":"https:\/\/www.africa-press.net\/benin\/politique\/benin-cette-demande-du-recteur-felicien-avlessi-au-mediateur-de-la-republique"},"wordCount":351,"commentCount":0,"image":{"@id":"https:\/\/www.africa-press.net\/benin\/politique\/benin-cette-demande-du-recteur-felicien-avlessi-au-mediateur-de-la-republique#primaryimage"},"thumbnailUrl":"https:\/\/static.africa-press.net\/benin\/sites\/46\/2022\/08\/postQueueImg_22-63090a53024d4.jpg","keywords":["Africa Press","Africa Press-Benin","B\u00e9nin"],"articleSection":["homepage-french","Politique","Toutes les actualit\u00e9s"],"inLanguage":"fr-FR","potentialAction":[{"@type":"CommentAction","name":"Comment","target":["https:\/\/www.africa-press.net\/benin\/politique\/benin-cette-demande-du-recteur-felicien-avlessi-au-mediateur-de-la-republique#respond"]}]},{"@type":"WebPage","@id":"https:\/\/www.africa-press.net\/benin\/politique\/benin-cette-demande-du-recteur-felicien-avlessi-au-mediateur-de-la-republique","url":"https:\/\/www.africa-press.net\/benin\/politique\/benin-cette-demande-du-recteur-felicien-avlessi-au-mediateur-de-la-republique","name":"B\u00e9nin: cette demande du recteur F\u00e9licien Avl\u00e9ssi au m\u00e9diateur de la R\u00e9publique - B\u00e9nin","isPartOf":{"@id":"https:\/\/www.africa-press.net\/benin\/#website"},"primaryImageOfPage":{"@id":"https:\/\/www.africa-press.net\/benin\/politique\/benin-cette-demande-du-recteur-felicien-avlessi-au-mediateur-de-la-republique#primaryimage"},"image":{"@id":"https:\/\/www.africa-press.net\/benin\/politique\/benin-cette-demande-du-recteur-felicien-avlessi-au-mediateur-de-la-republique#primaryimage"},"thumbnailUrl":"https:\/\/static.africa-press.net\/benin\/sites\/46\/2022\/08\/postQueueImg_22-63090a53024d4.jpg","datePublished":"2022-08-26T17:46:26+00:00","dateModified":"2022-08-26T18:01:12+00:00","author":{"@id":"https:\/\/www.africa-press.net\/benin\/#\/schema\/person\/2b1cf3cd81a31e3cd26889ca66d677f1"},"description":"Le m\u00e9diateur de la R\u00e9publique a re\u00e7u ce jeudi 25 Ao\u00fbt 2022, le recteur de l\u2019universit\u00e9 d\u2019Abomey Calavi, le professeur F\u00e9 ...","breadcrumb":{"@id":"https:\/\/www.africa-press.net\/benin\/politique\/benin-cette-demande-du-recteur-felicien-avlessi-au-mediateur-de-la-republique#breadcrumb"},"inLanguage":"fr-FR","potentialAction":[{"@type":"ReadAction","target":["https:\/\/www.africa-press.net\/benin\/politique\/benin-cette-demande-du-recteur-felicien-avlessi-au-mediateur-de-la-republique"]}]},{"@type":"ImageObject","inLanguage":"fr-FR","@id":"https:\/\/www.africa-press.net\/benin\/politique\/benin-cette-demande-du-recteur-felicien-avlessi-au-mediateur-de-la-republique#primaryimage","url":"https:\/\/static.africa-press.net\/benin\/sites\/46\/2022\/08\/postQueueImg_22-63090a53024d4.jpg","contentUrl":"https:\/\/static.africa-press.net\/benin\/sites\/46\/2022\/08\/postQueueImg_22-63090a53024d4.jpg","width":1024,"height":554,"caption":"B\u00e9nin: cette demande du recteur F\u00e9licien Avl\u00e9ssi au m\u00e9diateur de la R\u00e9publique"},{"@type":"BreadcrumbList","@id":"https:\/\/www.africa-press.net\/benin\/politique\/benin-cette-demande-du-recteur-felicien-avlessi-au-mediateur-de-la-republique#breadcrumb","itemListElement":[{"@type":"ListItem","position":1,"name":"Accueil","item":"https:\/\/www.africa-press.net\/benin\/"},{"@type":"ListItem","position":2,"name":"B\u00e9nin: cette demande du recteur F\u00e9licien Avl\u00e9ssi au m\u00e9diateur de la R\u00e9publique"}]},{"@type":"WebSite","@id":"https:\/\/www.africa-press.net\/benin\/#website","url":"https:\/\/www.africa-press.net\/benin\/","name":"B\u00e9nin","description":"Just another Africa News Agency Sites site","potentialAction":[{"@type":"SearchAction","target":{"@type":"EntryPoint","urlTemplate":"https:\/\/www.africa-press.net\/benin\/?s={search_term_string}"},"query-input":{"@type":"PropertyValueSpecification","valueRequired":true,"valueName":"search_term_string"}}],"inLanguage":"fr-FR"},{"@type":"Person","@id":"https:\/\/www.africa-press.net\/benin\/#\/schema\/person\/2b1cf3cd81a31e3cd26889ca66d677f1","name":"cfeditorfr"}]}},"_links":{"self":[{"href":"https:\/\/www.africa-press.net\/benin\/wp-json\/wp\/v2\/posts\/8264","targetHints":{"allow":["GET"]}}],"collection":[{"href":"https:\/\/www.africa-press.net\/benin\/wp-json\/wp\/v2\/posts"}],"about":[{"href":"https:\/\/www.africa-press.net\/benin\/wp-json\/wp\/v2\/types\/post"}],"author":[{"embeddable":true,"href":"https:\/\/www.africa-press.net\/benin\/wp-json\/wp\/v2\/users\/82"}],"replies":[{"embeddable":true,"href":"https:\/\/www.africa-press.net\/benin\/wp-json\/wp\/v2\/comments?post=8264"}],"version-history":[{"count":0,"href":"https:\/\/www.africa-press.net\/benin\/wp-json\/wp\/v2\/posts\/8264\/revisions"}],"wp:featuredmedia":[{"embeddable":true,"href":"https:\/\/www.africa-press.net\/benin\/wp-json\/wp\/v2\/media\/8263"}],"wp:attachment":[{"href":"https:\/\/www.africa-press.net\/benin\/wp-json\/wp\/v2\/media?parent=8264"}],"wp:term":[{"taxonomy":"category","embeddable":true,"href":"https:\/\/www.africa-press.net\/benin\/wp-json\/wp\/v2\/categories?post=8264"},{"taxonomy":"post_tag","embeddable":true,"href":"https:\/\/www.africa-press.net\/benin\/wp-json\/wp\/v2\/tags?post=8264"}],"curies":[{"name":"wp","href":"https:\/\/api.w.org\/{rel}","templated":true}]}}