{"id":8267,"date":"2022-08-26T17:46:35","date_gmt":"2022-08-26T17:46:35","guid":{"rendered":"https:\/\/www.africa-press.net\/benin\/politique\/animation-de-la-classe-politique-moele-benin-initie-des-echanges-bi-hebdomadaires"},"modified":"2022-08-26T18:01:41","modified_gmt":"2022-08-26T18:01:41","slug":"animation-de-la-classe-politique-moele-benin-initie-des-echanges-bi-hebdomadaires","status":"publish","type":"post","link":"https:\/\/www.africa-press.net\/benin\/politique\/animation-de-la-classe-politique-moele-benin-initie-des-echanges-bi-hebdomadaires","title":{"rendered":"Animation de la classe politique: Moele-B\u00e9nin initie des \u00e9changes bi-hebdomadaires"},"content":{"rendered":"<p><span style=\"color: #ff6600\"><strong>Africa-Press &#8211; Benin. <\/strong><\/span>Le Parti Mouvement des \u00c9lites Engag\u00e9es pour l\u2019\u00c9mancipation du B\u00e9nin (<b>MOELE<\/b>\u2013<b>BENIN<\/b>) se prononcera davantage sur l\u2019actualit\u00e9 du pays. Le parti de Jacques Ayadji vient d\u2019initier \u00e0 l\u2019endroit des militants et du peuple b\u00e9ninois, un creuset d\u2019\u00e9changes sur la vie du pays.<\/p>\n<p>L\u2019une des missions assign\u00e9es aux partis politiques par la constitution du B\u00e9nin est l\u2019animation de la vie politique. Cette mission, le Parti Mouvement des \u00c9lites Engag\u00e9es pour l\u2019\u00c9mancipation du B\u00e9nin (<b>MOELE<\/b>\u2013<b>BENIN<\/b>) de Jacques Ayadji entend d\u00e9sormais l\u2019assumer pleinement.<\/p>\n<p>Dans cette perspective, le parti vie de cr\u00e9er un cadre d\u2019\u00e9changes qui sera d\u00e9sormais un lieu de rendez-vous entre les responsables du parti, leurs militants et l\u2019ensemble du peuple b\u00e9ninois. La page Facebook officielle du parti est la plateforme retenue par les responsables pour des \u00e9changes fructueux avec les filles et fils du pays.<\/p>\n<p>Ce rendez-vous d\u2019\u00e9change sur l\u2019actualit\u00e9 nationale aura lieu les mercredis par quinzaine de 15 heures \u00e0 16 heures. D\u00e9nomm\u00e9 \u00ab Kanx\u00f4bi\u00f4 \u00bb c\u2019est-\u00e0-dire \u00ab poses tes questions \u00bb, ce rendez-vous d\u2019\u00e9changes permettra aux responsables du Parti Mouvement des \u00c9lites Engag\u00e9es pour l\u2019\u00c9mancipation du B\u00e9nin (<b>MOELE<\/b>\u2013<b>BENIN<\/b>) de se pr\u00eater \u00e0 toutes les questions de leurs militants et des internautes.<\/p>\n<p>Il s\u2019agit d\u2019un creuset qui permet au parti Moel6b\u00e9nin de donner d\u00e9sormais son avis sur les sujets de grandes pr\u00e9occupations nationales et sur la gouvernance du pays sous le r\u00e9gime du pr\u00e9sident Patrice Talon.<\/p>\n<p>Cr\u00e9\u00e9 en juillet 2018 \u00e0 Awaya sur les collines de Dassa-Zoum\u00e8, le Parti Mouvement des \u00c9lites Engag\u00e9es pour l\u2019\u00c9mancipation du B\u00e9nin (MOELE-BENIN) a pour vision \u00ab Construire un B\u00e9nin plus uni, plus fort, solidaire et prosp\u00e8re \u00bb. Le parti est dirig\u00e9 par un Bureau Politique National dont l\u2019actuel pr\u00e9sident est l\u2019ex syndicaliste Jacques AYADJI.<\/p>\n<p><strong>Pour plus d&rsquo;informations et d&rsquo;analyses sur la <a href=\"https:\/\/www.africa-press.net\/benin\">Benin<\/a>, suivez <a href=\"https:\/\/www.africa-press.net\/\">Africa-Press<\/a><\/strong><\/p>\n","protected":false},"excerpt":{"rendered":"<p>Africa-Press &#8211; Benin. Le Parti Mouvement des \u00c9lites Engag\u00e9es pour l\u2019\u00c9mancipation du B\u00e9nin (MOELE\u2013BENIN) se prononcera davantage sur l\u2019actualit\u00e9 du pays. Le parti de Jacques Ayadji vient d\u2019initier \u00e0 l\u2019endroit des militants et du peuple b\u00e9ninois, un creuset d\u2019\u00e9changes sur la vie du pays. L\u2019une des missions assign\u00e9es aux partis politiques par la constitution du [&hellip;]<\/p>\n","protected":false},"author":82,"featured_media":8266,"comment_status":"open","ping_status":"closed","sticky":false,"template":"","format":"standard","meta":{"footnotes":""},"categories":[11,2,10],"tags":[36,50,45],"class_list":["post-8267","post","type-post","status-publish","format-standard","has-post-thumbnail","hentry","category-homepage-french","category-politique","category-toutes-les-actualites","tag-africa-press","tag-africa-press-benin","tag-benin"],"yoast_head":"<!-- This site is optimized with the Yoast SEO Premium plugin v26.1 (Yoast SEO v27.0) - https:\/\/yoast.com\/product\/yoast-seo-premium-wordpress\/ -->\n<title>Animation de la classe politique: Moele-B\u00e9nin initie des \u00e9changes bi-hebdomadaires - B\u00e9nin<\/title>\n<meta name=\"description\" content=\"Le Parti Mouvement des \u00c9lites Engag\u00e9es pour l\u2019\u00c9mancipation du B\u00e9nin (MOELE\u2013BENIN) se prononcera davantage ...\" \/>\n<meta name=\"robots\" content=\"index, follow, max-snippet:-1, max-image-preview:large, max-video-preview:-1\" \/>\n<link rel=\"canonical\" href=\"https:\/\/www.africa-press.net\/benin\/politique\/animation-de-la-classe-politique-moele-benin-initie-des-echanges-bi-hebdomadaires\" \/>\n<meta property=\"og:locale\" content=\"fr_FR\" \/>\n<meta property=\"og:type\" content=\"article\" \/>\n<meta property=\"og:title\" content=\"Animation de la classe politique: Moele-B\u00e9nin initie des \u00e9changes bi-hebdomadaires\" \/>\n<meta property=\"og:description\" content=\"Le Parti Mouvement des \u00c9lites Engag\u00e9es pour l\u2019\u00c9mancipation du B\u00e9nin (MOELE\u2013BENIN) se prononcera davantage ...\" \/>\n<meta property=\"og:url\" content=\"https:\/\/www.africa-press.net\/benin\/politique\/animation-de-la-classe-politique-moele-benin-initie-des-echanges-bi-hebdomadaires\" \/>\n<meta property=\"og:site_name\" content=\"B\u00e9nin\" \/>\n<meta property=\"article:published_time\" content=\"2022-08-26T17:46:35+00:00\" \/>\n<meta property=\"article:modified_time\" content=\"2022-08-26T18:01:41+00:00\" \/>\n<meta property=\"og:image\" content=\"https:\/\/static.africa-press.net\/benin\/sites\/46\/2022\/08\/postQueueImg_23-63090a6dbaf85.jpg\" \/>\n\t<meta property=\"og:image:width\" content=\"1200\" \/>\n\t<meta property=\"og:image:height\" content=\"675\" \/>\n\t<meta property=\"og:image:type\" content=\"image\/jpeg\" \/>\n<meta name=\"author\" content=\"cfeditorfr\" \/>\n<meta name=\"twitter:card\" content=\"summary_large_image\" \/>\n<meta name=\"twitter:label1\" content=\"\u00c9crit par\" \/>\n\t<meta name=\"twitter:data1\" content=\"cfeditorfr\" \/>\n\t<meta name=\"twitter:label2\" content=\"Dur\u00e9e de lecture estim\u00e9e\" \/>\n\t<meta name=\"twitter:data2\" content=\"2 minutes\" \/>\n<script type=\"application\/ld+json\" class=\"yoast-schema-graph\">{\"@context\":\"https:\/\/schema.org\",\"@graph\":[{\"@type\":\"Article\",\"@id\":\"https:\/\/www.africa-press.net\/benin\/politique\/animation-de-la-classe-politique-moele-benin-initie-des-echanges-bi-hebdomadaires#article\",\"isPartOf\":{\"@id\":\"https:\/\/www.africa-press.net\/benin\/politique\/animation-de-la-classe-politique-moele-benin-initie-des-echanges-bi-hebdomadaires\"},\"author\":{\"name\":\"cfeditorfr\",\"@id\":\"https:\/\/www.africa-press.net\/benin\/#\/schema\/person\/2b1cf3cd81a31e3cd26889ca66d677f1\"},\"headline\":\"Animation de la classe politique: Moele-B\u00e9nin initie des \u00e9changes bi-hebdomadaires\",\"datePublished\":\"2022-08-26T17:46:35+00:00\",\"dateModified\":\"2022-08-26T18:01:41+00:00\",\"mainEntityOfPage\":{\"@id\":\"https:\/\/www.africa-press.net\/benin\/politique\/animation-de-la-classe-politique-moele-benin-initie-des-echanges-bi-hebdomadaires\"},\"wordCount\":344,\"commentCount\":0,\"image\":{\"@id\":\"https:\/\/www.africa-press.net\/benin\/politique\/animation-de-la-classe-politique-moele-benin-initie-des-echanges-bi-hebdomadaires#primaryimage\"},\"thumbnailUrl\":\"https:\/\/static.africa-press.net\/benin\/sites\/46\/2022\/08\/postQueueImg_23-63090a6dbaf85.jpg\",\"keywords\":[\"Africa Press\",\"Africa Press-Benin\",\"B\u00e9nin\"],\"articleSection\":[\"homepage-french\",\"Politique\",\"Toutes les actualit\u00e9s\"],\"inLanguage\":\"fr-FR\",\"potentialAction\":[{\"@type\":\"CommentAction\",\"name\":\"Comment\",\"target\":[\"https:\/\/www.africa-press.net\/benin\/politique\/animation-de-la-classe-politique-moele-benin-initie-des-echanges-bi-hebdomadaires#respond\"]}]},{\"@type\":\"WebPage\",\"@id\":\"https:\/\/www.africa-press.net\/benin\/politique\/animation-de-la-classe-politique-moele-benin-initie-des-echanges-bi-hebdomadaires\",\"url\":\"https:\/\/www.africa-press.net\/benin\/politique\/animation-de-la-classe-politique-moele-benin-initie-des-echanges-bi-hebdomadaires\",\"name\":\"Animation de la classe politique: Moele-B\u00e9nin initie des \u00e9changes bi-hebdomadaires - B\u00e9nin\",\"isPartOf\":{\"@id\":\"https:\/\/www.africa-press.net\/benin\/#website\"},\"primaryImageOfPage\":{\"@id\":\"https:\/\/www.africa-press.net\/benin\/politique\/animation-de-la-classe-politique-moele-benin-initie-des-echanges-bi-hebdomadaires#primaryimage\"},\"image\":{\"@id\":\"https:\/\/www.africa-press.net\/benin\/politique\/animation-de-la-classe-politique-moele-benin-initie-des-echanges-bi-hebdomadaires#primaryimage\"},\"thumbnailUrl\":\"https:\/\/static.africa-press.net\/benin\/sites\/46\/2022\/08\/postQueueImg_23-63090a6dbaf85.jpg\",\"datePublished\":\"2022-08-26T17:46:35+00:00\",\"dateModified\":\"2022-08-26T18:01:41+00:00\",\"author\":{\"@id\":\"https:\/\/www.africa-press.net\/benin\/#\/schema\/person\/2b1cf3cd81a31e3cd26889ca66d677f1\"},\"description\":\"Le Parti Mouvement des \u00c9lites Engag\u00e9es pour l\u2019\u00c9mancipation du B\u00e9nin (MOELE\u2013BENIN) se prononcera davantage ...\",\"breadcrumb\":{\"@id\":\"https:\/\/www.africa-press.net\/benin\/politique\/animation-de-la-classe-politique-moele-benin-initie-des-echanges-bi-hebdomadaires#breadcrumb\"},\"inLanguage\":\"fr-FR\",\"potentialAction\":[{\"@type\":\"ReadAction\",\"target\":[\"https:\/\/www.africa-press.net\/benin\/politique\/animation-de-la-classe-politique-moele-benin-initie-des-echanges-bi-hebdomadaires\"]}]},{\"@type\":\"ImageObject\",\"inLanguage\":\"fr-FR\",\"@id\":\"https:\/\/www.africa-press.net\/benin\/politique\/animation-de-la-classe-politique-moele-benin-initie-des-echanges-bi-hebdomadaires#primaryimage\",\"url\":\"https:\/\/static.africa-press.net\/benin\/sites\/46\/2022\/08\/postQueueImg_23-63090a6dbaf85.jpg\",\"contentUrl\":\"https:\/\/static.africa-press.net\/benin\/sites\/46\/2022\/08\/postQueueImg_23-63090a6dbaf85.jpg\",\"width\":1200,\"height\":675,\"caption\":\"Animation de la classe politique: Moele-B\u00e9nin initie des \u00e9changes bi-hebdomadaires\"},{\"@type\":\"BreadcrumbList\",\"@id\":\"https:\/\/www.africa-press.net\/benin\/politique\/animation-de-la-classe-politique-moele-benin-initie-des-echanges-bi-hebdomadaires#breadcrumb\",\"itemListElement\":[{\"@type\":\"ListItem\",\"position\":1,\"name\":\"Accueil\",\"item\":\"https:\/\/www.africa-press.net\/benin\/\"},{\"@type\":\"ListItem\",\"position\":2,\"name\":\"Animation de la classe politique: Moele-B\u00e9nin initie des \u00e9changes bi-hebdomadaires\"}]},{\"@type\":\"WebSite\",\"@id\":\"https:\/\/www.africa-press.net\/benin\/#website\",\"url\":\"https:\/\/www.africa-press.net\/benin\/\",\"name\":\"B\u00e9nin\",\"description\":\"Just another Africa News Agency Sites site\",\"potentialAction\":[{\"@type\":\"SearchAction\",\"target\":{\"@type\":\"EntryPoint\",\"urlTemplate\":\"https:\/\/www.africa-press.net\/benin\/?s={search_term_string}\"},\"query-input\":{\"@type\":\"PropertyValueSpecification\",\"valueRequired\":true,\"valueName\":\"search_term_string\"}}],\"inLanguage\":\"fr-FR\"},{\"@type\":\"Person\",\"@id\":\"https:\/\/www.africa-press.net\/benin\/#\/schema\/person\/2b1cf3cd81a31e3cd26889ca66d677f1\",\"name\":\"cfeditorfr\"}]}<\/script>\n<!-- \/ Yoast SEO Premium plugin. -->","yoast_head_json":{"title":"Animation de la classe politique: Moele-B\u00e9nin initie des \u00e9changes bi-hebdomadaires - B\u00e9nin","description":"Le Parti Mouvement des \u00c9lites Engag\u00e9es pour l\u2019\u00c9mancipation du B\u00e9nin (MOELE\u2013BENIN) se prononcera davantage ...","robots":{"index":"index","follow":"follow","max-snippet":"max-snippet:-1","max-image-preview":"max-image-preview:large","max-video-preview":"max-video-preview:-1"},"canonical":"https:\/\/www.africa-press.net\/benin\/politique\/animation-de-la-classe-politique-moele-benin-initie-des-echanges-bi-hebdomadaires","og_locale":"fr_FR","og_type":"article","og_title":"Animation de la classe politique: Moele-B\u00e9nin initie des \u00e9changes bi-hebdomadaires","og_description":"Le Parti Mouvement des \u00c9lites Engag\u00e9es pour l\u2019\u00c9mancipation du B\u00e9nin (MOELE\u2013BENIN) se prononcera davantage ...","og_url":"https:\/\/www.africa-press.net\/benin\/politique\/animation-de-la-classe-politique-moele-benin-initie-des-echanges-bi-hebdomadaires","og_site_name":"B\u00e9nin","article_published_time":"2022-08-26T17:46:35+00:00","article_modified_time":"2022-08-26T18:01:41+00:00","og_image":[{"width":1200,"height":675,"url":"https:\/\/static.africa-press.net\/benin\/sites\/46\/2022\/08\/postQueueImg_23-63090a6dbaf85.jpg","type":"image\/jpeg"}],"author":"cfeditorfr","twitter_card":"summary_large_image","twitter_misc":{"\u00c9crit par":"cfeditorfr","Dur\u00e9e de lecture estim\u00e9e":"2 minutes"},"schema":{"@context":"https:\/\/schema.org","@graph":[{"@type":"Article","@id":"https:\/\/www.africa-press.net\/benin\/politique\/animation-de-la-classe-politique-moele-benin-initie-des-echanges-bi-hebdomadaires#article","isPartOf":{"@id":"https:\/\/www.africa-press.net\/benin\/politique\/animation-de-la-classe-politique-moele-benin-initie-des-echanges-bi-hebdomadaires"},"author":{"name":"cfeditorfr","@id":"https:\/\/www.africa-press.net\/benin\/#\/schema\/person\/2b1cf3cd81a31e3cd26889ca66d677f1"},"headline":"Animation de la classe politique: Moele-B\u00e9nin initie des \u00e9changes bi-hebdomadaires","datePublished":"2022-08-26T17:46:35+00:00","dateModified":"2022-08-26T18:01:41+00:00","mainEntityOfPage":{"@id":"https:\/\/www.africa-press.net\/benin\/politique\/animation-de-la-classe-politique-moele-benin-initie-des-echanges-bi-hebdomadaires"},"wordCount":344,"commentCount":0,"image":{"@id":"https:\/\/www.africa-press.net\/benin\/politique\/animation-de-la-classe-politique-moele-benin-initie-des-echanges-bi-hebdomadaires#primaryimage"},"thumbnailUrl":"https:\/\/static.africa-press.net\/benin\/sites\/46\/2022\/08\/postQueueImg_23-63090a6dbaf85.jpg","keywords":["Africa Press","Africa Press-Benin","B\u00e9nin"],"articleSection":["homepage-french","Politique","Toutes les actualit\u00e9s"],"inLanguage":"fr-FR","potentialAction":[{"@type":"CommentAction","name":"Comment","target":["https:\/\/www.africa-press.net\/benin\/politique\/animation-de-la-classe-politique-moele-benin-initie-des-echanges-bi-hebdomadaires#respond"]}]},{"@type":"WebPage","@id":"https:\/\/www.africa-press.net\/benin\/politique\/animation-de-la-classe-politique-moele-benin-initie-des-echanges-bi-hebdomadaires","url":"https:\/\/www.africa-press.net\/benin\/politique\/animation-de-la-classe-politique-moele-benin-initie-des-echanges-bi-hebdomadaires","name":"Animation de la classe politique: Moele-B\u00e9nin initie des \u00e9changes bi-hebdomadaires - B\u00e9nin","isPartOf":{"@id":"https:\/\/www.africa-press.net\/benin\/#website"},"primaryImageOfPage":{"@id":"https:\/\/www.africa-press.net\/benin\/politique\/animation-de-la-classe-politique-moele-benin-initie-des-echanges-bi-hebdomadaires#primaryimage"},"image":{"@id":"https:\/\/www.africa-press.net\/benin\/politique\/animation-de-la-classe-politique-moele-benin-initie-des-echanges-bi-hebdomadaires#primaryimage"},"thumbnailUrl":"https:\/\/static.africa-press.net\/benin\/sites\/46\/2022\/08\/postQueueImg_23-63090a6dbaf85.jpg","datePublished":"2022-08-26T17:46:35+00:00","dateModified":"2022-08-26T18:01:41+00:00","author":{"@id":"https:\/\/www.africa-press.net\/benin\/#\/schema\/person\/2b1cf3cd81a31e3cd26889ca66d677f1"},"description":"Le Parti Mouvement des \u00c9lites Engag\u00e9es pour l\u2019\u00c9mancipation du B\u00e9nin (MOELE\u2013BENIN) se prononcera davantage ...","breadcrumb":{"@id":"https:\/\/www.africa-press.net\/benin\/politique\/animation-de-la-classe-politique-moele-benin-initie-des-echanges-bi-hebdomadaires#breadcrumb"},"inLanguage":"fr-FR","potentialAction":[{"@type":"ReadAction","target":["https:\/\/www.africa-press.net\/benin\/politique\/animation-de-la-classe-politique-moele-benin-initie-des-echanges-bi-hebdomadaires"]}]},{"@type":"ImageObject","inLanguage":"fr-FR","@id":"https:\/\/www.africa-press.net\/benin\/politique\/animation-de-la-classe-politique-moele-benin-initie-des-echanges-bi-hebdomadaires#primaryimage","url":"https:\/\/static.africa-press.net\/benin\/sites\/46\/2022\/08\/postQueueImg_23-63090a6dbaf85.jpg","contentUrl":"https:\/\/static.africa-press.net\/benin\/sites\/46\/2022\/08\/postQueueImg_23-63090a6dbaf85.jpg","width":1200,"height":675,"caption":"Animation de la classe politique: Moele-B\u00e9nin initie des \u00e9changes bi-hebdomadaires"},{"@type":"BreadcrumbList","@id":"https:\/\/www.africa-press.net\/benin\/politique\/animation-de-la-classe-politique-moele-benin-initie-des-echanges-bi-hebdomadaires#breadcrumb","itemListElement":[{"@type":"ListItem","position":1,"name":"Accueil","item":"https:\/\/www.africa-press.net\/benin\/"},{"@type":"ListItem","position":2,"name":"Animation de la classe politique: Moele-B\u00e9nin initie des \u00e9changes bi-hebdomadaires"}]},{"@type":"WebSite","@id":"https:\/\/www.africa-press.net\/benin\/#website","url":"https:\/\/www.africa-press.net\/benin\/","name":"B\u00e9nin","description":"Just another Africa News Agency Sites site","potentialAction":[{"@type":"SearchAction","target":{"@type":"EntryPoint","urlTemplate":"https:\/\/www.africa-press.net\/benin\/?s={search_term_string}"},"query-input":{"@type":"PropertyValueSpecification","valueRequired":true,"valueName":"search_term_string"}}],"inLanguage":"fr-FR"},{"@type":"Person","@id":"https:\/\/www.africa-press.net\/benin\/#\/schema\/person\/2b1cf3cd81a31e3cd26889ca66d677f1","name":"cfeditorfr"}]}},"_links":{"self":[{"href":"https:\/\/www.africa-press.net\/benin\/wp-json\/wp\/v2\/posts\/8267","targetHints":{"allow":["GET"]}}],"collection":[{"href":"https:\/\/www.africa-press.net\/benin\/wp-json\/wp\/v2\/posts"}],"about":[{"href":"https:\/\/www.africa-press.net\/benin\/wp-json\/wp\/v2\/types\/post"}],"author":[{"embeddable":true,"href":"https:\/\/www.africa-press.net\/benin\/wp-json\/wp\/v2\/users\/82"}],"replies":[{"embeddable":true,"href":"https:\/\/www.africa-press.net\/benin\/wp-json\/wp\/v2\/comments?post=8267"}],"version-history":[{"count":0,"href":"https:\/\/www.africa-press.net\/benin\/wp-json\/wp\/v2\/posts\/8267\/revisions"}],"wp:featuredmedia":[{"embeddable":true,"href":"https:\/\/www.africa-press.net\/benin\/wp-json\/wp\/v2\/media\/8266"}],"wp:attachment":[{"href":"https:\/\/www.africa-press.net\/benin\/wp-json\/wp\/v2\/media?parent=8267"}],"wp:term":[{"taxonomy":"category","embeddable":true,"href":"https:\/\/www.africa-press.net\/benin\/wp-json\/wp\/v2\/categories?post=8267"},{"taxonomy":"post_tag","embeddable":true,"href":"https:\/\/www.africa-press.net\/benin\/wp-json\/wp\/v2\/tags?post=8267"}],"curies":[{"name":"wp","href":"https:\/\/api.w.org\/{rel}","templated":true}]}}