{"id":8274,"date":"2022-08-26T17:46:52","date_gmt":"2022-08-26T17:46:52","guid":{"rendered":"https:\/\/www.africa-press.net\/benin\/politique\/benin-un-pasteur-condamne-a-12-mois-de-prison-pour-le-deces-de-02-de-ses-fideles"},"modified":"2022-08-26T18:02:36","modified_gmt":"2022-08-26T18:02:36","slug":"benin-un-pasteur-condamne-a-12-mois-de-prison-pour-le-deces-de-02-de-ses-fideles","status":"publish","type":"post","link":"https:\/\/www.africa-press.net\/benin\/toutes-les-actualites\/benin-un-pasteur-condamne-a-12-mois-de-prison-pour-le-deces-de-02-de-ses-fideles","title":{"rendered":"B\u00e9nin: un pasteur condamn\u00e9 \u00e0 12 mois de prison pour le d\u00e9c\u00e8s de 02 de ses fid\u00e8les"},"content":{"rendered":"<p><span style=\"color: #ff6600\"><strong>Africa-Press &#8211; Benin. <\/strong><\/span>Pr\u00e9sent\u00e9 au procureur de la R\u00e9publique le jeudi 09 Juin 2022 puis d\u00e9pos\u00e9 en d\u00e9tention pr\u00e9ventive, le pasteur d\u2019une \u00e9glise de r\u00e9veil qui a laiss\u00e9 mourir deux de ses fid\u00e8les en \u00e9tat de grossesse en les soumettant rien qu\u2019\u00e0 la pri\u00e8re, a \u00e9t\u00e9 condamn\u00e9 \u00e0 12 mois de prison ferme.<\/p>\n<p>Le tribunal de Djougou a d\u00e9lib\u00e9r\u00e9 sur le dossier du pasteur qui a conseill\u00e9 \u00e0 ses fid\u00e8les de se soigner par la pri\u00e8re en cas de maladie et a laiss\u00e9 mourir dans son \u00e9glise deux femmes en \u00e9tat de grossesse. Dans son verdict, le juge a maintenu dans le lien de la justice le principal accus\u00e9 en le condamnant \u00e0 12 mois de prison ferme. Quatre de ses diacres poursuivis pour non assistance en personne en danger ont \u00e9cop\u00e9 eux aussi de la m\u00eame peine.<\/p>\n<p>Retour sur les faits<\/p>\n<p>Courant le mois de Juin 2022, deux femmes en \u00e9tat de grossesse sont d\u00e9c\u00e9d\u00e9es dans une \u00e9glise du r\u00e9veil \u00e0 Onklou dans la Commune de Djougou. Les victimes de ce drame, ont \u00e9t\u00e9 emp\u00each\u00e9es de se rendre dans un centre de sant\u00e9 alors que leur \u00e9tat clinique \u00e9tait d\u00e9licat. Le pasteur de leur \u00e9glise a plut\u00f4t pr\u00e9f\u00e9r\u00e9 l\u2019efficacit\u00e9 de la pri\u00e8re \u00e0 un traitement m\u00e9dical.<\/p>\n<p>Malheureusement, les deux femmes enceintes qui \u00e9prouvaient des malaises ont succomb\u00e9 sur le lieu de culte. Le pasteur et ses collaborateurs ont \u00e9t\u00e9 ensuite interpell\u00e9s par la police et gard\u00e9s \u00e0 vue. Pr\u00e9sent\u00e9s au procureur de la R\u00e9publique le jeudi 09 Juin 2022, le pasteur de cette \u00e9glise de r\u00e9veil, son assistant, quatre de ses diacres et un \u00e9lu local ont \u00e9t\u00e9 d\u00e9pos\u00e9s en prison.<\/p>\n<p>Il est reproch\u00e9 \u00e0 ces hommes d\u2019\u00e9glise d\u2019avoir emp\u00each\u00e9 les deux femmes enceintes de se faire examiner \u00e0 l\u2019h\u00f4pital alors qu\u2019elles pr\u00e9sentaient des signes cliniques de malaise. Ils sont donc poursuivis pour non assistance \u00e0 personne en danger.<\/p>\n<p>En dehors des hommes d\u2019\u00e9glise, un \u00e9lu local a \u00e9t\u00e9 aussi d\u00e9pos\u00e9. Il est le mari de l\u2019une des victimes. Il lui est reproch\u00e9 de n\u2019avoir pas conduit \u00e0 l\u2019h\u00f4pital sa femme presque \u00e0 terme et d\u00e9j\u00e0 en contraction.<\/p>\n<p><strong>Pour plus d&rsquo;informations et d&rsquo;analyses sur la <a href=\"https:\/\/www.africa-press.net\/benin\">Benin<\/a>, suivez <a href=\"https:\/\/www.africa-press.net\/\">Africa-Press<\/a><\/strong><\/p>\n","protected":false},"excerpt":{"rendered":"<p>Africa-Press &#8211; Benin. Pr\u00e9sent\u00e9 au procureur de la R\u00e9publique le jeudi 09 Juin 2022 puis d\u00e9pos\u00e9 en d\u00e9tention pr\u00e9ventive, le pasteur d\u2019une \u00e9glise de r\u00e9veil qui a laiss\u00e9 mourir deux de ses fid\u00e8les en \u00e9tat de grossesse en les soumettant rien qu\u2019\u00e0 la pri\u00e8re, a \u00e9t\u00e9 condamn\u00e9 \u00e0 12 mois de prison ferme. Le tribunal [&hellip;]<\/p>\n","protected":false},"author":82,"featured_media":8272,"comment_status":"open","ping_status":"closed","sticky":false,"template":"","format":"standard","meta":{"footnotes":""},"categories":[21,11,10],"tags":[36,50,45],"class_list":["post-8274","post","type-post","status-publish","format-standard","has-post-thumbnail","hentry","category-communaute","category-homepage-french","category-toutes-les-actualites","tag-africa-press","tag-africa-press-benin","tag-benin"],"yoast_head":"<!-- This site is optimized with the Yoast SEO Premium plugin v26.1 (Yoast SEO v27.0) - https:\/\/yoast.com\/product\/yoast-seo-premium-wordpress\/ -->\n<title>B\u00e9nin: un pasteur condamn\u00e9 \u00e0 12 mois de prison pour le d\u00e9c\u00e8s de 02 de ses fid\u00e8les - B\u00e9nin<\/title>\n<meta name=\"description\" content=\"Pr\u00e9sent\u00e9 au procureur de la R\u00e9publique le jeudi 09 Juin 2022 puis d\u00e9pos\u00e9 en d\u00e9tention pr\u00e9ventive, le pasteur d\u2019une \u00e9glis ...\" \/>\n<meta name=\"robots\" content=\"index, follow, max-snippet:-1, max-image-preview:large, max-video-preview:-1\" \/>\n<link rel=\"canonical\" href=\"https:\/\/www.africa-press.net\/benin\/toutes-les-actualites\/benin-un-pasteur-condamne-a-12-mois-de-prison-pour-le-deces-de-02-de-ses-fideles\" \/>\n<meta property=\"og:locale\" content=\"fr_FR\" \/>\n<meta property=\"og:type\" content=\"article\" \/>\n<meta property=\"og:title\" content=\"B\u00e9nin: un pasteur condamn\u00e9 \u00e0 12 mois de prison pour le d\u00e9c\u00e8s de 02 de ses fid\u00e8les\" \/>\n<meta property=\"og:description\" content=\"Pr\u00e9sent\u00e9 au procureur de la R\u00e9publique le jeudi 09 Juin 2022 puis d\u00e9pos\u00e9 en d\u00e9tention pr\u00e9ventive, le pasteur d\u2019une \u00e9glis ...\" \/>\n<meta property=\"og:url\" content=\"https:\/\/www.africa-press.net\/benin\/toutes-les-actualites\/benin-un-pasteur-condamne-a-12-mois-de-prison-pour-le-deces-de-02-de-ses-fideles\" \/>\n<meta property=\"og:site_name\" content=\"B\u00e9nin\" \/>\n<meta property=\"article:published_time\" content=\"2022-08-26T17:46:52+00:00\" \/>\n<meta property=\"article:modified_time\" content=\"2022-08-26T18:02:36+00:00\" \/>\n<meta property=\"og:image\" content=\"https:\/\/static.africa-press.net\/benin\/sites\/46\/2022\/08\/postQueueImg_25-63090aa7bfe6d.jpg\" \/>\n\t<meta property=\"og:image:width\" content=\"1500\" \/>\n\t<meta property=\"og:image:height\" content=\"845\" \/>\n\t<meta property=\"og:image:type\" content=\"image\/jpeg\" \/>\n<meta name=\"author\" content=\"cfeditorfr\" \/>\n<meta name=\"twitter:card\" content=\"summary_large_image\" \/>\n<meta name=\"twitter:label1\" content=\"\u00c9crit par\" \/>\n\t<meta name=\"twitter:data1\" content=\"cfeditorfr\" \/>\n\t<meta name=\"twitter:label2\" content=\"Dur\u00e9e de lecture estim\u00e9e\" \/>\n\t<meta name=\"twitter:data2\" content=\"2 minutes\" \/>\n<script type=\"application\/ld+json\" class=\"yoast-schema-graph\">{\"@context\":\"https:\/\/schema.org\",\"@graph\":[{\"@type\":\"Article\",\"@id\":\"https:\/\/www.africa-press.net\/benin\/toutes-les-actualites\/benin-un-pasteur-condamne-a-12-mois-de-prison-pour-le-deces-de-02-de-ses-fideles#article\",\"isPartOf\":{\"@id\":\"https:\/\/www.africa-press.net\/benin\/toutes-les-actualites\/benin-un-pasteur-condamne-a-12-mois-de-prison-pour-le-deces-de-02-de-ses-fideles\"},\"author\":{\"name\":\"cfeditorfr\",\"@id\":\"https:\/\/www.africa-press.net\/benin\/#\/schema\/person\/2b1cf3cd81a31e3cd26889ca66d677f1\"},\"headline\":\"B\u00e9nin: un pasteur condamn\u00e9 \u00e0 12 mois de prison pour le d\u00e9c\u00e8s de 02 de ses fid\u00e8les\",\"datePublished\":\"2022-08-26T17:46:52+00:00\",\"dateModified\":\"2022-08-26T18:02:36+00:00\",\"mainEntityOfPage\":{\"@id\":\"https:\/\/www.africa-press.net\/benin\/toutes-les-actualites\/benin-un-pasteur-condamne-a-12-mois-de-prison-pour-le-deces-de-02-de-ses-fideles\"},\"wordCount\":410,\"commentCount\":0,\"image\":{\"@id\":\"https:\/\/www.africa-press.net\/benin\/toutes-les-actualites\/benin-un-pasteur-condamne-a-12-mois-de-prison-pour-le-deces-de-02-de-ses-fideles#primaryimage\"},\"thumbnailUrl\":\"https:\/\/static.africa-press.net\/benin\/sites\/46\/2022\/08\/postQueueImg_25-63090aa7bfe6d.jpg\",\"keywords\":[\"Africa Press\",\"Africa Press-Benin\",\"B\u00e9nin\"],\"articleSection\":[\"Communaut\u00e9\",\"homepage-french\",\"Toutes les actualit\u00e9s\"],\"inLanguage\":\"fr-FR\",\"potentialAction\":[{\"@type\":\"CommentAction\",\"name\":\"Comment\",\"target\":[\"https:\/\/www.africa-press.net\/benin\/toutes-les-actualites\/benin-un-pasteur-condamne-a-12-mois-de-prison-pour-le-deces-de-02-de-ses-fideles#respond\"]}]},{\"@type\":\"WebPage\",\"@id\":\"https:\/\/www.africa-press.net\/benin\/toutes-les-actualites\/benin-un-pasteur-condamne-a-12-mois-de-prison-pour-le-deces-de-02-de-ses-fideles\",\"url\":\"https:\/\/www.africa-press.net\/benin\/toutes-les-actualites\/benin-un-pasteur-condamne-a-12-mois-de-prison-pour-le-deces-de-02-de-ses-fideles\",\"name\":\"B\u00e9nin: un pasteur condamn\u00e9 \u00e0 12 mois de prison pour le d\u00e9c\u00e8s de 02 de ses fid\u00e8les - B\u00e9nin\",\"isPartOf\":{\"@id\":\"https:\/\/www.africa-press.net\/benin\/#website\"},\"primaryImageOfPage\":{\"@id\":\"https:\/\/www.africa-press.net\/benin\/toutes-les-actualites\/benin-un-pasteur-condamne-a-12-mois-de-prison-pour-le-deces-de-02-de-ses-fideles#primaryimage\"},\"image\":{\"@id\":\"https:\/\/www.africa-press.net\/benin\/toutes-les-actualites\/benin-un-pasteur-condamne-a-12-mois-de-prison-pour-le-deces-de-02-de-ses-fideles#primaryimage\"},\"thumbnailUrl\":\"https:\/\/static.africa-press.net\/benin\/sites\/46\/2022\/08\/postQueueImg_25-63090aa7bfe6d.jpg\",\"datePublished\":\"2022-08-26T17:46:52+00:00\",\"dateModified\":\"2022-08-26T18:02:36+00:00\",\"author\":{\"@id\":\"https:\/\/www.africa-press.net\/benin\/#\/schema\/person\/2b1cf3cd81a31e3cd26889ca66d677f1\"},\"description\":\"Pr\u00e9sent\u00e9 au procureur de la R\u00e9publique le jeudi 09 Juin 2022 puis d\u00e9pos\u00e9 en d\u00e9tention pr\u00e9ventive, le pasteur d\u2019une \u00e9glis ...\",\"breadcrumb\":{\"@id\":\"https:\/\/www.africa-press.net\/benin\/toutes-les-actualites\/benin-un-pasteur-condamne-a-12-mois-de-prison-pour-le-deces-de-02-de-ses-fideles#breadcrumb\"},\"inLanguage\":\"fr-FR\",\"potentialAction\":[{\"@type\":\"ReadAction\",\"target\":[\"https:\/\/www.africa-press.net\/benin\/toutes-les-actualites\/benin-un-pasteur-condamne-a-12-mois-de-prison-pour-le-deces-de-02-de-ses-fideles\"]}]},{\"@type\":\"ImageObject\",\"inLanguage\":\"fr-FR\",\"@id\":\"https:\/\/www.africa-press.net\/benin\/toutes-les-actualites\/benin-un-pasteur-condamne-a-12-mois-de-prison-pour-le-deces-de-02-de-ses-fideles#primaryimage\",\"url\":\"https:\/\/static.africa-press.net\/benin\/sites\/46\/2022\/08\/postQueueImg_25-63090aa7bfe6d.jpg\",\"contentUrl\":\"https:\/\/static.africa-press.net\/benin\/sites\/46\/2022\/08\/postQueueImg_25-63090aa7bfe6d.jpg\",\"width\":1500,\"height\":845,\"caption\":\"B\u00e9nin: un pasteur condamn\u00e9 \u00e0 12 mois de prison pour le d\u00e9c\u00e8s de 02 de ses fid\u00e8les\"},{\"@type\":\"BreadcrumbList\",\"@id\":\"https:\/\/www.africa-press.net\/benin\/toutes-les-actualites\/benin-un-pasteur-condamne-a-12-mois-de-prison-pour-le-deces-de-02-de-ses-fideles#breadcrumb\",\"itemListElement\":[{\"@type\":\"ListItem\",\"position\":1,\"name\":\"Accueil\",\"item\":\"https:\/\/www.africa-press.net\/benin\/\"},{\"@type\":\"ListItem\",\"position\":2,\"name\":\"B\u00e9nin: un pasteur condamn\u00e9 \u00e0 12 mois de prison pour le d\u00e9c\u00e8s de 02 de ses fid\u00e8les\"}]},{\"@type\":\"WebSite\",\"@id\":\"https:\/\/www.africa-press.net\/benin\/#website\",\"url\":\"https:\/\/www.africa-press.net\/benin\/\",\"name\":\"B\u00e9nin\",\"description\":\"Just another Africa News Agency Sites site\",\"potentialAction\":[{\"@type\":\"SearchAction\",\"target\":{\"@type\":\"EntryPoint\",\"urlTemplate\":\"https:\/\/www.africa-press.net\/benin\/?s={search_term_string}\"},\"query-input\":{\"@type\":\"PropertyValueSpecification\",\"valueRequired\":true,\"valueName\":\"search_term_string\"}}],\"inLanguage\":\"fr-FR\"},{\"@type\":\"Person\",\"@id\":\"https:\/\/www.africa-press.net\/benin\/#\/schema\/person\/2b1cf3cd81a31e3cd26889ca66d677f1\",\"name\":\"cfeditorfr\"}]}<\/script>\n<!-- \/ Yoast SEO Premium plugin. -->","yoast_head_json":{"title":"B\u00e9nin: un pasteur condamn\u00e9 \u00e0 12 mois de prison pour le d\u00e9c\u00e8s de 02 de ses fid\u00e8les - B\u00e9nin","description":"Pr\u00e9sent\u00e9 au procureur de la R\u00e9publique le jeudi 09 Juin 2022 puis d\u00e9pos\u00e9 en d\u00e9tention pr\u00e9ventive, le pasteur d\u2019une \u00e9glis ...","robots":{"index":"index","follow":"follow","max-snippet":"max-snippet:-1","max-image-preview":"max-image-preview:large","max-video-preview":"max-video-preview:-1"},"canonical":"https:\/\/www.africa-press.net\/benin\/toutes-les-actualites\/benin-un-pasteur-condamne-a-12-mois-de-prison-pour-le-deces-de-02-de-ses-fideles","og_locale":"fr_FR","og_type":"article","og_title":"B\u00e9nin: un pasteur condamn\u00e9 \u00e0 12 mois de prison pour le d\u00e9c\u00e8s de 02 de ses fid\u00e8les","og_description":"Pr\u00e9sent\u00e9 au procureur de la R\u00e9publique le jeudi 09 Juin 2022 puis d\u00e9pos\u00e9 en d\u00e9tention pr\u00e9ventive, le pasteur d\u2019une \u00e9glis ...","og_url":"https:\/\/www.africa-press.net\/benin\/toutes-les-actualites\/benin-un-pasteur-condamne-a-12-mois-de-prison-pour-le-deces-de-02-de-ses-fideles","og_site_name":"B\u00e9nin","article_published_time":"2022-08-26T17:46:52+00:00","article_modified_time":"2022-08-26T18:02:36+00:00","og_image":[{"width":1500,"height":845,"url":"https:\/\/static.africa-press.net\/benin\/sites\/46\/2022\/08\/postQueueImg_25-63090aa7bfe6d.jpg","type":"image\/jpeg"}],"author":"cfeditorfr","twitter_card":"summary_large_image","twitter_misc":{"\u00c9crit par":"cfeditorfr","Dur\u00e9e de lecture estim\u00e9e":"2 minutes"},"schema":{"@context":"https:\/\/schema.org","@graph":[{"@type":"Article","@id":"https:\/\/www.africa-press.net\/benin\/toutes-les-actualites\/benin-un-pasteur-condamne-a-12-mois-de-prison-pour-le-deces-de-02-de-ses-fideles#article","isPartOf":{"@id":"https:\/\/www.africa-press.net\/benin\/toutes-les-actualites\/benin-un-pasteur-condamne-a-12-mois-de-prison-pour-le-deces-de-02-de-ses-fideles"},"author":{"name":"cfeditorfr","@id":"https:\/\/www.africa-press.net\/benin\/#\/schema\/person\/2b1cf3cd81a31e3cd26889ca66d677f1"},"headline":"B\u00e9nin: un pasteur condamn\u00e9 \u00e0 12 mois de prison pour le d\u00e9c\u00e8s de 02 de ses fid\u00e8les","datePublished":"2022-08-26T17:46:52+00:00","dateModified":"2022-08-26T18:02:36+00:00","mainEntityOfPage":{"@id":"https:\/\/www.africa-press.net\/benin\/toutes-les-actualites\/benin-un-pasteur-condamne-a-12-mois-de-prison-pour-le-deces-de-02-de-ses-fideles"},"wordCount":410,"commentCount":0,"image":{"@id":"https:\/\/www.africa-press.net\/benin\/toutes-les-actualites\/benin-un-pasteur-condamne-a-12-mois-de-prison-pour-le-deces-de-02-de-ses-fideles#primaryimage"},"thumbnailUrl":"https:\/\/static.africa-press.net\/benin\/sites\/46\/2022\/08\/postQueueImg_25-63090aa7bfe6d.jpg","keywords":["Africa Press","Africa Press-Benin","B\u00e9nin"],"articleSection":["Communaut\u00e9","homepage-french","Toutes les actualit\u00e9s"],"inLanguage":"fr-FR","potentialAction":[{"@type":"CommentAction","name":"Comment","target":["https:\/\/www.africa-press.net\/benin\/toutes-les-actualites\/benin-un-pasteur-condamne-a-12-mois-de-prison-pour-le-deces-de-02-de-ses-fideles#respond"]}]},{"@type":"WebPage","@id":"https:\/\/www.africa-press.net\/benin\/toutes-les-actualites\/benin-un-pasteur-condamne-a-12-mois-de-prison-pour-le-deces-de-02-de-ses-fideles","url":"https:\/\/www.africa-press.net\/benin\/toutes-les-actualites\/benin-un-pasteur-condamne-a-12-mois-de-prison-pour-le-deces-de-02-de-ses-fideles","name":"B\u00e9nin: un pasteur condamn\u00e9 \u00e0 12 mois de prison pour le d\u00e9c\u00e8s de 02 de ses fid\u00e8les - B\u00e9nin","isPartOf":{"@id":"https:\/\/www.africa-press.net\/benin\/#website"},"primaryImageOfPage":{"@id":"https:\/\/www.africa-press.net\/benin\/toutes-les-actualites\/benin-un-pasteur-condamne-a-12-mois-de-prison-pour-le-deces-de-02-de-ses-fideles#primaryimage"},"image":{"@id":"https:\/\/www.africa-press.net\/benin\/toutes-les-actualites\/benin-un-pasteur-condamne-a-12-mois-de-prison-pour-le-deces-de-02-de-ses-fideles#primaryimage"},"thumbnailUrl":"https:\/\/static.africa-press.net\/benin\/sites\/46\/2022\/08\/postQueueImg_25-63090aa7bfe6d.jpg","datePublished":"2022-08-26T17:46:52+00:00","dateModified":"2022-08-26T18:02:36+00:00","author":{"@id":"https:\/\/www.africa-press.net\/benin\/#\/schema\/person\/2b1cf3cd81a31e3cd26889ca66d677f1"},"description":"Pr\u00e9sent\u00e9 au procureur de la R\u00e9publique le jeudi 09 Juin 2022 puis d\u00e9pos\u00e9 en d\u00e9tention pr\u00e9ventive, le pasteur d\u2019une \u00e9glis ...","breadcrumb":{"@id":"https:\/\/www.africa-press.net\/benin\/toutes-les-actualites\/benin-un-pasteur-condamne-a-12-mois-de-prison-pour-le-deces-de-02-de-ses-fideles#breadcrumb"},"inLanguage":"fr-FR","potentialAction":[{"@type":"ReadAction","target":["https:\/\/www.africa-press.net\/benin\/toutes-les-actualites\/benin-un-pasteur-condamne-a-12-mois-de-prison-pour-le-deces-de-02-de-ses-fideles"]}]},{"@type":"ImageObject","inLanguage":"fr-FR","@id":"https:\/\/www.africa-press.net\/benin\/toutes-les-actualites\/benin-un-pasteur-condamne-a-12-mois-de-prison-pour-le-deces-de-02-de-ses-fideles#primaryimage","url":"https:\/\/static.africa-press.net\/benin\/sites\/46\/2022\/08\/postQueueImg_25-63090aa7bfe6d.jpg","contentUrl":"https:\/\/static.africa-press.net\/benin\/sites\/46\/2022\/08\/postQueueImg_25-63090aa7bfe6d.jpg","width":1500,"height":845,"caption":"B\u00e9nin: un pasteur condamn\u00e9 \u00e0 12 mois de prison pour le d\u00e9c\u00e8s de 02 de ses fid\u00e8les"},{"@type":"BreadcrumbList","@id":"https:\/\/www.africa-press.net\/benin\/toutes-les-actualites\/benin-un-pasteur-condamne-a-12-mois-de-prison-pour-le-deces-de-02-de-ses-fideles#breadcrumb","itemListElement":[{"@type":"ListItem","position":1,"name":"Accueil","item":"https:\/\/www.africa-press.net\/benin\/"},{"@type":"ListItem","position":2,"name":"B\u00e9nin: un pasteur condamn\u00e9 \u00e0 12 mois de prison pour le d\u00e9c\u00e8s de 02 de ses fid\u00e8les"}]},{"@type":"WebSite","@id":"https:\/\/www.africa-press.net\/benin\/#website","url":"https:\/\/www.africa-press.net\/benin\/","name":"B\u00e9nin","description":"Just another Africa News Agency Sites site","potentialAction":[{"@type":"SearchAction","target":{"@type":"EntryPoint","urlTemplate":"https:\/\/www.africa-press.net\/benin\/?s={search_term_string}"},"query-input":{"@type":"PropertyValueSpecification","valueRequired":true,"valueName":"search_term_string"}}],"inLanguage":"fr-FR"},{"@type":"Person","@id":"https:\/\/www.africa-press.net\/benin\/#\/schema\/person\/2b1cf3cd81a31e3cd26889ca66d677f1","name":"cfeditorfr"}]}},"_links":{"self":[{"href":"https:\/\/www.africa-press.net\/benin\/wp-json\/wp\/v2\/posts\/8274","targetHints":{"allow":["GET"]}}],"collection":[{"href":"https:\/\/www.africa-press.net\/benin\/wp-json\/wp\/v2\/posts"}],"about":[{"href":"https:\/\/www.africa-press.net\/benin\/wp-json\/wp\/v2\/types\/post"}],"author":[{"embeddable":true,"href":"https:\/\/www.africa-press.net\/benin\/wp-json\/wp\/v2\/users\/82"}],"replies":[{"embeddable":true,"href":"https:\/\/www.africa-press.net\/benin\/wp-json\/wp\/v2\/comments?post=8274"}],"version-history":[{"count":0,"href":"https:\/\/www.africa-press.net\/benin\/wp-json\/wp\/v2\/posts\/8274\/revisions"}],"wp:featuredmedia":[{"embeddable":true,"href":"https:\/\/www.africa-press.net\/benin\/wp-json\/wp\/v2\/media\/8272"}],"wp:attachment":[{"href":"https:\/\/www.africa-press.net\/benin\/wp-json\/wp\/v2\/media?parent=8274"}],"wp:term":[{"taxonomy":"category","embeddable":true,"href":"https:\/\/www.africa-press.net\/benin\/wp-json\/wp\/v2\/categories?post=8274"},{"taxonomy":"post_tag","embeddable":true,"href":"https:\/\/www.africa-press.net\/benin\/wp-json\/wp\/v2\/tags?post=8274"}],"curies":[{"name":"wp","href":"https:\/\/api.w.org\/{rel}","templated":true}]}}