{"id":8279,"date":"2022-08-26T17:47:03","date_gmt":"2022-08-26T17:47:03","guid":{"rendered":"https:\/\/www.africa-press.net\/benin\/politique\/benin-loim-et-la-jica-presentent-les-resultats-de-la-collecte-de-donnees-aux-points-dentree-terrestres"},"modified":"2022-08-26T18:03:02","modified_gmt":"2022-08-26T18:03:02","slug":"benin-loim-et-la-jica-presentent-les-resultats-de-la-collecte-de-donnees-aux-points-dentree-terrestres","status":"publish","type":"post","link":"https:\/\/www.africa-press.net\/benin\/toutes-les-actualites\/benin-loim-et-la-jica-presentent-les-resultats-de-la-collecte-de-donnees-aux-points-dentree-terrestres","title":{"rendered":"B\u00e9nin: l\u2019OIM et la JICA pr\u00e9sentent les r\u00e9sultats de la collecte de donn\u00e9es aux points d\u2019entr\u00e9e terrestres"},"content":{"rendered":"<p><span style=\"color: #ff6600\"><strong>Africa-Press &#8211; Benin. <\/strong><\/span>L\u2019organisation internationale pour les migrations (OIM) a organis\u00e9, ce mercredi 24 ao\u00fbt 2022, un atelier de restitution des r\u00e9sultats de la collecte de donn\u00e9es aux points d\u2019entr\u00e9e terrestre pr\u00e9cis\u00e9ment \u00e0 la Fronti\u00e8re d\u2019Hillacondji au B\u00e9nin<\/p>\n<p>Dans le cadre du projet \u00ab Collecte de donn\u00e9es sur l\u2019am\u00e9lioration de la facilitation et renforcement des capacit\u00e9s de sant\u00e9 publique aux fronti\u00e8res de l\u2019Afrique de l\u2019Ouest en r\u00e9ponse aux maladies infectieuses dont le coronavirus \u00bb, financ\u00e9 par le gouvernement du Japon \u00e0 travers la JICA, la restitution des r\u00e9sultats obtenus apr\u00e8s \u00e9tude a \u00e9t\u00e9 faite ce mercredi \u00e0 Cotonou.<\/p>\n<p>\u00abUne collecte de donn\u00e9es a \u00e9t\u00e9 r\u00e9alis\u00e9e au niveau de six points d\u2019entr\u00e9e dont Hilacondji\/Sancecondji du 27 d\u00e9cembre au 14 janvier 2022 et comporte trois modules \u00e0 savoir l\u2019Immigration, la facilitation du commerce et la sant\u00e9 publique\u00bb, a expliqu\u00e9 Mame Diarra Kane, charg\u00e9e de projet \u00e0 l\u2019OIM B\u00e9nin. Selon elle, les r\u00e9sultats ont fait ressortir une s\u00e9rie de recommandation qui seront une solide base pour l\u2019OIM et la JICA pour identifier et harmoniser leurs interventions prioritaires dans le but d\u2019appuyer les pays en termes de gestion et de facilitations au niveau des points d\u2019entr\u00e9e.<\/p>\n<p>Lors de cet atelier d\u2019\u00e9change d\u2019apport et d\u2019amendements aux donn\u00e9es contenues dans le rapport r\u00e9sultant de l\u2019enqu\u00eate de terrain, il s\u2019est agi pour l\u2019OIM de partager avec les diff\u00e9rents partenaires, les r\u00e9sultats de l\u2019enqu\u00eate qui soutiendront des recommandations visant \u00e0 renforcer les capacit\u00e9s des pays et \u00e0 cibler des \u00e9quipements et infrastructures n\u00e9cessaires aux points d\u2019entr\u00e9e, particuli\u00e8rement celui d\u2019Hilancondji.<\/p>\n<p>Recommandations et mesures pr\u00e9ventives<\/p>\n<p>Dans son allocution, Toshimichi Aoki, Repr\u00e9sentant r\u00e9sident de la JICA\/B\u00e9nin a invit\u00e9 les participants \u00e0 s\u2019appuyer sur les recommandations et partager les mesures pr\u00e9ventives avec les communaut\u00e9s frontali\u00e8res. C\u2019est pourquoi, il souhaite une participation active et une prise de d\u00e9cision appropri\u00e9e afin que le rapport soit le plus proche possible de la r\u00e9alit\u00e9 que vivent les communaut\u00e9s transfrontali\u00e8res concern\u00e9es.<\/p>\n<p>La Direction de l\u2019Emigration et de l\u2019Immigration de la police r\u00e9publicaine a \u00e9t\u00e9 repr\u00e9sent\u00e9e \u00e0 ce creuset d\u2019\u00e9change par M. Ousmane Abdel Aziz, Adjoint du chef des Services fronti\u00e8res. Pour lui, la pertinence de cette s\u00e9ance se trouve dans l\u2019enjeu de cette maladie, la covid-19 et les travaux pr\u00e9paratoires qui ont d\u00e9j\u00e0 \u00e9t\u00e9 effectu\u00e9s par les enqu\u00eates.<\/p>\n<p>En plus de cette \u00e9tude, le projet a permis la fourniture d\u2019\u00e9quipements de protection individuelle au poste de Hillacondji et la sensibilisation sur la Covid-19. La remise officielle de ce don s\u2019\u00e9tait d\u00e9roul\u00e9e dans la salle de r\u00e9union de la mairie de Grand-Popo le vendredi 25 f\u00e9vrier 2022. La c\u00e9r\u00e9monie avait \u00e9galement servi de rampe pour le lancement d\u2019une campagne de sensibilisation des communaut\u00e9s riveraines du poste frontalier d\u2019Hillacondji sur la COVID-19.<\/p>\n<p>En outre, Le projet pr\u00e9voit dans sa phase 2 la fourniture de sant\u00e9 publique \u00e0 savoir une ambulance, un conteneur d\u2019isolation, une cam\u00e9ra thermique, des tensiom\u00e8tres, au profit du poste frontalier Hillacondji.<\/p>\n<p>Pour rappel, depuis 2020, la pand\u00e9mie de coronavirus a entrain\u00e9 des cons\u00e9quences \u00e9conomiques (ralentissement du commerce) sociale (confinement et r\u00e9duction de la circulation des personnes aux fronti\u00e8res) et environnementales \u00e0 l\u2019\u00e9chelle mondiale. L\u2019organisation internationale pour les migrations (OIM) s\u2019est associ\u00e9e aux partenaires afin de soutenir les gouvernements dans le renforcement de leurs capacit\u00e9s en sant\u00e9 publique aux points d\u2019entr\u00e9e en fournissant des \u00e9quipements adapt\u00e9s .<\/p>\n<p><strong>Pour plus d&rsquo;informations et d&rsquo;analyses sur la <a href=\"https:\/\/www.africa-press.net\/benin\">Benin<\/a>, suivez <a href=\"https:\/\/www.africa-press.net\/\">Africa-Press<\/a><\/strong><\/p>\n","protected":false},"excerpt":{"rendered":"<p>Africa-Press &#8211; Benin. L\u2019organisation internationale pour les migrations (OIM) a organis\u00e9, ce mercredi 24 ao\u00fbt 2022, un atelier de restitution des r\u00e9sultats de la collecte de donn\u00e9es aux points d\u2019entr\u00e9e terrestre pr\u00e9cis\u00e9ment \u00e0 la Fronti\u00e8re d\u2019Hillacondji au B\u00e9nin Dans le cadre du projet \u00ab Collecte de donn\u00e9es sur l\u2019am\u00e9lioration de la facilitation et renforcement des [&hellip;]<\/p>\n","protected":false},"author":82,"featured_media":8278,"comment_status":"open","ping_status":"closed","sticky":false,"template":"","format":"standard","meta":{"footnotes":""},"categories":[21,11,10],"tags":[36,50,45],"class_list":["post-8279","post","type-post","status-publish","format-standard","has-post-thumbnail","hentry","category-communaute","category-homepage-french","category-toutes-les-actualites","tag-africa-press","tag-africa-press-benin","tag-benin"],"yoast_head":"<!-- This site is optimized with the Yoast SEO Premium plugin v26.1 (Yoast SEO v27.0) - https:\/\/yoast.com\/product\/yoast-seo-premium-wordpress\/ -->\n<title>B\u00e9nin: l\u2019OIM et la JICA pr\u00e9sentent les r\u00e9sultats de la collecte de donn\u00e9es aux points d\u2019entr\u00e9e terrestres - B\u00e9nin<\/title>\n<meta name=\"description\" content=\"L\u2019organisation internationale pour les migrations (OIM) a organis\u00e9, ce mercredi 24 ao\u00fbt 2022, un atelier de restitution ...\" \/>\n<meta name=\"robots\" content=\"index, follow, max-snippet:-1, max-image-preview:large, max-video-preview:-1\" \/>\n<link rel=\"canonical\" href=\"https:\/\/www.africa-press.net\/benin\/toutes-les-actualites\/benin-loim-et-la-jica-presentent-les-resultats-de-la-collecte-de-donnees-aux-points-dentree-terrestres\" \/>\n<meta property=\"og:locale\" content=\"fr_FR\" \/>\n<meta property=\"og:type\" content=\"article\" \/>\n<meta property=\"og:title\" content=\"B\u00e9nin: l\u2019OIM et la JICA pr\u00e9sentent les r\u00e9sultats de la collecte de donn\u00e9es aux points d\u2019entr\u00e9e terrestres\" \/>\n<meta property=\"og:description\" content=\"L\u2019organisation internationale pour les migrations (OIM) a organis\u00e9, ce mercredi 24 ao\u00fbt 2022, un atelier de restitution ...\" \/>\n<meta property=\"og:url\" content=\"https:\/\/www.africa-press.net\/benin\/toutes-les-actualites\/benin-loim-et-la-jica-presentent-les-resultats-de-la-collecte-de-donnees-aux-points-dentree-terrestres\" \/>\n<meta property=\"og:site_name\" content=\"B\u00e9nin\" \/>\n<meta property=\"article:published_time\" content=\"2022-08-26T17:47:03+00:00\" \/>\n<meta property=\"article:modified_time\" content=\"2022-08-26T18:03:02+00:00\" \/>\n<meta property=\"og:image\" content=\"https:\/\/static.africa-press.net\/benin\/sites\/46\/2022\/08\/postQueueImg_26-63090ac22463a.jpg\" \/>\n\t<meta property=\"og:image:width\" content=\"1200\" \/>\n\t<meta property=\"og:image:height\" content=\"568\" \/>\n\t<meta property=\"og:image:type\" content=\"image\/jpeg\" \/>\n<meta name=\"author\" content=\"cfeditorfr\" \/>\n<meta name=\"twitter:card\" content=\"summary_large_image\" \/>\n<meta name=\"twitter:label1\" content=\"\u00c9crit par\" \/>\n\t<meta name=\"twitter:data1\" content=\"cfeditorfr\" \/>\n\t<meta name=\"twitter:label2\" content=\"Dur\u00e9e de lecture estim\u00e9e\" \/>\n\t<meta name=\"twitter:data2\" content=\"3 minutes\" \/>\n<script type=\"application\/ld+json\" class=\"yoast-schema-graph\">{\"@context\":\"https:\/\/schema.org\",\"@graph\":[{\"@type\":\"Article\",\"@id\":\"https:\/\/www.africa-press.net\/benin\/toutes-les-actualites\/benin-loim-et-la-jica-presentent-les-resultats-de-la-collecte-de-donnees-aux-points-dentree-terrestres#article\",\"isPartOf\":{\"@id\":\"https:\/\/www.africa-press.net\/benin\/toutes-les-actualites\/benin-loim-et-la-jica-presentent-les-resultats-de-la-collecte-de-donnees-aux-points-dentree-terrestres\"},\"author\":{\"name\":\"cfeditorfr\",\"@id\":\"https:\/\/www.africa-press.net\/benin\/#\/schema\/person\/2b1cf3cd81a31e3cd26889ca66d677f1\"},\"headline\":\"B\u00e9nin: l\u2019OIM et la JICA pr\u00e9sentent les r\u00e9sultats de la collecte de donn\u00e9es aux points d\u2019entr\u00e9e terrestres\",\"datePublished\":\"2022-08-26T17:47:03+00:00\",\"dateModified\":\"2022-08-26T18:03:02+00:00\",\"mainEntityOfPage\":{\"@id\":\"https:\/\/www.africa-press.net\/benin\/toutes-les-actualites\/benin-loim-et-la-jica-presentent-les-resultats-de-la-collecte-de-donnees-aux-points-dentree-terrestres\"},\"wordCount\":666,\"commentCount\":0,\"image\":{\"@id\":\"https:\/\/www.africa-press.net\/benin\/toutes-les-actualites\/benin-loim-et-la-jica-presentent-les-resultats-de-la-collecte-de-donnees-aux-points-dentree-terrestres#primaryimage\"},\"thumbnailUrl\":\"https:\/\/static.africa-press.net\/benin\/sites\/46\/2022\/08\/postQueueImg_26-63090ac22463a.jpg\",\"keywords\":[\"Africa Press\",\"Africa Press-Benin\",\"B\u00e9nin\"],\"articleSection\":[\"Communaut\u00e9\",\"homepage-french\",\"Toutes les actualit\u00e9s\"],\"inLanguage\":\"fr-FR\",\"potentialAction\":[{\"@type\":\"CommentAction\",\"name\":\"Comment\",\"target\":[\"https:\/\/www.africa-press.net\/benin\/toutes-les-actualites\/benin-loim-et-la-jica-presentent-les-resultats-de-la-collecte-de-donnees-aux-points-dentree-terrestres#respond\"]}]},{\"@type\":\"WebPage\",\"@id\":\"https:\/\/www.africa-press.net\/benin\/toutes-les-actualites\/benin-loim-et-la-jica-presentent-les-resultats-de-la-collecte-de-donnees-aux-points-dentree-terrestres\",\"url\":\"https:\/\/www.africa-press.net\/benin\/toutes-les-actualites\/benin-loim-et-la-jica-presentent-les-resultats-de-la-collecte-de-donnees-aux-points-dentree-terrestres\",\"name\":\"B\u00e9nin: l\u2019OIM et la JICA pr\u00e9sentent les r\u00e9sultats de la collecte de donn\u00e9es aux points d\u2019entr\u00e9e terrestres - B\u00e9nin\",\"isPartOf\":{\"@id\":\"https:\/\/www.africa-press.net\/benin\/#website\"},\"primaryImageOfPage\":{\"@id\":\"https:\/\/www.africa-press.net\/benin\/toutes-les-actualites\/benin-loim-et-la-jica-presentent-les-resultats-de-la-collecte-de-donnees-aux-points-dentree-terrestres#primaryimage\"},\"image\":{\"@id\":\"https:\/\/www.africa-press.net\/benin\/toutes-les-actualites\/benin-loim-et-la-jica-presentent-les-resultats-de-la-collecte-de-donnees-aux-points-dentree-terrestres#primaryimage\"},\"thumbnailUrl\":\"https:\/\/static.africa-press.net\/benin\/sites\/46\/2022\/08\/postQueueImg_26-63090ac22463a.jpg\",\"datePublished\":\"2022-08-26T17:47:03+00:00\",\"dateModified\":\"2022-08-26T18:03:02+00:00\",\"author\":{\"@id\":\"https:\/\/www.africa-press.net\/benin\/#\/schema\/person\/2b1cf3cd81a31e3cd26889ca66d677f1\"},\"description\":\"L\u2019organisation internationale pour les migrations (OIM) a organis\u00e9, ce mercredi 24 ao\u00fbt 2022, un atelier de restitution ...\",\"breadcrumb\":{\"@id\":\"https:\/\/www.africa-press.net\/benin\/toutes-les-actualites\/benin-loim-et-la-jica-presentent-les-resultats-de-la-collecte-de-donnees-aux-points-dentree-terrestres#breadcrumb\"},\"inLanguage\":\"fr-FR\",\"potentialAction\":[{\"@type\":\"ReadAction\",\"target\":[\"https:\/\/www.africa-press.net\/benin\/toutes-les-actualites\/benin-loim-et-la-jica-presentent-les-resultats-de-la-collecte-de-donnees-aux-points-dentree-terrestres\"]}]},{\"@type\":\"ImageObject\",\"inLanguage\":\"fr-FR\",\"@id\":\"https:\/\/www.africa-press.net\/benin\/toutes-les-actualites\/benin-loim-et-la-jica-presentent-les-resultats-de-la-collecte-de-donnees-aux-points-dentree-terrestres#primaryimage\",\"url\":\"https:\/\/static.africa-press.net\/benin\/sites\/46\/2022\/08\/postQueueImg_26-63090ac22463a.jpg\",\"contentUrl\":\"https:\/\/static.africa-press.net\/benin\/sites\/46\/2022\/08\/postQueueImg_26-63090ac22463a.jpg\",\"width\":1200,\"height\":568,\"caption\":\"B\u00e9nin: l\u2019OIM et la JICA pr\u00e9sentent les r\u00e9sultats de la collecte de donn\u00e9es aux points d\u2019entr\u00e9e terrestres\"},{\"@type\":\"BreadcrumbList\",\"@id\":\"https:\/\/www.africa-press.net\/benin\/toutes-les-actualites\/benin-loim-et-la-jica-presentent-les-resultats-de-la-collecte-de-donnees-aux-points-dentree-terrestres#breadcrumb\",\"itemListElement\":[{\"@type\":\"ListItem\",\"position\":1,\"name\":\"Accueil\",\"item\":\"https:\/\/www.africa-press.net\/benin\/\"},{\"@type\":\"ListItem\",\"position\":2,\"name\":\"B\u00e9nin: l\u2019OIM et la JICA pr\u00e9sentent les r\u00e9sultats de la collecte de donn\u00e9es aux points d\u2019entr\u00e9e terrestres\"}]},{\"@type\":\"WebSite\",\"@id\":\"https:\/\/www.africa-press.net\/benin\/#website\",\"url\":\"https:\/\/www.africa-press.net\/benin\/\",\"name\":\"B\u00e9nin\",\"description\":\"Just another Africa News Agency Sites site\",\"potentialAction\":[{\"@type\":\"SearchAction\",\"target\":{\"@type\":\"EntryPoint\",\"urlTemplate\":\"https:\/\/www.africa-press.net\/benin\/?s={search_term_string}\"},\"query-input\":{\"@type\":\"PropertyValueSpecification\",\"valueRequired\":true,\"valueName\":\"search_term_string\"}}],\"inLanguage\":\"fr-FR\"},{\"@type\":\"Person\",\"@id\":\"https:\/\/www.africa-press.net\/benin\/#\/schema\/person\/2b1cf3cd81a31e3cd26889ca66d677f1\",\"name\":\"cfeditorfr\"}]}<\/script>\n<!-- \/ Yoast SEO Premium plugin. -->","yoast_head_json":{"title":"B\u00e9nin: l\u2019OIM et la JICA pr\u00e9sentent les r\u00e9sultats de la collecte de donn\u00e9es aux points d\u2019entr\u00e9e terrestres - B\u00e9nin","description":"L\u2019organisation internationale pour les migrations (OIM) a organis\u00e9, ce mercredi 24 ao\u00fbt 2022, un atelier de restitution ...","robots":{"index":"index","follow":"follow","max-snippet":"max-snippet:-1","max-image-preview":"max-image-preview:large","max-video-preview":"max-video-preview:-1"},"canonical":"https:\/\/www.africa-press.net\/benin\/toutes-les-actualites\/benin-loim-et-la-jica-presentent-les-resultats-de-la-collecte-de-donnees-aux-points-dentree-terrestres","og_locale":"fr_FR","og_type":"article","og_title":"B\u00e9nin: l\u2019OIM et la JICA pr\u00e9sentent les r\u00e9sultats de la collecte de donn\u00e9es aux points d\u2019entr\u00e9e terrestres","og_description":"L\u2019organisation internationale pour les migrations (OIM) a organis\u00e9, ce mercredi 24 ao\u00fbt 2022, un atelier de restitution ...","og_url":"https:\/\/www.africa-press.net\/benin\/toutes-les-actualites\/benin-loim-et-la-jica-presentent-les-resultats-de-la-collecte-de-donnees-aux-points-dentree-terrestres","og_site_name":"B\u00e9nin","article_published_time":"2022-08-26T17:47:03+00:00","article_modified_time":"2022-08-26T18:03:02+00:00","og_image":[{"width":1200,"height":568,"url":"https:\/\/static.africa-press.net\/benin\/sites\/46\/2022\/08\/postQueueImg_26-63090ac22463a.jpg","type":"image\/jpeg"}],"author":"cfeditorfr","twitter_card":"summary_large_image","twitter_misc":{"\u00c9crit par":"cfeditorfr","Dur\u00e9e de lecture estim\u00e9e":"3 minutes"},"schema":{"@context":"https:\/\/schema.org","@graph":[{"@type":"Article","@id":"https:\/\/www.africa-press.net\/benin\/toutes-les-actualites\/benin-loim-et-la-jica-presentent-les-resultats-de-la-collecte-de-donnees-aux-points-dentree-terrestres#article","isPartOf":{"@id":"https:\/\/www.africa-press.net\/benin\/toutes-les-actualites\/benin-loim-et-la-jica-presentent-les-resultats-de-la-collecte-de-donnees-aux-points-dentree-terrestres"},"author":{"name":"cfeditorfr","@id":"https:\/\/www.africa-press.net\/benin\/#\/schema\/person\/2b1cf3cd81a31e3cd26889ca66d677f1"},"headline":"B\u00e9nin: l\u2019OIM et la JICA pr\u00e9sentent les r\u00e9sultats de la collecte de donn\u00e9es aux points d\u2019entr\u00e9e terrestres","datePublished":"2022-08-26T17:47:03+00:00","dateModified":"2022-08-26T18:03:02+00:00","mainEntityOfPage":{"@id":"https:\/\/www.africa-press.net\/benin\/toutes-les-actualites\/benin-loim-et-la-jica-presentent-les-resultats-de-la-collecte-de-donnees-aux-points-dentree-terrestres"},"wordCount":666,"commentCount":0,"image":{"@id":"https:\/\/www.africa-press.net\/benin\/toutes-les-actualites\/benin-loim-et-la-jica-presentent-les-resultats-de-la-collecte-de-donnees-aux-points-dentree-terrestres#primaryimage"},"thumbnailUrl":"https:\/\/static.africa-press.net\/benin\/sites\/46\/2022\/08\/postQueueImg_26-63090ac22463a.jpg","keywords":["Africa Press","Africa Press-Benin","B\u00e9nin"],"articleSection":["Communaut\u00e9","homepage-french","Toutes les actualit\u00e9s"],"inLanguage":"fr-FR","potentialAction":[{"@type":"CommentAction","name":"Comment","target":["https:\/\/www.africa-press.net\/benin\/toutes-les-actualites\/benin-loim-et-la-jica-presentent-les-resultats-de-la-collecte-de-donnees-aux-points-dentree-terrestres#respond"]}]},{"@type":"WebPage","@id":"https:\/\/www.africa-press.net\/benin\/toutes-les-actualites\/benin-loim-et-la-jica-presentent-les-resultats-de-la-collecte-de-donnees-aux-points-dentree-terrestres","url":"https:\/\/www.africa-press.net\/benin\/toutes-les-actualites\/benin-loim-et-la-jica-presentent-les-resultats-de-la-collecte-de-donnees-aux-points-dentree-terrestres","name":"B\u00e9nin: l\u2019OIM et la JICA pr\u00e9sentent les r\u00e9sultats de la collecte de donn\u00e9es aux points d\u2019entr\u00e9e terrestres - B\u00e9nin","isPartOf":{"@id":"https:\/\/www.africa-press.net\/benin\/#website"},"primaryImageOfPage":{"@id":"https:\/\/www.africa-press.net\/benin\/toutes-les-actualites\/benin-loim-et-la-jica-presentent-les-resultats-de-la-collecte-de-donnees-aux-points-dentree-terrestres#primaryimage"},"image":{"@id":"https:\/\/www.africa-press.net\/benin\/toutes-les-actualites\/benin-loim-et-la-jica-presentent-les-resultats-de-la-collecte-de-donnees-aux-points-dentree-terrestres#primaryimage"},"thumbnailUrl":"https:\/\/static.africa-press.net\/benin\/sites\/46\/2022\/08\/postQueueImg_26-63090ac22463a.jpg","datePublished":"2022-08-26T17:47:03+00:00","dateModified":"2022-08-26T18:03:02+00:00","author":{"@id":"https:\/\/www.africa-press.net\/benin\/#\/schema\/person\/2b1cf3cd81a31e3cd26889ca66d677f1"},"description":"L\u2019organisation internationale pour les migrations (OIM) a organis\u00e9, ce mercredi 24 ao\u00fbt 2022, un atelier de restitution ...","breadcrumb":{"@id":"https:\/\/www.africa-press.net\/benin\/toutes-les-actualites\/benin-loim-et-la-jica-presentent-les-resultats-de-la-collecte-de-donnees-aux-points-dentree-terrestres#breadcrumb"},"inLanguage":"fr-FR","potentialAction":[{"@type":"ReadAction","target":["https:\/\/www.africa-press.net\/benin\/toutes-les-actualites\/benin-loim-et-la-jica-presentent-les-resultats-de-la-collecte-de-donnees-aux-points-dentree-terrestres"]}]},{"@type":"ImageObject","inLanguage":"fr-FR","@id":"https:\/\/www.africa-press.net\/benin\/toutes-les-actualites\/benin-loim-et-la-jica-presentent-les-resultats-de-la-collecte-de-donnees-aux-points-dentree-terrestres#primaryimage","url":"https:\/\/static.africa-press.net\/benin\/sites\/46\/2022\/08\/postQueueImg_26-63090ac22463a.jpg","contentUrl":"https:\/\/static.africa-press.net\/benin\/sites\/46\/2022\/08\/postQueueImg_26-63090ac22463a.jpg","width":1200,"height":568,"caption":"B\u00e9nin: l\u2019OIM et la JICA pr\u00e9sentent les r\u00e9sultats de la collecte de donn\u00e9es aux points d\u2019entr\u00e9e terrestres"},{"@type":"BreadcrumbList","@id":"https:\/\/www.africa-press.net\/benin\/toutes-les-actualites\/benin-loim-et-la-jica-presentent-les-resultats-de-la-collecte-de-donnees-aux-points-dentree-terrestres#breadcrumb","itemListElement":[{"@type":"ListItem","position":1,"name":"Accueil","item":"https:\/\/www.africa-press.net\/benin\/"},{"@type":"ListItem","position":2,"name":"B\u00e9nin: l\u2019OIM et la JICA pr\u00e9sentent les r\u00e9sultats de la collecte de donn\u00e9es aux points d\u2019entr\u00e9e terrestres"}]},{"@type":"WebSite","@id":"https:\/\/www.africa-press.net\/benin\/#website","url":"https:\/\/www.africa-press.net\/benin\/","name":"B\u00e9nin","description":"Just another Africa News Agency Sites site","potentialAction":[{"@type":"SearchAction","target":{"@type":"EntryPoint","urlTemplate":"https:\/\/www.africa-press.net\/benin\/?s={search_term_string}"},"query-input":{"@type":"PropertyValueSpecification","valueRequired":true,"valueName":"search_term_string"}}],"inLanguage":"fr-FR"},{"@type":"Person","@id":"https:\/\/www.africa-press.net\/benin\/#\/schema\/person\/2b1cf3cd81a31e3cd26889ca66d677f1","name":"cfeditorfr"}]}},"_links":{"self":[{"href":"https:\/\/www.africa-press.net\/benin\/wp-json\/wp\/v2\/posts\/8279","targetHints":{"allow":["GET"]}}],"collection":[{"href":"https:\/\/www.africa-press.net\/benin\/wp-json\/wp\/v2\/posts"}],"about":[{"href":"https:\/\/www.africa-press.net\/benin\/wp-json\/wp\/v2\/types\/post"}],"author":[{"embeddable":true,"href":"https:\/\/www.africa-press.net\/benin\/wp-json\/wp\/v2\/users\/82"}],"replies":[{"embeddable":true,"href":"https:\/\/www.africa-press.net\/benin\/wp-json\/wp\/v2\/comments?post=8279"}],"version-history":[{"count":0,"href":"https:\/\/www.africa-press.net\/benin\/wp-json\/wp\/v2\/posts\/8279\/revisions"}],"wp:featuredmedia":[{"embeddable":true,"href":"https:\/\/www.africa-press.net\/benin\/wp-json\/wp\/v2\/media\/8278"}],"wp:attachment":[{"href":"https:\/\/www.africa-press.net\/benin\/wp-json\/wp\/v2\/media?parent=8279"}],"wp:term":[{"taxonomy":"category","embeddable":true,"href":"https:\/\/www.africa-press.net\/benin\/wp-json\/wp\/v2\/categories?post=8279"},{"taxonomy":"post_tag","embeddable":true,"href":"https:\/\/www.africa-press.net\/benin\/wp-json\/wp\/v2\/tags?post=8279"}],"curies":[{"name":"wp","href":"https:\/\/api.w.org\/{rel}","templated":true}]}}