{"id":8282,"date":"2022-08-26T17:47:17","date_gmt":"2022-08-26T17:47:17","guid":{"rendered":"https:\/\/www.africa-press.net\/benin\/politique\/ranconnement-a-landf-4-personnes-deposees-en-prison-5-mises-sous-convocation"},"modified":"2022-08-26T18:03:29","modified_gmt":"2022-08-26T18:03:29","slug":"ranconnement-a-landf-4-personnes-deposees-en-prison-5-mises-sous-convocation","status":"publish","type":"post","link":"https:\/\/www.africa-press.net\/benin\/toutes-les-actualites\/ranconnement-a-landf-4-personnes-deposees-en-prison-5-mises-sous-convocation","title":{"rendered":"Ran\u00e7onnement \u00e0 l\u2019ANDF: 4 personnes d\u00e9pos\u00e9es en prison, 5 mises sous convocation"},"content":{"rendered":"<p><span style=\"color: #ff6600\"><strong>Africa-Press &#8211; Benin. <\/strong><\/span>Pr\u00e9sent\u00e9es le mercredi 24 Ao\u00fbt 2022 au procureur sp\u00e9cial de la cour de r\u00e9pression des infractions \u00e9conomiques et du terrorisme (CRIET), les personnes interpell\u00e9es dans un dossier de ran\u00e7onnement \u00e0 l\u2019ANDF ont connu des fortunes diverses.<\/p>\n<p>Quatre personnes plac\u00e9es en d\u00e9tention provisoire et cinq personnes plac\u00e9es sous convocation; c\u2019est la d\u00e9cision prise par le procureur sp\u00e9cial de la CRIET apr\u00e8s audition des personnes \u00e0 lui pr\u00e9sent\u00e9es par la brigade \u00e9conomique et financi\u00e8re le mercredi 24 Ao\u00fbt dernier. Ces personnes ont \u00e9t\u00e9 interpell\u00e9es dans un dossier de ran\u00e7onnement et de corruption \u00e0 l\u2019agence nationale des domaines et du foncier (ANDF).<\/p>\n<p>Selon les informations de Frissons radio, l\u2019enqu\u00eate judiciaire de la police a r\u00e9v\u00e9l\u00e9 que les clients qui demandent assistance dans les kiosques pour leurs formalit\u00e9s en ligne se faisaient parfois ran\u00e7onner. Il leur \u00e9tait propos\u00e9 contre des esp\u00e8ces sonnantes, de minorer les droits d\u2019enregistrement des conventions de vente, en modifiant frauduleusement les donn\u00e9es li\u00e9es aux parcelles.<\/p>\n<p>Mais comme c\u2019est souvent le cas dans ces genres de situation, l\u2019une de leur potentielle victime a refus\u00e9 de mordre \u00e0 l\u2019hame\u00e7on. Les pr\u00e9sum\u00e9s ran\u00e7onneurs lui ont fait une proposition de 70.000 FCFA \u00e0 laquelle elle s\u2019est oppos\u00e9e. Sa d\u00e9nonciation a conduit la police \u00e0 d\u00e9barquer dans les locaux de l\u2019ANDf. Plusieurs agents de la structure et des inspecteurs des imp\u00f4ts ont \u00e9t\u00e9 interpell\u00e9s et gard\u00e9s \u00e0 vue dans les locaux de la BEF.<\/p>\n<p>Des fortunes diverses pour les personnes interpell\u00e9es<\/p>\n<p>Ils sont donc une dizaine d\u2019agents en service \u00e0 l\u2019Agence nationale du domaine et du foncier (ANDF) et cadres de l\u2019administration des imp\u00f4ts \u00e0 \u00eatre poursuivis pour des actes de ran\u00e7onnement et de corruption \u00e0 l\u2019ANDF et pr\u00e9sent\u00e9s au procureur de la R\u00e9publique ce mercredi 24 ao\u00fbt 2022.<\/p>\n<p>Ils ont \u00e9t\u00e9 interpell\u00e9s par les \u00e9l\u00e9ments de la brigade \u00e9conomique et du terrorisme (BEF) le mercredi 17 Ao\u00fbt dernier. Gard\u00e9s \u00e0 vue, ils ont \u00e9t\u00e9 pr\u00e9sent\u00e9s au procureur de la juridiction sp\u00e9cialis\u00e9e de Porto Novo.<\/p>\n<p>A l\u2019issue de leur audition, des mandats de d\u00e9p\u00f4t ont \u00e9t\u00e9 d\u00e9cern\u00e9s contre quatre d\u2019entre eux et les cinq autres personnes sont plac\u00e9es sous convocation par le procureur sp\u00e9cial de la CRIET.<\/p>\n<p><strong>Pour plus d&rsquo;informations et d&rsquo;analyses sur la <a href=\"https:\/\/www.africa-press.net\/benin\">Benin<\/a>, suivez <a href=\"https:\/\/www.africa-press.net\/\">Africa-Press<\/a><\/strong><\/p>\n","protected":false},"excerpt":{"rendered":"<p>Africa-Press &#8211; Benin. Pr\u00e9sent\u00e9es le mercredi 24 Ao\u00fbt 2022 au procureur sp\u00e9cial de la cour de r\u00e9pression des infractions \u00e9conomiques et du terrorisme (CRIET), les personnes interpell\u00e9es dans un dossier de ran\u00e7onnement \u00e0 l\u2019ANDF ont connu des fortunes diverses. Quatre personnes plac\u00e9es en d\u00e9tention provisoire et cinq personnes plac\u00e9es sous convocation; c\u2019est la d\u00e9cision prise [&hellip;]<\/p>\n","protected":false},"author":82,"featured_media":8281,"comment_status":"open","ping_status":"closed","sticky":false,"template":"","format":"standard","meta":{"footnotes":""},"categories":[21,11,10],"tags":[36,50,45],"class_list":["post-8282","post","type-post","status-publish","format-standard","has-post-thumbnail","hentry","category-communaute","category-homepage-french","category-toutes-les-actualites","tag-africa-press","tag-africa-press-benin","tag-benin"],"yoast_head":"<!-- This site is optimized with the Yoast SEO Premium plugin v26.1 (Yoast SEO v27.0) - https:\/\/yoast.com\/product\/yoast-seo-premium-wordpress\/ -->\n<title>Ran\u00e7onnement \u00e0 l\u2019ANDF: 4 personnes d\u00e9pos\u00e9es en prison, 5 mises sous convocation - B\u00e9nin<\/title>\n<meta name=\"description\" content=\"Pr\u00e9sent\u00e9es le mercredi 24 Ao\u00fbt 2022 au procureur sp\u00e9cial de la cour de r\u00e9pression des infractions \u00e9conomiques et du terr ...\" \/>\n<meta name=\"robots\" content=\"index, follow, max-snippet:-1, max-image-preview:large, max-video-preview:-1\" \/>\n<link rel=\"canonical\" href=\"https:\/\/www.africa-press.net\/benin\/toutes-les-actualites\/ranconnement-a-landf-4-personnes-deposees-en-prison-5-mises-sous-convocation\" \/>\n<meta property=\"og:locale\" content=\"fr_FR\" \/>\n<meta property=\"og:type\" content=\"article\" \/>\n<meta property=\"og:title\" content=\"Ran\u00e7onnement \u00e0 l\u2019ANDF: 4 personnes d\u00e9pos\u00e9es en prison, 5 mises sous convocation\" \/>\n<meta property=\"og:description\" content=\"Pr\u00e9sent\u00e9es le mercredi 24 Ao\u00fbt 2022 au procureur sp\u00e9cial de la cour de r\u00e9pression des infractions \u00e9conomiques et du terr ...\" \/>\n<meta property=\"og:url\" content=\"https:\/\/www.africa-press.net\/benin\/toutes-les-actualites\/ranconnement-a-landf-4-personnes-deposees-en-prison-5-mises-sous-convocation\" \/>\n<meta property=\"og:site_name\" content=\"B\u00e9nin\" \/>\n<meta property=\"article:published_time\" content=\"2022-08-26T17:47:17+00:00\" \/>\n<meta property=\"article:modified_time\" content=\"2022-08-26T18:03:29+00:00\" \/>\n<meta property=\"og:image\" content=\"https:\/\/static.africa-press.net\/benin\/sites\/46\/2022\/08\/postQueueImg_27-63090adc88694.jpg\" \/>\n\t<meta property=\"og:image:width\" content=\"1280\" \/>\n\t<meta property=\"og:image:height\" content=\"720\" \/>\n\t<meta property=\"og:image:type\" content=\"image\/jpeg\" \/>\n<meta name=\"author\" content=\"cfeditorfr\" \/>\n<meta name=\"twitter:card\" content=\"summary_large_image\" \/>\n<meta name=\"twitter:label1\" content=\"\u00c9crit par\" \/>\n\t<meta name=\"twitter:data1\" content=\"cfeditorfr\" \/>\n\t<meta name=\"twitter:label2\" content=\"Dur\u00e9e de lecture estim\u00e9e\" \/>\n\t<meta name=\"twitter:data2\" content=\"2 minutes\" \/>\n<script type=\"application\/ld+json\" class=\"yoast-schema-graph\">{\"@context\":\"https:\/\/schema.org\",\"@graph\":[{\"@type\":\"Article\",\"@id\":\"https:\/\/www.africa-press.net\/benin\/toutes-les-actualites\/ranconnement-a-landf-4-personnes-deposees-en-prison-5-mises-sous-convocation#article\",\"isPartOf\":{\"@id\":\"https:\/\/www.africa-press.net\/benin\/toutes-les-actualites\/ranconnement-a-landf-4-personnes-deposees-en-prison-5-mises-sous-convocation\"},\"author\":{\"name\":\"cfeditorfr\",\"@id\":\"https:\/\/www.africa-press.net\/benin\/#\/schema\/person\/2b1cf3cd81a31e3cd26889ca66d677f1\"},\"headline\":\"Ran\u00e7onnement \u00e0 l\u2019ANDF: 4 personnes d\u00e9pos\u00e9es en prison, 5 mises sous convocation\",\"datePublished\":\"2022-08-26T17:47:17+00:00\",\"dateModified\":\"2022-08-26T18:03:29+00:00\",\"mainEntityOfPage\":{\"@id\":\"https:\/\/www.africa-press.net\/benin\/toutes-les-actualites\/ranconnement-a-landf-4-personnes-deposees-en-prison-5-mises-sous-convocation\"},\"wordCount\":436,\"commentCount\":0,\"image\":{\"@id\":\"https:\/\/www.africa-press.net\/benin\/toutes-les-actualites\/ranconnement-a-landf-4-personnes-deposees-en-prison-5-mises-sous-convocation#primaryimage\"},\"thumbnailUrl\":\"https:\/\/static.africa-press.net\/benin\/sites\/46\/2022\/08\/postQueueImg_27-63090adc88694.jpg\",\"keywords\":[\"Africa Press\",\"Africa Press-Benin\",\"B\u00e9nin\"],\"articleSection\":[\"Communaut\u00e9\",\"homepage-french\",\"Toutes les actualit\u00e9s\"],\"inLanguage\":\"fr-FR\",\"potentialAction\":[{\"@type\":\"CommentAction\",\"name\":\"Comment\",\"target\":[\"https:\/\/www.africa-press.net\/benin\/toutes-les-actualites\/ranconnement-a-landf-4-personnes-deposees-en-prison-5-mises-sous-convocation#respond\"]}]},{\"@type\":\"WebPage\",\"@id\":\"https:\/\/www.africa-press.net\/benin\/toutes-les-actualites\/ranconnement-a-landf-4-personnes-deposees-en-prison-5-mises-sous-convocation\",\"url\":\"https:\/\/www.africa-press.net\/benin\/toutes-les-actualites\/ranconnement-a-landf-4-personnes-deposees-en-prison-5-mises-sous-convocation\",\"name\":\"Ran\u00e7onnement \u00e0 l\u2019ANDF: 4 personnes d\u00e9pos\u00e9es en prison, 5 mises sous convocation - B\u00e9nin\",\"isPartOf\":{\"@id\":\"https:\/\/www.africa-press.net\/benin\/#website\"},\"primaryImageOfPage\":{\"@id\":\"https:\/\/www.africa-press.net\/benin\/toutes-les-actualites\/ranconnement-a-landf-4-personnes-deposees-en-prison-5-mises-sous-convocation#primaryimage\"},\"image\":{\"@id\":\"https:\/\/www.africa-press.net\/benin\/toutes-les-actualites\/ranconnement-a-landf-4-personnes-deposees-en-prison-5-mises-sous-convocation#primaryimage\"},\"thumbnailUrl\":\"https:\/\/static.africa-press.net\/benin\/sites\/46\/2022\/08\/postQueueImg_27-63090adc88694.jpg\",\"datePublished\":\"2022-08-26T17:47:17+00:00\",\"dateModified\":\"2022-08-26T18:03:29+00:00\",\"author\":{\"@id\":\"https:\/\/www.africa-press.net\/benin\/#\/schema\/person\/2b1cf3cd81a31e3cd26889ca66d677f1\"},\"description\":\"Pr\u00e9sent\u00e9es le mercredi 24 Ao\u00fbt 2022 au procureur sp\u00e9cial de la cour de r\u00e9pression des infractions \u00e9conomiques et du terr ...\",\"breadcrumb\":{\"@id\":\"https:\/\/www.africa-press.net\/benin\/toutes-les-actualites\/ranconnement-a-landf-4-personnes-deposees-en-prison-5-mises-sous-convocation#breadcrumb\"},\"inLanguage\":\"fr-FR\",\"potentialAction\":[{\"@type\":\"ReadAction\",\"target\":[\"https:\/\/www.africa-press.net\/benin\/toutes-les-actualites\/ranconnement-a-landf-4-personnes-deposees-en-prison-5-mises-sous-convocation\"]}]},{\"@type\":\"ImageObject\",\"inLanguage\":\"fr-FR\",\"@id\":\"https:\/\/www.africa-press.net\/benin\/toutes-les-actualites\/ranconnement-a-landf-4-personnes-deposees-en-prison-5-mises-sous-convocation#primaryimage\",\"url\":\"https:\/\/static.africa-press.net\/benin\/sites\/46\/2022\/08\/postQueueImg_27-63090adc88694.jpg\",\"contentUrl\":\"https:\/\/static.africa-press.net\/benin\/sites\/46\/2022\/08\/postQueueImg_27-63090adc88694.jpg\",\"width\":1280,\"height\":720,\"caption\":\"Ran\u00e7onnement \u00e0 l\u2019ANDF: 4 personnes d\u00e9pos\u00e9es en prison, 5 mises sous convocation\"},{\"@type\":\"BreadcrumbList\",\"@id\":\"https:\/\/www.africa-press.net\/benin\/toutes-les-actualites\/ranconnement-a-landf-4-personnes-deposees-en-prison-5-mises-sous-convocation#breadcrumb\",\"itemListElement\":[{\"@type\":\"ListItem\",\"position\":1,\"name\":\"Accueil\",\"item\":\"https:\/\/www.africa-press.net\/benin\/\"},{\"@type\":\"ListItem\",\"position\":2,\"name\":\"Ran\u00e7onnement \u00e0 l\u2019ANDF: 4 personnes d\u00e9pos\u00e9es en prison, 5 mises sous convocation\"}]},{\"@type\":\"WebSite\",\"@id\":\"https:\/\/www.africa-press.net\/benin\/#website\",\"url\":\"https:\/\/www.africa-press.net\/benin\/\",\"name\":\"B\u00e9nin\",\"description\":\"Just another Africa News Agency Sites site\",\"potentialAction\":[{\"@type\":\"SearchAction\",\"target\":{\"@type\":\"EntryPoint\",\"urlTemplate\":\"https:\/\/www.africa-press.net\/benin\/?s={search_term_string}\"},\"query-input\":{\"@type\":\"PropertyValueSpecification\",\"valueRequired\":true,\"valueName\":\"search_term_string\"}}],\"inLanguage\":\"fr-FR\"},{\"@type\":\"Person\",\"@id\":\"https:\/\/www.africa-press.net\/benin\/#\/schema\/person\/2b1cf3cd81a31e3cd26889ca66d677f1\",\"name\":\"cfeditorfr\"}]}<\/script>\n<!-- \/ Yoast SEO Premium plugin. -->","yoast_head_json":{"title":"Ran\u00e7onnement \u00e0 l\u2019ANDF: 4 personnes d\u00e9pos\u00e9es en prison, 5 mises sous convocation - B\u00e9nin","description":"Pr\u00e9sent\u00e9es le mercredi 24 Ao\u00fbt 2022 au procureur sp\u00e9cial de la cour de r\u00e9pression des infractions \u00e9conomiques et du terr ...","robots":{"index":"index","follow":"follow","max-snippet":"max-snippet:-1","max-image-preview":"max-image-preview:large","max-video-preview":"max-video-preview:-1"},"canonical":"https:\/\/www.africa-press.net\/benin\/toutes-les-actualites\/ranconnement-a-landf-4-personnes-deposees-en-prison-5-mises-sous-convocation","og_locale":"fr_FR","og_type":"article","og_title":"Ran\u00e7onnement \u00e0 l\u2019ANDF: 4 personnes d\u00e9pos\u00e9es en prison, 5 mises sous convocation","og_description":"Pr\u00e9sent\u00e9es le mercredi 24 Ao\u00fbt 2022 au procureur sp\u00e9cial de la cour de r\u00e9pression des infractions \u00e9conomiques et du terr ...","og_url":"https:\/\/www.africa-press.net\/benin\/toutes-les-actualites\/ranconnement-a-landf-4-personnes-deposees-en-prison-5-mises-sous-convocation","og_site_name":"B\u00e9nin","article_published_time":"2022-08-26T17:47:17+00:00","article_modified_time":"2022-08-26T18:03:29+00:00","og_image":[{"width":1280,"height":720,"url":"https:\/\/static.africa-press.net\/benin\/sites\/46\/2022\/08\/postQueueImg_27-63090adc88694.jpg","type":"image\/jpeg"}],"author":"cfeditorfr","twitter_card":"summary_large_image","twitter_misc":{"\u00c9crit par":"cfeditorfr","Dur\u00e9e de lecture estim\u00e9e":"2 minutes"},"schema":{"@context":"https:\/\/schema.org","@graph":[{"@type":"Article","@id":"https:\/\/www.africa-press.net\/benin\/toutes-les-actualites\/ranconnement-a-landf-4-personnes-deposees-en-prison-5-mises-sous-convocation#article","isPartOf":{"@id":"https:\/\/www.africa-press.net\/benin\/toutes-les-actualites\/ranconnement-a-landf-4-personnes-deposees-en-prison-5-mises-sous-convocation"},"author":{"name":"cfeditorfr","@id":"https:\/\/www.africa-press.net\/benin\/#\/schema\/person\/2b1cf3cd81a31e3cd26889ca66d677f1"},"headline":"Ran\u00e7onnement \u00e0 l\u2019ANDF: 4 personnes d\u00e9pos\u00e9es en prison, 5 mises sous convocation","datePublished":"2022-08-26T17:47:17+00:00","dateModified":"2022-08-26T18:03:29+00:00","mainEntityOfPage":{"@id":"https:\/\/www.africa-press.net\/benin\/toutes-les-actualites\/ranconnement-a-landf-4-personnes-deposees-en-prison-5-mises-sous-convocation"},"wordCount":436,"commentCount":0,"image":{"@id":"https:\/\/www.africa-press.net\/benin\/toutes-les-actualites\/ranconnement-a-landf-4-personnes-deposees-en-prison-5-mises-sous-convocation#primaryimage"},"thumbnailUrl":"https:\/\/static.africa-press.net\/benin\/sites\/46\/2022\/08\/postQueueImg_27-63090adc88694.jpg","keywords":["Africa Press","Africa Press-Benin","B\u00e9nin"],"articleSection":["Communaut\u00e9","homepage-french","Toutes les actualit\u00e9s"],"inLanguage":"fr-FR","potentialAction":[{"@type":"CommentAction","name":"Comment","target":["https:\/\/www.africa-press.net\/benin\/toutes-les-actualites\/ranconnement-a-landf-4-personnes-deposees-en-prison-5-mises-sous-convocation#respond"]}]},{"@type":"WebPage","@id":"https:\/\/www.africa-press.net\/benin\/toutes-les-actualites\/ranconnement-a-landf-4-personnes-deposees-en-prison-5-mises-sous-convocation","url":"https:\/\/www.africa-press.net\/benin\/toutes-les-actualites\/ranconnement-a-landf-4-personnes-deposees-en-prison-5-mises-sous-convocation","name":"Ran\u00e7onnement \u00e0 l\u2019ANDF: 4 personnes d\u00e9pos\u00e9es en prison, 5 mises sous convocation - B\u00e9nin","isPartOf":{"@id":"https:\/\/www.africa-press.net\/benin\/#website"},"primaryImageOfPage":{"@id":"https:\/\/www.africa-press.net\/benin\/toutes-les-actualites\/ranconnement-a-landf-4-personnes-deposees-en-prison-5-mises-sous-convocation#primaryimage"},"image":{"@id":"https:\/\/www.africa-press.net\/benin\/toutes-les-actualites\/ranconnement-a-landf-4-personnes-deposees-en-prison-5-mises-sous-convocation#primaryimage"},"thumbnailUrl":"https:\/\/static.africa-press.net\/benin\/sites\/46\/2022\/08\/postQueueImg_27-63090adc88694.jpg","datePublished":"2022-08-26T17:47:17+00:00","dateModified":"2022-08-26T18:03:29+00:00","author":{"@id":"https:\/\/www.africa-press.net\/benin\/#\/schema\/person\/2b1cf3cd81a31e3cd26889ca66d677f1"},"description":"Pr\u00e9sent\u00e9es le mercredi 24 Ao\u00fbt 2022 au procureur sp\u00e9cial de la cour de r\u00e9pression des infractions \u00e9conomiques et du terr ...","breadcrumb":{"@id":"https:\/\/www.africa-press.net\/benin\/toutes-les-actualites\/ranconnement-a-landf-4-personnes-deposees-en-prison-5-mises-sous-convocation#breadcrumb"},"inLanguage":"fr-FR","potentialAction":[{"@type":"ReadAction","target":["https:\/\/www.africa-press.net\/benin\/toutes-les-actualites\/ranconnement-a-landf-4-personnes-deposees-en-prison-5-mises-sous-convocation"]}]},{"@type":"ImageObject","inLanguage":"fr-FR","@id":"https:\/\/www.africa-press.net\/benin\/toutes-les-actualites\/ranconnement-a-landf-4-personnes-deposees-en-prison-5-mises-sous-convocation#primaryimage","url":"https:\/\/static.africa-press.net\/benin\/sites\/46\/2022\/08\/postQueueImg_27-63090adc88694.jpg","contentUrl":"https:\/\/static.africa-press.net\/benin\/sites\/46\/2022\/08\/postQueueImg_27-63090adc88694.jpg","width":1280,"height":720,"caption":"Ran\u00e7onnement \u00e0 l\u2019ANDF: 4 personnes d\u00e9pos\u00e9es en prison, 5 mises sous convocation"},{"@type":"BreadcrumbList","@id":"https:\/\/www.africa-press.net\/benin\/toutes-les-actualites\/ranconnement-a-landf-4-personnes-deposees-en-prison-5-mises-sous-convocation#breadcrumb","itemListElement":[{"@type":"ListItem","position":1,"name":"Accueil","item":"https:\/\/www.africa-press.net\/benin\/"},{"@type":"ListItem","position":2,"name":"Ran\u00e7onnement \u00e0 l\u2019ANDF: 4 personnes d\u00e9pos\u00e9es en prison, 5 mises sous convocation"}]},{"@type":"WebSite","@id":"https:\/\/www.africa-press.net\/benin\/#website","url":"https:\/\/www.africa-press.net\/benin\/","name":"B\u00e9nin","description":"Just another Africa News Agency Sites site","potentialAction":[{"@type":"SearchAction","target":{"@type":"EntryPoint","urlTemplate":"https:\/\/www.africa-press.net\/benin\/?s={search_term_string}"},"query-input":{"@type":"PropertyValueSpecification","valueRequired":true,"valueName":"search_term_string"}}],"inLanguage":"fr-FR"},{"@type":"Person","@id":"https:\/\/www.africa-press.net\/benin\/#\/schema\/person\/2b1cf3cd81a31e3cd26889ca66d677f1","name":"cfeditorfr"}]}},"_links":{"self":[{"href":"https:\/\/www.africa-press.net\/benin\/wp-json\/wp\/v2\/posts\/8282","targetHints":{"allow":["GET"]}}],"collection":[{"href":"https:\/\/www.africa-press.net\/benin\/wp-json\/wp\/v2\/posts"}],"about":[{"href":"https:\/\/www.africa-press.net\/benin\/wp-json\/wp\/v2\/types\/post"}],"author":[{"embeddable":true,"href":"https:\/\/www.africa-press.net\/benin\/wp-json\/wp\/v2\/users\/82"}],"replies":[{"embeddable":true,"href":"https:\/\/www.africa-press.net\/benin\/wp-json\/wp\/v2\/comments?post=8282"}],"version-history":[{"count":0,"href":"https:\/\/www.africa-press.net\/benin\/wp-json\/wp\/v2\/posts\/8282\/revisions"}],"wp:featuredmedia":[{"embeddable":true,"href":"https:\/\/www.africa-press.net\/benin\/wp-json\/wp\/v2\/media\/8281"}],"wp:attachment":[{"href":"https:\/\/www.africa-press.net\/benin\/wp-json\/wp\/v2\/media?parent=8282"}],"wp:term":[{"taxonomy":"category","embeddable":true,"href":"https:\/\/www.africa-press.net\/benin\/wp-json\/wp\/v2\/categories?post=8282"},{"taxonomy":"post_tag","embeddable":true,"href":"https:\/\/www.africa-press.net\/benin\/wp-json\/wp\/v2\/tags?post=8282"}],"curies":[{"name":"wp","href":"https:\/\/api.w.org\/{rel}","templated":true}]}}