{"id":8285,"date":"2022-08-26T17:47:24","date_gmt":"2022-08-26T17:47:24","guid":{"rendered":"https:\/\/www.africa-press.net\/benin\/politique\/benin-leconomiste-annonce-la-celebration-de-ses-10-ans-dexistence"},"modified":"2022-08-26T18:04:05","modified_gmt":"2022-08-26T18:04:05","slug":"benin-leconomiste-annonce-la-celebration-de-ses-10-ans-dexistence","status":"publish","type":"post","link":"https:\/\/www.africa-press.net\/benin\/toutes-les-actualites\/benin-leconomiste-annonce-la-celebration-de-ses-10-ans-dexistence","title":{"rendered":"B\u00e9nin: \u00ab L\u2019\u00e9conomiste \u00bb annonce la c\u00e9l\u00e9bration de ses  10 ans d\u2019existence"},"content":{"rendered":"<p><span style=\"color: #ff6600\"><strong>Africa-Press &#8211; Benin. <\/strong><\/span>A l\u2019occasion de ses 10 ans d\u2019existence, l\u2019organe de presse \u00ab L\u2019\u00e9conomiste du B\u00e9nin \u00bb a tenu une conf\u00e9rence de presse ce jeudi 25 ao\u00fbt 2022 \u00e0 son si\u00e8ge \u00e0 Cotonou. Cette conf\u00e9rence a \u00e9t\u00e9 anim\u00e9e par le directeur g\u00e9n\u00e9rale de l\u2019organe, L\u00e9onard Dossou et quelques-uns des membres du comit\u00e9 d\u2019organisation.<\/p>\n<p>Du 12 au 17 septembre 2022, \u00ab L\u2019\u00e9conomiste du B\u00e9nin \u00bb c\u00e9l\u00e9brera ses 10 ans d\u2019existence. Selon les responsables du journal, plusieurs activit\u00e9s sont pr\u00e9vues au menu des festivit\u00e9s. Il s\u2019agit entre autres d\u2019une action sociale en faveur d\u2019un orphelinat, une sortie p\u00e9dagogique, des activit\u00e9s p\u00e9dagogiques de formation au profit de jeunes journalistes b\u00e9ninois sur les th\u00e9matiques \u00e9conomiques. Une soir\u00e9e de gala et de distinction sera \u00e9galement organis\u00e9e dans le cadre des 10 ans de L\u2019\u00e9conomiste.<\/p>\n<p>En 10 ans d\u2019existence, <b>\u00ab L\u2019\u00e9conomiste du B\u00e9nin \u00bb se r\u00e9jouit du chemin parcouru et du bilan \u00e0 son actif. \u00ab En 10ans d\u2019existence, L\u2019\u00e9conomiste du B\u00e9nin a fait preuve d\u2019un professionnalisme irr\u00e9prochable et s\u2019est efforc\u00e9 \u00e0 paraitre r\u00e9guli\u00e8rement tant en version papier qu\u2019en version num\u00e9rique sur son site : https:\/\/leconomistebenin.com cr\u00e9\u00e9 depuis 2017 \u00bb<\/b>, a d\u00e9clar\u00e9 L\u00e9onard Dossou, Directeur g\u00e9n\u00e9ral du journal.<\/p>\n<p>M\u00e9rite reconnu au-del\u00e0 des fronti\u00e8res b\u00e9ninoises<\/p>\n<p>Les performances de cet organe de presse sp\u00e9cialis\u00e9 dans les questions \u00e9conomiques ont \u00e9t\u00e9 r\u00e9compens\u00e9es. \u00ab L\u2019\u00e9conomiste du B\u00e9nin \u00bb a \u00e9t\u00e9 laur\u00e9at au PME Award du Salon d\u2019Affaire et de partage des Banques et PME de l\u2019UEMOA, en novembre 2020, dans la cat\u00e9gorie \u00ab Manager PME \u00bb. En novembre 2021, son Directeur g\u00e9n\u00e9ral a \u00e9t\u00e9 distingu\u00e9 par Financial Afrik Award au nombre des personnalit\u00e9s ayant transform\u00e9 l\u2019\u00e9conomie.<\/p>\n<p>\u00ab L\u2019\u00e9conomiste du B\u00e9nin \u00bb est implant\u00e9 dans plusieurs pays de la sous-r\u00e9gion. Il est pr\u00e9sent \u00e0 Lom\u00e9 au Togo, \u00e0 Niamey au Niger, \u00e0 Dakar au S\u00e9n\u00e9gal et bient\u00f4t \u00e0 Abidjan en C\u00f4te d\u2019Ivoire. L\u2019ambition du journal est de couvrir les huit pays de l\u2019UEMOA.<\/p>\n<p><strong>Pour plus d&rsquo;informations et d&rsquo;analyses sur la <a href=\"https:\/\/www.africa-press.net\/benin\">Benin<\/a>, suivez <a href=\"https:\/\/www.africa-press.net\/\">Africa-Press<\/a><\/strong><\/p>\n","protected":false},"excerpt":{"rendered":"<p>Africa-Press &#8211; Benin. A l\u2019occasion de ses 10 ans d\u2019existence, l\u2019organe de presse \u00ab L\u2019\u00e9conomiste du B\u00e9nin \u00bb a tenu une conf\u00e9rence de presse ce jeudi 25 ao\u00fbt 2022 \u00e0 son si\u00e8ge \u00e0 Cotonou. Cette conf\u00e9rence a \u00e9t\u00e9 anim\u00e9e par le directeur g\u00e9n\u00e9rale de l\u2019organe, L\u00e9onard Dossou et quelques-uns des membres du comit\u00e9 d\u2019organisation. Du [&hellip;]<\/p>\n","protected":false},"author":82,"featured_media":8284,"comment_status":"open","ping_status":"closed","sticky":false,"template":"","format":"standard","meta":{"footnotes":""},"categories":[21,11,10],"tags":[36,50,45],"class_list":["post-8285","post","type-post","status-publish","format-standard","has-post-thumbnail","hentry","category-communaute","category-homepage-french","category-toutes-les-actualites","tag-africa-press","tag-africa-press-benin","tag-benin"],"yoast_head":"<!-- This site is optimized with the Yoast SEO Premium plugin v26.1 (Yoast SEO v27.0) - https:\/\/yoast.com\/product\/yoast-seo-premium-wordpress\/ -->\n<title>B\u00e9nin: \u00ab L\u2019\u00e9conomiste \u00bb annonce la c\u00e9l\u00e9bration de ses 10 ans d\u2019existence - B\u00e9nin<\/title>\n<meta name=\"description\" content=\"A l\u2019occasion de ses 10 ans d\u2019existence, l\u2019organe de presse \u00ab L\u2019\u00e9conomiste du B\u00e9nin \u00bb a tenu une conf\u00e9rence de presse ce ...\" \/>\n<meta name=\"robots\" content=\"index, follow, max-snippet:-1, max-image-preview:large, max-video-preview:-1\" \/>\n<link rel=\"canonical\" href=\"https:\/\/www.africa-press.net\/benin\/toutes-les-actualites\/benin-leconomiste-annonce-la-celebration-de-ses-10-ans-dexistence\" \/>\n<meta property=\"og:locale\" content=\"fr_FR\" \/>\n<meta property=\"og:type\" content=\"article\" \/>\n<meta property=\"og:title\" content=\"B\u00e9nin: \u00ab L\u2019\u00e9conomiste \u00bb annonce la c\u00e9l\u00e9bration de ses 10 ans d\u2019existence\" \/>\n<meta property=\"og:description\" content=\"A l\u2019occasion de ses 10 ans d\u2019existence, l\u2019organe de presse \u00ab L\u2019\u00e9conomiste du B\u00e9nin \u00bb a tenu une conf\u00e9rence de presse ce ...\" \/>\n<meta property=\"og:url\" content=\"https:\/\/www.africa-press.net\/benin\/toutes-les-actualites\/benin-leconomiste-annonce-la-celebration-de-ses-10-ans-dexistence\" \/>\n<meta property=\"og:site_name\" content=\"B\u00e9nin\" \/>\n<meta property=\"article:published_time\" content=\"2022-08-26T17:47:24+00:00\" \/>\n<meta property=\"article:modified_time\" content=\"2022-08-26T18:04:05+00:00\" \/>\n<meta property=\"og:image\" content=\"https:\/\/static.africa-press.net\/benin\/sites\/46\/2022\/08\/postQueueImg_28-63090b001bb67.jpg\" \/>\n\t<meta property=\"og:image:width\" content=\"1200\" \/>\n\t<meta property=\"og:image:height\" content=\"800\" \/>\n\t<meta property=\"og:image:type\" content=\"image\/jpeg\" \/>\n<meta name=\"author\" content=\"cfeditorfr\" \/>\n<meta name=\"twitter:card\" content=\"summary_large_image\" \/>\n<meta name=\"twitter:label1\" content=\"\u00c9crit par\" \/>\n\t<meta name=\"twitter:data1\" content=\"cfeditorfr\" \/>\n\t<meta name=\"twitter:label2\" content=\"Dur\u00e9e de lecture estim\u00e9e\" \/>\n\t<meta name=\"twitter:data2\" content=\"2 minutes\" \/>\n<script type=\"application\/ld+json\" class=\"yoast-schema-graph\">{\"@context\":\"https:\/\/schema.org\",\"@graph\":[{\"@type\":\"Article\",\"@id\":\"https:\/\/www.africa-press.net\/benin\/toutes-les-actualites\/benin-leconomiste-annonce-la-celebration-de-ses-10-ans-dexistence#article\",\"isPartOf\":{\"@id\":\"https:\/\/www.africa-press.net\/benin\/toutes-les-actualites\/benin-leconomiste-annonce-la-celebration-de-ses-10-ans-dexistence\"},\"author\":{\"name\":\"cfeditorfr\",\"@id\":\"https:\/\/www.africa-press.net\/benin\/#\/schema\/person\/2b1cf3cd81a31e3cd26889ca66d677f1\"},\"headline\":\"B\u00e9nin: \u00ab L\u2019\u00e9conomiste \u00bb annonce la c\u00e9l\u00e9bration de ses 10 ans d\u2019existence\",\"datePublished\":\"2022-08-26T17:47:24+00:00\",\"dateModified\":\"2022-08-26T18:04:05+00:00\",\"mainEntityOfPage\":{\"@id\":\"https:\/\/www.africa-press.net\/benin\/toutes-les-actualites\/benin-leconomiste-annonce-la-celebration-de-ses-10-ans-dexistence\"},\"wordCount\":385,\"commentCount\":0,\"image\":{\"@id\":\"https:\/\/www.africa-press.net\/benin\/toutes-les-actualites\/benin-leconomiste-annonce-la-celebration-de-ses-10-ans-dexistence#primaryimage\"},\"thumbnailUrl\":\"https:\/\/static.africa-press.net\/benin\/sites\/46\/2022\/08\/postQueueImg_28-63090b001bb67.jpg\",\"keywords\":[\"Africa Press\",\"Africa Press-Benin\",\"B\u00e9nin\"],\"articleSection\":[\"Communaut\u00e9\",\"homepage-french\",\"Toutes les actualit\u00e9s\"],\"inLanguage\":\"fr-FR\",\"potentialAction\":[{\"@type\":\"CommentAction\",\"name\":\"Comment\",\"target\":[\"https:\/\/www.africa-press.net\/benin\/toutes-les-actualites\/benin-leconomiste-annonce-la-celebration-de-ses-10-ans-dexistence#respond\"]}]},{\"@type\":\"WebPage\",\"@id\":\"https:\/\/www.africa-press.net\/benin\/toutes-les-actualites\/benin-leconomiste-annonce-la-celebration-de-ses-10-ans-dexistence\",\"url\":\"https:\/\/www.africa-press.net\/benin\/toutes-les-actualites\/benin-leconomiste-annonce-la-celebration-de-ses-10-ans-dexistence\",\"name\":\"B\u00e9nin: \u00ab L\u2019\u00e9conomiste \u00bb annonce la c\u00e9l\u00e9bration de ses 10 ans d\u2019existence - B\u00e9nin\",\"isPartOf\":{\"@id\":\"https:\/\/www.africa-press.net\/benin\/#website\"},\"primaryImageOfPage\":{\"@id\":\"https:\/\/www.africa-press.net\/benin\/toutes-les-actualites\/benin-leconomiste-annonce-la-celebration-de-ses-10-ans-dexistence#primaryimage\"},\"image\":{\"@id\":\"https:\/\/www.africa-press.net\/benin\/toutes-les-actualites\/benin-leconomiste-annonce-la-celebration-de-ses-10-ans-dexistence#primaryimage\"},\"thumbnailUrl\":\"https:\/\/static.africa-press.net\/benin\/sites\/46\/2022\/08\/postQueueImg_28-63090b001bb67.jpg\",\"datePublished\":\"2022-08-26T17:47:24+00:00\",\"dateModified\":\"2022-08-26T18:04:05+00:00\",\"author\":{\"@id\":\"https:\/\/www.africa-press.net\/benin\/#\/schema\/person\/2b1cf3cd81a31e3cd26889ca66d677f1\"},\"description\":\"A l\u2019occasion de ses 10 ans d\u2019existence, l\u2019organe de presse \u00ab L\u2019\u00e9conomiste du B\u00e9nin \u00bb a tenu une conf\u00e9rence de presse ce ...\",\"breadcrumb\":{\"@id\":\"https:\/\/www.africa-press.net\/benin\/toutes-les-actualites\/benin-leconomiste-annonce-la-celebration-de-ses-10-ans-dexistence#breadcrumb\"},\"inLanguage\":\"fr-FR\",\"potentialAction\":[{\"@type\":\"ReadAction\",\"target\":[\"https:\/\/www.africa-press.net\/benin\/toutes-les-actualites\/benin-leconomiste-annonce-la-celebration-de-ses-10-ans-dexistence\"]}]},{\"@type\":\"ImageObject\",\"inLanguage\":\"fr-FR\",\"@id\":\"https:\/\/www.africa-press.net\/benin\/toutes-les-actualites\/benin-leconomiste-annonce-la-celebration-de-ses-10-ans-dexistence#primaryimage\",\"url\":\"https:\/\/static.africa-press.net\/benin\/sites\/46\/2022\/08\/postQueueImg_28-63090b001bb67.jpg\",\"contentUrl\":\"https:\/\/static.africa-press.net\/benin\/sites\/46\/2022\/08\/postQueueImg_28-63090b001bb67.jpg\",\"width\":1200,\"height\":800,\"caption\":\"B\u00e9nin: \u00ab L\u2019\u00e9conomiste \u00bb annonce la c\u00e9l\u00e9bration de ses 10 ans d\u2019existence\"},{\"@type\":\"BreadcrumbList\",\"@id\":\"https:\/\/www.africa-press.net\/benin\/toutes-les-actualites\/benin-leconomiste-annonce-la-celebration-de-ses-10-ans-dexistence#breadcrumb\",\"itemListElement\":[{\"@type\":\"ListItem\",\"position\":1,\"name\":\"Accueil\",\"item\":\"https:\/\/www.africa-press.net\/benin\/\"},{\"@type\":\"ListItem\",\"position\":2,\"name\":\"B\u00e9nin: \u00ab L\u2019\u00e9conomiste \u00bb annonce la c\u00e9l\u00e9bration de ses 10 ans d\u2019existence\"}]},{\"@type\":\"WebSite\",\"@id\":\"https:\/\/www.africa-press.net\/benin\/#website\",\"url\":\"https:\/\/www.africa-press.net\/benin\/\",\"name\":\"B\u00e9nin\",\"description\":\"Just another Africa News Agency Sites site\",\"potentialAction\":[{\"@type\":\"SearchAction\",\"target\":{\"@type\":\"EntryPoint\",\"urlTemplate\":\"https:\/\/www.africa-press.net\/benin\/?s={search_term_string}\"},\"query-input\":{\"@type\":\"PropertyValueSpecification\",\"valueRequired\":true,\"valueName\":\"search_term_string\"}}],\"inLanguage\":\"fr-FR\"},{\"@type\":\"Person\",\"@id\":\"https:\/\/www.africa-press.net\/benin\/#\/schema\/person\/2b1cf3cd81a31e3cd26889ca66d677f1\",\"name\":\"cfeditorfr\"}]}<\/script>\n<!-- \/ Yoast SEO Premium plugin. -->","yoast_head_json":{"title":"B\u00e9nin: \u00ab L\u2019\u00e9conomiste \u00bb annonce la c\u00e9l\u00e9bration de ses 10 ans d\u2019existence - B\u00e9nin","description":"A l\u2019occasion de ses 10 ans d\u2019existence, l\u2019organe de presse \u00ab L\u2019\u00e9conomiste du B\u00e9nin \u00bb a tenu une conf\u00e9rence de presse ce ...","robots":{"index":"index","follow":"follow","max-snippet":"max-snippet:-1","max-image-preview":"max-image-preview:large","max-video-preview":"max-video-preview:-1"},"canonical":"https:\/\/www.africa-press.net\/benin\/toutes-les-actualites\/benin-leconomiste-annonce-la-celebration-de-ses-10-ans-dexistence","og_locale":"fr_FR","og_type":"article","og_title":"B\u00e9nin: \u00ab L\u2019\u00e9conomiste \u00bb annonce la c\u00e9l\u00e9bration de ses 10 ans d\u2019existence","og_description":"A l\u2019occasion de ses 10 ans d\u2019existence, l\u2019organe de presse \u00ab L\u2019\u00e9conomiste du B\u00e9nin \u00bb a tenu une conf\u00e9rence de presse ce ...","og_url":"https:\/\/www.africa-press.net\/benin\/toutes-les-actualites\/benin-leconomiste-annonce-la-celebration-de-ses-10-ans-dexistence","og_site_name":"B\u00e9nin","article_published_time":"2022-08-26T17:47:24+00:00","article_modified_time":"2022-08-26T18:04:05+00:00","og_image":[{"width":1200,"height":800,"url":"https:\/\/static.africa-press.net\/benin\/sites\/46\/2022\/08\/postQueueImg_28-63090b001bb67.jpg","type":"image\/jpeg"}],"author":"cfeditorfr","twitter_card":"summary_large_image","twitter_misc":{"\u00c9crit par":"cfeditorfr","Dur\u00e9e de lecture estim\u00e9e":"2 minutes"},"schema":{"@context":"https:\/\/schema.org","@graph":[{"@type":"Article","@id":"https:\/\/www.africa-press.net\/benin\/toutes-les-actualites\/benin-leconomiste-annonce-la-celebration-de-ses-10-ans-dexistence#article","isPartOf":{"@id":"https:\/\/www.africa-press.net\/benin\/toutes-les-actualites\/benin-leconomiste-annonce-la-celebration-de-ses-10-ans-dexistence"},"author":{"name":"cfeditorfr","@id":"https:\/\/www.africa-press.net\/benin\/#\/schema\/person\/2b1cf3cd81a31e3cd26889ca66d677f1"},"headline":"B\u00e9nin: \u00ab L\u2019\u00e9conomiste \u00bb annonce la c\u00e9l\u00e9bration de ses 10 ans d\u2019existence","datePublished":"2022-08-26T17:47:24+00:00","dateModified":"2022-08-26T18:04:05+00:00","mainEntityOfPage":{"@id":"https:\/\/www.africa-press.net\/benin\/toutes-les-actualites\/benin-leconomiste-annonce-la-celebration-de-ses-10-ans-dexistence"},"wordCount":385,"commentCount":0,"image":{"@id":"https:\/\/www.africa-press.net\/benin\/toutes-les-actualites\/benin-leconomiste-annonce-la-celebration-de-ses-10-ans-dexistence#primaryimage"},"thumbnailUrl":"https:\/\/static.africa-press.net\/benin\/sites\/46\/2022\/08\/postQueueImg_28-63090b001bb67.jpg","keywords":["Africa Press","Africa Press-Benin","B\u00e9nin"],"articleSection":["Communaut\u00e9","homepage-french","Toutes les actualit\u00e9s"],"inLanguage":"fr-FR","potentialAction":[{"@type":"CommentAction","name":"Comment","target":["https:\/\/www.africa-press.net\/benin\/toutes-les-actualites\/benin-leconomiste-annonce-la-celebration-de-ses-10-ans-dexistence#respond"]}]},{"@type":"WebPage","@id":"https:\/\/www.africa-press.net\/benin\/toutes-les-actualites\/benin-leconomiste-annonce-la-celebration-de-ses-10-ans-dexistence","url":"https:\/\/www.africa-press.net\/benin\/toutes-les-actualites\/benin-leconomiste-annonce-la-celebration-de-ses-10-ans-dexistence","name":"B\u00e9nin: \u00ab L\u2019\u00e9conomiste \u00bb annonce la c\u00e9l\u00e9bration de ses 10 ans d\u2019existence - B\u00e9nin","isPartOf":{"@id":"https:\/\/www.africa-press.net\/benin\/#website"},"primaryImageOfPage":{"@id":"https:\/\/www.africa-press.net\/benin\/toutes-les-actualites\/benin-leconomiste-annonce-la-celebration-de-ses-10-ans-dexistence#primaryimage"},"image":{"@id":"https:\/\/www.africa-press.net\/benin\/toutes-les-actualites\/benin-leconomiste-annonce-la-celebration-de-ses-10-ans-dexistence#primaryimage"},"thumbnailUrl":"https:\/\/static.africa-press.net\/benin\/sites\/46\/2022\/08\/postQueueImg_28-63090b001bb67.jpg","datePublished":"2022-08-26T17:47:24+00:00","dateModified":"2022-08-26T18:04:05+00:00","author":{"@id":"https:\/\/www.africa-press.net\/benin\/#\/schema\/person\/2b1cf3cd81a31e3cd26889ca66d677f1"},"description":"A l\u2019occasion de ses 10 ans d\u2019existence, l\u2019organe de presse \u00ab L\u2019\u00e9conomiste du B\u00e9nin \u00bb a tenu une conf\u00e9rence de presse ce ...","breadcrumb":{"@id":"https:\/\/www.africa-press.net\/benin\/toutes-les-actualites\/benin-leconomiste-annonce-la-celebration-de-ses-10-ans-dexistence#breadcrumb"},"inLanguage":"fr-FR","potentialAction":[{"@type":"ReadAction","target":["https:\/\/www.africa-press.net\/benin\/toutes-les-actualites\/benin-leconomiste-annonce-la-celebration-de-ses-10-ans-dexistence"]}]},{"@type":"ImageObject","inLanguage":"fr-FR","@id":"https:\/\/www.africa-press.net\/benin\/toutes-les-actualites\/benin-leconomiste-annonce-la-celebration-de-ses-10-ans-dexistence#primaryimage","url":"https:\/\/static.africa-press.net\/benin\/sites\/46\/2022\/08\/postQueueImg_28-63090b001bb67.jpg","contentUrl":"https:\/\/static.africa-press.net\/benin\/sites\/46\/2022\/08\/postQueueImg_28-63090b001bb67.jpg","width":1200,"height":800,"caption":"B\u00e9nin: \u00ab L\u2019\u00e9conomiste \u00bb annonce la c\u00e9l\u00e9bration de ses 10 ans d\u2019existence"},{"@type":"BreadcrumbList","@id":"https:\/\/www.africa-press.net\/benin\/toutes-les-actualites\/benin-leconomiste-annonce-la-celebration-de-ses-10-ans-dexistence#breadcrumb","itemListElement":[{"@type":"ListItem","position":1,"name":"Accueil","item":"https:\/\/www.africa-press.net\/benin\/"},{"@type":"ListItem","position":2,"name":"B\u00e9nin: \u00ab L\u2019\u00e9conomiste \u00bb annonce la c\u00e9l\u00e9bration de ses 10 ans d\u2019existence"}]},{"@type":"WebSite","@id":"https:\/\/www.africa-press.net\/benin\/#website","url":"https:\/\/www.africa-press.net\/benin\/","name":"B\u00e9nin","description":"Just another Africa News Agency Sites site","potentialAction":[{"@type":"SearchAction","target":{"@type":"EntryPoint","urlTemplate":"https:\/\/www.africa-press.net\/benin\/?s={search_term_string}"},"query-input":{"@type":"PropertyValueSpecification","valueRequired":true,"valueName":"search_term_string"}}],"inLanguage":"fr-FR"},{"@type":"Person","@id":"https:\/\/www.africa-press.net\/benin\/#\/schema\/person\/2b1cf3cd81a31e3cd26889ca66d677f1","name":"cfeditorfr"}]}},"_links":{"self":[{"href":"https:\/\/www.africa-press.net\/benin\/wp-json\/wp\/v2\/posts\/8285","targetHints":{"allow":["GET"]}}],"collection":[{"href":"https:\/\/www.africa-press.net\/benin\/wp-json\/wp\/v2\/posts"}],"about":[{"href":"https:\/\/www.africa-press.net\/benin\/wp-json\/wp\/v2\/types\/post"}],"author":[{"embeddable":true,"href":"https:\/\/www.africa-press.net\/benin\/wp-json\/wp\/v2\/users\/82"}],"replies":[{"embeddable":true,"href":"https:\/\/www.africa-press.net\/benin\/wp-json\/wp\/v2\/comments?post=8285"}],"version-history":[{"count":0,"href":"https:\/\/www.africa-press.net\/benin\/wp-json\/wp\/v2\/posts\/8285\/revisions"}],"wp:featuredmedia":[{"embeddable":true,"href":"https:\/\/www.africa-press.net\/benin\/wp-json\/wp\/v2\/media\/8284"}],"wp:attachment":[{"href":"https:\/\/www.africa-press.net\/benin\/wp-json\/wp\/v2\/media?parent=8285"}],"wp:term":[{"taxonomy":"category","embeddable":true,"href":"https:\/\/www.africa-press.net\/benin\/wp-json\/wp\/v2\/categories?post=8285"},{"taxonomy":"post_tag","embeddable":true,"href":"https:\/\/www.africa-press.net\/benin\/wp-json\/wp\/v2\/tags?post=8285"}],"curies":[{"name":"wp","href":"https:\/\/api.w.org\/{rel}","templated":true}]}}