{"id":8288,"date":"2022-08-26T17:47:30","date_gmt":"2022-08-26T17:47:30","guid":{"rendered":"https:\/\/www.africa-press.net\/benin\/politique\/legislatives-2023-au-benin-la-cena-lance-le-recrutement-des-agents-electoraux"},"modified":"2022-08-26T18:04:32","modified_gmt":"2022-08-26T18:04:32","slug":"legislatives-2023-au-benin-la-cena-lance-le-recrutement-des-agents-electoraux","status":"publish","type":"post","link":"https:\/\/www.africa-press.net\/benin\/toutes-les-actualites\/legislatives-2023-au-benin-la-cena-lance-le-recrutement-des-agents-electoraux","title":{"rendered":"L\u00e9gislatives 2023 au B\u00e9nin: la C\u00e9na lance le recrutement des agents \u00e9lectoraux"},"content":{"rendered":"<p><span style=\"color: #ff6600\"><strong>Africa-Press &#8211; Benin. <\/strong><\/span>Dans le cadre de l\u2019organisation des \u00e9lections l\u00e9gislatives du 08 janvier 2023, la Commission \u00e9lectorale nationale autonome (C\u00e9na) a lanc\u00e9 le recrutement des agents \u00e9lectoraux. L\u2019appel \u00e0 candidature a \u00e9t\u00e9 communiqu\u00e9 au public ce vendredi 26 ao\u00fbt 2022 via un communiqu\u00e9 sign\u00e9 de Sacca Lafia, pr\u00e9sident de la C\u00e9na.<\/p>\n<p>La C\u00e9na recrute des agents \u00e9lectoraux dans trois cat\u00e9gories, en vue des prochaines l\u00e9gislatives. Les personnes d\u00e9sireuses de postuler pour l\u2019avis de recrutement peuvent candidater dans la cat\u00e9gorie des Coordonnateurs d\u2019Arrondissement (CA), Assistants de Coordonnateur d\u2019Arrondissement (ACA) et dans la cat\u00e9gorie des Membres de postes de vote (MPV).<\/p>\n<p>Conditions \u00e0 remplir et pi\u00e8ces \u00e0 fournir<\/p>\n<p><strong>Pour plus d&rsquo;informations et d&rsquo;analyses sur la <a href=\"https:\/\/www.africa-press.net\/benin\">Benin<\/a>, suivez <a href=\"https:\/\/www.africa-press.net\/\">Africa-Press<\/a><\/strong><\/p>\n","protected":false},"excerpt":{"rendered":"<p>Africa-Press &#8211; Benin. Dans le cadre de l\u2019organisation des \u00e9lections l\u00e9gislatives du 08 janvier 2023, la Commission \u00e9lectorale nationale autonome (C\u00e9na) a lanc\u00e9 le recrutement des agents \u00e9lectoraux. L\u2019appel \u00e0 candidature a \u00e9t\u00e9 communiqu\u00e9 au public ce vendredi 26 ao\u00fbt 2022 via un communiqu\u00e9 sign\u00e9 de Sacca Lafia, pr\u00e9sident de la C\u00e9na. La C\u00e9na recrute [&hellip;]<\/p>\n","protected":false},"author":82,"featured_media":8287,"comment_status":"open","ping_status":"closed","sticky":false,"template":"","format":"standard","meta":{"footnotes":""},"categories":[21,11,10],"tags":[36,50,45],"class_list":["post-8288","post","type-post","status-publish","format-standard","has-post-thumbnail","hentry","category-communaute","category-homepage-french","category-toutes-les-actualites","tag-africa-press","tag-africa-press-benin","tag-benin"],"yoast_head":"<!-- This site is optimized with the Yoast SEO Premium plugin v26.1 (Yoast SEO v27.0) - https:\/\/yoast.com\/product\/yoast-seo-premium-wordpress\/ -->\n<title>L\u00e9gislatives 2023 au B\u00e9nin: la C\u00e9na lance le recrutement des agents \u00e9lectoraux - B\u00e9nin<\/title>\n<meta name=\"description\" content=\"Dans le cadre de l\u2019organisation des \u00e9lections l\u00e9gislatives du 08 janvier 2023, la Commission \u00e9lectorale nationale autono ...\" \/>\n<meta name=\"robots\" content=\"index, follow, max-snippet:-1, max-image-preview:large, max-video-preview:-1\" \/>\n<link rel=\"canonical\" href=\"https:\/\/www.africa-press.net\/benin\/toutes-les-actualites\/legislatives-2023-au-benin-la-cena-lance-le-recrutement-des-agents-electoraux\" \/>\n<meta property=\"og:locale\" content=\"fr_FR\" \/>\n<meta property=\"og:type\" content=\"article\" \/>\n<meta property=\"og:title\" content=\"L\u00e9gislatives 2023 au B\u00e9nin: la C\u00e9na lance le recrutement des agents \u00e9lectoraux\" \/>\n<meta property=\"og:description\" content=\"Dans le cadre de l\u2019organisation des \u00e9lections l\u00e9gislatives du 08 janvier 2023, la Commission \u00e9lectorale nationale autono ...\" \/>\n<meta property=\"og:url\" content=\"https:\/\/www.africa-press.net\/benin\/toutes-les-actualites\/legislatives-2023-au-benin-la-cena-lance-le-recrutement-des-agents-electoraux\" \/>\n<meta property=\"og:site_name\" content=\"B\u00e9nin\" \/>\n<meta property=\"article:published_time\" content=\"2022-08-26T17:47:30+00:00\" \/>\n<meta property=\"article:modified_time\" content=\"2022-08-26T18:04:32+00:00\" \/>\n<meta property=\"og:image\" content=\"https:\/\/static.africa-press.net\/benin\/sites\/46\/2022\/08\/postQueueImg_29-63090b1b952b9.jpg\" \/>\n\t<meta property=\"og:image:width\" content=\"1264\" \/>\n\t<meta property=\"og:image:height\" content=\"837\" \/>\n\t<meta property=\"og:image:type\" content=\"image\/jpeg\" \/>\n<meta name=\"author\" content=\"cfeditorfr\" \/>\n<meta name=\"twitter:card\" content=\"summary_large_image\" \/>\n<meta name=\"twitter:label1\" content=\"\u00c9crit par\" \/>\n\t<meta name=\"twitter:data1\" content=\"cfeditorfr\" \/>\n\t<meta name=\"twitter:label2\" content=\"Dur\u00e9e de lecture estim\u00e9e\" \/>\n\t<meta name=\"twitter:data2\" content=\"1 minute\" \/>\n<script type=\"application\/ld+json\" class=\"yoast-schema-graph\">{\"@context\":\"https:\/\/schema.org\",\"@graph\":[{\"@type\":\"Article\",\"@id\":\"https:\/\/www.africa-press.net\/benin\/toutes-les-actualites\/legislatives-2023-au-benin-la-cena-lance-le-recrutement-des-agents-electoraux#article\",\"isPartOf\":{\"@id\":\"https:\/\/www.africa-press.net\/benin\/toutes-les-actualites\/legislatives-2023-au-benin-la-cena-lance-le-recrutement-des-agents-electoraux\"},\"author\":{\"name\":\"cfeditorfr\",\"@id\":\"https:\/\/www.africa-press.net\/benin\/#\/schema\/person\/2b1cf3cd81a31e3cd26889ca66d677f1\"},\"headline\":\"L\u00e9gislatives 2023 au B\u00e9nin: la C\u00e9na lance le recrutement des agents \u00e9lectoraux\",\"datePublished\":\"2022-08-26T17:47:30+00:00\",\"dateModified\":\"2022-08-26T18:04:32+00:00\",\"mainEntityOfPage\":{\"@id\":\"https:\/\/www.africa-press.net\/benin\/toutes-les-actualites\/legislatives-2023-au-benin-la-cena-lance-le-recrutement-des-agents-electoraux\"},\"wordCount\":143,\"commentCount\":0,\"image\":{\"@id\":\"https:\/\/www.africa-press.net\/benin\/toutes-les-actualites\/legislatives-2023-au-benin-la-cena-lance-le-recrutement-des-agents-electoraux#primaryimage\"},\"thumbnailUrl\":\"https:\/\/static.africa-press.net\/benin\/sites\/46\/2022\/08\/postQueueImg_29-63090b1b952b9.jpg\",\"keywords\":[\"Africa Press\",\"Africa Press-Benin\",\"B\u00e9nin\"],\"articleSection\":[\"Communaut\u00e9\",\"homepage-french\",\"Toutes les actualit\u00e9s\"],\"inLanguage\":\"fr-FR\",\"potentialAction\":[{\"@type\":\"CommentAction\",\"name\":\"Comment\",\"target\":[\"https:\/\/www.africa-press.net\/benin\/toutes-les-actualites\/legislatives-2023-au-benin-la-cena-lance-le-recrutement-des-agents-electoraux#respond\"]}]},{\"@type\":\"WebPage\",\"@id\":\"https:\/\/www.africa-press.net\/benin\/toutes-les-actualites\/legislatives-2023-au-benin-la-cena-lance-le-recrutement-des-agents-electoraux\",\"url\":\"https:\/\/www.africa-press.net\/benin\/toutes-les-actualites\/legislatives-2023-au-benin-la-cena-lance-le-recrutement-des-agents-electoraux\",\"name\":\"L\u00e9gislatives 2023 au B\u00e9nin: la C\u00e9na lance le recrutement des agents \u00e9lectoraux - B\u00e9nin\",\"isPartOf\":{\"@id\":\"https:\/\/www.africa-press.net\/benin\/#website\"},\"primaryImageOfPage\":{\"@id\":\"https:\/\/www.africa-press.net\/benin\/toutes-les-actualites\/legislatives-2023-au-benin-la-cena-lance-le-recrutement-des-agents-electoraux#primaryimage\"},\"image\":{\"@id\":\"https:\/\/www.africa-press.net\/benin\/toutes-les-actualites\/legislatives-2023-au-benin-la-cena-lance-le-recrutement-des-agents-electoraux#primaryimage\"},\"thumbnailUrl\":\"https:\/\/static.africa-press.net\/benin\/sites\/46\/2022\/08\/postQueueImg_29-63090b1b952b9.jpg\",\"datePublished\":\"2022-08-26T17:47:30+00:00\",\"dateModified\":\"2022-08-26T18:04:32+00:00\",\"author\":{\"@id\":\"https:\/\/www.africa-press.net\/benin\/#\/schema\/person\/2b1cf3cd81a31e3cd26889ca66d677f1\"},\"description\":\"Dans le cadre de l\u2019organisation des \u00e9lections l\u00e9gislatives du 08 janvier 2023, la Commission \u00e9lectorale nationale autono ...\",\"breadcrumb\":{\"@id\":\"https:\/\/www.africa-press.net\/benin\/toutes-les-actualites\/legislatives-2023-au-benin-la-cena-lance-le-recrutement-des-agents-electoraux#breadcrumb\"},\"inLanguage\":\"fr-FR\",\"potentialAction\":[{\"@type\":\"ReadAction\",\"target\":[\"https:\/\/www.africa-press.net\/benin\/toutes-les-actualites\/legislatives-2023-au-benin-la-cena-lance-le-recrutement-des-agents-electoraux\"]}]},{\"@type\":\"ImageObject\",\"inLanguage\":\"fr-FR\",\"@id\":\"https:\/\/www.africa-press.net\/benin\/toutes-les-actualites\/legislatives-2023-au-benin-la-cena-lance-le-recrutement-des-agents-electoraux#primaryimage\",\"url\":\"https:\/\/static.africa-press.net\/benin\/sites\/46\/2022\/08\/postQueueImg_29-63090b1b952b9.jpg\",\"contentUrl\":\"https:\/\/static.africa-press.net\/benin\/sites\/46\/2022\/08\/postQueueImg_29-63090b1b952b9.jpg\",\"width\":1264,\"height\":837,\"caption\":\"L\u00e9gislatives 2023 au B\u00e9nin: la C\u00e9na lance le recrutement des agents \u00e9lectoraux\"},{\"@type\":\"BreadcrumbList\",\"@id\":\"https:\/\/www.africa-press.net\/benin\/toutes-les-actualites\/legislatives-2023-au-benin-la-cena-lance-le-recrutement-des-agents-electoraux#breadcrumb\",\"itemListElement\":[{\"@type\":\"ListItem\",\"position\":1,\"name\":\"Accueil\",\"item\":\"https:\/\/www.africa-press.net\/benin\/\"},{\"@type\":\"ListItem\",\"position\":2,\"name\":\"L\u00e9gislatives 2023 au B\u00e9nin: la C\u00e9na lance le recrutement des agents \u00e9lectoraux\"}]},{\"@type\":\"WebSite\",\"@id\":\"https:\/\/www.africa-press.net\/benin\/#website\",\"url\":\"https:\/\/www.africa-press.net\/benin\/\",\"name\":\"B\u00e9nin\",\"description\":\"Just another Africa News Agency Sites site\",\"potentialAction\":[{\"@type\":\"SearchAction\",\"target\":{\"@type\":\"EntryPoint\",\"urlTemplate\":\"https:\/\/www.africa-press.net\/benin\/?s={search_term_string}\"},\"query-input\":{\"@type\":\"PropertyValueSpecification\",\"valueRequired\":true,\"valueName\":\"search_term_string\"}}],\"inLanguage\":\"fr-FR\"},{\"@type\":\"Person\",\"@id\":\"https:\/\/www.africa-press.net\/benin\/#\/schema\/person\/2b1cf3cd81a31e3cd26889ca66d677f1\",\"name\":\"cfeditorfr\"}]}<\/script>\n<!-- \/ Yoast SEO Premium plugin. -->","yoast_head_json":{"title":"L\u00e9gislatives 2023 au B\u00e9nin: la C\u00e9na lance le recrutement des agents \u00e9lectoraux - B\u00e9nin","description":"Dans le cadre de l\u2019organisation des \u00e9lections l\u00e9gislatives du 08 janvier 2023, la Commission \u00e9lectorale nationale autono ...","robots":{"index":"index","follow":"follow","max-snippet":"max-snippet:-1","max-image-preview":"max-image-preview:large","max-video-preview":"max-video-preview:-1"},"canonical":"https:\/\/www.africa-press.net\/benin\/toutes-les-actualites\/legislatives-2023-au-benin-la-cena-lance-le-recrutement-des-agents-electoraux","og_locale":"fr_FR","og_type":"article","og_title":"L\u00e9gislatives 2023 au B\u00e9nin: la C\u00e9na lance le recrutement des agents \u00e9lectoraux","og_description":"Dans le cadre de l\u2019organisation des \u00e9lections l\u00e9gislatives du 08 janvier 2023, la Commission \u00e9lectorale nationale autono ...","og_url":"https:\/\/www.africa-press.net\/benin\/toutes-les-actualites\/legislatives-2023-au-benin-la-cena-lance-le-recrutement-des-agents-electoraux","og_site_name":"B\u00e9nin","article_published_time":"2022-08-26T17:47:30+00:00","article_modified_time":"2022-08-26T18:04:32+00:00","og_image":[{"width":1264,"height":837,"url":"https:\/\/static.africa-press.net\/benin\/sites\/46\/2022\/08\/postQueueImg_29-63090b1b952b9.jpg","type":"image\/jpeg"}],"author":"cfeditorfr","twitter_card":"summary_large_image","twitter_misc":{"\u00c9crit par":"cfeditorfr","Dur\u00e9e de lecture estim\u00e9e":"1 minute"},"schema":{"@context":"https:\/\/schema.org","@graph":[{"@type":"Article","@id":"https:\/\/www.africa-press.net\/benin\/toutes-les-actualites\/legislatives-2023-au-benin-la-cena-lance-le-recrutement-des-agents-electoraux#article","isPartOf":{"@id":"https:\/\/www.africa-press.net\/benin\/toutes-les-actualites\/legislatives-2023-au-benin-la-cena-lance-le-recrutement-des-agents-electoraux"},"author":{"name":"cfeditorfr","@id":"https:\/\/www.africa-press.net\/benin\/#\/schema\/person\/2b1cf3cd81a31e3cd26889ca66d677f1"},"headline":"L\u00e9gislatives 2023 au B\u00e9nin: la C\u00e9na lance le recrutement des agents \u00e9lectoraux","datePublished":"2022-08-26T17:47:30+00:00","dateModified":"2022-08-26T18:04:32+00:00","mainEntityOfPage":{"@id":"https:\/\/www.africa-press.net\/benin\/toutes-les-actualites\/legislatives-2023-au-benin-la-cena-lance-le-recrutement-des-agents-electoraux"},"wordCount":143,"commentCount":0,"image":{"@id":"https:\/\/www.africa-press.net\/benin\/toutes-les-actualites\/legislatives-2023-au-benin-la-cena-lance-le-recrutement-des-agents-electoraux#primaryimage"},"thumbnailUrl":"https:\/\/static.africa-press.net\/benin\/sites\/46\/2022\/08\/postQueueImg_29-63090b1b952b9.jpg","keywords":["Africa Press","Africa Press-Benin","B\u00e9nin"],"articleSection":["Communaut\u00e9","homepage-french","Toutes les actualit\u00e9s"],"inLanguage":"fr-FR","potentialAction":[{"@type":"CommentAction","name":"Comment","target":["https:\/\/www.africa-press.net\/benin\/toutes-les-actualites\/legislatives-2023-au-benin-la-cena-lance-le-recrutement-des-agents-electoraux#respond"]}]},{"@type":"WebPage","@id":"https:\/\/www.africa-press.net\/benin\/toutes-les-actualites\/legislatives-2023-au-benin-la-cena-lance-le-recrutement-des-agents-electoraux","url":"https:\/\/www.africa-press.net\/benin\/toutes-les-actualites\/legislatives-2023-au-benin-la-cena-lance-le-recrutement-des-agents-electoraux","name":"L\u00e9gislatives 2023 au B\u00e9nin: la C\u00e9na lance le recrutement des agents \u00e9lectoraux - B\u00e9nin","isPartOf":{"@id":"https:\/\/www.africa-press.net\/benin\/#website"},"primaryImageOfPage":{"@id":"https:\/\/www.africa-press.net\/benin\/toutes-les-actualites\/legislatives-2023-au-benin-la-cena-lance-le-recrutement-des-agents-electoraux#primaryimage"},"image":{"@id":"https:\/\/www.africa-press.net\/benin\/toutes-les-actualites\/legislatives-2023-au-benin-la-cena-lance-le-recrutement-des-agents-electoraux#primaryimage"},"thumbnailUrl":"https:\/\/static.africa-press.net\/benin\/sites\/46\/2022\/08\/postQueueImg_29-63090b1b952b9.jpg","datePublished":"2022-08-26T17:47:30+00:00","dateModified":"2022-08-26T18:04:32+00:00","author":{"@id":"https:\/\/www.africa-press.net\/benin\/#\/schema\/person\/2b1cf3cd81a31e3cd26889ca66d677f1"},"description":"Dans le cadre de l\u2019organisation des \u00e9lections l\u00e9gislatives du 08 janvier 2023, la Commission \u00e9lectorale nationale autono ...","breadcrumb":{"@id":"https:\/\/www.africa-press.net\/benin\/toutes-les-actualites\/legislatives-2023-au-benin-la-cena-lance-le-recrutement-des-agents-electoraux#breadcrumb"},"inLanguage":"fr-FR","potentialAction":[{"@type":"ReadAction","target":["https:\/\/www.africa-press.net\/benin\/toutes-les-actualites\/legislatives-2023-au-benin-la-cena-lance-le-recrutement-des-agents-electoraux"]}]},{"@type":"ImageObject","inLanguage":"fr-FR","@id":"https:\/\/www.africa-press.net\/benin\/toutes-les-actualites\/legislatives-2023-au-benin-la-cena-lance-le-recrutement-des-agents-electoraux#primaryimage","url":"https:\/\/static.africa-press.net\/benin\/sites\/46\/2022\/08\/postQueueImg_29-63090b1b952b9.jpg","contentUrl":"https:\/\/static.africa-press.net\/benin\/sites\/46\/2022\/08\/postQueueImg_29-63090b1b952b9.jpg","width":1264,"height":837,"caption":"L\u00e9gislatives 2023 au B\u00e9nin: la C\u00e9na lance le recrutement des agents \u00e9lectoraux"},{"@type":"BreadcrumbList","@id":"https:\/\/www.africa-press.net\/benin\/toutes-les-actualites\/legislatives-2023-au-benin-la-cena-lance-le-recrutement-des-agents-electoraux#breadcrumb","itemListElement":[{"@type":"ListItem","position":1,"name":"Accueil","item":"https:\/\/www.africa-press.net\/benin\/"},{"@type":"ListItem","position":2,"name":"L\u00e9gislatives 2023 au B\u00e9nin: la C\u00e9na lance le recrutement des agents \u00e9lectoraux"}]},{"@type":"WebSite","@id":"https:\/\/www.africa-press.net\/benin\/#website","url":"https:\/\/www.africa-press.net\/benin\/","name":"B\u00e9nin","description":"Just another Africa News Agency Sites site","potentialAction":[{"@type":"SearchAction","target":{"@type":"EntryPoint","urlTemplate":"https:\/\/www.africa-press.net\/benin\/?s={search_term_string}"},"query-input":{"@type":"PropertyValueSpecification","valueRequired":true,"valueName":"search_term_string"}}],"inLanguage":"fr-FR"},{"@type":"Person","@id":"https:\/\/www.africa-press.net\/benin\/#\/schema\/person\/2b1cf3cd81a31e3cd26889ca66d677f1","name":"cfeditorfr"}]}},"_links":{"self":[{"href":"https:\/\/www.africa-press.net\/benin\/wp-json\/wp\/v2\/posts\/8288","targetHints":{"allow":["GET"]}}],"collection":[{"href":"https:\/\/www.africa-press.net\/benin\/wp-json\/wp\/v2\/posts"}],"about":[{"href":"https:\/\/www.africa-press.net\/benin\/wp-json\/wp\/v2\/types\/post"}],"author":[{"embeddable":true,"href":"https:\/\/www.africa-press.net\/benin\/wp-json\/wp\/v2\/users\/82"}],"replies":[{"embeddable":true,"href":"https:\/\/www.africa-press.net\/benin\/wp-json\/wp\/v2\/comments?post=8288"}],"version-history":[{"count":0,"href":"https:\/\/www.africa-press.net\/benin\/wp-json\/wp\/v2\/posts\/8288\/revisions"}],"wp:featuredmedia":[{"embeddable":true,"href":"https:\/\/www.africa-press.net\/benin\/wp-json\/wp\/v2\/media\/8287"}],"wp:attachment":[{"href":"https:\/\/www.africa-press.net\/benin\/wp-json\/wp\/v2\/media?parent=8288"}],"wp:term":[{"taxonomy":"category","embeddable":true,"href":"https:\/\/www.africa-press.net\/benin\/wp-json\/wp\/v2\/categories?post=8288"},{"taxonomy":"post_tag","embeddable":true,"href":"https:\/\/www.africa-press.net\/benin\/wp-json\/wp\/v2\/tags?post=8288"}],"curies":[{"name":"wp","href":"https:\/\/api.w.org\/{rel}","templated":true}]}}