{"id":8315,"date":"2022-08-27T17:14:58","date_gmt":"2022-08-27T17:14:58","guid":{"rendered":"https:\/\/www.africa-press.net\/benin\/politique\/benin-4-agents-de-landf-deposes-en-prison-pour-ranconnement"},"modified":"2022-08-27T17:24:38","modified_gmt":"2022-08-27T17:24:38","slug":"benin-4-agents-de-landf-deposes-en-prison-pour-ranconnement","status":"publish","type":"post","link":"https:\/\/www.africa-press.net\/benin\/toutes-les-actualites\/benin-4-agents-de-landf-deposes-en-prison-pour-ranconnement","title":{"rendered":"B\u00e9nin: 4 agents de l\u2019ANDF d\u00e9pos\u00e9s en prison pour ran\u00e7onnement"},"content":{"rendered":"<p><span style=\"color: #ff6600\"><strong>Africa-Press &#8211; Benin. <\/strong><\/span>Le Procureur sp\u00e9cial de la Cour de r\u00e9pression des infractions \u00e9conomiques et du terrorisme (Criet) a mis sous mandat de d\u00e9p\u00f4t quatre (04) agents de l\u2019Agence Nationale du Domaine et du Foncier (ANDF). Ils sont tous accus\u00e9s dans une affaire de ran\u00e7onnement et de corruption.<\/p>\n<p>Pour ran\u00e7onnement et corruption, quatre (04) agents de l\u2019ANDF sont d\u00e9pos\u00e9s derri\u00e8re les barreaux. Le Procureur sp\u00e9cial de la Criet a d\u00e9cern\u00e9 un mandat de d\u00e9p\u00f4t contre les int\u00e9ress\u00e9s \u00e0 l\u2019issue d\u2019une audition tenue \u00e0 son cabinet. En dehors de ceux qui ont \u00e9t\u00e9 d\u00e9pos\u00e9s, trois (03) autres agents cit\u00e9s dans le dossier, sont mis sous convocation.<\/p>\n<p>De sources polici\u00e8res, certains clients de l\u2019Agence ont \u00e9t\u00e9 victimes d\u2019actes de ran\u00e7onnement lors des proc\u00e9dures d\u2019enregistrement de convention de vente. Les agents \u00e9pingl\u00e9s proposeraient aux usagers de minorer les droits d\u2019enregistrement, en modifiant les donn\u00e9es des parcelles.<\/p>\n<p>Ils ont \u00e9t\u00e9 signal\u00e9s \u00e0 la justice par un client qui a refus\u00e9 de faire le jeu. Selon Frissons radio, ils avaient propos\u00e9 \u00e0 ce dernier de payer une somme de 70 000 FCFA comme pot de vin. A noter que dans le lot des personnes \u00e9pingl\u00e9es, il y a un chauffeur et des agents des imp\u00f4ts en service \u00e0 l\u2019ANDF.<\/p>\n<p><strong>Pour plus d&rsquo;informations et d&rsquo;analyses sur la <a href=\"https:\/\/www.africa-press.net\/benin\">Benin<\/a>, suivez <a href=\"https:\/\/www.africa-press.net\/\">Africa-Press<\/a><\/strong><\/p>\n","protected":false},"excerpt":{"rendered":"<p>Africa-Press &#8211; Benin. Le Procureur sp\u00e9cial de la Cour de r\u00e9pression des infractions \u00e9conomiques et du terrorisme (Criet) a mis sous mandat de d\u00e9p\u00f4t quatre (04) agents de l\u2019Agence Nationale du Domaine et du Foncier (ANDF). Ils sont tous accus\u00e9s dans une affaire de ran\u00e7onnement et de corruption. Pour ran\u00e7onnement et corruption, quatre (04) agents [&hellip;]<\/p>\n","protected":false},"author":82,"featured_media":8314,"comment_status":"open","ping_status":"closed","sticky":false,"template":"","format":"standard","meta":{"footnotes":""},"categories":[21,11,10],"tags":[36,50,45],"class_list":["post-8315","post","type-post","status-publish","format-standard","has-post-thumbnail","hentry","category-communaute","category-homepage-french","category-toutes-les-actualites","tag-africa-press","tag-africa-press-benin","tag-benin"],"yoast_head":"<!-- This site is optimized with the Yoast SEO Premium plugin v26.1 (Yoast SEO v27.0) - https:\/\/yoast.com\/product\/yoast-seo-premium-wordpress\/ -->\n<title>B\u00e9nin: 4 agents de l\u2019ANDF d\u00e9pos\u00e9s en prison pour ran\u00e7onnement - B\u00e9nin<\/title>\n<meta name=\"description\" content=\"Le Procureur sp\u00e9cial de la Cour de r\u00e9pression des infractions \u00e9conomiques et du terrorisme (Criet) a mis sous mandat de ...\" \/>\n<meta name=\"robots\" content=\"index, follow, max-snippet:-1, max-image-preview:large, max-video-preview:-1\" \/>\n<link rel=\"canonical\" href=\"https:\/\/www.africa-press.net\/benin\/toutes-les-actualites\/benin-4-agents-de-landf-deposes-en-prison-pour-ranconnement\" \/>\n<meta property=\"og:locale\" content=\"fr_FR\" \/>\n<meta property=\"og:type\" content=\"article\" \/>\n<meta property=\"og:title\" content=\"B\u00e9nin: 4 agents de l\u2019ANDF d\u00e9pos\u00e9s en prison pour ran\u00e7onnement\" \/>\n<meta property=\"og:description\" content=\"Le Procureur sp\u00e9cial de la Cour de r\u00e9pression des infractions \u00e9conomiques et du terrorisme (Criet) a mis sous mandat de ...\" \/>\n<meta property=\"og:url\" content=\"https:\/\/www.africa-press.net\/benin\/toutes-les-actualites\/benin-4-agents-de-landf-deposes-en-prison-pour-ranconnement\" \/>\n<meta property=\"og:site_name\" content=\"B\u00e9nin\" \/>\n<meta property=\"article:published_time\" content=\"2022-08-27T17:14:58+00:00\" \/>\n<meta property=\"article:modified_time\" content=\"2022-08-27T17:24:38+00:00\" \/>\n<meta property=\"og:image\" content=\"https:\/\/static.africa-press.net\/benin\/sites\/46\/2022\/08\/postQueueImg_10-630a532470e64.jpg\" \/>\n\t<meta property=\"og:image:width\" content=\"1263\" \/>\n\t<meta property=\"og:image:height\" content=\"700\" \/>\n\t<meta property=\"og:image:type\" content=\"image\/jpeg\" \/>\n<meta name=\"author\" content=\"cfeditorfr\" \/>\n<meta name=\"twitter:card\" content=\"summary_large_image\" \/>\n<meta name=\"twitter:label1\" content=\"\u00c9crit par\" \/>\n\t<meta name=\"twitter:data1\" content=\"cfeditorfr\" \/>\n\t<meta name=\"twitter:label2\" content=\"Dur\u00e9e de lecture estim\u00e9e\" \/>\n\t<meta name=\"twitter:data2\" content=\"2 minutes\" \/>\n<script type=\"application\/ld+json\" class=\"yoast-schema-graph\">{\"@context\":\"https:\/\/schema.org\",\"@graph\":[{\"@type\":\"Article\",\"@id\":\"https:\/\/www.africa-press.net\/benin\/toutes-les-actualites\/benin-4-agents-de-landf-deposes-en-prison-pour-ranconnement#article\",\"isPartOf\":{\"@id\":\"https:\/\/www.africa-press.net\/benin\/toutes-les-actualites\/benin-4-agents-de-landf-deposes-en-prison-pour-ranconnement\"},\"author\":{\"name\":\"cfeditorfr\",\"@id\":\"https:\/\/www.africa-press.net\/benin\/#\/schema\/person\/2b1cf3cd81a31e3cd26889ca66d677f1\"},\"headline\":\"B\u00e9nin: 4 agents de l\u2019ANDF d\u00e9pos\u00e9s en prison pour ran\u00e7onnement\",\"datePublished\":\"2022-08-27T17:14:58+00:00\",\"dateModified\":\"2022-08-27T17:24:38+00:00\",\"mainEntityOfPage\":{\"@id\":\"https:\/\/www.africa-press.net\/benin\/toutes-les-actualites\/benin-4-agents-de-landf-deposes-en-prison-pour-ranconnement\"},\"wordCount\":256,\"commentCount\":0,\"image\":{\"@id\":\"https:\/\/www.africa-press.net\/benin\/toutes-les-actualites\/benin-4-agents-de-landf-deposes-en-prison-pour-ranconnement#primaryimage\"},\"thumbnailUrl\":\"https:\/\/static.africa-press.net\/benin\/sites\/46\/2022\/08\/postQueueImg_10-630a532470e64.jpg\",\"keywords\":[\"Africa Press\",\"Africa Press-Benin\",\"B\u00e9nin\"],\"articleSection\":[\"Communaut\u00e9\",\"homepage-french\",\"Toutes les actualit\u00e9s\"],\"inLanguage\":\"fr-FR\",\"potentialAction\":[{\"@type\":\"CommentAction\",\"name\":\"Comment\",\"target\":[\"https:\/\/www.africa-press.net\/benin\/toutes-les-actualites\/benin-4-agents-de-landf-deposes-en-prison-pour-ranconnement#respond\"]}]},{\"@type\":\"WebPage\",\"@id\":\"https:\/\/www.africa-press.net\/benin\/toutes-les-actualites\/benin-4-agents-de-landf-deposes-en-prison-pour-ranconnement\",\"url\":\"https:\/\/www.africa-press.net\/benin\/toutes-les-actualites\/benin-4-agents-de-landf-deposes-en-prison-pour-ranconnement\",\"name\":\"B\u00e9nin: 4 agents de l\u2019ANDF d\u00e9pos\u00e9s en prison pour ran\u00e7onnement - B\u00e9nin\",\"isPartOf\":{\"@id\":\"https:\/\/www.africa-press.net\/benin\/#website\"},\"primaryImageOfPage\":{\"@id\":\"https:\/\/www.africa-press.net\/benin\/toutes-les-actualites\/benin-4-agents-de-landf-deposes-en-prison-pour-ranconnement#primaryimage\"},\"image\":{\"@id\":\"https:\/\/www.africa-press.net\/benin\/toutes-les-actualites\/benin-4-agents-de-landf-deposes-en-prison-pour-ranconnement#primaryimage\"},\"thumbnailUrl\":\"https:\/\/static.africa-press.net\/benin\/sites\/46\/2022\/08\/postQueueImg_10-630a532470e64.jpg\",\"datePublished\":\"2022-08-27T17:14:58+00:00\",\"dateModified\":\"2022-08-27T17:24:38+00:00\",\"author\":{\"@id\":\"https:\/\/www.africa-press.net\/benin\/#\/schema\/person\/2b1cf3cd81a31e3cd26889ca66d677f1\"},\"description\":\"Le Procureur sp\u00e9cial de la Cour de r\u00e9pression des infractions \u00e9conomiques et du terrorisme (Criet) a mis sous mandat de ...\",\"breadcrumb\":{\"@id\":\"https:\/\/www.africa-press.net\/benin\/toutes-les-actualites\/benin-4-agents-de-landf-deposes-en-prison-pour-ranconnement#breadcrumb\"},\"inLanguage\":\"fr-FR\",\"potentialAction\":[{\"@type\":\"ReadAction\",\"target\":[\"https:\/\/www.africa-press.net\/benin\/toutes-les-actualites\/benin-4-agents-de-landf-deposes-en-prison-pour-ranconnement\"]}]},{\"@type\":\"ImageObject\",\"inLanguage\":\"fr-FR\",\"@id\":\"https:\/\/www.africa-press.net\/benin\/toutes-les-actualites\/benin-4-agents-de-landf-deposes-en-prison-pour-ranconnement#primaryimage\",\"url\":\"https:\/\/static.africa-press.net\/benin\/sites\/46\/2022\/08\/postQueueImg_10-630a532470e64.jpg\",\"contentUrl\":\"https:\/\/static.africa-press.net\/benin\/sites\/46\/2022\/08\/postQueueImg_10-630a532470e64.jpg\",\"width\":1263,\"height\":700,\"caption\":\"B\u00e9nin: 4 agents de l\u2019ANDF d\u00e9pos\u00e9s en prison pour ran\u00e7onnement\"},{\"@type\":\"BreadcrumbList\",\"@id\":\"https:\/\/www.africa-press.net\/benin\/toutes-les-actualites\/benin-4-agents-de-landf-deposes-en-prison-pour-ranconnement#breadcrumb\",\"itemListElement\":[{\"@type\":\"ListItem\",\"position\":1,\"name\":\"Accueil\",\"item\":\"https:\/\/www.africa-press.net\/benin\/\"},{\"@type\":\"ListItem\",\"position\":2,\"name\":\"B\u00e9nin: 4 agents de l\u2019ANDF d\u00e9pos\u00e9s en prison pour ran\u00e7onnement\"}]},{\"@type\":\"WebSite\",\"@id\":\"https:\/\/www.africa-press.net\/benin\/#website\",\"url\":\"https:\/\/www.africa-press.net\/benin\/\",\"name\":\"B\u00e9nin\",\"description\":\"Just another Africa News Agency Sites site\",\"potentialAction\":[{\"@type\":\"SearchAction\",\"target\":{\"@type\":\"EntryPoint\",\"urlTemplate\":\"https:\/\/www.africa-press.net\/benin\/?s={search_term_string}\"},\"query-input\":{\"@type\":\"PropertyValueSpecification\",\"valueRequired\":true,\"valueName\":\"search_term_string\"}}],\"inLanguage\":\"fr-FR\"},{\"@type\":\"Person\",\"@id\":\"https:\/\/www.africa-press.net\/benin\/#\/schema\/person\/2b1cf3cd81a31e3cd26889ca66d677f1\",\"name\":\"cfeditorfr\"}]}<\/script>\n<!-- \/ Yoast SEO Premium plugin. -->","yoast_head_json":{"title":"B\u00e9nin: 4 agents de l\u2019ANDF d\u00e9pos\u00e9s en prison pour ran\u00e7onnement - B\u00e9nin","description":"Le Procureur sp\u00e9cial de la Cour de r\u00e9pression des infractions \u00e9conomiques et du terrorisme (Criet) a mis sous mandat de ...","robots":{"index":"index","follow":"follow","max-snippet":"max-snippet:-1","max-image-preview":"max-image-preview:large","max-video-preview":"max-video-preview:-1"},"canonical":"https:\/\/www.africa-press.net\/benin\/toutes-les-actualites\/benin-4-agents-de-landf-deposes-en-prison-pour-ranconnement","og_locale":"fr_FR","og_type":"article","og_title":"B\u00e9nin: 4 agents de l\u2019ANDF d\u00e9pos\u00e9s en prison pour ran\u00e7onnement","og_description":"Le Procureur sp\u00e9cial de la Cour de r\u00e9pression des infractions \u00e9conomiques et du terrorisme (Criet) a mis sous mandat de ...","og_url":"https:\/\/www.africa-press.net\/benin\/toutes-les-actualites\/benin-4-agents-de-landf-deposes-en-prison-pour-ranconnement","og_site_name":"B\u00e9nin","article_published_time":"2022-08-27T17:14:58+00:00","article_modified_time":"2022-08-27T17:24:38+00:00","og_image":[{"width":1263,"height":700,"url":"https:\/\/static.africa-press.net\/benin\/sites\/46\/2022\/08\/postQueueImg_10-630a532470e64.jpg","type":"image\/jpeg"}],"author":"cfeditorfr","twitter_card":"summary_large_image","twitter_misc":{"\u00c9crit par":"cfeditorfr","Dur\u00e9e de lecture estim\u00e9e":"2 minutes"},"schema":{"@context":"https:\/\/schema.org","@graph":[{"@type":"Article","@id":"https:\/\/www.africa-press.net\/benin\/toutes-les-actualites\/benin-4-agents-de-landf-deposes-en-prison-pour-ranconnement#article","isPartOf":{"@id":"https:\/\/www.africa-press.net\/benin\/toutes-les-actualites\/benin-4-agents-de-landf-deposes-en-prison-pour-ranconnement"},"author":{"name":"cfeditorfr","@id":"https:\/\/www.africa-press.net\/benin\/#\/schema\/person\/2b1cf3cd81a31e3cd26889ca66d677f1"},"headline":"B\u00e9nin: 4 agents de l\u2019ANDF d\u00e9pos\u00e9s en prison pour ran\u00e7onnement","datePublished":"2022-08-27T17:14:58+00:00","dateModified":"2022-08-27T17:24:38+00:00","mainEntityOfPage":{"@id":"https:\/\/www.africa-press.net\/benin\/toutes-les-actualites\/benin-4-agents-de-landf-deposes-en-prison-pour-ranconnement"},"wordCount":256,"commentCount":0,"image":{"@id":"https:\/\/www.africa-press.net\/benin\/toutes-les-actualites\/benin-4-agents-de-landf-deposes-en-prison-pour-ranconnement#primaryimage"},"thumbnailUrl":"https:\/\/static.africa-press.net\/benin\/sites\/46\/2022\/08\/postQueueImg_10-630a532470e64.jpg","keywords":["Africa Press","Africa Press-Benin","B\u00e9nin"],"articleSection":["Communaut\u00e9","homepage-french","Toutes les actualit\u00e9s"],"inLanguage":"fr-FR","potentialAction":[{"@type":"CommentAction","name":"Comment","target":["https:\/\/www.africa-press.net\/benin\/toutes-les-actualites\/benin-4-agents-de-landf-deposes-en-prison-pour-ranconnement#respond"]}]},{"@type":"WebPage","@id":"https:\/\/www.africa-press.net\/benin\/toutes-les-actualites\/benin-4-agents-de-landf-deposes-en-prison-pour-ranconnement","url":"https:\/\/www.africa-press.net\/benin\/toutes-les-actualites\/benin-4-agents-de-landf-deposes-en-prison-pour-ranconnement","name":"B\u00e9nin: 4 agents de l\u2019ANDF d\u00e9pos\u00e9s en prison pour ran\u00e7onnement - B\u00e9nin","isPartOf":{"@id":"https:\/\/www.africa-press.net\/benin\/#website"},"primaryImageOfPage":{"@id":"https:\/\/www.africa-press.net\/benin\/toutes-les-actualites\/benin-4-agents-de-landf-deposes-en-prison-pour-ranconnement#primaryimage"},"image":{"@id":"https:\/\/www.africa-press.net\/benin\/toutes-les-actualites\/benin-4-agents-de-landf-deposes-en-prison-pour-ranconnement#primaryimage"},"thumbnailUrl":"https:\/\/static.africa-press.net\/benin\/sites\/46\/2022\/08\/postQueueImg_10-630a532470e64.jpg","datePublished":"2022-08-27T17:14:58+00:00","dateModified":"2022-08-27T17:24:38+00:00","author":{"@id":"https:\/\/www.africa-press.net\/benin\/#\/schema\/person\/2b1cf3cd81a31e3cd26889ca66d677f1"},"description":"Le Procureur sp\u00e9cial de la Cour de r\u00e9pression des infractions \u00e9conomiques et du terrorisme (Criet) a mis sous mandat de ...","breadcrumb":{"@id":"https:\/\/www.africa-press.net\/benin\/toutes-les-actualites\/benin-4-agents-de-landf-deposes-en-prison-pour-ranconnement#breadcrumb"},"inLanguage":"fr-FR","potentialAction":[{"@type":"ReadAction","target":["https:\/\/www.africa-press.net\/benin\/toutes-les-actualites\/benin-4-agents-de-landf-deposes-en-prison-pour-ranconnement"]}]},{"@type":"ImageObject","inLanguage":"fr-FR","@id":"https:\/\/www.africa-press.net\/benin\/toutes-les-actualites\/benin-4-agents-de-landf-deposes-en-prison-pour-ranconnement#primaryimage","url":"https:\/\/static.africa-press.net\/benin\/sites\/46\/2022\/08\/postQueueImg_10-630a532470e64.jpg","contentUrl":"https:\/\/static.africa-press.net\/benin\/sites\/46\/2022\/08\/postQueueImg_10-630a532470e64.jpg","width":1263,"height":700,"caption":"B\u00e9nin: 4 agents de l\u2019ANDF d\u00e9pos\u00e9s en prison pour ran\u00e7onnement"},{"@type":"BreadcrumbList","@id":"https:\/\/www.africa-press.net\/benin\/toutes-les-actualites\/benin-4-agents-de-landf-deposes-en-prison-pour-ranconnement#breadcrumb","itemListElement":[{"@type":"ListItem","position":1,"name":"Accueil","item":"https:\/\/www.africa-press.net\/benin\/"},{"@type":"ListItem","position":2,"name":"B\u00e9nin: 4 agents de l\u2019ANDF d\u00e9pos\u00e9s en prison pour ran\u00e7onnement"}]},{"@type":"WebSite","@id":"https:\/\/www.africa-press.net\/benin\/#website","url":"https:\/\/www.africa-press.net\/benin\/","name":"B\u00e9nin","description":"Just another Africa News Agency Sites site","potentialAction":[{"@type":"SearchAction","target":{"@type":"EntryPoint","urlTemplate":"https:\/\/www.africa-press.net\/benin\/?s={search_term_string}"},"query-input":{"@type":"PropertyValueSpecification","valueRequired":true,"valueName":"search_term_string"}}],"inLanguage":"fr-FR"},{"@type":"Person","@id":"https:\/\/www.africa-press.net\/benin\/#\/schema\/person\/2b1cf3cd81a31e3cd26889ca66d677f1","name":"cfeditorfr"}]}},"_links":{"self":[{"href":"https:\/\/www.africa-press.net\/benin\/wp-json\/wp\/v2\/posts\/8315","targetHints":{"allow":["GET"]}}],"collection":[{"href":"https:\/\/www.africa-press.net\/benin\/wp-json\/wp\/v2\/posts"}],"about":[{"href":"https:\/\/www.africa-press.net\/benin\/wp-json\/wp\/v2\/types\/post"}],"author":[{"embeddable":true,"href":"https:\/\/www.africa-press.net\/benin\/wp-json\/wp\/v2\/users\/82"}],"replies":[{"embeddable":true,"href":"https:\/\/www.africa-press.net\/benin\/wp-json\/wp\/v2\/comments?post=8315"}],"version-history":[{"count":0,"href":"https:\/\/www.africa-press.net\/benin\/wp-json\/wp\/v2\/posts\/8315\/revisions"}],"wp:featuredmedia":[{"embeddable":true,"href":"https:\/\/www.africa-press.net\/benin\/wp-json\/wp\/v2\/media\/8314"}],"wp:attachment":[{"href":"https:\/\/www.africa-press.net\/benin\/wp-json\/wp\/v2\/media?parent=8315"}],"wp:term":[{"taxonomy":"category","embeddable":true,"href":"https:\/\/www.africa-press.net\/benin\/wp-json\/wp\/v2\/categories?post=8315"},{"taxonomy":"post_tag","embeddable":true,"href":"https:\/\/www.africa-press.net\/benin\/wp-json\/wp\/v2\/tags?post=8315"}],"curies":[{"name":"wp","href":"https:\/\/api.w.org\/{rel}","templated":true}]}}